{"id":381,"date":"2025-05-13T21:22:22","date_gmt":"2025-05-13T20:22:22","guid":{"rendered":"https:\/\/aspettandomilanocortina2026.it\/?p=381"},"modified":"2025-05-13T21:22:25","modified_gmt":"2025-05-13T20:22:25","slug":"le-retour-suspendu-de-la-russie-et-du-belarus-aux-jeux-olympiques-de-2026-sous-un-drapeau-neutre","status":"publish","type":"post","link":"https:\/\/aspettandomilanocortina2026.it\/fr\/le-retour-suspendu-de-la-russie-et-du-belarus-aux-jeux-olympiques-de-2026-sous-un-drapeau-neutre\/","title":{"rendered":"Le retour suspendu : la Russie et le Belarus aux Jeux olympiques de 2026 sous drapeau neutre"},"content":{"rendered":"<script type=\"text\/plain\" data-tcf=\"waiting-for-consent\" data-id=\"1033\" data-bid=\"1\" data-placement=\"1034\">PGRpdiBpZD0iYW1jLTMxOTc0ODI1ODQiIGNsYXNzPSJhbWMtcHJpbWEtZGVsLWNvbnRlbnV0byI+PHNjcmlwdCBhc3luYyBzcmM9Ii8vcGFnZWFkMi5nb29nbGVzeW5kaWNhdGlvbi5jb20vcGFnZWFkL2pzL2Fkc2J5Z29vZ2xlLmpzP2NsaWVudD1jYS1wdWItNDQwMTE0NTAyNzUzOTExNSIgY3Jvc3NvcmlnaW49ImFub255bW91cyI+PC9zY3JpcHQ+PGlucyBjbGFzcz0iYWRzYnlnb29nbGUiIHN0eWxlPSJkaXNwbGF5OmJsb2NrOyIgZGF0YS1hZC1jbGllbnQ9ImNhLXB1Yi00NDAxMTQ1MDI3NTM5MTE1IiAKZGF0YS1hZC1zbG90PSIiIApkYXRhLWFkLWZvcm1hdD0iYXV0byIgZGF0YS1mdWxsLXdpZHRoLXJlc3BvbnNpdmU9InRydWUiPjwvaW5zPgo8c2NyaXB0PiAKKGFkc2J5Z29vZ2xlID0gd2luZG93LmFkc2J5Z29vZ2xlIHx8IFtdKS5wdXNoKHt9KTsgCjwvc2NyaXB0Pgo8L2Rpdj4=<\/script>\n<p>Les Jeux olympiques d'hiver de 2026 \u00e0 Milan-Cortina promettent d'\u00eatre l'un des \u00e9v\u00e9nements sportifs les plus importants de ces derni\u00e8res d\u00e9cennies. Non seulement en raison du cadre exceptionnel du paysage italien, mais aussi en raison de la d\u00e9cision de la Commission europ\u00e9enne d'organiser les Jeux olympiques d'hiver de 2026 \u00e0 Cortina. <strong>Russie et Belarus<\/strong> - apr\u00e8s une longue exclusion - de fouler la sc\u00e8ne olympique, m\u00eame si c'est \u00e0 titre neutre. Un choix qui continue de diviser, de susciter des controverses et des r\u00e9flexions profondes sur le sport, la diplomatie et la justice.<\/p><script type=\"text\/plain\" data-tcf=\"waiting-for-consent\" data-id=\"1037\" data-bid=\"1\" data-placement=\"726\">PGRpdiBpZD0iYW1jLTM2NjU5OTMzOTUiIGNsYXNzPSJhbWMtcG9zdC1jb250ZW50IiBzdHlsZT0ibWFyZ2luLWxlZnQ6IGF1dG87bWFyZ2luLXJpZ2h0OiBhdXRvO3RleHQtYWxpZ246IGNlbnRlcjsiPjxzY3JpcHQgYXN5bmMgc3JjPSIvL3BhZ2VhZDIuZ29vZ2xlc3luZGljYXRpb24uY29tL3BhZ2VhZC9qcy9hZHNieWdvb2dsZS5qcz9jbGllbnQ9Y2EtcHViLTQ0MDExNDUwMjc1MzkxMTUiIGNyb3Nzb3JpZ2luPSJhbm9ueW1vdXMiPjwvc2NyaXB0PjxpbnMgY2xhc3M9ImFkc2J5Z29vZ2xlIiBzdHlsZT0iZGlzcGxheTpibG9jazsiIGRhdGEtYWQtY2xpZW50PSJjYS1wdWItNDQwMTE0NTAyNzUzOTExNSIgCmRhdGEtYWQtc2xvdD0iODAyMDU4Mzc5MyIgCmRhdGEtYWQtZm9ybWF0PSJhdXRvIiBkYXRhLWZ1bGwtd2lkdGgtcmVzcG9uc2l2ZT0idHJ1ZSI+PC9pbnM+CjxzY3JpcHQ+IAooYWRzYnlnb29nbGUgPSB3aW5kb3cuYWRzYnlnb29nbGUgfHwgW10pLnB1c2goe30pOyAKPC9zY3JpcHQ+CjwvZGl2PjxiciBzdHlsZT0iY2xlYXI6IGJvdGg7IGRpc3BsYXk6IGJsb2NrOyBmbG9hdDogbm9uZTsiLz4=<\/script>\n\n\n\n<p><strong>Entre sport et g\u00e9opolitique<\/strong><\/p><script type=\"text\/plain\" data-tcf=\"waiting-for-consent\" data-id=\"1033\" data-bid=\"1\" data-placement=\"985\">PGRpdiBpZD0iYW1jLTMwNjExNzcyMDUiIGNsYXNzPSJhbWMtbWgtbWlkIj48c2NyaXB0IGFzeW5jIHNyYz0iLy9wYWdlYWQyLmdvb2dsZXN5bmRpY2F0aW9uLmNvbS9wYWdlYWQvanMvYWRzYnlnb29nbGUuanM\/Y2xpZW50PWNhLXB1Yi00NDAxMTQ1MDI3NTM5MTE1IiBjcm9zc29yaWdpbj0iYW5vbnltb3VzIj48L3NjcmlwdD48aW5zIGNsYXNzPSJhZHNieWdvb2dsZSIgc3R5bGU9ImRpc3BsYXk6YmxvY2s7IiBkYXRhLWFkLWNsaWVudD0iY2EtcHViLTQ0MDExNDUwMjc1MzkxMTUiIApkYXRhLWFkLXNsb3Q9IiIgCmRhdGEtYWQtZm9ybWF0PSJhdXRvIiBkYXRhLWZ1bGwtd2lkdGgtcmVzcG9uc2l2ZT0idHJ1ZSI+PC9pbnM+CjxzY3JpcHQ+IAooYWRzYnlnb29nbGUgPSB3aW5kb3cuYWRzYnlnb29nbGUgfHwgW10pLnB1c2goe30pOyAKPC9zY3JpcHQ+CjwvZGl2Pg==<\/script>\n\n\n\n<p>En f\u00e9vrier 2022, lors de l'invasion de l'Ukraine par la Russie - avec le soutien actif du Belarus - le monde du sport a r\u00e9agi fortement. Le CIO a impos\u00e9 un blocus de tous les \u00e9v\u00e9nements officiels sur le sol russe et b\u00e9larussien, bannissant les athl\u00e8tes, les officiels et les f\u00e9d\u00e9rations des comp\u00e9titions olympiques et paralympiques. Cette suspension semblait destin\u00e9e \u00e0 durer des ann\u00e9es.<\/p>\n\n\n\n<p>Mais le mouvement olympique a aussi toujours \u00e9t\u00e9 <strong>une plateforme de dialogue<\/strong>et apr\u00e8s deux ans de tensions et de tentatives de m\u00e9diation, le CIO rouvre les n\u00e9gociations. Fin 2024, c'est le tournant : <strong>certains athl\u00e8tes russes et b\u00e9larusses pourront, sous certaines conditions, participer aux Jeux de Milan Cortina 2026<\/strong>.<\/p>\n\n\n\n<p><strong>R\u00e8gles de r\u00e9admission : qui peut concourir ?<\/strong><\/p>\n\n\n\n<p>Il ne s'agit pas d'une r\u00e9int\u00e9gration compl\u00e8te. Les athl\u00e8tes qui participent le font exclusivement en tant que :<\/p>\n\n\n\n<ul class=\"wp-block-list\">\n<li><strong>Athl\u00e8tes individuels neutres (AIN)<\/strong>sans drapeaux, hymnes, armoiries ou symboles nationaux ;<\/li>\n\n\n\n<li>Soumis \u00e0 des contr\u00f4les suppl\u00e9mentaires pour s'assurer qu'il n'y a pas de liens avec l'appareil militaire ou les campagnes de propagande de l'\u00c9tat ;<\/li>\n\n\n\n<li>Exclus de toute forme de repr\u00e9sentation officielle : la pr\u00e9sence de repr\u00e9sentants des gouvernements russe ou bi\u00e9lorusse ne sera pas autoris\u00e9e, pas plus que les c\u00e9r\u00e9monies li\u00e9es aux deux pays.<\/li>\n<\/ul>\n\n\n\n<p>Cette formule n'est pas nouvelle : elle avait d\u00e9j\u00e0 \u00e9t\u00e9 adopt\u00e9e pour les athl\u00e8tes russes \u00e0 Tokyo 2020 et P\u00e9kin 2022 suite au scandale du dopage. Mais le contexte actuel, li\u00e9 \u00e0 un conflit arm\u00e9, amplifie sa port\u00e9e symbolique et politique.<\/p>\n\n\n\n<p><strong>Milan Cortina : en attendant le retour silencieux<\/strong><\/p>\n\n\n\n<p>Sur les pentes de la Valteline, dans les ar\u00e8nes de Milan, parmi les sommets du Val di Fiemme, se d\u00e9roulera le retour des athl\u00e8tes russes et bi\u00e9lorusses. <strong>sans tambour ni trompette, mais sous l'\u0153il attentif des m\u00e9dias<\/strong>.<\/p>\n\n\n\n<p>Certains des meilleurs athl\u00e8tes de sports d'hiver devraient y participer, en particulier dans le domaine des sports d'hiver :<\/p>\n\n\n\n<ul class=\"wp-block-list\">\n<li><strong>Biathlon<\/strong>o\u00f9 l'\u00e9cole russe a une tr\u00e8s longue tradition ;<\/li>\n\n\n\n<li><strong>Ski de fond et combin\u00e9 nordique<\/strong>avec des athl\u00e8tes capables de dominer chaque saison ;<\/li>\n\n\n\n<li><strong>Patinage artistique<\/strong>o\u00f9 la Russie est l'une des nations les plus titr\u00e9es au monde ;<\/li>\n\n\n\n<li><strong>Skeleton et luge<\/strong>des disciplines techniques et du sang froid.<\/li>\n<\/ul>\n\n\n\n<p>Chaque podium, chaque victoire sera cependant charg\u00e9 de tension. Le drapeau olympique flottera \u00e0 la place du tricolore russe, et l'hymne sera remplac\u00e9 par un air neutre, comme ce fut le cas pour les athl\u00e8tes de l'OAR dans un pass\u00e9 r\u00e9cent.<\/p>\n\n\n\n<p><strong>R\u00e9actions internationales : entre diplomatie et menaces de boycott<\/strong><\/p>\n\n\n\n<p>Le retour de la Russie et du Belarus a divis\u00e9 le front olympique :<\/p>\n\n\n\n<ul class=\"wp-block-list\">\n<li><strong>L'Ukraine a exprim\u00e9 sa profonde d\u00e9ception<\/strong>d\u00e9clarant que \"m\u00eame l'absence de drapeau n'efface pas la responsabilit\u00e9 morale\".<\/li>\n\n\n\n<li><strong>Pays baltes, Pologne et certains pays scandinaves<\/strong> ont menac\u00e9 de boycotter, arguant qu'on ne peut fermer les yeux sur une agression militaire.<\/li>\n\n\n\n<li>De l'autre c\u00f4t\u00e9, <strong>France, Italie, Espagne et Allemagne<\/strong> a soutenu la d\u00e9cision du CIO, esp\u00e9rant que \"les athl\u00e8tes ne seront pas punis pour les fautes politiques des autres\".<\/li>\n<\/ul>\n\n\n\n<p>Le monde du sport est \u00e9galement divis\u00e9. Certains athl\u00e8tes ukrainiens ont lanc\u00e9 des appels sur les m\u00e9dias sociaux, demandant le soutien de leurs coll\u00e8gues internationaux. D'autres champions, y compris d'anciens athl\u00e8tes olympiques russes, ont soulign\u00e9 leur d\u00e9sir de paix \u00e0 travers la comp\u00e9tition et le respect mutuel.<\/p>\n\n\n\n<p><strong>Le cas des m\u00e9dias et du num\u00e9rique<\/strong><\/p>\n\n\n\n<p>Le sujet a \u00e9galement eu un grand retentissement dans le monde num\u00e9rique. La recherche li\u00e9e \u00e0 <strong>Jeux olympiques de Russie 2026<\/strong>, <strong>Athl\u00e8tes neutres Milan Cortina<\/strong>, <strong>\"D\u00e9cision du CIO pour le Belarus\"<\/strong> e <strong>Jeux d'hiver et g\u00e9opolitique<\/strong> ont connu une croissance spectaculaire.<\/p>\n\n\n\n<p><strong>Des Jeux olympiques charg\u00e9s de symboles<\/strong><\/p>\n\n\n\n<p>Milan Cortina 2026 sera <strong>bien plus qu'un \u00e9v\u00e9nement sportif<\/strong>. Ce sera un carrefour de valeurs, de compromis, d'espoirs. Le retour de la Russie et du Belarus - m\u00eame si c'est sous une forme neutre - sera observ\u00e9 avec attention, en se rappelant que chaque podium sera aussi un terrain d'essai pour l'\u00e9quilibre fragile entre le sport et la politique.<\/p>\n\n\n\n<p>Le monde observe. Et la glace, silencieuse, dira ce que les mots ne peuvent dire.<\/p>\n\n\n<div class=\"amc-sqrd-sidebar-bottom\" style=\"width: 970px;height: 250px;\" id=\"amc-6415415\"><script type=\"text\/plain\" data-tcf=\"waiting-for-consent\" data-id=\"1033\" data-bid=\"1\">PGRpdiBpZD0iYW1jLTEzODQ0NjkxOTgiPjxzY3JpcHQgYXN5bmMgc3JjPSIvL3BhZ2VhZDIuZ29vZ2xlc3luZGljYXRpb24uY29tL3BhZ2VhZC9qcy9hZHNieWdvb2dsZS5qcz9jbGllbnQ9Y2EtcHViLTQ0MDExNDUwMjc1MzkxMTUiIGNyb3Nzb3JpZ2luPSJhbm9ueW1vdXMiPjwvc2NyaXB0PjxpbnMgY2xhc3M9ImFkc2J5Z29vZ2xlIiBzdHlsZT0iZGlzcGxheTpibG9jazsiIGRhdGEtYWQtY2xpZW50PSJjYS1wdWItNDQwMTE0NTAyNzUzOTExNSIgCmRhdGEtYWQtc2xvdD0iIiAKZGF0YS1hZC1mb3JtYXQ9ImF1dG8iIGRhdGEtZnVsbC13aWR0aC1yZXNwb25zaXZlPSJ0cnVlIj48L2lucz4KPHNjcmlwdD4gCihhZHNieWdvb2dsZSA9IHdpbmRvdy5hZHNieWdvb2dsZSB8fCBbXSkucHVzaCh7fSk7IAo8L3NjcmlwdD4KPC9kaXY+<\/script><\/div><div class=\"amc-dopo-il-contenuto\" id=\"amc-1722072792\"><script type=\"text\/plain\" data-tcf=\"waiting-for-consent\" data-id=\"1033\" data-bid=\"1\">PGRpdiBpZD0iYW1jLTIyODI4ODMwNzkiPjxzY3JpcHQgYXN5bmMgc3JjPSIvL3BhZ2VhZDIuZ29vZ2xlc3luZGljYXRpb24uY29tL3BhZ2VhZC9qcy9hZHNieWdvb2dsZS5qcz9jbGllbnQ9Y2EtcHViLTQ0MDExNDUwMjc1MzkxMTUiIGNyb3Nzb3JpZ2luPSJhbm9ueW1vdXMiPjwvc2NyaXB0PjxpbnMgY2xhc3M9ImFkc2J5Z29vZ2xlIiBzdHlsZT0iZGlzcGxheTpibG9jazsiIGRhdGEtYWQtY2xpZW50PSJjYS1wdWItNDQwMTE0NTAyNzUzOTExNSIgCmRhdGEtYWQtc2xvdD0iIiAKZGF0YS1hZC1mb3JtYXQ9ImF1dG8iIGRhdGEtZnVsbC13aWR0aC1yZXNwb25zaXZlPSJ0cnVlIj48L2lucz4KPHNjcmlwdD4gCihhZHNieWdvb2dsZSA9IHdpbmRvdy5hZHNieWdvb2dsZSB8fCBbXSkucHVzaCh7fSk7IAo8L3NjcmlwdD4KPC9kaXY+<\/script><\/div>","protected":false},"excerpt":{"rendered":"<p>Le Olimpiadi Invernali di Milano Cortina 2026 si preannunciano come uno degli eventi sportivi pi\u00f9 carichi di significato degli ultimi decenni. Non solo per l\u2019eccezionale cornice paesaggistica italiana, ma anche per la decisione che ha riportato Russia e Bielorussia \u2013 dopo una lunga esclusione \u2013 a calcare il palcoscenico olimpico, seppur in forma neutrale. Una [&hellip;]<\/p>","protected":false},"author":3,"featured_media":382,"comment_status":"open","ping_status":"open","sticky":false,"template":"","format":"standard","meta":{"_acf_changed":false,"footnotes":""},"categories":[1,2,4,5,7,9],"tags":[],"class_list":["post-381","post","type-post","status-publish","format-standard","has-post-thumbnail","hentry","category-notizie-e-aggiornamenti","category-atleti-e-squadre","category-dietro-le-quinte","category-guida-per-i-tifosi","category-milano-e-cortina","category-paralimpiadi"],"acf":[],"_links":{"self":[{"href":"https:\/\/aspettandomilanocortina2026.it\/fr\/wp-json\/wp\/v2\/posts\/381","targetHints":{"allow":["GET"]}}],"collection":[{"href":"https:\/\/aspettandomilanocortina2026.it\/fr\/wp-json\/wp\/v2\/posts"}],"about":[{"href":"https:\/\/aspettandomilanocortina2026.it\/fr\/wp-json\/wp\/v2\/types\/post"}],"author":[{"embeddable":true,"href":"https:\/\/aspettandomilanocortina2026.it\/fr\/wp-json\/wp\/v2\/users\/3"}],"replies":[{"embeddable":true,"href":"https:\/\/aspettandomilanocortina2026.it\/fr\/wp-json\/wp\/v2\/comments?post=381"}],"version-history":[{"count":1,"href":"https:\/\/aspettandomilanocortina2026.it\/fr\/wp-json\/wp\/v2\/posts\/381\/revisions"}],"predecessor-version":[{"id":383,"href":"https:\/\/aspettandomilanocortina2026.it\/fr\/wp-json\/wp\/v2\/posts\/381\/revisions\/383"}],"wp:featuredmedia":[{"embeddable":true,"href":"https:\/\/aspettandomilanocortina2026.it\/fr\/wp-json\/wp\/v2\/media\/382"}],"wp:attachment":[{"href":"https:\/\/aspettandomilanocortina2026.it\/fr\/wp-json\/wp\/v2\/media?parent=381"}],"wp:term":[{"taxonomy":"category","embeddable":true,"href":"https:\/\/aspettandomilanocortina2026.it\/fr\/wp-json\/wp\/v2\/categories?post=381"},{"taxonomy":"post_tag","embeddable":true,"href":"https:\/\/aspettandomilanocortina2026.it\/fr\/wp-json\/wp\/v2\/tags?post=381"}],"curies":[{"name":"wp","href":"https:\/\/api.w.org\/{rel}","templated":true}]}}