{"id":377,"date":"2025-05-13T18:14:02","date_gmt":"2025-05-13T17:14:02","guid":{"rendered":"https:\/\/aspettandomilanocortina2026.it\/?p=377"},"modified":"2025-05-13T18:21:19","modified_gmt":"2025-05-13T17:21:19","slug":"ski-alpin-paralympique-vitesse-courage-et-technique-sur-la-neige-a-milan-cortina-2026","status":"publish","type":"post","link":"https:\/\/aspettandomilanocortina2026.it\/fr\/ski-alpin-paralympique-vitesse-courage-et-technique-sur-la-neige-a-milan-cortina-2026\/","title":{"rendered":"Ski alpin paralympique : vitesse, courage et technique sur la neige \u00e0 Milan Cortina 2026"},"content":{"rendered":"<script type=\"text\/plain\" data-tcf=\"waiting-for-consent\" data-id=\"1033\" data-bid=\"1\" data-placement=\"1034\">PGRpdiBpZD0iYW1jLTQwNzQwMDIwMzgiIGNsYXNzPSJhbWMtcHJpbWEtZGVsLWNvbnRlbnV0byI+PHNjcmlwdCBhc3luYyBzcmM9Ii8vcGFnZWFkMi5nb29nbGVzeW5kaWNhdGlvbi5jb20vcGFnZWFkL2pzL2Fkc2J5Z29vZ2xlLmpzP2NsaWVudD1jYS1wdWItNDQwMTE0NTAyNzUzOTExNSIgY3Jvc3NvcmlnaW49ImFub255bW91cyI+PC9zY3JpcHQ+PGlucyBjbGFzcz0iYWRzYnlnb29nbGUiIHN0eWxlPSJkaXNwbGF5OmJsb2NrOyIgZGF0YS1hZC1jbGllbnQ9ImNhLXB1Yi00NDAxMTQ1MDI3NTM5MTE1IiAKZGF0YS1hZC1zbG90PSIiIApkYXRhLWFkLWZvcm1hdD0iYXV0byIgZGF0YS1mdWxsLXdpZHRoLXJlc3BvbnNpdmU9InRydWUiPjwvaW5zPgo8c2NyaXB0PiAKKGFkc2J5Z29vZ2xlID0gd2luZG93LmFkc2J5Z29vZ2xlIHx8IFtdKS5wdXNoKHt9KTsgCjwvc2NyaXB0Pgo8L2Rpdj4=<\/script>\n<p>Au sommet des pics enneig\u00e9s, o\u00f9 le silence n'est rompu que par le bruit des lames qui fendent la neige, se d\u00e9roule l'une des disciplines les plus passionnantes des Jeux paralympiques d'hiver : le ski de fond. <strong>Ski alpin paralympique<\/strong>. A <strong>Milan Cortina 2026<\/strong>ce sport sera l'un des c\u0153urs battants de l'\u00e9v\u00e9nement, symbolisant la d\u00e9termination, l'habilet\u00e9 et l'adaptation humaine au-del\u00e0 de toute limite.<\/p><script type=\"text\/plain\" data-tcf=\"waiting-for-consent\" data-id=\"1037\" data-bid=\"1\" data-placement=\"726\">PGRpdiBpZD0iYW1jLTMxMzc1OTQzMTAiIGNsYXNzPSJhbWMtcG9zdC1jb250ZW50IiBzdHlsZT0ibWFyZ2luLWxlZnQ6IGF1dG87bWFyZ2luLXJpZ2h0OiBhdXRvO3RleHQtYWxpZ246IGNlbnRlcjsiPjxzY3JpcHQgYXN5bmMgc3JjPSIvL3BhZ2VhZDIuZ29vZ2xlc3luZGljYXRpb24uY29tL3BhZ2VhZC9qcy9hZHNieWdvb2dsZS5qcz9jbGllbnQ9Y2EtcHViLTQ0MDExNDUwMjc1MzkxMTUiIGNyb3Nzb3JpZ2luPSJhbm9ueW1vdXMiPjwvc2NyaXB0PjxpbnMgY2xhc3M9ImFkc2J5Z29vZ2xlIiBzdHlsZT0iZGlzcGxheTpibG9jazsiIGRhdGEtYWQtY2xpZW50PSJjYS1wdWItNDQwMTE0NTAyNzUzOTExNSIgCmRhdGEtYWQtc2xvdD0iODAyMDU4Mzc5MyIgCmRhdGEtYWQtZm9ybWF0PSJhdXRvIiBkYXRhLWZ1bGwtd2lkdGgtcmVzcG9uc2l2ZT0idHJ1ZSI+PC9pbnM+CjxzY3JpcHQ+IAooYWRzYnlnb29nbGUgPSB3aW5kb3cuYWRzYnlnb29nbGUgfHwgW10pLnB1c2goe30pOyAKPC9zY3JpcHQ+CjwvZGl2PjxiciBzdHlsZT0iY2xlYXI6IGJvdGg7IGRpc3BsYXk6IGJsb2NrOyBmbG9hdDogbm9uZTsiLz4=<\/script>\n\n\n\n<p><strong>Qu'est-ce que le ski alpin paralympique ?<\/strong><\/p><script type=\"text\/plain\" data-tcf=\"waiting-for-consent\" data-id=\"1033\" data-bid=\"1\" data-placement=\"985\">PGRpdiBpZD0iYW1jLTE2MDE5MjYwMDIiIGNsYXNzPSJhbWMtbWgtbWlkIj48c2NyaXB0IGFzeW5jIHNyYz0iLy9wYWdlYWQyLmdvb2dsZXN5bmRpY2F0aW9uLmNvbS9wYWdlYWQvanMvYWRzYnlnb29nbGUuanM\/Y2xpZW50PWNhLXB1Yi00NDAxMTQ1MDI3NTM5MTE1IiBjcm9zc29yaWdpbj0iYW5vbnltb3VzIj48L3NjcmlwdD48aW5zIGNsYXNzPSJhZHNieWdvb2dsZSIgc3R5bGU9ImRpc3BsYXk6YmxvY2s7IiBkYXRhLWFkLWNsaWVudD0iY2EtcHViLTQ0MDExNDUwMjc1MzkxMTUiIApkYXRhLWFkLXNsb3Q9IiIgCmRhdGEtYWQtZm9ybWF0PSJhdXRvIiBkYXRhLWZ1bGwtd2lkdGgtcmVzcG9uc2l2ZT0idHJ1ZSI+PC9pbnM+CjxzY3JpcHQ+IAooYWRzYnlnb29nbGUgPSB3aW5kb3cuYWRzYnlnb29nbGUgfHwgW10pLnB1c2goe30pOyAKPC9zY3JpcHQ+CjwvZGl2Pg==<\/script>\n\n\n\n<p>Le ski alpin paralympique est une discipline qui suit en grande partie les r\u00e8gles du ski alpin olympique, mais qui est adapt\u00e9e aux athl\u00e8tes souffrant d'un handicap physique ou visuel. Les principales cat\u00e9gories sont les suivantes :<\/p>\n\n\n\n<ul class=\"wp-block-list\">\n<li><strong>Assis<\/strong>Les athl\u00e8tes qui concourent sur un <em>monoski<\/em> avec suspension et si\u00e8ge rembourr\u00e9 ;<\/li>\n\n\n\n<li><strong>Debout<\/strong>les athl\u00e8tes avec des proth\u00e8ses ou des limitations motrices, skiant avec ou sans l'utilisation de <em>stabilisateurs<\/em>;<\/li>\n\n\n\n<li><strong>Aveugle<\/strong>: skieurs aveugles ou malvoyants, qui descendent les pentes guid\u00e9s par un guide. <em>guide<\/em> par l'interm\u00e9diaire d'une oreillette.<\/li>\n<\/ul>\n\n\n\n<p>Les concours comprennent les sp\u00e9cialit\u00e9s classiques :<\/p>\n\n\n\n<ul class=\"wp-block-list\">\n<li><strong>Slalom<\/strong><\/li>\n\n\n\n<li><strong>Slalom g\u00e9ant<\/strong><\/li>\n\n\n\n<li><strong>Super-G<\/strong><\/li>\n\n\n\n<li><strong>Descente<\/strong><\/li>\n\n\n\n<li><strong>Combin\u00e9 alpin<\/strong><\/li>\n<\/ul>\n\n\n\n<p>Chaque \u00e9preuve est une combinaison de vitesse et de contr\u00f4le, de technique extr\u00eame et de confiance, en particulier pour les paires guide-athl\u00e8te aveugle.<\/p>\n\n\n\n<p><strong>O\u00f9 courir : Livigno et Bormio en premi\u00e8re ligne<\/strong><\/p>\n\n\n\n<p>Au cours de la <strong>Jeux paralympiques d'hiver de Milan Cortina 2026<\/strong>Les comp\u00e9titions de ski alpin se d\u00e9rouleront principalement dans les pays suivants <strong>Bormio<\/strong>l'une des stations de ski les plus r\u00e9put\u00e9es des Alpes, et en partie \u00e0 l'\u00e9tranger. <strong>Livigno<\/strong>. Les pistes seront enti\u00e8rement accessibles et adapt\u00e9es aux normes internationales les plus \u00e9lev\u00e9es en mati\u00e8re de s\u00e9curit\u00e9 et d'inclusion.<\/p>\n\n\n\n<ul class=\"wp-block-list\">\n<li><strong>Bormio<\/strong> accueillera les courses les plus rapides et les plus techniques, telles que le Super-G et la Descente.<\/li>\n\n\n\n<li><strong>Livigno<\/strong>avec ses pistes plus polyvalentes, accueillera le slalom et le slalom g\u00e9ant.<\/li>\n<\/ul>\n\n\n\n<p>Les deux sites seront \u00e9quip\u00e9s d'espaces accessibles aux spectateurs, de transports facilit\u00e9s, de tribunes chauff\u00e9es et de points d'information multilingues.<\/p>\n\n\n\n<p><strong>Inclusion et divertissement : pourquoi cela vaut la peine d'\u00eatre regard\u00e9<\/strong><\/p>\n\n\n\n<p>Assister \u00e0 une comp\u00e9tition paralympique de ski alpin signifie <strong>voir la fronti\u00e8re de l'impossible s'\u00e9loigner de plus en plus<\/strong>. Les athl\u00e8tes s'attaquent \u00e0 des pentes vertigineuses \u00e0 plus de 100 km\/h, surmontent des diff\u00e9rences d'altitude, des courbes, de la neige glac\u00e9e et des obstacles, le tout avec une conscience physique et mentale hors du commun.<\/p>\n\n\n\n<p>La relation entre l'athl\u00e8te aveugle et son guide est une d\u00e9monstration de confiance absolue. Le monoski exige un \u00e9quilibre millim\u00e9trique et une force explosive. Chaque descente est un petit chef-d'\u0153uvre d'ing\u00e9niosit\u00e9, d'entra\u00eenement et de c\u0153ur.<\/p>\n\n\n\n<p><strong>Comment assister aux courses de Milan Cortina 2026<\/strong><\/p>\n\n\n\n<p>Les billets pour les comp\u00e9titions paralympiques de ski alpin seront disponibles \u00e0 l'adresse suivante <a href=\"https:\/\/milanocortina2026.org\" rel=\"nofollow noopener\" target=\"_blank\">milanocortina2026.org<\/a>avec des sections r\u00e9serv\u00e9es aux personnes handicap\u00e9es, aux accompagnateurs et aux supporters internationaux. Des forfaits combin\u00e9s comprenant le transport, l'h\u00e9bergement et l'acc\u00e8s aux \u00e9v\u00e9nements parall\u00e8les sont propos\u00e9s.<\/p>\n\n\n\n<p><strong>Livigno et Bormio<\/strong> sera facilement accessible depuis Milan gr\u00e2ce \u00e0 des navettes olympiques, des trains sp\u00e9ciaux pour Tirano et des navettes locales \u00e9quip\u00e9es.<\/p>\n\n\n\n<p><strong>Pourquoi nous nous souviendrons de ces descentes<\/strong><\/p>\n\n\n\n<p>Les Jeux olympiques et paralympiques de Milan Cortina 2026 sont plus qu'un \u00e9v\u00e9nement sportif : ils sont un message. Le ski alpin paralympique en est peut-\u00eatre la forme la plus pure. Il s'agit de vitesse, mais aussi d'\u00e9quilibre \u00e9motionnel. C'est la pr\u00e9cision technique, mais aussi l'expression du corps au-del\u00e0 de toutes les barri\u00e8res. C'est une invitation \u00e0 regarder le monde avec de nouveaux yeux, ceux de l'homme.<strong>admiration<\/strong>pas de la piti\u00e9. Et lorsque les champions franchissent la ligne d'arriv\u00e9e, port\u00e9s par la volont\u00e9 et les cris de la foule, nous, spectateurs, apprenons aussi quelque chose : <strong>que la limite n'est qu'un point de d\u00e9part<\/strong>.<\/p>\n\n\n<div class=\"amc-sqrd-sidebar-bottom\" style=\"width: 970px;height: 250px;\" id=\"amc-2610103564\"><script type=\"text\/plain\" data-tcf=\"waiting-for-consent\" data-id=\"1033\" data-bid=\"1\">PGRpdiBpZD0iYW1jLTM1MTM0MTM3NjkiPjxzY3JpcHQgYXN5bmMgc3JjPSIvL3BhZ2VhZDIuZ29vZ2xlc3luZGljYXRpb24uY29tL3BhZ2VhZC9qcy9hZHNieWdvb2dsZS5qcz9jbGllbnQ9Y2EtcHViLTQ0MDExNDUwMjc1MzkxMTUiIGNyb3Nzb3JpZ2luPSJhbm9ueW1vdXMiPjwvc2NyaXB0PjxpbnMgY2xhc3M9ImFkc2J5Z29vZ2xlIiBzdHlsZT0iZGlzcGxheTpibG9jazsiIGRhdGEtYWQtY2xpZW50PSJjYS1wdWItNDQwMTE0NTAyNzUzOTExNSIgCmRhdGEtYWQtc2xvdD0iIiAKZGF0YS1hZC1mb3JtYXQ9ImF1dG8iIGRhdGEtZnVsbC13aWR0aC1yZXNwb25zaXZlPSJ0cnVlIj48L2lucz4KPHNjcmlwdD4gCihhZHNieWdvb2dsZSA9IHdpbmRvdy5hZHNieWdvb2dsZSB8fCBbXSkucHVzaCh7fSk7IAo8L3NjcmlwdD4KPC9kaXY+<\/script><\/div>\n\n\n<p><\/p>\n<div class=\"amc-dopo-il-contenuto\" id=\"amc-746418547\"><script type=\"text\/plain\" data-tcf=\"waiting-for-consent\" data-id=\"1033\" data-bid=\"1\">PGRpdiBpZD0iYW1jLTE3OTY0NTI1MDIiPjxzY3JpcHQgYXN5bmMgc3JjPSIvL3BhZ2VhZDIuZ29vZ2xlc3luZGljYXRpb24uY29tL3BhZ2VhZC9qcy9hZHNieWdvb2dsZS5qcz9jbGllbnQ9Y2EtcHViLTQ0MDExNDUwMjc1MzkxMTUiIGNyb3Nzb3JpZ2luPSJhbm9ueW1vdXMiPjwvc2NyaXB0PjxpbnMgY2xhc3M9ImFkc2J5Z29vZ2xlIiBzdHlsZT0iZGlzcGxheTpibG9jazsiIGRhdGEtYWQtY2xpZW50PSJjYS1wdWItNDQwMTE0NTAyNzUzOTExNSIgCmRhdGEtYWQtc2xvdD0iIiAKZGF0YS1hZC1mb3JtYXQ9ImF1dG8iIGRhdGEtZnVsbC13aWR0aC1yZXNwb25zaXZlPSJ0cnVlIj48L2lucz4KPHNjcmlwdD4gCihhZHNieWdvb2dsZSA9IHdpbmRvdy5hZHNieWdvb2dsZSB8fCBbXSkucHVzaCh7fSk7IAo8L3NjcmlwdD4KPC9kaXY+<\/script><\/div>","protected":false},"excerpt":{"rendered":"<p>In cima alle vette innevate, dove il silenzio si spezza solo dal suono di lamine che incidono la neve, va in scena una delle discipline pi\u00f9 emozionanti dei Giochi Paralimpici Invernali: lo sci alpino paralimpico. A Milano Cortina 2026, questo sport sar\u00e0 uno dei cuori pulsanti dell\u2019evento, simbolo di determinazione, abilit\u00e0 e adattamento umano oltre [&hellip;]<\/p>","protected":false},"author":3,"featured_media":380,"comment_status":"open","ping_status":"open","sticky":false,"template":"","format":"standard","meta":{"_acf_changed":false,"footnotes":""},"categories":[9],"tags":[],"class_list":["post-377","post","type-post","status-publish","format-standard","has-post-thumbnail","hentry","category-paralimpiadi"],"acf":[],"_links":{"self":[{"href":"https:\/\/aspettandomilanocortina2026.it\/fr\/wp-json\/wp\/v2\/posts\/377","targetHints":{"allow":["GET"]}}],"collection":[{"href":"https:\/\/aspettandomilanocortina2026.it\/fr\/wp-json\/wp\/v2\/posts"}],"about":[{"href":"https:\/\/aspettandomilanocortina2026.it\/fr\/wp-json\/wp\/v2\/types\/post"}],"author":[{"embeddable":true,"href":"https:\/\/aspettandomilanocortina2026.it\/fr\/wp-json\/wp\/v2\/users\/3"}],"replies":[{"embeddable":true,"href":"https:\/\/aspettandomilanocortina2026.it\/fr\/wp-json\/wp\/v2\/comments?post=377"}],"version-history":[{"count":1,"href":"https:\/\/aspettandomilanocortina2026.it\/fr\/wp-json\/wp\/v2\/posts\/377\/revisions"}],"predecessor-version":[{"id":379,"href":"https:\/\/aspettandomilanocortina2026.it\/fr\/wp-json\/wp\/v2\/posts\/377\/revisions\/379"}],"wp:featuredmedia":[{"embeddable":true,"href":"https:\/\/aspettandomilanocortina2026.it\/fr\/wp-json\/wp\/v2\/media\/380"}],"wp:attachment":[{"href":"https:\/\/aspettandomilanocortina2026.it\/fr\/wp-json\/wp\/v2\/media?parent=377"}],"wp:term":[{"taxonomy":"category","embeddable":true,"href":"https:\/\/aspettandomilanocortina2026.it\/fr\/wp-json\/wp\/v2\/categories?post=377"},{"taxonomy":"post_tag","embeddable":true,"href":"https:\/\/aspettandomilanocortina2026.it\/fr\/wp-json\/wp\/v2\/tags?post=377"}],"curies":[{"name":"wp","href":"https:\/\/api.w.org\/{rel}","templated":true}]}}