{"id":374,"date":"2025-05-10T18:14:49","date_gmt":"2025-05-10T17:14:49","guid":{"rendered":"https:\/\/aspettandomilanocortina2026.it\/?p=374"},"modified":"2025-05-10T18:14:50","modified_gmt":"2025-05-10T17:14:50","slug":"ceremonie-douverture-des-paralympiques-dhiver-milan-cortina-2026-une-nuit-de-lumiere-et-de-courage","status":"publish","type":"post","link":"https:\/\/aspettandomilanocortina2026.it\/fr\/ceremonie-douverture-des-paralympiques-dhiver-milan-cortina-2026-une-nuit-de-lumiere-et-de-courage\/","title":{"rendered":"C\u00e9r\u00e9monie d'ouverture des Jeux paralympiques d'hiver Milan Cortina 2026 : une nuit de lumi\u00e8re et de courage"},"content":{"rendered":"<script type=\"text\/plain\" data-tcf=\"waiting-for-consent\" data-id=\"1033\" data-bid=\"1\" data-placement=\"1034\">PGRpdiBpZD0iYW1jLTUzODU0ODczNSIgY2xhc3M9ImFtYy1wcmltYS1kZWwtY29udGVudXRvIj48c2NyaXB0IGFzeW5jIHNyYz0iLy9wYWdlYWQyLmdvb2dsZXN5bmRpY2F0aW9uLmNvbS9wYWdlYWQvanMvYWRzYnlnb29nbGUuanM\/Y2xpZW50PWNhLXB1Yi00NDAxMTQ1MDI3NTM5MTE1IiBjcm9zc29yaWdpbj0iYW5vbnltb3VzIj48L3NjcmlwdD48aW5zIGNsYXNzPSJhZHNieWdvb2dsZSIgc3R5bGU9ImRpc3BsYXk6YmxvY2s7IiBkYXRhLWFkLWNsaWVudD0iY2EtcHViLTQ0MDExNDUwMjc1MzkxMTUiIApkYXRhLWFkLXNsb3Q9IiIgCmRhdGEtYWQtZm9ybWF0PSJhdXRvIiBkYXRhLWZ1bGwtd2lkdGgtcmVzcG9uc2l2ZT0idHJ1ZSI+PC9pbnM+CjxzY3JpcHQ+IAooYWRzYnlnb29nbGUgPSB3aW5kb3cuYWRzYnlnb29nbGUgfHwgW10pLnB1c2goe30pOyAKPC9zY3JpcHQ+CjwvZGl2Pg==<\/script>\n<p>Au c\u0153ur d'un Milan illumin\u00e9 par les reflets de la neige et de la fiert\u00e9, les <strong>C\u00e9r\u00e9monie d'ouverture des Jeux paralympiques d'hiver Milan Cortina 2026<\/strong> promet d'\u00eatre un \u00e9v\u00e9nement unique : <strong>pas seulement un d\u00e9but, mais une explosion de sens, d'\u00e9motion et d'humanit\u00e9<\/strong>.<\/p><script type=\"text\/plain\" data-tcf=\"waiting-for-consent\" data-id=\"1037\" data-bid=\"1\" data-placement=\"726\">PGRpdiBpZD0iYW1jLTUxNDE4MjIyNSIgY2xhc3M9ImFtYy1wb3N0LWNvbnRlbnQiIHN0eWxlPSJtYXJnaW4tbGVmdDogYXV0bzttYXJnaW4tcmlnaHQ6IGF1dG87dGV4dC1hbGlnbjogY2VudGVyOyI+PHNjcmlwdCBhc3luYyBzcmM9Ii8vcGFnZWFkMi5nb29nbGVzeW5kaWNhdGlvbi5jb20vcGFnZWFkL2pzL2Fkc2J5Z29vZ2xlLmpzP2NsaWVudD1jYS1wdWItNDQwMTE0NTAyNzUzOTExNSIgY3Jvc3NvcmlnaW49ImFub255bW91cyI+PC9zY3JpcHQ+PGlucyBjbGFzcz0iYWRzYnlnb29nbGUiIHN0eWxlPSJkaXNwbGF5OmJsb2NrOyIgZGF0YS1hZC1jbGllbnQ9ImNhLXB1Yi00NDAxMTQ1MDI3NTM5MTE1IiAKZGF0YS1hZC1zbG90PSI4MDIwNTgzNzkzIiAKZGF0YS1hZC1mb3JtYXQ9ImF1dG8iIGRhdGEtZnVsbC13aWR0aC1yZXNwb25zaXZlPSJ0cnVlIj48L2lucz4KPHNjcmlwdD4gCihhZHNieWdvb2dsZSA9IHdpbmRvdy5hZHNieWdvb2dsZSB8fCBbXSkucHVzaCh7fSk7IAo8L3NjcmlwdD4KPC9kaXY+PGJyIHN0eWxlPSJjbGVhcjogYm90aDsgZGlzcGxheTogYmxvY2s7IGZsb2F0OiBub25lOyIvPg==<\/script>\n\n\n\n<p>Le lieu choisi est l'un des plus embl\u00e9matiques de la modernit\u00e9 italienne : le nouveau centre de recherche de l'Universit\u00e9 d'Anvers. <strong>Palais de Sparks<\/strong>Le 6 mars 2026, les athl\u00e8tes paralympiques se r\u00e9uniront dans le quartier innovant de CityLife, un espace qui fusionne l'architecture industrielle historique et la r\u00e9g\u00e9n\u00e9ration urbaine. C'est ici, le 6 mars 2026, que le monde se r\u00e9unira pour rendre hommage aux athl\u00e8tes paralympiques de tous les continents.<\/p><script type=\"text\/plain\" data-tcf=\"waiting-for-consent\" data-id=\"1033\" data-bid=\"1\" data-placement=\"985\">PGRpdiBpZD0iYW1jLTEwMzQ3MTAzMTIiIGNsYXNzPSJhbWMtbWgtbWlkIj48c2NyaXB0IGFzeW5jIHNyYz0iLy9wYWdlYWQyLmdvb2dsZXN5bmRpY2F0aW9uLmNvbS9wYWdlYWQvanMvYWRzYnlnb29nbGUuanM\/Y2xpZW50PWNhLXB1Yi00NDAxMTQ1MDI3NTM5MTE1IiBjcm9zc29yaWdpbj0iYW5vbnltb3VzIj48L3NjcmlwdD48aW5zIGNsYXNzPSJhZHNieWdvb2dsZSIgc3R5bGU9ImRpc3BsYXk6YmxvY2s7IiBkYXRhLWFkLWNsaWVudD0iY2EtcHViLTQ0MDExNDUwMjc1MzkxMTUiIApkYXRhLWFkLXNsb3Q9IiIgCmRhdGEtYWQtZm9ybWF0PSJhdXRvIiBkYXRhLWZ1bGwtd2lkdGgtcmVzcG9uc2l2ZT0idHJ1ZSI+PC9pbnM+CjxzY3JpcHQ+IAooYWRzYnlnb29nbGUgPSB3aW5kb3cuYWRzYnlnb29nbGUgfHwgW10pLnB1c2goe30pOyAKPC9zY3JpcHQ+CjwvZGl2Pg==<\/script>\n\n\n\n<p><strong>Le palais des \u00e9tincelles : le temple de la renaissance<\/strong><\/p>\n\n\n\n<p>Construit en 1923 et enti\u00e8rement r\u00e9am\u00e9nag\u00e9 pour les Jeux, l'\u00e9difice de l'Union europ\u00e9enne est le plus grand du monde. <strong>Palais de Sparks<\/strong> est aujourd'hui l'un des symboles du Milan contemporain. Pour la c\u00e9r\u00e9monie paralympique, il sera transform\u00e9 en une ar\u00e8ne sensorielle, accessible, accueillante, pleine d'\u00e9motions. <strong>technologies inclusives et sc\u00e9nographie immersive<\/strong>.<\/p>\n\n\n\n<p>La c\u00e9r\u00e9monie, con\u00e7ue par une \u00e9quipe cr\u00e9ative internationale, sera un compte rendu visuel et musical des th\u00e8mes centraux du mouvement paralympique : <strong>r\u00e9silience, \u00e9galit\u00e9, innovation et communaut\u00e9<\/strong>. L'entr\u00e9e des d\u00e9l\u00e9gations sera accompagn\u00e9e de danses chor\u00e9graphi\u00e9es, de t\u00e9moignages d'athl\u00e8tes, de moments de r\u00e9flexion et d'un message universel d'espoir.<\/p>\n\n\n\n<p><strong>Le feu paralympique et ses symboles<\/strong><\/p>\n\n\n\n<p>L'allumage de la flamme paralympique sera le point culminant de la soir\u00e9e. Apr\u00e8s un long p\u00e9riple \u00e0 travers les villages, les villes et les vall\u00e9es des Alpes, la flamme entrera dans le Palazzo delle Scintille au cours d'un rituel chor\u00e9graphique passionnant. L'athl\u00e8te charg\u00e9 de l'allumer sera choisi parmi les grands noms de l'histoire paralympique italienne, dans un geste symbolique qui unira le pass\u00e9, le pr\u00e9sent et l'avenir.<\/p>\n\n\n\n<p><strong>Billets et acc\u00e8s \u00e0 l'\u00e9v\u00e9nement<\/strong><\/p>\n\n\n\n<p>Les billets pour la c\u00e9r\u00e9monie d'ouverture seront disponibles sur le site officiel <a href=\"https:\/\/milanocortina2026.org\" rel=\"nofollow noopener\" target=\"_blank\">milanocortina2026.org<\/a>. Il y aura des bandes de prix accessibles et gratuites pour les accompagnateurs de personnes handicap\u00e9es.<\/p>\n\n\n\n<p>Chaque billet comprendra<\/p>\n\n\n\n<ul class=\"wp-block-list\">\n<li>Acc\u00e8s prioritaire pour les personnes \u00e0 mobilit\u00e9 r\u00e9duite<\/li>\n\n\n\n<li>Transport public gratuit les jours d'\u00e9v\u00e9nement<\/li>\n\n\n\n<li>Acc\u00e8s aux zones r\u00e9serv\u00e9es aux supporters et aux espaces exp\u00e9rientiels<\/li>\n<\/ul>\n\n\n\n<p><strong>Comment se rendre au Palais des \u00c9tincelles<\/strong><\/p>\n\n\n\n<ul class=\"wp-block-list\">\n<li><strong>Par le m\u00e9tro<\/strong>Arr\u00eat \"Tre Torri\" de la ligne M5, avec des itin\u00e9raires accessibles \u00e0 tous<\/li>\n\n\n\n<li><strong>En train<\/strong>Milano Centrale et Milano Porta Garibaldi sont reli\u00e9s au quartier CityLife par le m\u00e9tro et des navettes sp\u00e9cialis\u00e9es.<\/li>\n\n\n\n<li><strong>En voiture<\/strong>Dispositions en mati\u00e8re de stationnement et d'acc\u00e8s r\u00e9glement\u00e9 pour les personnes handicap\u00e9es<\/li>\n\n\n\n<li><strong>Par avion<\/strong>Linate et Malpensa avec des navettes directes vers le centre.<\/li>\n<\/ul>\n\n\n\n<p>Des services d'accessibilit\u00e9, des interpr\u00e8tes LIS, des cartes tactiles, des applications d'aide \u00e0 la mobilit\u00e9 et des volontaires form\u00e9s seront en place pendant la p\u00e9riode paralympique.<\/p>\n\n\n\n<p><strong>O\u00f9 s\u00e9journer \u00e0 Milan<\/strong><\/p>\n\n\n\n<p>Milan accueillera des spectateurs du monde entier gr\u00e2ce \u00e0 un r\u00e9seau d'hospitalit\u00e9 ouvert \u00e0 tous. Des h\u00f4tels \u00e9quip\u00e9s, des chambres d'h\u00f4tes accessibles, des auberges et des installations de solidarit\u00e9 seront disponibles dans tous les quartiers de la ville. Zones recommand\u00e9es pour la proximit\u00e9 de la c\u00e9r\u00e9monie : <strong>CityLife<\/strong>, <strong>Hachette<\/strong>, <strong>Simplon<\/strong> e <strong>L'\u00eele<\/strong>.<\/p>\n\n\n\n<p>Les r\u00e9servations \u00e0 l'avance sont fortement recommand\u00e9es, et une section \"hospitalit\u00e9\" sera active sur le portail officiel avec des filtres sp\u00e9cifiques pour l'accessibilit\u00e9.<\/p>\n\n\n\n<p><strong>Milano in Festa : une ville pour tous<\/strong><\/p>\n\n\n\n<p>Pendant les Jeux, Milan se transformera en une ville de l'Europe. <strong>atelier sur l'inclusion urbaine<\/strong>avec des expositions, des \u00e9v\u00e9nements culturels, des installations lumineuses et des performances dans toute la ville. Ce sera un voyage \u00e0 travers le design, la solidarit\u00e9, l'art et la technologie, ouvert \u00e0 tous les citoyens et visiteurs.<\/p>\n\n\n\n<p>De <strong>Place de la cath\u00e9drale<\/strong> \u00e0 <strong>MUDEC<\/strong>, \u00e0 partir de <strong>Ch\u00e2teau des Sforza<\/strong> aux Navigli, chaque coin de la ville racontera des histoires de force, de d\u00e9termination et de talent. Les restaurants participants proposeront des menus d\u00e9di\u00e9s et des initiatives d'accueil pour tous.<\/p>\n\n\n\n<p><strong>Le v\u00e9ritable esprit des Jeux<\/strong><\/p>\n\n\n\n<p>La c\u00e9r\u00e9monie d'ouverture des Jeux paralympiques sera <strong>plus d'un spectacle<\/strong>Ce sera un manifeste. Un hymne \u00e0 la dignit\u00e9, \u00e0 la capacit\u00e9 humaine de surmonter tous les obstacles, \u00e0 la beaut\u00e9 de la diversit\u00e9. Cette nuit de mars, Milan ne sera pas seulement une ville d'accueil, mais un symbole vivant de ce que les Jeux paralympiques repr\u00e9sentent : la possibilit\u00e9 concr\u00e8te d'un monde plus juste, plus accessible et plus uni.<\/p>\n\n\n<div class=\"amc-sqrd-sidebar-bottom\" style=\"width: 970px;height: 250px;\" id=\"amc-1228407902\"><script type=\"text\/plain\" data-tcf=\"waiting-for-consent\" data-id=\"1033\" data-bid=\"1\">PGRpdiBpZD0iYW1jLTY0Mjg3MzI1MCI+PHNjcmlwdCBhc3luYyBzcmM9Ii8vcGFnZWFkMi5nb29nbGVzeW5kaWNhdGlvbi5jb20vcGFnZWFkL2pzL2Fkc2J5Z29vZ2xlLmpzP2NsaWVudD1jYS1wdWItNDQwMTE0NTAyNzUzOTExNSIgY3Jvc3NvcmlnaW49ImFub255bW91cyI+PC9zY3JpcHQ+PGlucyBjbGFzcz0iYWRzYnlnb29nbGUiIHN0eWxlPSJkaXNwbGF5OmJsb2NrOyIgZGF0YS1hZC1jbGllbnQ9ImNhLXB1Yi00NDAxMTQ1MDI3NTM5MTE1IiAKZGF0YS1hZC1zbG90PSIiIApkYXRhLWFkLWZvcm1hdD0iYXV0byIgZGF0YS1mdWxsLXdpZHRoLXJlc3BvbnNpdmU9InRydWUiPjwvaW5zPgo8c2NyaXB0PiAKKGFkc2J5Z29vZ2xlID0gd2luZG93LmFkc2J5Z29vZ2xlIHx8IFtdKS5wdXNoKHt9KTsgCjwvc2NyaXB0Pgo8L2Rpdj4=<\/script><\/div><div class=\"amc-dopo-il-contenuto\" id=\"amc-263073727\"><script type=\"text\/plain\" data-tcf=\"waiting-for-consent\" data-id=\"1033\" data-bid=\"1\">PGRpdiBpZD0iYW1jLTE0NjA3NDg3ODciPjxzY3JpcHQgYXN5bmMgc3JjPSIvL3BhZ2VhZDIuZ29vZ2xlc3luZGljYXRpb24uY29tL3BhZ2VhZC9qcy9hZHNieWdvb2dsZS5qcz9jbGllbnQ9Y2EtcHViLTQ0MDExNDUwMjc1MzkxMTUiIGNyb3Nzb3JpZ2luPSJhbm9ueW1vdXMiPjwvc2NyaXB0PjxpbnMgY2xhc3M9ImFkc2J5Z29vZ2xlIiBzdHlsZT0iZGlzcGxheTpibG9jazsiIGRhdGEtYWQtY2xpZW50PSJjYS1wdWItNDQwMTE0NTAyNzUzOTExNSIgCmRhdGEtYWQtc2xvdD0iIiAKZGF0YS1hZC1mb3JtYXQ9ImF1dG8iIGRhdGEtZnVsbC13aWR0aC1yZXNwb25zaXZlPSJ0cnVlIj48L2lucz4KPHNjcmlwdD4gCihhZHNieWdvb2dsZSA9IHdpbmRvdy5hZHNieWdvb2dsZSB8fCBbXSkucHVzaCh7fSk7IAo8L3NjcmlwdD4KPC9kaXY+<\/script><\/div>","protected":false},"excerpt":{"rendered":"<p>Au c\u0153ur d'un Milan illumin\u00e9 par les reflets de la neige et de la fiert\u00e9, la c\u00e9r\u00e9monie d'ouverture des Jeux Paralympiques d'hiver Milan Cortina 2026 promet d'\u00eatre un \u00e9v\u00e9nement unique : non seulement un d\u00e9but, mais une explosion de sens, d'\u00e9motion et d'humanit\u00e9. Le lieu choisi est l'un des plus embl\u00e9matiques de la modernit\u00e9 italienne : le nouveau [...]<\/p>","protected":false},"author":3,"featured_media":375,"comment_status":"open","ping_status":"open","sticky":false,"template":"","format":"standard","meta":{"_acf_changed":false,"footnotes":""},"categories":[9,7,1],"tags":[],"class_list":["post-374","post","type-post","status-publish","format-standard","has-post-thumbnail","hentry","category-paralimpiadi","category-milano-e-cortina","category-notizie-e-aggiornamenti"],"acf":[],"_links":{"self":[{"href":"https:\/\/aspettandomilanocortina2026.it\/fr\/wp-json\/wp\/v2\/posts\/374","targetHints":{"allow":["GET"]}}],"collection":[{"href":"https:\/\/aspettandomilanocortina2026.it\/fr\/wp-json\/wp\/v2\/posts"}],"about":[{"href":"https:\/\/aspettandomilanocortina2026.it\/fr\/wp-json\/wp\/v2\/types\/post"}],"author":[{"embeddable":true,"href":"https:\/\/aspettandomilanocortina2026.it\/fr\/wp-json\/wp\/v2\/users\/3"}],"replies":[{"embeddable":true,"href":"https:\/\/aspettandomilanocortina2026.it\/fr\/wp-json\/wp\/v2\/comments?post=374"}],"version-history":[{"count":1,"href":"https:\/\/aspettandomilanocortina2026.it\/fr\/wp-json\/wp\/v2\/posts\/374\/revisions"}],"predecessor-version":[{"id":376,"href":"https:\/\/aspettandomilanocortina2026.it\/fr\/wp-json\/wp\/v2\/posts\/374\/revisions\/376"}],"wp:featuredmedia":[{"embeddable":true,"href":"https:\/\/aspettandomilanocortina2026.it\/fr\/wp-json\/wp\/v2\/media\/375"}],"wp:attachment":[{"href":"https:\/\/aspettandomilanocortina2026.it\/fr\/wp-json\/wp\/v2\/media?parent=374"}],"wp:term":[{"taxonomy":"category","embeddable":true,"href":"https:\/\/aspettandomilanocortina2026.it\/fr\/wp-json\/wp\/v2\/categories?post=374"},{"taxonomy":"post_tag","embeddable":true,"href":"https:\/\/aspettandomilanocortina2026.it\/fr\/wp-json\/wp\/v2\/tags?post=374"}],"curies":[{"name":"wp","href":"https:\/\/api.w.org\/{rel}","templated":true}]}}