{"id":371,"date":"2025-05-10T18:04:01","date_gmt":"2025-05-10T17:04:01","guid":{"rendered":"https:\/\/aspettandomilanocortina2026.it\/?p=371"},"modified":"2025-05-10T18:04:03","modified_gmt":"2025-05-10T17:04:03","slug":"olympiades-2026-a-verone-larene-de-reve-pour-la-ceremonie-de-cloture","status":"publish","type":"post","link":"https:\/\/aspettandomilanocortina2026.it\/fr\/olympiades-2026-a-verone-larene-de-reve-pour-la-ceremonie-de-cloture\/","title":{"rendered":"Jeux olympiques 2026 \u00e0 V\u00e9rone : l'ar\u00e8ne des r\u00eaves pour la c\u00e9r\u00e9monie de cl\u00f4ture"},"content":{"rendered":"<script type=\"text\/plain\" data-tcf=\"waiting-for-consent\" data-id=\"1033\" data-bid=\"1\" data-placement=\"1034\">PGRpdiBpZD0iYW1jLTM3NTMwMjY4NDYiIGNsYXNzPSJhbWMtcHJpbWEtZGVsLWNvbnRlbnV0byI+PHNjcmlwdCBhc3luYyBzcmM9Ii8vcGFnZWFkMi5nb29nbGVzeW5kaWNhdGlvbi5jb20vcGFnZWFkL2pzL2Fkc2J5Z29vZ2xlLmpzP2NsaWVudD1jYS1wdWItNDQwMTE0NTAyNzUzOTExNSIgY3Jvc3NvcmlnaW49ImFub255bW91cyI+PC9zY3JpcHQ+PGlucyBjbGFzcz0iYWRzYnlnb29nbGUiIHN0eWxlPSJkaXNwbGF5OmJsb2NrOyIgZGF0YS1hZC1jbGllbnQ9ImNhLXB1Yi00NDAxMTQ1MDI3NTM5MTE1IiAKZGF0YS1hZC1zbG90PSIiIApkYXRhLWFkLWZvcm1hdD0iYXV0byIgZGF0YS1mdWxsLXdpZHRoLXJlc3BvbnNpdmU9InRydWUiPjwvaW5zPgo8c2NyaXB0PiAKKGFkc2J5Z29vZ2xlID0gd2luZG93LmFkc2J5Z29vZ2xlIHx8IFtdKS5wdXNoKHt9KTsgCjwvc2NyaXB0Pgo8L2Rpdj4=<\/script>\n<p>Ville d'art, de musique et de romance \u00e9ternelle, <strong>V\u00e9rone<\/strong> sera la toile de fond \u00e9vocatrice de l'exposition. <strong>C\u00e9r\u00e9monie de cl\u00f4ture des Jeux olympiques d'hiver Milan Cortina 2026<\/strong>. Pas n'importe quel endroit, mais le<strong>Ar\u00e8nes de V\u00e9rone<\/strong>l'un des plus c\u00e9l\u00e8bres amphith\u00e9\u00e2tres romains au monde, alliant la majest\u00e9 de l'histoire \u00e0 la modernit\u00e9 d'un \u00e9v\u00e9nement d'envergure mondiale.<\/p><script type=\"text\/plain\" data-tcf=\"waiting-for-consent\" data-id=\"1037\" data-bid=\"1\" data-placement=\"726\">PGRpdiBpZD0iYW1jLTE2MzA1MzM5OTYiIGNsYXNzPSJhbWMtcG9zdC1jb250ZW50IiBzdHlsZT0ibWFyZ2luLWxlZnQ6IGF1dG87bWFyZ2luLXJpZ2h0OiBhdXRvO3RleHQtYWxpZ246IGNlbnRlcjsiPjxzY3JpcHQgYXN5bmMgc3JjPSIvL3BhZ2VhZDIuZ29vZ2xlc3luZGljYXRpb24uY29tL3BhZ2VhZC9qcy9hZHNieWdvb2dsZS5qcz9jbGllbnQ9Y2EtcHViLTQ0MDExNDUwMjc1MzkxMTUiIGNyb3Nzb3JpZ2luPSJhbm9ueW1vdXMiPjwvc2NyaXB0PjxpbnMgY2xhc3M9ImFkc2J5Z29vZ2xlIiBzdHlsZT0iZGlzcGxheTpibG9jazsiIGRhdGEtYWQtY2xpZW50PSJjYS1wdWItNDQwMTE0NTAyNzUzOTExNSIgCmRhdGEtYWQtc2xvdD0iODAyMDU4Mzc5MyIgCmRhdGEtYWQtZm9ybWF0PSJhdXRvIiBkYXRhLWZ1bGwtd2lkdGgtcmVzcG9uc2l2ZT0idHJ1ZSI+PC9pbnM+CjxzY3JpcHQ+IAooYWRzYnlnb29nbGUgPSB3aW5kb3cuYWRzYnlnb29nbGUgfHwgW10pLnB1c2goe30pOyAKPC9zY3JpcHQ+CjwvZGl2PjxiciBzdHlsZT0iY2xlYXI6IGJvdGg7IGRpc3BsYXk6IGJsb2NrOyBmbG9hdDogbm9uZTsiLz4=<\/script>\n\n\n\n<p>Dans une atmosph\u00e8re charg\u00e9e de symboles, le sport se m\u00ealera \u00e0 la culture lors d'une soir\u00e9e destin\u00e9e \u00e0 rester dans la m\u00e9moire collective. V\u00e9rone, qui a toujours \u00e9t\u00e9 un carrefour entre le Nord et le Sud, entre le Romanisme et la Renaissance, deviendra la sc\u00e8ne o\u00f9 les \u00e9motions des comp\u00e9titions laisseront place \u00e0 la c\u00e9l\u00e9bration du talent, de la paix et de l'unit\u00e9.<\/p><script type=\"text\/plain\" data-tcf=\"waiting-for-consent\" data-id=\"1033\" data-bid=\"1\" data-placement=\"985\">PGRpdiBpZD0iYW1jLTk0NTU3NzkwNyIgY2xhc3M9ImFtYy1taC1taWQiPjxzY3JpcHQgYXN5bmMgc3JjPSIvL3BhZ2VhZDIuZ29vZ2xlc3luZGljYXRpb24uY29tL3BhZ2VhZC9qcy9hZHNieWdvb2dsZS5qcz9jbGllbnQ9Y2EtcHViLTQ0MDExNDUwMjc1MzkxMTUiIGNyb3Nzb3JpZ2luPSJhbm9ueW1vdXMiPjwvc2NyaXB0PjxpbnMgY2xhc3M9ImFkc2J5Z29vZ2xlIiBzdHlsZT0iZGlzcGxheTpibG9jazsiIGRhdGEtYWQtY2xpZW50PSJjYS1wdWItNDQwMTE0NTAyNzUzOTExNSIgCmRhdGEtYWQtc2xvdD0iIiAKZGF0YS1hZC1mb3JtYXQ9ImF1dG8iIGRhdGEtZnVsbC13aWR0aC1yZXNwb25zaXZlPSJ0cnVlIj48L2lucz4KPHNjcmlwdD4gCihhZHNieWdvb2dsZSA9IHdpbmRvdy5hZHNieWdvb2dsZSB8fCBbXSkucHVzaCh7fSk7IAo8L3NjcmlwdD4KPC9kaXY+<\/script>\n\n\n\n<p><strong>Les ar\u00e8nes de V\u00e9rone : le c\u0153ur battant de la c\u00e9r\u00e9monie<\/strong><\/p>\n\n\n\n<p>Au c\u0153ur de la ville, le<strong>Ar\u00e8nes de V\u00e9rone<\/strong>Les Ar\u00e8nes, construites au 1er si\u00e8cle de notre \u00e8re, accueilleront athl\u00e8tes, artistes et spectateurs pour un \u00e9v\u00e9nement sans pr\u00e9c\u00e9dent. C\u00e9l\u00e8bre dans le monde entier pour sa saison estivale d'op\u00e9ra et pour l'accueil d'artistes internationaux, l'Arena sera transform\u00e9e en un th\u00e9\u00e2tre des merveilles, o\u00f9 le sport et la culture danseront ensemble dans une ambiance de lumi\u00e8re, de son et de chor\u00e9graphies spectaculaires.<\/p>\n\n\n\n<p>Pour l'occasion, certaines des technologies sc\u00e9niques les plus avanc\u00e9es au monde seront utilis\u00e9es : effets tridimensionnels, projections holographiques, jeux de lumi\u00e8re synchronis\u00e9s et retransmission mondiale en direct impliquant des millions de spectateurs de tous les continents. Il y aura \u00e9galement des moments solennels et des performances artistiques qui rendront hommage aux racines italiennes et \u00e0 l'esprit universel des Jeux.<\/p>\n\n\n\n<p><strong>Comment participer : billets et acc\u00e8s<\/strong><\/p>\n\n\n\n<p>Les billets pour la c\u00e9r\u00e9monie seront disponibles sur le site officiel <a href=\"https:\/\/milanocortina2026.org\" rel=\"nofollow noopener\" target=\"_blank\">milanocortina2026.org<\/a>. Compte tenu de la capacit\u00e9 limit\u00e9e de l'ar\u00e8ne, de l'int\u00e9r\u00eat international et de la valeur symbolique de l'\u00e9v\u00e9nement, on s'attend \u00e0 une vente imm\u00e9diate \u00e0 guichets ferm\u00e9s. En plus du billet standard, les billets suivants seront disponibles <strong>Paquets VIP<\/strong>des exp\u00e9riences guid\u00e9es et un acc\u00e8s r\u00e9serv\u00e9 pour les sponsors et les d\u00e9l\u00e9gations.<\/p>\n\n\n\n<p>Chaque billet comprendra<\/p>\n\n\n\n<ul class=\"wp-block-list\">\n<li>Transport public gratuit le jour de l'\u00e9v\u00e9nement<\/li>\n\n\n\n<li>Acc\u00e8s \u00e0 des zones d\u00e9di\u00e9es telles que les villages de supporters et les points de vente de produits alimentaires<\/li>\n\n\n\n<li>Programme num\u00e9rique personnalis\u00e9<\/li>\n<\/ul>\n\n\n\n<p><strong>Comment se rendre \u00e0 V\u00e9rone : Toutes les options<\/strong><\/p>\n\n\n\n<ul class=\"wp-block-list\">\n<li><strong>En train<\/strong>V\u00e9rone Porta Nuova est bien desservie par les trains Frecciarossa, Italo et r\u00e9gionaux.<\/li>\n\n\n\n<li><strong>En voiture<\/strong>Facilement accessible depuis les autoroutes A4 et A22 ; parkings d'\u00e9change avec navettes d\u00e9di\u00e9es pr\u00e9vues.<\/li>\n\n\n\n<li><strong>Par avion<\/strong>L'a\u00e9roport de V\u00e9rone Valerio Catullo est reli\u00e9 aux principales villes italiennes et europ\u00e9ennes. Des navettes sp\u00e9ciales sont disponibles pour le centre-ville.<\/li>\n<\/ul>\n\n\n\n<p>Pendant la p\u00e9riode olympique, les connexions intermodales seront am\u00e9lior\u00e9es, avec une signalisation sp\u00e9cifique, des applications de mobilit\u00e9 et des services accessibles, y compris pour les personnes handicap\u00e9es.<\/p>\n\n\n\n<p><strong>S\u00e9journer \u00e0 V\u00e9rone : O\u00f9 dormir ?<\/strong><\/p>\n\n\n\n<p>La ville offre un large \u00e9ventail de solutions, depuis le luxe de l'h\u00f4tel de ville jusqu'\u00e0 l'h\u00f4tel de ville. <strong>b\u00e2timents historiques dans le centre<\/strong>aux h\u00f4tels confortables de <strong>Veronetta<\/strong>aux habitations douillettes de la <strong>Valpolicella<\/strong>. Il est recommand\u00e9 de r\u00e9server dans les mois pr\u00e9c\u00e9dant l'\u00e9v\u00e9nement, en raison de l'affluence attendue.<\/p>\n\n\n\n<p>Nous recommandons \u00e9galement des solutions dans les villes voisines telles que <strong>Vicence<\/strong>, <strong>Peschiera del Garda<\/strong>, <strong>Mantoue<\/strong>ou dans les stations lacustres, avec des liaisons ferroviaires directes vers V\u00e9rone.<\/p>\n\n\n\n<p><strong>Culture, cuisine et \u00e9motions v\u00e9ronaises<\/strong><\/p>\n\n\n\n<p>V\u00e9rone sera bien plus qu'un th\u00e9\u00e2tre pour la c\u00e9r\u00e9monie de cl\u00f4ture des Jeux olympiques. Ce sera un voyage multisensoriel : art, histoire, vin et gastronomie. Outre les c\u00e9l\u00e8bres <strong>Le balcon de Juliette<\/strong>ne manquez pas le coucher de soleil sur <strong>Pont de pierre<\/strong>, une promenade jusqu'\u00e0 la <strong>Th\u00e9\u00e2tre romain<\/strong>ou un ap\u00e9ritif \u00e0 <strong>Piazza Bra<\/strong>.<\/p>\n\n\n\n<p>Parmi les saveurs \u00e0 essayer :<\/p>\n\n\n\n<ul class=\"wp-block-list\">\n<li><strong>Risotto \u00e0 l'Amarone<\/strong><\/li>\n\n\n\n<li><strong>Boulettes alpines<\/strong><\/li>\n\n\n\n<li><strong>Pastissada de caval<\/strong><\/li>\n\n\n\n<li><strong>Fromages du Monte Veronese<\/strong><\/li>\n\n\n\n<li>accompagn\u00e9s des grands vins de la r\u00e9gion : <strong>Amarone<\/strong>, <strong>Recioto<\/strong>, <strong>Custoza<\/strong>, e <strong>Lugana<\/strong>.<\/li>\n<\/ul>\n\n\n\n<p>Parall\u00e8lement \u00e0 la c\u00e9r\u00e9monie, la ville accueillera une conf\u00e9rence de presse. <strong>Nuit olympique blanche<\/strong>La f\u00eate de la musique : des spectacles sur les places, des installations artistiques, des mus\u00e9es ouverts et des concerts animeront les rues du centre-ville jusqu'\u00e0 tard dans la nuit.<\/p>\n\n\n\n<p><strong>L'\u00e9treinte finale : une c\u00e9r\u00e9monie d'\u00e9motions<\/strong><\/p>\n\n\n\n<p>Lorsque la flamme olympique s'\u00e9teindra entre les arches des Ar\u00e8nes, ce sera comme si l'on refermait un livre \u00e9pique, \u00e9crit avec de la neige, des r\u00eaves et de la passion. V\u00e9rone offrira au monde un final capable de faire vibrer les c\u0153urs et les m\u00e9moires. Une ode \u00e0 la beaut\u00e9, \u00e0 l'unit\u00e9 et au d\u00e9sir humain de se d\u00e9passer et de partager.<\/p>\n\n\n<div class=\"amc-sqrd-sidebar-bottom\" style=\"width: 970px;height: 250px;\" id=\"amc-1652397045\"><script type=\"text\/plain\" data-tcf=\"waiting-for-consent\" data-id=\"1033\" data-bid=\"1\">PGRpdiBpZD0iYW1jLTM0NzQyODU2NzkiPjxzY3JpcHQgYXN5bmMgc3JjPSIvL3BhZ2VhZDIuZ29vZ2xlc3luZGljYXRpb24uY29tL3BhZ2VhZC9qcy9hZHNieWdvb2dsZS5qcz9jbGllbnQ9Y2EtcHViLTQ0MDExNDUwMjc1MzkxMTUiIGNyb3Nzb3JpZ2luPSJhbm9ueW1vdXMiPjwvc2NyaXB0PjxpbnMgY2xhc3M9ImFkc2J5Z29vZ2xlIiBzdHlsZT0iZGlzcGxheTpibG9jazsiIGRhdGEtYWQtY2xpZW50PSJjYS1wdWItNDQwMTE0NTAyNzUzOTExNSIgCmRhdGEtYWQtc2xvdD0iIiAKZGF0YS1hZC1mb3JtYXQ9ImF1dG8iIGRhdGEtZnVsbC13aWR0aC1yZXNwb25zaXZlPSJ0cnVlIj48L2lucz4KPHNjcmlwdD4gCihhZHNieWdvb2dsZSA9IHdpbmRvdy5hZHNieWdvb2dsZSB8fCBbXSkucHVzaCh7fSk7IAo8L3NjcmlwdD4KPC9kaXY+<\/script><\/div><div class=\"amc-dopo-il-contenuto\" id=\"amc-4073404005\"><script type=\"text\/plain\" data-tcf=\"waiting-for-consent\" data-id=\"1033\" data-bid=\"1\">PGRpdiBpZD0iYW1jLTQxMjUyOTYxNiI+PHNjcmlwdCBhc3luYyBzcmM9Ii8vcGFnZWFkMi5nb29nbGVzeW5kaWNhdGlvbi5jb20vcGFnZWFkL2pzL2Fkc2J5Z29vZ2xlLmpzP2NsaWVudD1jYS1wdWItNDQwMTE0NTAyNzUzOTExNSIgY3Jvc3NvcmlnaW49ImFub255bW91cyI+PC9zY3JpcHQ+PGlucyBjbGFzcz0iYWRzYnlnb29nbGUiIHN0eWxlPSJkaXNwbGF5OmJsb2NrOyIgZGF0YS1hZC1jbGllbnQ9ImNhLXB1Yi00NDAxMTQ1MDI3NTM5MTE1IiAKZGF0YS1hZC1zbG90PSIiIApkYXRhLWFkLWZvcm1hdD0iYXV0byIgZGF0YS1mdWxsLXdpZHRoLXJlc3BvbnNpdmU9InRydWUiPjwvaW5zPgo8c2NyaXB0PiAKKGFkc2J5Z29vZ2xlID0gd2luZG93LmFkc2J5Z29vZ2xlIHx8IFtdKS5wdXNoKHt9KTsgCjwvc2NyaXB0Pgo8L2Rpdj4=<\/script><\/div>","protected":false},"excerpt":{"rendered":"<p>Citt\u00e0 d\u2019 arte, musica e romanticismo eterno, Verona sar\u00e0 il suggestivo scenario della cerimonia di chiusura delle Olimpiadi Invernali Milano Cortina 2026. Non una location qualsiasi, ma l\u2019Arena di Verona, uno dei pi\u00f9 celebri anfiteatri romani al mondo, che unir\u00e0 la maestosit\u00e0 della storia con la modernit\u00e0 di un evento globale. In un\u2019atmosfera intrisa di [&hellip;]<\/p>","protected":false},"author":3,"featured_media":372,"comment_status":"open","ping_status":"open","sticky":false,"template":"","format":"standard","meta":{"_acf_changed":false,"footnotes":""},"categories":[1,3,4,5,7],"tags":[],"class_list":["post-371","post","type-post","status-publish","format-standard","has-post-thumbnail","hentry","category-notizie-e-aggiornamenti","category-calendario-gare","category-dietro-le-quinte","category-guida-per-i-tifosi","category-milano-e-cortina"],"acf":[],"_links":{"self":[{"href":"https:\/\/aspettandomilanocortina2026.it\/fr\/wp-json\/wp\/v2\/posts\/371","targetHints":{"allow":["GET"]}}],"collection":[{"href":"https:\/\/aspettandomilanocortina2026.it\/fr\/wp-json\/wp\/v2\/posts"}],"about":[{"href":"https:\/\/aspettandomilanocortina2026.it\/fr\/wp-json\/wp\/v2\/types\/post"}],"author":[{"embeddable":true,"href":"https:\/\/aspettandomilanocortina2026.it\/fr\/wp-json\/wp\/v2\/users\/3"}],"replies":[{"embeddable":true,"href":"https:\/\/aspettandomilanocortina2026.it\/fr\/wp-json\/wp\/v2\/comments?post=371"}],"version-history":[{"count":1,"href":"https:\/\/aspettandomilanocortina2026.it\/fr\/wp-json\/wp\/v2\/posts\/371\/revisions"}],"predecessor-version":[{"id":373,"href":"https:\/\/aspettandomilanocortina2026.it\/fr\/wp-json\/wp\/v2\/posts\/371\/revisions\/373"}],"wp:featuredmedia":[{"embeddable":true,"href":"https:\/\/aspettandomilanocortina2026.it\/fr\/wp-json\/wp\/v2\/media\/372"}],"wp:attachment":[{"href":"https:\/\/aspettandomilanocortina2026.it\/fr\/wp-json\/wp\/v2\/media?parent=371"}],"wp:term":[{"taxonomy":"category","embeddable":true,"href":"https:\/\/aspettandomilanocortina2026.it\/fr\/wp-json\/wp\/v2\/categories?post=371"},{"taxonomy":"post_tag","embeddable":true,"href":"https:\/\/aspettandomilanocortina2026.it\/fr\/wp-json\/wp\/v2\/tags?post=371"}],"curies":[{"name":"wp","href":"https:\/\/api.w.org\/{rel}","templated":true}]}}