{"id":354,"date":"2025-05-08T20:54:37","date_gmt":"2025-05-08T19:54:37","guid":{"rendered":"https:\/\/aspettandomilanocortina2026.it\/?p=354"},"modified":"2025-05-08T20:54:39","modified_gmt":"2025-05-08T19:54:39","slug":"white-smoke-habemus-papa","status":"publish","type":"post","link":"https:\/\/aspettandomilanocortina2026.it\/fr\/white-smoke-habemus-papa\/","title":{"rendered":"Fum\u00e9e blanche... Habemus Papa !"},"content":{"rendered":"<script type=\"text\/plain\" data-tcf=\"waiting-for-consent\" data-id=\"1033\" data-bid=\"1\" data-placement=\"1034\">PGRpdiBpZD0iYW1jLTMzNzAxMTYyOTgiIGNsYXNzPSJhbWMtcHJpbWEtZGVsLWNvbnRlbnV0byI+PHNjcmlwdCBhc3luYyBzcmM9Ii8vcGFnZWFkMi5nb29nbGVzeW5kaWNhdGlvbi5jb20vcGFnZWFkL2pzL2Fkc2J5Z29vZ2xlLmpzP2NsaWVudD1jYS1wdWItNDQwMTE0NTAyNzUzOTExNSIgY3Jvc3NvcmlnaW49ImFub255bW91cyI+PC9zY3JpcHQ+PGlucyBjbGFzcz0iYWRzYnlnb29nbGUiIHN0eWxlPSJkaXNwbGF5OmJsb2NrOyIgZGF0YS1hZC1jbGllbnQ9ImNhLXB1Yi00NDAxMTQ1MDI3NTM5MTE1IiAKZGF0YS1hZC1zbG90PSIiIApkYXRhLWFkLWZvcm1hdD0iYXV0byIgZGF0YS1mdWxsLXdpZHRoLXJlc3BvbnNpdmU9InRydWUiPjwvaW5zPgo8c2NyaXB0PiAKKGFkc2J5Z29vZ2xlID0gd2luZG93LmFkc2J5Z29vZ2xlIHx8IFtdKS5wdXNoKHt9KTsgCjwvc2NyaXB0Pgo8L2Rpdj4=<\/script>\n<p><strong>Qui est le nouveau souverain pontife et que signifie le choix de son nom ?<\/strong><\/p><script type=\"text\/plain\" data-tcf=\"waiting-for-consent\" data-id=\"1037\" data-bid=\"1\" data-placement=\"726\">PGRpdiBpZD0iYW1jLTEwNDIwMzA0OSIgY2xhc3M9ImFtYy1wb3N0LWNvbnRlbnQiIHN0eWxlPSJtYXJnaW4tbGVmdDogYXV0bzttYXJnaW4tcmlnaHQ6IGF1dG87dGV4dC1hbGlnbjogY2VudGVyOyI+PHNjcmlwdCBhc3luYyBzcmM9Ii8vcGFnZWFkMi5nb29nbGVzeW5kaWNhdGlvbi5jb20vcGFnZWFkL2pzL2Fkc2J5Z29vZ2xlLmpzP2NsaWVudD1jYS1wdWItNDQwMTE0NTAyNzUzOTExNSIgY3Jvc3NvcmlnaW49ImFub255bW91cyI+PC9zY3JpcHQ+PGlucyBjbGFzcz0iYWRzYnlnb29nbGUiIHN0eWxlPSJkaXNwbGF5OmJsb2NrOyIgZGF0YS1hZC1jbGllbnQ9ImNhLXB1Yi00NDAxMTQ1MDI3NTM5MTE1IiAKZGF0YS1hZC1zbG90PSI4MDIwNTgzNzkzIiAKZGF0YS1hZC1mb3JtYXQ9ImF1dG8iIGRhdGEtZnVsbC13aWR0aC1yZXNwb25zaXZlPSJ0cnVlIj48L2lucz4KPHNjcmlwdD4gCihhZHNieWdvb2dsZSA9IHdpbmRvdy5hZHNieWdvb2dsZSB8fCBbXSkucHVzaCh7fSk7IAo8L3NjcmlwdD4KPC9kaXY+PGJyIHN0eWxlPSJjbGVhcjogYm90aDsgZGlzcGxheTogYmxvY2s7IGZsb2F0OiBub25lOyIvPg==<\/script>\n\n\n\n<p>Le 8 mai 2025, \u00e0 18h07, une colonne de fum\u00e9e blanche annonce au monde l'\u00e9lection du nouveau Pontife de l'\u00c9glise catholique. De la loggia centrale de la basilique Saint-Pierre retentit un nom destin\u00e9 \u00e0 marquer une \u00e9poque : <strong>L\u00e9on XIV<\/strong>. Mais qui est vraiment ce pontife am\u00e9ricain ? Quelle est son histoire ? Et pourquoi a-t-il choisi un nom aussi \u00e9vocateur ?<\/p><script type=\"text\/plain\" data-tcf=\"waiting-for-consent\" data-id=\"1033\" data-bid=\"1\" data-placement=\"985\">PGRpdiBpZD0iYW1jLTcyMTM4ODY5IiBjbGFzcz0iYW1jLW1oLW1pZCI+PHNjcmlwdCBhc3luYyBzcmM9Ii8vcGFnZWFkMi5nb29nbGVzeW5kaWNhdGlvbi5jb20vcGFnZWFkL2pzL2Fkc2J5Z29vZ2xlLmpzP2NsaWVudD1jYS1wdWItNDQwMTE0NTAyNzUzOTExNSIgY3Jvc3NvcmlnaW49ImFub255bW91cyI+PC9zY3JpcHQ+PGlucyBjbGFzcz0iYWRzYnlnb29nbGUiIHN0eWxlPSJkaXNwbGF5OmJsb2NrOyIgZGF0YS1hZC1jbGllbnQ9ImNhLXB1Yi00NDAxMTQ1MDI3NTM5MTE1IiAKZGF0YS1hZC1zbG90PSIiIApkYXRhLWFkLWZvcm1hdD0iYXV0byIgZGF0YS1mdWxsLXdpZHRoLXJlc3BvbnNpdmU9InRydWUiPjwvaW5zPgo8c2NyaXB0PiAKKGFkc2J5Z29vZ2xlID0gd2luZG93LmFkc2J5Z29vZ2xlIHx8IFtdKS5wdXNoKHt9KTsgCjwvc2NyaXB0Pgo8L2Rpdj4=<\/script>\n\n\n\n<p>Dans cet article, nous retra\u00e7ons le parcours de <strong>Robert Francis Prevost<\/strong>de son enfance \u00e0 Chicago \u00e0 son \u00e9lection au tr\u00f4ne de Pierre, en passant par la signification symbolique et spirituelle du nom qu'il a d\u00e9cid\u00e9 de porter \u00e0 la t\u00eate de l'\u00c9glise catholique.<\/p>\n\n\n\n<p><strong>Robert Francis Prevost<\/strong> les <strong>14 septembre 1955<\/strong> a <strong>Chicago (en anglais)<\/strong>Il est n\u00e9 \u00e0 Paris, dans une famille am\u00e9ricaine profond\u00e9ment catholique. D\u00e8s son plus jeune \u00e2ge, il s'est distingu\u00e9 par une foi mature et un esprit de service qui l'ont conduit, en 1977, \u00e0 rejoindre le<strong>Ordre de Saint-Augustin<\/strong>l'une des congr\u00e9gations religieuses les plus anciennes et les plus dynamiques sur le plan intellectuel de l'\u00c9glise.<\/p>\n\n\n\n<p>Apr\u00e8s avoir \u00e9tudi\u00e9 la th\u00e9ologie et le droit canonique, il a obtenu son dipl\u00f4me \u00e0 l'universit\u00e9 d'Oxford. <strong>Universit\u00e9 pontificale Saint-Thomas d'Aquin<\/strong> \u00e0 Rome. Mais son c\u0153ur regarde au loin, vers la mission. C'est ainsi qu'au d\u00e9but des ann\u00e9es 1980, il est parti pour l'Europe. <strong>P\u00e9rou<\/strong>o\u00f9 il a pass\u00e9 plus de vingt ans, vivant parmi les communaut\u00e9s les plus pauvres du dioc\u00e8se de <strong>Chiclayo,<\/strong> en travaillant comme missionnaire, pasteur, \u00e9ducateur et animateur professionnel.<\/p>\n\n\n\n<p>Cette longue exp\u00e9rience en Am\u00e9rique latine a forg\u00e9 en lui un style pastoral simple, proche des gens, orient\u00e9 vers l'\u00e9coute et le dialogue.<\/p>\n\n\n\n<p><strong>\u00c9l\u00e9vation dans l'\u00c9glise : \u00e9v\u00eaque, pr\u00e9fet, cardinal<\/strong><\/p>\n\n\n\n<p>En 2014, le pape Fran\u00e7ois l'a nomm\u00e9 <strong>\u00c9v\u00eaque de Chiclayo<\/strong>en reconnaissance de son travail profond dans le domaine de la justice sociale et de l'\u00e9vang\u00e9lisation. Sa figure \u00e9merge \u00e9galement au niveau mondial lorsque, dans la <strong>2023<\/strong>il est appel\u00e9 \u00e0 Rome en tant que <strong>Pr\u00e9fet du Dicast\u00e8re pour les \u00e9v\u00eaques<\/strong> et pr\u00e9sident de <strong>Commission pontificale pour l'Am\u00e9rique latine<\/strong>. C'est un signe de confiance profonde, mais aussi d'un consensus croissant entre les cardinaux sur son profil de leader sobre, dialoguant et d\u00e9termin\u00e9. Au Consistoire de septembre 2023, il sera cr\u00e9\u00e9 <strong>cardinal<\/strong>Il devient membre \u00e0 part enti\u00e8re du Coll\u00e8ge des cardinaux et de la liste des candidats \u00e0 un futur conclave. Au cours de l'ann\u00e9e 2009, il est devenu membre \u00e0 part enti\u00e8re du Coll\u00e8ge des cardinaux. <strong>Conclave de mai 2025<\/strong>Apr\u00e8s la mort du pape Fran\u00e7ois, Pr\u00e9vost est apparu d\u00e8s les premiers tours de scrutin comme l'un des candidats les plus solides. Son \u00e9quilibre entre r\u00e9forme et tradition, son exp\u00e9rience mondiale et son style pastoral ont remport\u00e9 le consensus du coll\u00e8ge des cardinaux. Au quatri\u00e8me tour de scrutin, il est \u00e9lu <strong>266e souverain pontife de l'histoire de l'\u00c9glise<\/strong>.<\/p>\n\n\n\n<p><strong>Le nom choisi : pourquoi \"L\u00e9o XIV\" ?<\/strong><\/p>\n\n\n\n<p>Le choix du nom <strong>L\u00e9on XIV<\/strong> n'est pas fortuite (le nom Leo n'avait pas \u00e9t\u00e9 choisi depuis plus de 120 ans). Il s'agit d'une r\u00e9f\u00e9rence directe \u00e0 <strong>L\u00e9on XIII<\/strong>pontife entre le 19e et le 20e si\u00e8cle, connu pour l'encyclique <em>Rerum Novarum<\/em>qui a ouvert l'\u00c9glise au th\u00e8me de la justice sociale et du travail. Un pape moderne, mais enracin\u00e9 dans la doctrine.<\/p>\n\n\n\n<p>Avec ce geste, <strong>L\u00e9on XIV<\/strong> veut indiquer un pont entre le pass\u00e9 et l'avenir : une papaut\u00e9 enracin\u00e9e dans la tradition, mais capable de regarder le monde avec des yeux nouveaux. C'est aussi un signe de force morale et spirituelle : le nom \"Leo\" \u00e9voque le courage, la fermet\u00e9 et le leadership, des qualit\u00e9s dont l'\u00c9glise a besoin dans le monde d'aujourd'hui.<\/p>\n\n\n\n<p>Dans son premier discours, L\u00e9on XIV parle d'une \u00c9glise \"qui ne craint pas le dialogue mais reste fid\u00e8le \u00e0 la v\u00e9rit\u00e9\" et demande aux fid\u00e8les de \"prier pour que je sois un berger et non un prince\".<\/p>\n\n\n\n<p><strong>Un pape am\u00e9ricain mais universel<\/strong><\/p>\n\n\n\n<p>L\u00e9on XIV est le <strong>premier pape am\u00e9ricain de l'histoire<\/strong>. Un choix qui souligne combien l'\u00c9glise est aujourd'hui <strong>mondial<\/strong> et de plus en plus ouverte aux p\u00e9riph\u00e9ries culturelles et spirituelles du monde.<\/p>\n\n\n\n<p>Mais c'est aussi le <strong>premier pontife augustinien moderne<\/strong>porteur d'une spiritualit\u00e9 communautaire de dialogue et d'introspection. Sa devise \u00e9piscopale, <em>Christus nostra pax<\/em> (\"Le Christ est notre paix\"), r\u00e9sume le c\u0153ur de son message : une \u00c9glise r\u00e9concili\u00e9e, inclusive et tourn\u00e9e vers l'\u00c9vangile.<\/p>\n\n\n\n<p><strong>Conclusion : une papaut\u00e9 de continuit\u00e9 et de renouveau<\/strong><\/p>\n\n\n\n<p>L\u00e9on XIV est un pape qui ne divise pas, mais qui unit. Un pasteur mondial, capable d'\u00e9couter et d'agir. Son histoire - de mission, d'\u00e9tude, de service et d'humilit\u00e9 - est d\u00e9j\u00e0 un message puissant pour une \u00c9glise qui veut marcher ensemble avec le monde.<\/p>\n\n\n\n<p>Son pontificat ne fait que commencer, mais ses premiers mots et son nom nous rappellent une chose fondamentale : l'\u00c9glise de demain se construit avec le c\u0153ur de l'\u00c9vangile et le courage du lion.<\/p>\n\n\n<div class=\"amc-sqrd-sidebar-bottom\" style=\"width: 970px;height: 250px;\" id=\"amc-609694559\"><script type=\"text\/plain\" data-tcf=\"waiting-for-consent\" data-id=\"1033\" data-bid=\"1\">PGRpdiBpZD0iYW1jLTQxNjE5NDc5NDAiPjxzY3JpcHQgYXN5bmMgc3JjPSIvL3BhZ2VhZDIuZ29vZ2xlc3luZGljYXRpb24uY29tL3BhZ2VhZC9qcy9hZHNieWdvb2dsZS5qcz9jbGllbnQ9Y2EtcHViLTQ0MDExNDUwMjc1MzkxMTUiIGNyb3Nzb3JpZ2luPSJhbm9ueW1vdXMiPjwvc2NyaXB0PjxpbnMgY2xhc3M9ImFkc2J5Z29vZ2xlIiBzdHlsZT0iZGlzcGxheTpibG9jazsiIGRhdGEtYWQtY2xpZW50PSJjYS1wdWItNDQwMTE0NTAyNzUzOTExNSIgCmRhdGEtYWQtc2xvdD0iIiAKZGF0YS1hZC1mb3JtYXQ9ImF1dG8iIGRhdGEtZnVsbC13aWR0aC1yZXNwb25zaXZlPSJ0cnVlIj48L2lucz4KPHNjcmlwdD4gCihhZHNieWdvb2dsZSA9IHdpbmRvdy5hZHNieWdvb2dsZSB8fCBbXSkucHVzaCh7fSk7IAo8L3NjcmlwdD4KPC9kaXY+<\/script><\/div><div class=\"amc-dopo-il-contenuto\" id=\"amc-4230993640\"><script type=\"text\/plain\" data-tcf=\"waiting-for-consent\" data-id=\"1033\" data-bid=\"1\">PGRpdiBpZD0iYW1jLTE2MTM1MzAyODMiPjxzY3JpcHQgYXN5bmMgc3JjPSIvL3BhZ2VhZDIuZ29vZ2xlc3luZGljYXRpb24uY29tL3BhZ2VhZC9qcy9hZHNieWdvb2dsZS5qcz9jbGllbnQ9Y2EtcHViLTQ0MDExNDUwMjc1MzkxMTUiIGNyb3Nzb3JpZ2luPSJhbm9ueW1vdXMiPjwvc2NyaXB0PjxpbnMgY2xhc3M9ImFkc2J5Z29vZ2xlIiBzdHlsZT0iZGlzcGxheTpibG9jazsiIGRhdGEtYWQtY2xpZW50PSJjYS1wdWItNDQwMTE0NTAyNzUzOTExNSIgCmRhdGEtYWQtc2xvdD0iIiAKZGF0YS1hZC1mb3JtYXQ9ImF1dG8iIGRhdGEtZnVsbC13aWR0aC1yZXNwb25zaXZlPSJ0cnVlIj48L2lucz4KPHNjcmlwdD4gCihhZHNieWdvb2dsZSA9IHdpbmRvdy5hZHNieWdvb2dsZSB8fCBbXSkucHVzaCh7fSk7IAo8L3NjcmlwdD4KPC9kaXY+<\/script><\/div>","protected":false},"excerpt":{"rendered":"<p>Chi \u00e8 il Nuovo Pontefice e Cosa Significa la Scelta del Suo Nome L\u20198 maggio 2025, alle ore 18:07, una colonna di fumo bianco ha annunciato al mondo l\u2019elezione del nuovo Pontefice della Chiesa cattolica. Dalla loggia centrale della Basilica di San Pietro \u00e8 risuonato un nome destinato a segnare un\u2019epoca: Leone XIV. Ma chi [&hellip;]<\/p>","protected":false},"author":3,"featured_media":355,"comment_status":"open","ping_status":"open","sticky":false,"template":"","format":"standard","meta":{"_acf_changed":false,"footnotes":""},"categories":[1],"tags":[],"class_list":["post-354","post","type-post","status-publish","format-standard","has-post-thumbnail","hentry","category-notizie-e-aggiornamenti"],"acf":[],"_links":{"self":[{"href":"https:\/\/aspettandomilanocortina2026.it\/fr\/wp-json\/wp\/v2\/posts\/354","targetHints":{"allow":["GET"]}}],"collection":[{"href":"https:\/\/aspettandomilanocortina2026.it\/fr\/wp-json\/wp\/v2\/posts"}],"about":[{"href":"https:\/\/aspettandomilanocortina2026.it\/fr\/wp-json\/wp\/v2\/types\/post"}],"author":[{"embeddable":true,"href":"https:\/\/aspettandomilanocortina2026.it\/fr\/wp-json\/wp\/v2\/users\/3"}],"replies":[{"embeddable":true,"href":"https:\/\/aspettandomilanocortina2026.it\/fr\/wp-json\/wp\/v2\/comments?post=354"}],"version-history":[{"count":1,"href":"https:\/\/aspettandomilanocortina2026.it\/fr\/wp-json\/wp\/v2\/posts\/354\/revisions"}],"predecessor-version":[{"id":356,"href":"https:\/\/aspettandomilanocortina2026.it\/fr\/wp-json\/wp\/v2\/posts\/354\/revisions\/356"}],"wp:featuredmedia":[{"embeddable":true,"href":"https:\/\/aspettandomilanocortina2026.it\/fr\/wp-json\/wp\/v2\/media\/355"}],"wp:attachment":[{"href":"https:\/\/aspettandomilanocortina2026.it\/fr\/wp-json\/wp\/v2\/media?parent=354"}],"wp:term":[{"taxonomy":"category","embeddable":true,"href":"https:\/\/aspettandomilanocortina2026.it\/fr\/wp-json\/wp\/v2\/categories?post=354"},{"taxonomy":"post_tag","embeddable":true,"href":"https:\/\/aspettandomilanocortina2026.it\/fr\/wp-json\/wp\/v2\/tags?post=354"}],"curies":[{"name":"wp","href":"https:\/\/api.w.org\/{rel}","templated":true}]}}