{"id":345,"date":"2025-05-07T16:56:07","date_gmt":"2025-05-07T15:56:07","guid":{"rendered":"https:\/\/aspettandomilanocortina2026.it\/?p=345"},"modified":"2025-05-07T16:56:08","modified_gmt":"2025-05-07T15:56:08","slug":"val-di-fiemme-2026-le-berceau-du-ski-nordique-se-reinvente-pour-les-jeux-olympiques","status":"publish","type":"post","link":"https:\/\/aspettandomilanocortina2026.it\/fr\/val-di-fiemme-2026-le-berceau-du-ski-nordique-se-reinvente-pour-les-jeux-olympiques\/","title":{"rendered":"Val di Fiemme 2026 : le berceau du ski nordique se r\u00e9invente pour les Jeux olympiques"},"content":{"rendered":"<script type=\"text\/plain\" data-tcf=\"waiting-for-consent\" data-id=\"1033\" data-bid=\"1\" data-placement=\"1034\">PGRpdiBpZD0iYW1jLTI2MTE4Nzc5MSIgY2xhc3M9ImFtYy1wcmltYS1kZWwtY29udGVudXRvIj48c2NyaXB0IGFzeW5jIHNyYz0iLy9wYWdlYWQyLmdvb2dsZXN5bmRpY2F0aW9uLmNvbS9wYWdlYWQvanMvYWRzYnlnb29nbGUuanM\/Y2xpZW50PWNhLXB1Yi00NDAxMTQ1MDI3NTM5MTE1IiBjcm9zc29yaWdpbj0iYW5vbnltb3VzIj48L3NjcmlwdD48aW5zIGNsYXNzPSJhZHNieWdvb2dsZSIgc3R5bGU9ImRpc3BsYXk6YmxvY2s7IiBkYXRhLWFkLWNsaWVudD0iY2EtcHViLTQ0MDExNDUwMjc1MzkxMTUiIApkYXRhLWFkLXNsb3Q9IiIgCmRhdGEtYWQtZm9ybWF0PSJhdXRvIiBkYXRhLWZ1bGwtd2lkdGgtcmVzcG9uc2l2ZT0idHJ1ZSI+PC9pbnM+CjxzY3JpcHQ+IAooYWRzYnlnb29nbGUgPSB3aW5kb3cuYWRzYnlnb29nbGUgfHwgW10pLnB1c2goe30pOyAKPC9zY3JpcHQ+CjwvZGl2Pg==<\/script>\n<p>Au c\u0153ur du Trentin, au milieu de for\u00eats s\u00e9culaires et de sommets majestueux, la <strong>Val di Fiemme<\/strong> se pr\u00e9pare \u00e0 revenir sur la sc\u00e8ne olympique. Forte d'une longue tradition de ski nordique, cette vall\u00e9e nich\u00e9e dans les Dolomites est pr\u00eate \u00e0 offrir l'un des cadres les plus saisissants et les plus authentiques pour les Jeux de 2026 \u00e0 Milan-Cortina.<\/p><script type=\"text\/plain\" data-tcf=\"waiting-for-consent\" data-id=\"1037\" data-bid=\"1\" data-placement=\"726\">PGRpdiBpZD0iYW1jLTMxNzQ4ODk0NjMiIGNsYXNzPSJhbWMtcG9zdC1jb250ZW50IiBzdHlsZT0ibWFyZ2luLWxlZnQ6IGF1dG87bWFyZ2luLXJpZ2h0OiBhdXRvO3RleHQtYWxpZ246IGNlbnRlcjsiPjxzY3JpcHQgYXN5bmMgc3JjPSIvL3BhZ2VhZDIuZ29vZ2xlc3luZGljYXRpb24uY29tL3BhZ2VhZC9qcy9hZHNieWdvb2dsZS5qcz9jbGllbnQ9Y2EtcHViLTQ0MDExNDUwMjc1MzkxMTUiIGNyb3Nzb3JpZ2luPSJhbm9ueW1vdXMiPjwvc2NyaXB0PjxpbnMgY2xhc3M9ImFkc2J5Z29vZ2xlIiBzdHlsZT0iZGlzcGxheTpibG9jazsiIGRhdGEtYWQtY2xpZW50PSJjYS1wdWItNDQwMTE0NTAyNzUzOTExNSIgCmRhdGEtYWQtc2xvdD0iODAyMDU4Mzc5MyIgCmRhdGEtYWQtZm9ybWF0PSJhdXRvIiBkYXRhLWZ1bGwtd2lkdGgtcmVzcG9uc2l2ZT0idHJ1ZSI+PC9pbnM+CjxzY3JpcHQ+IAooYWRzYnlnb29nbGUgPSB3aW5kb3cuYWRzYnlnb29nbGUgfHwgW10pLnB1c2goe30pOyAKPC9zY3JpcHQ+CjwvZGl2PjxiciBzdHlsZT0iY2xlYXI6IGJvdGg7IGRpc3BsYXk6IGJsb2NrOyBmbG9hdDogbm9uZTsiLz4=<\/script>\n\n\n\n<p><strong>La maison du ski nordique<\/strong><\/p><script type=\"text\/plain\" data-tcf=\"waiting-for-consent\" data-id=\"1033\" data-bid=\"1\" data-placement=\"985\">PGRpdiBpZD0iYW1jLTI1NzYwNzY5NjAiIGNsYXNzPSJhbWMtbWgtbWlkIj48c2NyaXB0IGFzeW5jIHNyYz0iLy9wYWdlYWQyLmdvb2dsZXN5bmRpY2F0aW9uLmNvbS9wYWdlYWQvanMvYWRzYnlnb29nbGUuanM\/Y2xpZW50PWNhLXB1Yi00NDAxMTQ1MDI3NTM5MTE1IiBjcm9zc29yaWdpbj0iYW5vbnltb3VzIj48L3NjcmlwdD48aW5zIGNsYXNzPSJhZHNieWdvb2dsZSIgc3R5bGU9ImRpc3BsYXk6YmxvY2s7IiBkYXRhLWFkLWNsaWVudD0iY2EtcHViLTQ0MDExNDUwMjc1MzkxMTUiIApkYXRhLWFkLXNsb3Q9IiIgCmRhdGEtYWQtZm9ybWF0PSJhdXRvIiBkYXRhLWZ1bGwtd2lkdGgtcmVzcG9uc2l2ZT0idHJ1ZSI+PC9pbnM+CjxzY3JpcHQ+IAooYWRzYnlnb29nbGUgPSB3aW5kb3cuYWRzYnlnb29nbGUgfHwgW10pLnB1c2goe30pOyAKPC9zY3JpcHQ+CjwvZGl2Pg==<\/script>\n\n\n\n<p>Ce n'est pas un hasard si le Val di Fiemme a \u00e9t\u00e9 choisi pour accueillir l'\u00e9v\u00e9nement. <strong>ski de fond<\/strong>, <strong>Combin\u00e9 nordique<\/strong> e <strong>saut \u00e0 ski<\/strong>. Elle abrite l'un des centres sportifs les plus embl\u00e9matiques d'Europe : le <strong>Centre de ski de fond du Lago di Tesero<\/strong> et le <strong>Stade de saut \u00e0 ski de Predazzo<\/strong>qui ont d\u00e9j\u00e0 accueilli trois championnats du monde de ski nordique (1991, 2003, 2013).<\/p>\n\n\n\n<p>Dans la perspective des Jeux, ces installations ont \u00e9t\u00e9 enti\u00e8rement r\u00e9am\u00e9nag\u00e9es : nouveaux espaces pour les athl\u00e8tes, les m\u00e9dias, les spectateurs, tribunes couvertes, installations d'enneigement am\u00e9lior\u00e9es et pistes trac\u00e9es avec une attention millim\u00e9tr\u00e9e aux crit\u00e8res techniques internationaux. Le tout en harmonie avec la nature environnante.<\/p>\n\n\n\n<p><strong>Combin\u00e9 nordique et saut : le retour de l'envol<\/strong><\/p>\n\n\n\n<p>A <strong>Predazzo<\/strong>La r\u00e9novation du stade de saut a donn\u00e9 un nouveau souffle aux tremplins HS106 et HS135, en les dotant de mat\u00e9riaux durables et d'une technologie num\u00e9rique de mesure des performances. Le combin\u00e9 nordique, sport symbole de la tradition olympique d'hiver, trouvera ici l'un de ses th\u00e9\u00e2tres les plus spectaculaires.<\/p>\n\n\n\n<p>Pendant les Jeux paralympiques, la m\u00eame zone accueillera \u00e9galement les Jeux olympiques et paralympiques d'hiver. <strong>Paraski nordique<\/strong>faire de l'ensemble du district un centre sportif accessible et inclusif.<\/p>\n\n\n\n<p><strong>Des Jeux olympiques \u00e0 impact z\u00e9ro<\/strong><\/p>\n\n\n\n<p>L'un des atouts du Val di Fiemme est sa vision environnementale. Les for\u00eats qui entourent les installations sont g\u00e9r\u00e9es de mani\u00e8re durable depuis des si\u00e8cles, \u00e0 tel point que la vall\u00e9e est c\u00e9l\u00e8bre pour son bois \"harmonique\" utilis\u00e9 dans la fabrication d'instruments de musique.<\/p>\n\n\n\n<p>Les r\u00e9am\u00e9nagements olympiques ont eu lieu sans aucun nouveau b\u00e9ton permanent : les villages olympiques seront temporaires et \u00e0 faible impact, et les structures existantes ont \u00e9t\u00e9 modernis\u00e9es avec des syst\u00e8mes photovolta\u00efques, des syst\u00e8mes de r\u00e9cup\u00e9ration de l'eau et des solutions d'\u00e9conomie d'\u00e9nergie.<\/p>\n\n\n\n<p>Les transports seront \u00e9galement \u00e9cologiques : pendant les jours des Jeux, la vall\u00e9e sera desservie par des navettes \u00e9lectriques, des trains am\u00e9lior\u00e9s et des services de partage de v\u00e9los et de skis.<\/p>\n\n\n\n<p><strong>Hospitalit\u00e9 et communaut\u00e9<\/strong><\/p>\n\n\n\n<p>Le Val di Fiemme est compos\u00e9 de petits villages, chacun avec son \u00e2me : Cavalese, Tesero, Predazzo, Ziano, Castello di Fiemme... Ils sont tous impliqu\u00e9s dans la pr\u00e9paration de l'\u00e9v\u00e9nement, avec des r\u00e9novations l\u00e9g\u00e8res et intelligentes d'h\u00f4tels, de fermes et de B&amp;B, pr\u00eats \u00e0 accueillir les athl\u00e8tes, les journalistes et les spectateurs.<\/p>\n\n\n\n<p>Mais ce qui rend cette vall\u00e9e unique, c'est son hospitalit\u00e9 authentique : ici, chaque \u00e9v\u00e9nement sportif est une f\u00eate de village, o\u00f9 tradition et innovation coexistent. Les Jeux olympiques seront une occasion unique de montrer cet esprit au monde entier.<\/p>\n\n\n\n<p><strong>Val di Fiemme 2026 : des Jeux olympiques qui respirent avec la montagne<\/strong><\/p>\n\n\n\n<p>Plus qu'un simple lieu de comp\u00e9tition, le Val di Fiemme est un exemple vertueux de la mani\u00e8re dont les grands \u00e9v\u00e9nements peuvent s'int\u00e9grer dans un territoire sans le d\u00e9naturer. Avec ses installations historiques, son souci de l'environnement et une communaut\u00e9 profond\u00e9ment attach\u00e9e au sport, cette vall\u00e9e se confirme comme l'un des c\u0153urs battants de Milan-Cortina 2026. C'est ici, entre silences enneig\u00e9s et vols plan\u00e9s, que seront c\u00e9l\u00e9br\u00e9es les comp\u00e9titions d'endurance, de pr\u00e9cision et de beaut\u00e9. Ce seront des Jeux olympiques qui parleront le langage de la montagne - et le feront avec style.<\/p>\n\n\n<div class=\"amc-sqrd-sidebar-bottom\" style=\"width: 970px;height: 250px;\" id=\"amc-2315441391\"><script type=\"text\/plain\" data-tcf=\"waiting-for-consent\" data-id=\"1033\" data-bid=\"1\">PGRpdiBpZD0iYW1jLTE4NzMxMzAxNTYiPjxzY3JpcHQgYXN5bmMgc3JjPSIvL3BhZ2VhZDIuZ29vZ2xlc3luZGljYXRpb24uY29tL3BhZ2VhZC9qcy9hZHNieWdvb2dsZS5qcz9jbGllbnQ9Y2EtcHViLTQ0MDExNDUwMjc1MzkxMTUiIGNyb3Nzb3JpZ2luPSJhbm9ueW1vdXMiPjwvc2NyaXB0PjxpbnMgY2xhc3M9ImFkc2J5Z29vZ2xlIiBzdHlsZT0iZGlzcGxheTpibG9jazsiIGRhdGEtYWQtY2xpZW50PSJjYS1wdWItNDQwMTE0NTAyNzUzOTExNSIgCmRhdGEtYWQtc2xvdD0iIiAKZGF0YS1hZC1mb3JtYXQ9ImF1dG8iIGRhdGEtZnVsbC13aWR0aC1yZXNwb25zaXZlPSJ0cnVlIj48L2lucz4KPHNjcmlwdD4gCihhZHNieWdvb2dsZSA9IHdpbmRvdy5hZHNieWdvb2dsZSB8fCBbXSkucHVzaCh7fSk7IAo8L3NjcmlwdD4KPC9kaXY+<\/script><\/div><div class=\"amc-dopo-il-contenuto\" id=\"amc-1827188815\"><script type=\"text\/plain\" data-tcf=\"waiting-for-consent\" data-id=\"1033\" data-bid=\"1\">PGRpdiBpZD0iYW1jLTM2NjU2NjQzODkiPjxzY3JpcHQgYXN5bmMgc3JjPSIvL3BhZ2VhZDIuZ29vZ2xlc3luZGljYXRpb24uY29tL3BhZ2VhZC9qcy9hZHNieWdvb2dsZS5qcz9jbGllbnQ9Y2EtcHViLTQ0MDExNDUwMjc1MzkxMTUiIGNyb3Nzb3JpZ2luPSJhbm9ueW1vdXMiPjwvc2NyaXB0PjxpbnMgY2xhc3M9ImFkc2J5Z29vZ2xlIiBzdHlsZT0iZGlzcGxheTpibG9jazsiIGRhdGEtYWQtY2xpZW50PSJjYS1wdWItNDQwMTE0NTAyNzUzOTExNSIgCmRhdGEtYWQtc2xvdD0iIiAKZGF0YS1hZC1mb3JtYXQ9ImF1dG8iIGRhdGEtZnVsbC13aWR0aC1yZXNwb25zaXZlPSJ0cnVlIj48L2lucz4KPHNjcmlwdD4gCihhZHNieWdvb2dsZSA9IHdpbmRvdy5hZHNieWdvb2dsZSB8fCBbXSkucHVzaCh7fSk7IAo8L3NjcmlwdD4KPC9kaXY+<\/script><\/div>","protected":false},"excerpt":{"rendered":"<p>Nel cuore del Trentino, tra boschi secolari e vette maestose, la Val di Fiemme si prepara a tornare protagonista sulla scena olimpica. Con la sua lunga tradizione nello sci nordico, questa valle incastonata tra le Dolomiti \u00e8 pronta a offrire uno degli scenari pi\u00f9 suggestivi e autentici dei Giochi di Milano-Cortina 2026. La Casa dello [&hellip;]<\/p>","protected":false},"author":3,"featured_media":346,"comment_status":"open","ping_status":"open","sticky":false,"template":"","format":"standard","meta":{"_acf_changed":false,"footnotes":""},"categories":[1,4,7],"tags":[],"class_list":["post-345","post","type-post","status-publish","format-standard","has-post-thumbnail","hentry","category-notizie-e-aggiornamenti","category-dietro-le-quinte","category-milano-e-cortina"],"acf":[],"_links":{"self":[{"href":"https:\/\/aspettandomilanocortina2026.it\/fr\/wp-json\/wp\/v2\/posts\/345","targetHints":{"allow":["GET"]}}],"collection":[{"href":"https:\/\/aspettandomilanocortina2026.it\/fr\/wp-json\/wp\/v2\/posts"}],"about":[{"href":"https:\/\/aspettandomilanocortina2026.it\/fr\/wp-json\/wp\/v2\/types\/post"}],"author":[{"embeddable":true,"href":"https:\/\/aspettandomilanocortina2026.it\/fr\/wp-json\/wp\/v2\/users\/3"}],"replies":[{"embeddable":true,"href":"https:\/\/aspettandomilanocortina2026.it\/fr\/wp-json\/wp\/v2\/comments?post=345"}],"version-history":[{"count":1,"href":"https:\/\/aspettandomilanocortina2026.it\/fr\/wp-json\/wp\/v2\/posts\/345\/revisions"}],"predecessor-version":[{"id":347,"href":"https:\/\/aspettandomilanocortina2026.it\/fr\/wp-json\/wp\/v2\/posts\/345\/revisions\/347"}],"wp:featuredmedia":[{"embeddable":true,"href":"https:\/\/aspettandomilanocortina2026.it\/fr\/wp-json\/wp\/v2\/media\/346"}],"wp:attachment":[{"href":"https:\/\/aspettandomilanocortina2026.it\/fr\/wp-json\/wp\/v2\/media?parent=345"}],"wp:term":[{"taxonomy":"category","embeddable":true,"href":"https:\/\/aspettandomilanocortina2026.it\/fr\/wp-json\/wp\/v2\/categories?post=345"},{"taxonomy":"post_tag","embeddable":true,"href":"https:\/\/aspettandomilanocortina2026.it\/fr\/wp-json\/wp\/v2\/tags?post=345"}],"curies":[{"name":"wp","href":"https:\/\/api.w.org\/{rel}","templated":true}]}}