{"id":342,"date":"2025-05-07T16:51:15","date_gmt":"2025-05-07T15:51:15","guid":{"rendered":"https:\/\/aspettandomilanocortina2026.it\/?p=342"},"modified":"2025-05-07T16:51:16","modified_gmt":"2025-05-07T15:51:16","slug":"livigno-2026-le-petit-tibet-italien-se-prepare-pour-le-grand-evenement-olympique","status":"publish","type":"post","link":"https:\/\/aspettandomilanocortina2026.it\/fr\/livigno-2026-le-petit-tibet-italien-se-prepare-pour-le-grand-evenement-olympique\/","title":{"rendered":"Livigno 2026 : le petit Tibet italien se pr\u00e9pare au grand \u00e9v\u00e9nement olympique"},"content":{"rendered":"<script type=\"text\/plain\" data-tcf=\"waiting-for-consent\" data-id=\"1033\" data-bid=\"1\" data-placement=\"1034\">PGRpdiBpZD0iYW1jLTE4OTczODI4NDkiIGNsYXNzPSJhbWMtcHJpbWEtZGVsLWNvbnRlbnV0byI+PHNjcmlwdCBhc3luYyBzcmM9Ii8vcGFnZWFkMi5nb29nbGVzeW5kaWNhdGlvbi5jb20vcGFnZWFkL2pzL2Fkc2J5Z29vZ2xlLmpzP2NsaWVudD1jYS1wdWItNDQwMTE0NTAyNzUzOTExNSIgY3Jvc3NvcmlnaW49ImFub255bW91cyI+PC9zY3JpcHQ+PGlucyBjbGFzcz0iYWRzYnlnb29nbGUiIHN0eWxlPSJkaXNwbGF5OmJsb2NrOyIgZGF0YS1hZC1jbGllbnQ9ImNhLXB1Yi00NDAxMTQ1MDI3NTM5MTE1IiAKZGF0YS1hZC1zbG90PSIiIApkYXRhLWFkLWZvcm1hdD0iYXV0byIgZGF0YS1mdWxsLXdpZHRoLXJlc3BvbnNpdmU9InRydWUiPjwvaW5zPgo8c2NyaXB0PiAKKGFkc2J5Z29vZ2xlID0gd2luZG93LmFkc2J5Z29vZ2xlIHx8IFtdKS5wdXNoKHt9KTsgCjwvc2NyaXB0Pgo8L2Rpdj4=<\/script>\n<p>Dans les plus hautes montagnes de Lombardie, \u00e0 la fronti\u00e8re avec la Suisse, se dresse <strong>Livigno<\/strong>l'une des stations alpines les plus appr\u00e9ci\u00e9es d'Italie. Surnomm\u00e9e le \"petit Tibet\" en raison de son climat sec, de son altitude \u00e9lev\u00e9e et de ses vall\u00e9es pittoresques, Livigno se m\u00e9tamorphose en vue des Jeux olympiques et paralympiques d'hiver qui se tiendront en juillet. <strong>Milan-Cortina 2026<\/strong>.<\/p><script type=\"text\/plain\" data-tcf=\"waiting-for-consent\" data-id=\"1037\" data-bid=\"1\" data-placement=\"726\">PGRpdiBpZD0iYW1jLTY0NzI1ODkwMyIgY2xhc3M9ImFtYy1wb3N0LWNvbnRlbnQiIHN0eWxlPSJtYXJnaW4tbGVmdDogYXV0bzttYXJnaW4tcmlnaHQ6IGF1dG87dGV4dC1hbGlnbjogY2VudGVyOyI+PHNjcmlwdCBhc3luYyBzcmM9Ii8vcGFnZWFkMi5nb29nbGVzeW5kaWNhdGlvbi5jb20vcGFnZWFkL2pzL2Fkc2J5Z29vZ2xlLmpzP2NsaWVudD1jYS1wdWItNDQwMTE0NTAyNzUzOTExNSIgY3Jvc3NvcmlnaW49ImFub255bW91cyI+PC9zY3JpcHQ+PGlucyBjbGFzcz0iYWRzYnlnb29nbGUiIHN0eWxlPSJkaXNwbGF5OmJsb2NrOyIgZGF0YS1hZC1jbGllbnQ9ImNhLXB1Yi00NDAxMTQ1MDI3NTM5MTE1IiAKZGF0YS1hZC1zbG90PSI4MDIwNTgzNzkzIiAKZGF0YS1hZC1mb3JtYXQ9ImF1dG8iIGRhdGEtZnVsbC13aWR0aC1yZXNwb25zaXZlPSJ0cnVlIj48L2lucz4KPHNjcmlwdD4gCihhZHNieWdvb2dsZSA9IHdpbmRvdy5hZHNieWdvb2dsZSB8fCBbXSkucHVzaCh7fSk7IAo8L3NjcmlwdD4KPC9kaXY+PGJyIHN0eWxlPSJjbGVhcjogYm90aDsgZGlzcGxheTogYmxvY2s7IGZsb2F0OiBub25lOyIvPg==<\/script>\n\n\n\n<p><strong>Le royaume du ski de fond<\/strong><\/p><script type=\"text\/plain\" data-tcf=\"waiting-for-consent\" data-id=\"1033\" data-bid=\"1\" data-placement=\"985\">PGRpdiBpZD0iYW1jLTM5MDU5NjYxMDMiIGNsYXNzPSJhbWMtbWgtbWlkIj48c2NyaXB0IGFzeW5jIHNyYz0iLy9wYWdlYWQyLmdvb2dsZXN5bmRpY2F0aW9uLmNvbS9wYWdlYWQvanMvYWRzYnlnb29nbGUuanM\/Y2xpZW50PWNhLXB1Yi00NDAxMTQ1MDI3NTM5MTE1IiBjcm9zc29yaWdpbj0iYW5vbnltb3VzIj48L3NjcmlwdD48aW5zIGNsYXNzPSJhZHNieWdvb2dsZSIgc3R5bGU9ImRpc3BsYXk6YmxvY2s7IiBkYXRhLWFkLWNsaWVudD0iY2EtcHViLTQ0MDExNDUwMjc1MzkxMTUiIApkYXRhLWFkLXNsb3Q9IiIgCmRhdGEtYWQtZm9ybWF0PSJhdXRvIiBkYXRhLWZ1bGwtd2lkdGgtcmVzcG9uc2l2ZT0idHJ1ZSI+PC9pbnM+CjxzY3JpcHQ+IAooYWRzYnlnb29nbGUgPSB3aW5kb3cuYWRzYnlnb29nbGUgfHwgW10pLnB1c2goe30pOyAKPC9zY3JpcHQ+CjwvZGl2Pg==<\/script>\n\n\n\n<p>Livigno sera le c\u0153ur battant des comp\u00e9titions de l'Union europ\u00e9enne. <strong>ski de fond<\/strong>. Son altitude (1 816 m au-dessus du niveau de la mer) et ses longs hivers avec une neige abondante en font un lieu id\u00e9al pour ce sport. La vall\u00e9e offre d\u00e9j\u00e0 des dizaines de kilom\u00e8tres de pistes dam\u00e9es, mais le parcours olympique est taill\u00e9 sur mesure pour les courses masculines, f\u00e9minines et mixtes.<\/p>\n\n\n\n<p>Le nouveau stade de ski de fond, situ\u00e9 dans la zone de la \"plaine centrale\", sera une installation d'\u00e9lite, \u00e9quip\u00e9e de tribunes temporaires, d'espaces pour les athl\u00e8tes et d'une piste en forme d'anneau avec des mont\u00e9es et des descentes techniques qui mettront \u00e0 l'\u00e9preuve m\u00eame les skieurs de fond les plus exp\u00e9riment\u00e9s.<\/p>\n\n\n\n<p>Pendant les Jeux paralympiques, Livigno accueillera \u00e9galement des comp\u00e9titions de <strong>Ski nordique paralympique<\/strong>se confirme comme un lieu d'inclusion et de sport pour tous.<\/p>\n\n\n\n<p><strong>Un nouveau centre d'entra\u00eenement olympique<\/strong><\/p>\n\n\n\n<p>Livigno ne sera pas seulement un lieu de comp\u00e9tition, mais aussi une base d'entra\u00eenement. Avec l'agrandissement et la modernisation de son <strong>Centre Aquagranda<\/strong>d\u00e9j\u00e0 utilis\u00e9 par de nombreuses \u00e9quipes nationales pour l'entra\u00eenement en altitude, deviendra l'un des centres sportifs les plus modernes d'Europe.<\/p>\n\n\n\n<p>\u00c9quip\u00e9 d'une piscine olympique, d'un gymnase de haute performance, d'un centre m\u00e9dical et de chambres hypobares, Aquagranda sera au service des athl\u00e8tes avant et pendant les Jeux. Cet h\u00e9ritage sera l'un des grands atouts post-olympiques pour le tourisme sportif.<\/p>\n\n\n\n<p><strong>L'hospitalit\u00e9 entre nature et design<\/strong><\/p>\n\n\n\n<p>\u00c0 Livigno, o\u00f9 l'architecture alpine se conjugue avec la durabilit\u00e9, l'hospitalit\u00e9 fait partie int\u00e9grante de l'exp\u00e9rience. Dans la perspective de 2026, de nombreux h\u00f4tels et chalets ont \u00e9t\u00e9 r\u00e9nov\u00e9s selon des crit\u00e8res de construction \u00e9cologique, et de nouvelles installations d'h\u00e9bergement ont \u00e9t\u00e9 con\u00e7ues pour s'int\u00e9grer harmonieusement dans le paysage.<\/p>\n\n\n\n<p>Bien qu'aucun village olympique permanent ne soit pr\u00e9vu, de nombreux logements seront transform\u00e9s temporairement en r\u00e9sidences pour les athl\u00e8tes et les d\u00e9l\u00e9gations. En outre, toute la zone sera desservie par un syst\u00e8me de transport public \u00e0 faibles \u00e9missions, avec des navettes \u00e9lectriques et des parkings ext\u00e9rieurs pour r\u00e9duire la circulation dans le village.<\/p>\n\n\n\n<p><strong>Durabilit\u00e9 et vision alpine<\/strong><\/p>\n\n\n\n<p>Livigno a saisi l'occasion des Jeux olympiques pour acc\u00e9l\u00e9rer son cheminement vers la mise en place d'un syst\u00e8me de gestion des d\u00e9chets. <strong>vall\u00e9e verte<\/strong>. Les nouveaux travaux publics sont aliment\u00e9s par des sources renouvelables, la mobilit\u00e9 urbaine est de plus en plus \u00e9lectrique et m\u00eame l'\u00e9clairage des voies sera \u00e0 faible consommation d'\u00e9nergie.<\/p>\n\n\n\n<p>La protection de l'environnement naturel - des for\u00eats aux alpages - est au c\u0153ur du plan de d\u00e9veloppement olympique. Il n'est donc pas surprenant que de nombreux itin\u00e9raires soient trac\u00e9s en suivant les lignes du paysage, minimisant ainsi l'impact sur l'\u00e9cosyst\u00e8me local.<\/p>\n\n\n\n<p><strong>Livigno et l'avenir : des Jeux olympiques \u00e0 la capitale des sports de plein air<\/strong><\/p>\n\n\n\n<p>Livigno ne sera pas seulement protagoniste pendant quinze jours. L'objectif de la municipalit\u00e9 et de la r\u00e9gion est de transformer l'h\u00e9ritage olympique en une impulsion d\u00e9finitive pour le tourisme sportif international. Avec des \u00e9v\u00e9nements estivaux et hivernaux, des infrastructures de classe mondiale et une identit\u00e9 de plus en plus li\u00e9e au bien-\u00eatre et \u00e0 la nature, Livigno se pr\u00e9pare \u00e0 \u00eatre bien plus qu'un site olympique : elle sera un exemple de la fa\u00e7on dont une petite vall\u00e9e peut s'ouvrir au monde sans perdre son \u00e2me.<\/p>\n<div class=\"amc-dopo-il-contenuto\" id=\"amc-2266170099\"><script type=\"text\/plain\" data-tcf=\"waiting-for-consent\" data-id=\"1033\" data-bid=\"1\">PGRpdiBpZD0iYW1jLTQwNzkwMDAxNzEiPjxzY3JpcHQgYXN5bmMgc3JjPSIvL3BhZ2VhZDIuZ29vZ2xlc3luZGljYXRpb24uY29tL3BhZ2VhZC9qcy9hZHNieWdvb2dsZS5qcz9jbGllbnQ9Y2EtcHViLTQ0MDExNDUwMjc1MzkxMTUiIGNyb3Nzb3JpZ2luPSJhbm9ueW1vdXMiPjwvc2NyaXB0PjxpbnMgY2xhc3M9ImFkc2J5Z29vZ2xlIiBzdHlsZT0iZGlzcGxheTpibG9jazsiIGRhdGEtYWQtY2xpZW50PSJjYS1wdWItNDQwMTE0NTAyNzUzOTExNSIgCmRhdGEtYWQtc2xvdD0iIiAKZGF0YS1hZC1mb3JtYXQ9ImF1dG8iIGRhdGEtZnVsbC13aWR0aC1yZXNwb25zaXZlPSJ0cnVlIj48L2lucz4KPHNjcmlwdD4gCihhZHNieWdvb2dsZSA9IHdpbmRvdy5hZHNieWdvb2dsZSB8fCBbXSkucHVzaCh7fSk7IAo8L3NjcmlwdD4KPC9kaXY+<\/script><\/div>","protected":false},"excerpt":{"rendered":"<p>Tra le montagne pi\u00f9 alte della Lombardia, al confine con la Svizzera, sorge Livigno, una delle localit\u00e0 alpine pi\u00f9 amate d\u2019Italia. Conosciuta come il \u201cPiccolo Tibet\u201d per il suo clima secco, l\u2019alta quota e le valli suggestive, Livigno sta vivendo una vera e propria metamorfosi in vista dei Giochi Olimpici e Paralimpici Invernali di Milano-Cortina [&hellip;]<\/p>","protected":false},"author":3,"featured_media":343,"comment_status":"open","ping_status":"open","sticky":false,"template":"","format":"standard","meta":{"_acf_changed":false,"footnotes":""},"categories":[1,4,7],"tags":[],"class_list":["post-342","post","type-post","status-publish","format-standard","has-post-thumbnail","hentry","category-notizie-e-aggiornamenti","category-dietro-le-quinte","category-milano-e-cortina"],"acf":[],"_links":{"self":[{"href":"https:\/\/aspettandomilanocortina2026.it\/fr\/wp-json\/wp\/v2\/posts\/342","targetHints":{"allow":["GET"]}}],"collection":[{"href":"https:\/\/aspettandomilanocortina2026.it\/fr\/wp-json\/wp\/v2\/posts"}],"about":[{"href":"https:\/\/aspettandomilanocortina2026.it\/fr\/wp-json\/wp\/v2\/types\/post"}],"author":[{"embeddable":true,"href":"https:\/\/aspettandomilanocortina2026.it\/fr\/wp-json\/wp\/v2\/users\/3"}],"replies":[{"embeddable":true,"href":"https:\/\/aspettandomilanocortina2026.it\/fr\/wp-json\/wp\/v2\/comments?post=342"}],"version-history":[{"count":1,"href":"https:\/\/aspettandomilanocortina2026.it\/fr\/wp-json\/wp\/v2\/posts\/342\/revisions"}],"predecessor-version":[{"id":344,"href":"https:\/\/aspettandomilanocortina2026.it\/fr\/wp-json\/wp\/v2\/posts\/342\/revisions\/344"}],"wp:featuredmedia":[{"embeddable":true,"href":"https:\/\/aspettandomilanocortina2026.it\/fr\/wp-json\/wp\/v2\/media\/343"}],"wp:attachment":[{"href":"https:\/\/aspettandomilanocortina2026.it\/fr\/wp-json\/wp\/v2\/media?parent=342"}],"wp:term":[{"taxonomy":"category","embeddable":true,"href":"https:\/\/aspettandomilanocortina2026.it\/fr\/wp-json\/wp\/v2\/categories?post=342"},{"taxonomy":"post_tag","embeddable":true,"href":"https:\/\/aspettandomilanocortina2026.it\/fr\/wp-json\/wp\/v2\/tags?post=342"}],"curies":[{"name":"wp","href":"https:\/\/api.w.org\/{rel}","templated":true}]}}