{"id":329,"date":"2025-05-07T16:22:39","date_gmt":"2025-05-07T15:22:39","guid":{"rendered":"https:\/\/aspettandomilanocortina2026.it\/?p=329"},"modified":"2025-05-07T16:22:40","modified_gmt":"2025-05-07T15:22:40","slug":"arena-santa-giulia-le-nouveau-coeur-battant-de-milan-pour-le-sport-et-le-divertissement","status":"publish","type":"post","link":"https:\/\/aspettandomilanocortina2026.it\/fr\/arena-santa-giulia-le-nouveau-coeur-battant-de-milan-pour-le-sport-et-le-divertissement\/","title":{"rendered":"Santa Giulia Arena : le nouveau c\u0153ur battant de Milan pour le sport et le divertissement"},"content":{"rendered":"<script type=\"text\/plain\" data-tcf=\"waiting-for-consent\" data-id=\"1033\" data-bid=\"1\" data-placement=\"1034\">PGRpdiBpZD0iYW1jLTI4MDYyODQyNTAiIGNsYXNzPSJhbWMtcHJpbWEtZGVsLWNvbnRlbnV0byI+PHNjcmlwdCBhc3luYyBzcmM9Ii8vcGFnZWFkMi5nb29nbGVzeW5kaWNhdGlvbi5jb20vcGFnZWFkL2pzL2Fkc2J5Z29vZ2xlLmpzP2NsaWVudD1jYS1wdWItNDQwMTE0NTAyNzUzOTExNSIgY3Jvc3NvcmlnaW49ImFub255bW91cyI+PC9zY3JpcHQ+PGlucyBjbGFzcz0iYWRzYnlnb29nbGUiIHN0eWxlPSJkaXNwbGF5OmJsb2NrOyIgZGF0YS1hZC1jbGllbnQ9ImNhLXB1Yi00NDAxMTQ1MDI3NTM5MTE1IiAKZGF0YS1hZC1zbG90PSIiIApkYXRhLWFkLWZvcm1hdD0iYXV0byIgZGF0YS1mdWxsLXdpZHRoLXJlc3BvbnNpdmU9InRydWUiPjwvaW5zPgo8c2NyaXB0PiAKKGFkc2J5Z29vZ2xlID0gd2luZG93LmFkc2J5Z29vZ2xlIHx8IFtdKS5wdXNoKHt9KTsgCjwvc2NyaXB0Pgo8L2Rpdj4=<\/script>\n<p>Au c\u0153ur de Milan, dans le quartier en pleine transformation de Santa Giulia, s'\u00e9l\u00e8ve une structure destin\u00e9e \u00e0 red\u00e9finir le panorama des \u00e9v\u00e9nements sportifs et culturels en Italie : la Santa Giulia Arena, \u00e9galement connue sous le nom de PalaItalia. Ce projet ambitieux, sign\u00e9 par l'architecte britannique David Chipperfield en collaboration avec le bureau d'\u00e9tudes Arup, repr\u00e9sente l'une des \u0153uvres les plus importantes dans la perspective des Jeux olympiques et paralympiques d'hiver de 2026 \u00e0 Milan-Cortina.<\/p><script type=\"text\/plain\" data-tcf=\"waiting-for-consent\" data-id=\"1037\" data-bid=\"1\" data-placement=\"726\">PGRpdiBpZD0iYW1jLTMyMDM1ODU3MyIgY2xhc3M9ImFtYy1wb3N0LWNvbnRlbnQiIHN0eWxlPSJtYXJnaW4tbGVmdDogYXV0bzttYXJnaW4tcmlnaHQ6IGF1dG87dGV4dC1hbGlnbjogY2VudGVyOyI+PHNjcmlwdCBhc3luYyBzcmM9Ii8vcGFnZWFkMi5nb29nbGVzeW5kaWNhdGlvbi5jb20vcGFnZWFkL2pzL2Fkc2J5Z29vZ2xlLmpzP2NsaWVudD1jYS1wdWItNDQwMTE0NTAyNzUzOTExNSIgY3Jvc3NvcmlnaW49ImFub255bW91cyI+PC9zY3JpcHQ+PGlucyBjbGFzcz0iYWRzYnlnb29nbGUiIHN0eWxlPSJkaXNwbGF5OmJsb2NrOyIgZGF0YS1hZC1jbGllbnQ9ImNhLXB1Yi00NDAxMTQ1MDI3NTM5MTE1IiAKZGF0YS1hZC1zbG90PSI4MDIwNTgzNzkzIiAKZGF0YS1hZC1mb3JtYXQ9ImF1dG8iIGRhdGEtZnVsbC13aWR0aC1yZXNwb25zaXZlPSJ0cnVlIj48L2lucz4KPHNjcmlwdD4gCihhZHNieWdvb2dsZSA9IHdpbmRvdy5hZHNieWdvb2dsZSB8fCBbXSkucHVzaCh7fSk7IAo8L3NjcmlwdD4KPC9kaXY+PGJyIHN0eWxlPSJjbGVhcjogYm90aDsgZGlzcGxheTogYmxvY2s7IGZsb2F0OiBub25lOyIvPg==<\/script>\n\n\n\n<p><strong>Un projet international<\/strong><\/p><script type=\"text\/plain\" data-tcf=\"waiting-for-consent\" data-id=\"1033\" data-bid=\"1\" data-placement=\"985\">PGRpdiBpZD0iYW1jLTI1NTE2NTcwMDciIGNsYXNzPSJhbWMtbWgtbWlkIj48c2NyaXB0IGFzeW5jIHNyYz0iLy9wYWdlYWQyLmdvb2dsZXN5bmRpY2F0aW9uLmNvbS9wYWdlYWQvanMvYWRzYnlnb29nbGUuanM\/Y2xpZW50PWNhLXB1Yi00NDAxMTQ1MDI3NTM5MTE1IiBjcm9zc29yaWdpbj0iYW5vbnltb3VzIj48L3NjcmlwdD48aW5zIGNsYXNzPSJhZHNieWdvb2dsZSIgc3R5bGU9ImRpc3BsYXk6YmxvY2s7IiBkYXRhLWFkLWNsaWVudD0iY2EtcHViLTQ0MDExNDUwMjc1MzkxMTUiIApkYXRhLWFkLXNsb3Q9IiIgCmRhdGEtYWQtZm9ybWF0PSJhdXRvIiBkYXRhLWZ1bGwtd2lkdGgtcmVzcG9uc2l2ZT0idHJ1ZSI+PC9pbnM+CjxzY3JpcHQ+IAooYWRzYnlnb29nbGUgPSB3aW5kb3cuYWRzYnlnb29nbGUgfHwgW10pLnB1c2goe30pOyAKPC9zY3JpcHQ+CjwvZGl2Pg==<\/script>\n\n\n\n<p>L'ar\u00e8ne Santa Giulia est con\u00e7ue comme une installation multifonctionnelle de pointe, capable d'accueillir jusqu'\u00e0 16 000 spectateurs. D'une superficie totale d'environ 77 000 m\u00e8tres carr\u00e9s r\u00e9partis sur huit niveaux, l'ar\u00e8ne sera le th\u00e9\u00e2tre principal des comp\u00e9titions de hockey sur glace pendant les Jeux olympiques et de hockey sur luge pendant les Jeux paralympiques. Mais sa vocation ne s'arr\u00eate pas \u00e0 l'\u00e9v\u00e9nement olympique : l'ar\u00e8ne est destin\u00e9e \u00e0 devenir un point de rep\u00e8re pour des concerts, des spectacles et des \u00e9v\u00e9nements culturels d'envergure internationale.<\/p>\n\n\n\n<p><strong>Un chantier en pleine effervescence<\/strong><\/p>\n\n\n\n<p>Les travaux de construction avancent \u00e0 grands pas. Chaque jour, quelque 500 ouvriers se relaient, y compris de nuit, afin de respecter le calendrier, qui pr\u00e9voit la livraison des travaux pour octobre 2025, \u00e0 temps pour les essais et l'am\u00e9nagement final en vue des Jeux. Les op\u00e9rations comprennent la construction de fondations de 25 m\u00e8tres de profondeur, l'assainissement de l'environnement et la cr\u00e9ation d'une infrastructure d'acc\u00e8s coordonn\u00e9e par le principal promoteur de la zone, Lendlease.<\/p>\n\n\n\n<p><strong>Un quartier en \u00e9volution<\/strong><\/p>\n\n\n\n<p>L'ar\u00e8ne fait partie d'un projet plus vaste de r\u00e9am\u00e9nagement du quartier Santa Giulia, une zone de 1,1 million de m\u00e8tres carr\u00e9s qui comprend de nouvelles r\u00e9sidences, des services, des espaces verts et des infrastructures. Une fois achev\u00e9, le quartier pourra accueillir jusqu'\u00e0 60 000 habitants et comprendra des magasins, des espaces de loisirs, des h\u00f4tels, des bureaux, un centre de conf\u00e9rences, une \u00e9cole et une \u00e9glise con\u00e7ue par l'architecte Peter Zumthor. Le quartier sera bien reli\u00e9 au reste de la ville gr\u00e2ce \u00e0 sa proximit\u00e9 avec la gare de Milano Rogoredo et la future ligne de tramway pr\u00e9vue dans le projet d'urbanisme.<\/p>\n\n\n\n<p><strong>Qu'adviendra-t-il de cette ar\u00e8ne apr\u00e8s les Jeux olympiques ?<\/strong><\/p>\n\n\n\n<p>Apr\u00e8s les Jeux Olympiques, la Santa Giulia Arena ne sera pas seulement un souvenir des Jeux, mais continuera \u00e0 vivre comme l'un des principaux centres d'\u00e9v\u00e9nements sportifs et culturels en Italie. Avec un programme d\u00e9j\u00e0 pr\u00e9vu de plus de 100 \u00e9v\u00e9nements, dont des concerts et des spectacles, l'ar\u00e8ne contribuera \u00e0 consolider Milan en tant que capitale europ\u00e9enne du divertissement et de la culture.<\/p>\n\n\n<div class=\"amc-dopo-il-contenuto\" id=\"amc-1902389508\"><script type=\"text\/plain\" data-tcf=\"waiting-for-consent\" data-id=\"1033\" data-bid=\"1\">PGRpdiBpZD0iYW1jLTI4NzkxMTg4OTgiPjxzY3JpcHQgYXN5bmMgc3JjPSIvL3BhZ2VhZDIuZ29vZ2xlc3luZGljYXRpb24uY29tL3BhZ2VhZC9qcy9hZHNieWdvb2dsZS5qcz9jbGllbnQ9Y2EtcHViLTQ0MDExNDUwMjc1MzkxMTUiIGNyb3Nzb3JpZ2luPSJhbm9ueW1vdXMiPjwvc2NyaXB0PjxpbnMgY2xhc3M9ImFkc2J5Z29vZ2xlIiBzdHlsZT0iZGlzcGxheTpibG9jazsiIGRhdGEtYWQtY2xpZW50PSJjYS1wdWItNDQwMTE0NTAyNzUzOTExNSIgCmRhdGEtYWQtc2xvdD0iIiAKZGF0YS1hZC1mb3JtYXQ9ImF1dG8iIGRhdGEtZnVsbC13aWR0aC1yZXNwb25zaXZlPSJ0cnVlIj48L2lucz4KPHNjcmlwdD4gCihhZHNieWdvb2dsZSA9IHdpbmRvdy5hZHNieWdvb2dsZSB8fCBbXSkucHVzaCh7fSk7IAo8L3NjcmlwdD4KPC9kaXY+<\/script><\/div>","protected":false},"excerpt":{"rendered":"<p>Nel cuore pulsante di Milano, nel quartiere in trasformazione di Santa Giulia, sta sorgendo una struttura destinata a ridefinire il panorama degli eventi sportivi e culturali in Italia: l&#8217;Arena Santa Giulia, conosciuta anche come PalaItalia. Questo progetto ambizioso, firmato dall&#8217;architetto britannico David Chipperfield in collaborazione con lo studio di ingegneria Arup, rappresenta una delle opere [&hellip;]<\/p>","protected":false},"author":3,"featured_media":330,"comment_status":"open","ping_status":"open","sticky":false,"template":"","format":"standard","meta":{"_acf_changed":false,"footnotes":""},"categories":[4,7,1],"tags":[],"class_list":["post-329","post","type-post","status-publish","format-standard","has-post-thumbnail","hentry","category-dietro-le-quinte","category-milano-e-cortina","category-notizie-e-aggiornamenti"],"acf":[],"_links":{"self":[{"href":"https:\/\/aspettandomilanocortina2026.it\/fr\/wp-json\/wp\/v2\/posts\/329","targetHints":{"allow":["GET"]}}],"collection":[{"href":"https:\/\/aspettandomilanocortina2026.it\/fr\/wp-json\/wp\/v2\/posts"}],"about":[{"href":"https:\/\/aspettandomilanocortina2026.it\/fr\/wp-json\/wp\/v2\/types\/post"}],"author":[{"embeddable":true,"href":"https:\/\/aspettandomilanocortina2026.it\/fr\/wp-json\/wp\/v2\/users\/3"}],"replies":[{"embeddable":true,"href":"https:\/\/aspettandomilanocortina2026.it\/fr\/wp-json\/wp\/v2\/comments?post=329"}],"version-history":[{"count":1,"href":"https:\/\/aspettandomilanocortina2026.it\/fr\/wp-json\/wp\/v2\/posts\/329\/revisions"}],"predecessor-version":[{"id":331,"href":"https:\/\/aspettandomilanocortina2026.it\/fr\/wp-json\/wp\/v2\/posts\/329\/revisions\/331"}],"wp:featuredmedia":[{"embeddable":true,"href":"https:\/\/aspettandomilanocortina2026.it\/fr\/wp-json\/wp\/v2\/media\/330"}],"wp:attachment":[{"href":"https:\/\/aspettandomilanocortina2026.it\/fr\/wp-json\/wp\/v2\/media?parent=329"}],"wp:term":[{"taxonomy":"category","embeddable":true,"href":"https:\/\/aspettandomilanocortina2026.it\/fr\/wp-json\/wp\/v2\/categories?post=329"},{"taxonomy":"post_tag","embeddable":true,"href":"https:\/\/aspettandomilanocortina2026.it\/fr\/wp-json\/wp\/v2\/tags?post=329"}],"curies":[{"name":"wp","href":"https:\/\/api.w.org\/{rel}","templated":true}]}}