{"id":320,"date":"2025-05-06T13:56:02","date_gmt":"2025-05-06T12:56:02","guid":{"rendered":"https:\/\/aspettandomilanocortina2026.it\/?p=320"},"modified":"2025-05-06T14:02:06","modified_gmt":"2025-05-06T13:02:06","slug":"guide-complet-du-combine-nordique-discipline-olympique","status":"publish","type":"post","link":"https:\/\/aspettandomilanocortina2026.it\/fr\/guide-complet-du-combine-nordique-discipline-olympique\/","title":{"rendered":"Le combin\u00e9 nordique : un guide complet de la discipline olympique"},"content":{"rendered":"<script type=\"text\/plain\" data-tcf=\"waiting-for-consent\" data-id=\"1033\" data-bid=\"1\" data-placement=\"1034\">PGRpdiBpZD0iYW1jLTQyNDY0MjQ1NTQiIGNsYXNzPSJhbWMtcHJpbWEtZGVsLWNvbnRlbnV0byI+PHNjcmlwdCBhc3luYyBzcmM9Ii8vcGFnZWFkMi5nb29nbGVzeW5kaWNhdGlvbi5jb20vcGFnZWFkL2pzL2Fkc2J5Z29vZ2xlLmpzP2NsaWVudD1jYS1wdWItNDQwMTE0NTAyNzUzOTExNSIgY3Jvc3NvcmlnaW49ImFub255bW91cyI+PC9zY3JpcHQ+PGlucyBjbGFzcz0iYWRzYnlnb29nbGUiIHN0eWxlPSJkaXNwbGF5OmJsb2NrOyIgZGF0YS1hZC1jbGllbnQ9ImNhLXB1Yi00NDAxMTQ1MDI3NTM5MTE1IiAKZGF0YS1hZC1zbG90PSIiIApkYXRhLWFkLWZvcm1hdD0iYXV0byIgZGF0YS1mdWxsLXdpZHRoLXJlc3BvbnNpdmU9InRydWUiPjwvaW5zPgo8c2NyaXB0PiAKKGFkc2J5Z29vZ2xlID0gd2luZG93LmFkc2J5Z29vZ2xlIHx8IFtdKS5wdXNoKHt9KTsgCjwvc2NyaXB0Pgo8L2Rpdj4=<\/script>\n<p><strong>Qu'est-ce que le combin\u00e9 nordique ?<\/strong><\/p><script type=\"text\/plain\" data-tcf=\"waiting-for-consent\" data-id=\"1037\" data-bid=\"1\" data-placement=\"726\">PGRpdiBpZD0iYW1jLTEyNzQ3NTc2NjYiIGNsYXNzPSJhbWMtcG9zdC1jb250ZW50IiBzdHlsZT0ibWFyZ2luLWxlZnQ6IGF1dG87bWFyZ2luLXJpZ2h0OiBhdXRvO3RleHQtYWxpZ246IGNlbnRlcjsiPjxzY3JpcHQgYXN5bmMgc3JjPSIvL3BhZ2VhZDIuZ29vZ2xlc3luZGljYXRpb24uY29tL3BhZ2VhZC9qcy9hZHNieWdvb2dsZS5qcz9jbGllbnQ9Y2EtcHViLTQ0MDExNDUwMjc1MzkxMTUiIGNyb3Nzb3JpZ2luPSJhbm9ueW1vdXMiPjwvc2NyaXB0PjxpbnMgY2xhc3M9ImFkc2J5Z29vZ2xlIiBzdHlsZT0iZGlzcGxheTpibG9jazsiIGRhdGEtYWQtY2xpZW50PSJjYS1wdWItNDQwMTE0NTAyNzUzOTExNSIgCmRhdGEtYWQtc2xvdD0iODAyMDU4Mzc5MyIgCmRhdGEtYWQtZm9ybWF0PSJhdXRvIiBkYXRhLWZ1bGwtd2lkdGgtcmVzcG9uc2l2ZT0idHJ1ZSI+PC9pbnM+CjxzY3JpcHQ+IAooYWRzYnlnb29nbGUgPSB3aW5kb3cuYWRzYnlnb29nbGUgfHwgW10pLnB1c2goe30pOyAKPC9zY3JpcHQ+CjwvZGl2PjxiciBzdHlsZT0iY2xlYXI6IGJvdGg7IGRpc3BsYXk6IGJsb2NrOyBmbG9hdDogbm9uZTsiLz4=<\/script>\n\n\n\n<p>La <strong>Combin\u00e9 nordique<\/strong> est une discipline hivernale qui combine <strong>saut \u00e0 ski<\/strong> e <strong>ski de fond<\/strong>. Il s'agit d'un test unique qui n\u00e9cessite <strong>explosivit\u00e9, technique, endurance et strat\u00e9gie<\/strong>car les athl\u00e8tes doivent exceller dans deux sports tr\u00e8s diff\u00e9rents.<\/p><script type=\"text\/plain\" data-tcf=\"waiting-for-consent\" data-id=\"1033\" data-bid=\"1\" data-placement=\"985\">PGRpdiBpZD0iYW1jLTM4NzEwNzA3NSIgY2xhc3M9ImFtYy1taC1taWQiPjxzY3JpcHQgYXN5bmMgc3JjPSIvL3BhZ2VhZDIuZ29vZ2xlc3luZGljYXRpb24uY29tL3BhZ2VhZC9qcy9hZHNieWdvb2dsZS5qcz9jbGllbnQ9Y2EtcHViLTQ0MDExNDUwMjc1MzkxMTUiIGNyb3Nzb3JpZ2luPSJhbm9ueW1vdXMiPjwvc2NyaXB0PjxpbnMgY2xhc3M9ImFkc2J5Z29vZ2xlIiBzdHlsZT0iZGlzcGxheTpibG9jazsiIGRhdGEtYWQtY2xpZW50PSJjYS1wdWItNDQwMTE0NTAyNzUzOTExNSIgCmRhdGEtYWQtc2xvdD0iIiAKZGF0YS1hZC1mb3JtYXQ9ImF1dG8iIGRhdGEtZnVsbC13aWR0aC1yZXNwb25zaXZlPSJ0cnVlIj48L2lucz4KPHNjcmlwdD4gCihhZHNieWdvb2dsZSA9IHdpbmRvdy5hZHNieWdvb2dsZSB8fCBbXSkucHVzaCh7fSk7IAo8L3NjcmlwdD4KPC9kaXY+<\/script>\n\n\n\n<p>C'est le seul sport olympique d'hiver <strong>actuellement r\u00e9serv\u00e9s aux hommes<\/strong> (mais la version f\u00e9minine participe d\u00e9j\u00e0 \u00e0 la Coupe du monde et pourrait faire ses d\u00e9buts aux futurs Jeux olympiques).<\/p>\n\n\n\n<p><strong>Histoire des pays nordiques combin\u00e9s<\/strong><\/p>\n\n\n\n<ul class=\"wp-block-list\">\n<li>Cette discipline a vu le jour en Norv\u00e8ge au 19e si\u00e8cle sous la forme d'un test complet pour les skieurs.<\/li>\n\n\n\n<li><strong>D\u00e9buts olympiques<\/strong>Chamonix 1924, seuls les hommes sont pr\u00e9sents.<\/li>\n\n\n\n<li>L'Italie est entr\u00e9e dans le circuit au plus haut niveau dans les ann\u00e9es 1990 et 2000.<\/li>\n<\/ul>\n\n\n\n<p><strong>Comment fonctionne le combin\u00e9 nordique ?<\/strong><\/p>\n\n\n\n<p>Une comp\u00e9tition de combin\u00e9 nordique se d\u00e9roule en deux \u00e9tapes :<\/p>\n\n\n\n<p><strong>1. Saut \u00e0 ski (trampoline)<\/strong><\/p>\n\n\n\n<ul class=\"wp-block-list\">\n<li>Des athl\u00e8tes sautent d'un trampoline <strong>HS100 (colline normale)<\/strong> o <strong>HS140 (grande colline)<\/strong>.<\/li>\n\n\n\n<li>Le score combine <strong>Longueur et style des sauts<\/strong>.<\/li>\n<\/ul>\n\n\n\n<p><strong>2. Ski de fond (Gundersen)<\/strong><\/p>\n\n\n\n<ul class=\"wp-block-list\">\n<li>Course poursuite (10 km) : la personne qui a le mieux saut\u00e9 part en premier.<\/li>\n\n\n\n<li>Les autres d\u00e9marrent avec un d\u00e9lai proportionnel au score de saut.<\/li>\n\n\n\n<li><strong>Celui qui franchit le premier la ligne d'arriv\u00e9e gagne.<\/strong><\/li>\n<\/ul>\n\n\n\n<p><strong>Types de courses<\/strong><\/p>\n\n\n\n<ol start=\"1\" class=\"wp-block-list\">\n<li><strong>Individuel Gundersen (trampoline normal ou grand trampoline + 10 km)<\/strong><\/li>\n\n\n\n<li><strong>Sprint par \u00e9quipe : deux athl\u00e8tes par pays, 2 sauts + 2\u00d77,5 km chacun<\/strong><\/li>\n\n\n\n<li><strong>Course par \u00e9quipe (4 athl\u00e8tes) : 4 sauts + 4\u00d75 km<\/strong><\/li>\n<\/ol>\n\n\n\n<p><strong>L'Italie dans les pays nordiques combin\u00e9s<\/strong><\/p>\n\n\n\n<p>L'Italie avait d'excellents repr\u00e9sentants, m\u00eame si la discipline est domin\u00e9e par les Nordiques et les Allemands :<\/p>\n\n\n\n<ul class=\"wp-block-list\">\n<li><strong>Alessandro Pittin<\/strong>M\u00e9daille de bronze olympique \u00e0 Vancouver 2010 (premi\u00e8re m\u00e9daille italienne en combin\u00e9 nordique).<\/li>\n\n\n\n<li><strong>Samuel Costa, Aaron Kostner<\/strong> e <strong>Raffaele Buzzi<\/strong>Les athl\u00e8tes actifs dans la Coupe du monde.<\/li>\n\n\n\n<li>Le centre technique italien se trouve \u00e0 <strong>Predazzo<\/strong> (Val di Fiemme), qui accueille r\u00e9guli\u00e8rement des \u00e9tapes de la Coupe du monde.<\/li>\n<\/ul>\n\n\n\n<p><strong>Les pays leaders<\/strong><\/p>\n\n\n\n<ul class=\"wp-block-list\">\n<li><strong>Norv\u00e8ge<\/strong> \ud83c\uddf3\ud83c\uddf4 : maison historique, avec des athl\u00e8tes tels que Jarl Magnus Riiber et Magnus Moan.<\/li>\n\n\n\n<li><strong>Allemagne<\/strong> \ud83c\udde9\ud83c\uddea : domination olympique et mondiale avec des athl\u00e8tes comme Eric Frenzel et Johannes Rydzek.<\/li>\n\n\n\n<li><strong>Japon<\/strong> \ud83c\uddef\ud83c\uddf5 : \u00e9quipe solide et r\u00e9guli\u00e8re, m\u00e9daille d'or par \u00e9quipe en 1994.<\/li>\n\n\n\n<li><strong>Autriche et Finlande<\/strong>toujours parmi les meilleurs.<\/li>\n<\/ul>\n\n\n\n<p><strong>Comp\u00e9tences requises<\/strong><\/p>\n\n\n\n<ul class=\"wp-block-list\">\n<li><strong>Explosivit\u00e9 et technique<\/strong> en saut \u00e0 ski<\/li>\n\n\n\n<li><strong>R\u00e9sistance et strat\u00e9gie<\/strong> en ski de fond<\/li>\n\n\n\n<li><strong>Capacit\u00e9 mentale<\/strong> passer d'une discipline \u00e0 l'autre en quelques heures<\/li>\n<\/ul>\n\n\n\n<p><strong>O\u00f9 est-elle pratiqu\u00e9e ?<\/strong><\/p>\n\n\n\n<ul class=\"wp-block-list\">\n<li>En Italie : Predazzo (Val di Fiemme), o\u00f9 se trouve le tremplin de saut \u00e0 ski \"Giuseppe Dal Ben\".<\/li>\n\n\n\n<li>Dans le monde entier : Seefeld (AUT), Lahti (FIN), Oberstdorf (GER), Trondheim (NOR), Sapporo (JPN)<\/li>\n<\/ul>\n\n\n\n<p><strong>\u00c9v\u00e9nements importants<\/strong><\/p>\n\n\n\n<ul class=\"wp-block-list\">\n<li><strong>Coupe du monde FIS<\/strong><\/li>\n\n\n\n<li><strong>Championnats du monde de ski nordique<\/strong><\/li>\n\n\n\n<li><strong>Jeux olympiques d'hiver<\/strong> (prochaine \u00e9dition : Milan-Cortina 2026)<\/li>\n<\/ul>\n\n\n\n<p><strong>Nous r\u00e9pondons \u00e0 quelques questions pos\u00e9es par nos lecteurs<\/strong><\/p>\n\n\n\n<p><strong>Le combin\u00e9 nordique est-il un sport olympique f\u00e9minin ?<\/strong><br>Pas pour l'instant, mais des travaux sont en cours pour l'introduction des femmes, peut-\u00eatre \u00e0 partir de 2030.<\/p>\n\n\n\n<p><strong>Que se passe-t-il si un athl\u00e8te tombe pendant le saut ?<\/strong><br>Il a obtenu un score tr\u00e8s bas et a commenc\u00e9 tr\u00e8s tard au bas de l'\u00e9chelle, mais il pouvait encore gagner des places.<\/p>\n\n\n\n<p><strong>Quelle est la diff\u00e9rence entre le skiathlon et le biathlon ?<\/strong><br>Il s'agit de sports diff\u00e9rents : le skiathlon n'est que du ski de fond, le biathlon combine le ski de fond et le tir. Le combin\u00e9 nordique est le saut + le ski de fond.<\/p>\n\n\n\n<p><strong>Pourquoi est-elle consid\u00e9r\u00e9e comme l'une des disciplines les plus compl\u00e8tes ?<\/strong><br>Parce qu'il combine la technique, la puissance et l'endurance dans deux sports oppos\u00e9s, ce qui en fait l'un des d\u00e9fis physiques et mentaux les plus difficiles \u00e0 relever.<\/p>\n\n\n\n<p>La <strong>Combin\u00e9 nordique<\/strong> repr\u00e9sente l'essence m\u00eame du sport nordique : un \u00e9quilibre parfait entre technique, puissance et endurance. Bien que peu connue par rapport \u00e0 d'autres disciplines, elle est l'une des plus fascinantes de la sc\u00e8ne olympique. L'Italie regarde avec int\u00e9r\u00eat <strong>Milan-Cortina 2026<\/strong>pr\u00eats \u00e0 relancer cette discipline dans les m\u00e9dias \u00e9galement.<\/p>\n\n\n<div class=\"amc-dopo-il-contenuto\" id=\"amc-138351597\"><script type=\"text\/plain\" data-tcf=\"waiting-for-consent\" data-id=\"1033\" data-bid=\"1\">PGRpdiBpZD0iYW1jLTM2NzUwMzUyMyI+PHNjcmlwdCBhc3luYyBzcmM9Ii8vcGFnZWFkMi5nb29nbGVzeW5kaWNhdGlvbi5jb20vcGFnZWFkL2pzL2Fkc2J5Z29vZ2xlLmpzP2NsaWVudD1jYS1wdWItNDQwMTE0NTAyNzUzOTExNSIgY3Jvc3NvcmlnaW49ImFub255bW91cyI+PC9zY3JpcHQ+PGlucyBjbGFzcz0iYWRzYnlnb29nbGUiIHN0eWxlPSJkaXNwbGF5OmJsb2NrOyIgZGF0YS1hZC1jbGllbnQ9ImNhLXB1Yi00NDAxMTQ1MDI3NTM5MTE1IiAKZGF0YS1hZC1zbG90PSIiIApkYXRhLWFkLWZvcm1hdD0iYXV0byIgZGF0YS1mdWxsLXdpZHRoLXJlc3BvbnNpdmU9InRydWUiPjwvaW5zPgo8c2NyaXB0PiAKKGFkc2J5Z29vZ2xlID0gd2luZG93LmFkc2J5Z29vZ2xlIHx8IFtdKS5wdXNoKHt9KTsgCjwvc2NyaXB0Pgo8L2Rpdj4=<\/script><\/div>","protected":false},"excerpt":{"rendered":"<p>Cos&#8217;\u00e8 la Combinata Nordica? La combinata nordica \u00e8 una disciplina invernale che unisce salto con gli sci e sci di fondo. \u00c8 una prova unica che richiede esplosivit\u00e0, tecnica, resistenza e strategia, poich\u00e9 gli atleti devono eccellere in due sport molto diversi tra loro. \u00c8 l\u2019unico sport olimpico invernale attualmente riservato agli uomini (ma la [&hellip;]<\/p>","protected":false},"author":3,"featured_media":323,"comment_status":"open","ping_status":"open","sticky":false,"template":"","format":"standard","meta":{"_acf_changed":false,"footnotes":""},"categories":[8],"tags":[],"class_list":["post-320","post","type-post","status-publish","format-standard","has-post-thumbnail","hentry","category-sport-olimpici"],"acf":[],"_links":{"self":[{"href":"https:\/\/aspettandomilanocortina2026.it\/fr\/wp-json\/wp\/v2\/posts\/320","targetHints":{"allow":["GET"]}}],"collection":[{"href":"https:\/\/aspettandomilanocortina2026.it\/fr\/wp-json\/wp\/v2\/posts"}],"about":[{"href":"https:\/\/aspettandomilanocortina2026.it\/fr\/wp-json\/wp\/v2\/types\/post"}],"author":[{"embeddable":true,"href":"https:\/\/aspettandomilanocortina2026.it\/fr\/wp-json\/wp\/v2\/users\/3"}],"replies":[{"embeddable":true,"href":"https:\/\/aspettandomilanocortina2026.it\/fr\/wp-json\/wp\/v2\/comments?post=320"}],"version-history":[{"count":1,"href":"https:\/\/aspettandomilanocortina2026.it\/fr\/wp-json\/wp\/v2\/posts\/320\/revisions"}],"predecessor-version":[{"id":322,"href":"https:\/\/aspettandomilanocortina2026.it\/fr\/wp-json\/wp\/v2\/posts\/320\/revisions\/322"}],"wp:featuredmedia":[{"embeddable":true,"href":"https:\/\/aspettandomilanocortina2026.it\/fr\/wp-json\/wp\/v2\/media\/323"}],"wp:attachment":[{"href":"https:\/\/aspettandomilanocortina2026.it\/fr\/wp-json\/wp\/v2\/media?parent=320"}],"wp:term":[{"taxonomy":"category","embeddable":true,"href":"https:\/\/aspettandomilanocortina2026.it\/fr\/wp-json\/wp\/v2\/categories?post=320"},{"taxonomy":"post_tag","embeddable":true,"href":"https:\/\/aspettandomilanocortina2026.it\/fr\/wp-json\/wp\/v2\/tags?post=320"}],"curies":[{"name":"wp","href":"https:\/\/api.w.org\/{rel}","templated":true}]}}