{"id":310,"date":"2025-05-06T13:44:24","date_gmt":"2025-05-06T12:44:24","guid":{"rendered":"https:\/\/aspettandomilanocortina2026.it\/?p=310"},"modified":"2025-05-06T13:44:26","modified_gmt":"2025-05-06T12:44:26","slug":"qui-sera-le-candidat-porte-drapeau-de-litalia","status":"publish","type":"post","link":"https:\/\/aspettandomilanocortina2026.it\/fr\/qui-sera-le-candidat-porte-drapeau-de-litalia\/","title":{"rendered":"Qui sera le candidat porte-drapeau de l'Italie ?"},"content":{"rendered":"<script type=\"text\/plain\" data-tcf=\"waiting-for-consent\" data-id=\"1033\" data-bid=\"1\" data-placement=\"1034\">PGRpdiBpZD0iYW1jLTc2MzMxNTQ3NCIgY2xhc3M9ImFtYy1wcmltYS1kZWwtY29udGVudXRvIj48c2NyaXB0IGFzeW5jIHNyYz0iLy9wYWdlYWQyLmdvb2dsZXN5bmRpY2F0aW9uLmNvbS9wYWdlYWQvanMvYWRzYnlnb29nbGUuanM\/Y2xpZW50PWNhLXB1Yi00NDAxMTQ1MDI3NTM5MTE1IiBjcm9zc29yaWdpbj0iYW5vbnltb3VzIj48L3NjcmlwdD48aW5zIGNsYXNzPSJhZHNieWdvb2dsZSIgc3R5bGU9ImRpc3BsYXk6YmxvY2s7IiBkYXRhLWFkLWNsaWVudD0iY2EtcHViLTQ0MDExNDUwMjc1MzkxMTUiIApkYXRhLWFkLXNsb3Q9IiIgCmRhdGEtYWQtZm9ybWF0PSJhdXRvIiBkYXRhLWZ1bGwtd2lkdGgtcmVzcG9uc2l2ZT0idHJ1ZSI+PC9pbnM+CjxzY3JpcHQ+IAooYWRzYnlnb29nbGUgPSB3aW5kb3cuYWRzYnlnb29nbGUgfHwgW10pLnB1c2goe30pOyAKPC9zY3JpcHQ+CjwvZGl2Pg==<\/script>\n<p>\u00c0 l'heure actuelle, le Comit\u00e9 national olympique italien (CONI) n'a pas encore annonc\u00e9 officiellement qui sera le porte-drapeau de l'Italie lors de la c\u00e9r\u00e9monie d'ouverture des Jeux olympiques d'hiver de 2026 \u00e0 Milan-Cortina, qui se d\u00e9rouleront du 6 au 22 f\u00e9vrier 2026. Cependant, plusieurs nominations et sp\u00e9culations ont \u00e9merg\u00e9 quant \u00e0 la personne qui pourrait recevoir cet honneur.<\/p><script type=\"text\/plain\" data-tcf=\"waiting-for-consent\" data-id=\"1037\" data-bid=\"1\" data-placement=\"726\">PGRpdiBpZD0iYW1jLTQxMTk5MDA2NyIgY2xhc3M9ImFtYy1wb3N0LWNvbnRlbnQiIHN0eWxlPSJtYXJnaW4tbGVmdDogYXV0bzttYXJnaW4tcmlnaHQ6IGF1dG87dGV4dC1hbGlnbjogY2VudGVyOyI+PHNjcmlwdCBhc3luYyBzcmM9Ii8vcGFnZWFkMi5nb29nbGVzeW5kaWNhdGlvbi5jb20vcGFnZWFkL2pzL2Fkc2J5Z29vZ2xlLmpzP2NsaWVudD1jYS1wdWItNDQwMTE0NTAyNzUzOTExNSIgY3Jvc3NvcmlnaW49ImFub255bW91cyI+PC9zY3JpcHQ+PGlucyBjbGFzcz0iYWRzYnlnb29nbGUiIHN0eWxlPSJkaXNwbGF5OmJsb2NrOyIgZGF0YS1hZC1jbGllbnQ9ImNhLXB1Yi00NDAxMTQ1MDI3NTM5MTE1IiAKZGF0YS1hZC1zbG90PSI4MDIwNTgzNzkzIiAKZGF0YS1hZC1mb3JtYXQ9ImF1dG8iIGRhdGEtZnVsbC13aWR0aC1yZXNwb25zaXZlPSJ0cnVlIj48L2lucz4KPHNjcmlwdD4gCihhZHNieWdvb2dsZSA9IHdpbmRvdy5hZHNieWdvb2dsZSB8fCBbXSkucHVzaCh7fSk7IAo8L3NjcmlwdD4KPC9kaXY+PGJyIHN0eWxlPSJjbGVhcjogYm90aDsgZGlzcGxheTogYmxvY2s7IGZsb2F0OiBub25lOyIvPg==<\/script>\n\n\n\n<p><strong>Principaux candidats au r\u00f4le de porte-drapeau<\/strong><\/p><script type=\"text\/plain\" data-tcf=\"waiting-for-consent\" data-id=\"1033\" data-bid=\"1\" data-placement=\"985\">PGRpdiBpZD0iYW1jLTIzNDU5MDg1OTMiIGNsYXNzPSJhbWMtbWgtbWlkIj48c2NyaXB0IGFzeW5jIHNyYz0iLy9wYWdlYWQyLmdvb2dsZXN5bmRpY2F0aW9uLmNvbS9wYWdlYWQvanMvYWRzYnlnb29nbGUuanM\/Y2xpZW50PWNhLXB1Yi00NDAxMTQ1MDI3NTM5MTE1IiBjcm9zc29yaWdpbj0iYW5vbnltb3VzIj48L3NjcmlwdD48aW5zIGNsYXNzPSJhZHNieWdvb2dsZSIgc3R5bGU9ImRpc3BsYXk6YmxvY2s7IiBkYXRhLWFkLWNsaWVudD0iY2EtcHViLTQ0MDExNDUwMjc1MzkxMTUiIApkYXRhLWFkLXNsb3Q9IiIgCmRhdGEtYWQtZm9ybWF0PSJhdXRvIiBkYXRhLWZ1bGwtd2lkdGgtcmVzcG9uc2l2ZT0idHJ1ZSI+PC9pbnM+CjxzY3JpcHQ+IAooYWRzYnlnb29nbGUgPSB3aW5kb3cuYWRzYnlnb29nbGUgfHwgW10pLnB1c2goe30pOyAKPC9zY3JpcHQ+CjwvZGl2Pg==<\/script>\n\n\n\n<p><strong>Federica Brignone - Ski alpin<\/strong><\/p>\n\n\n\n<p><strong>Federica Brignone<\/strong>championne de ski alpin, a exprim\u00e9 son d\u00e9sir d'\u00eatre porte-drapeau, d\u00e9clarant que ce serait \"le couronnement d'une carri\u00e8re\" et qu'elle se sentait digne d'\u00eatre nomm\u00e9e.<\/p>\n\n\n\n<p><strong>Sofia Goggia - Ski alpin<\/strong><\/p>\n\n\n\n<p><strong>Sofia Goggia<\/strong>La championne olympique de descente de PyeongChang 2018 est une autre candidate possible. Elle a toutefois d\u00e9clar\u00e9 que la d\u00e9cision ne lui appartenait pas et a pr\u00e9f\u00e9r\u00e9 ne pas faire d'autres commentaires \u00e0 ce sujet.<\/p>\n\n\n\n<p><strong>Federico Pellegrino - Ski de fond<\/strong><\/p>\n\n\n\n<p><strong>Federico Pellegrino<\/strong>m\u00e9daill\u00e9 d'argent au sprint \u00e0 PyeongChang 2018, est consid\u00e9r\u00e9 comme le leader du mouvement italien de ski de fond. Le pr\u00e9sident du CONI, Giovanni Malag\u00f2, a reconnu son r\u00f4le central, tout en s'abstenant de commenter la question du porte-drapeau.<\/p>\n\n\n\n<p><strong>Davide Ghiotto - Patinage de vitesse<\/strong><\/p>\n\n\n\n<p><strong>Davide Ghiotto<\/strong> a r\u00e9cemment remport\u00e9 son troisi\u00e8me titre mondial cons\u00e9cutif sur 10 000 m\u00e8tres, devenant ainsi le premier Italien \u00e0 le faire dans cette discipline. Ces succ\u00e8s font de lui un candidat de choix pour le r\u00f4le de porte-drapeau.<\/p>\n\n\n\n<p><strong>Quand le porte-drapeau sera-t-il annonc\u00e9 ?<\/strong><\/p>\n\n\n\n<p>Traditionnellement, le <strong>CONI<\/strong> annonce les porte-drapeaux olympiques quelques mois avant le d\u00e9but des Jeux. Pour les <strong>Milan-Cortina 2026<\/strong>L'annonce officielle est attendue pour la fin de l'ann\u00e9e 2025, probablement lors d'une c\u00e9r\u00e9monie au si\u00e8ge de l'Union europ\u00e9enne. <strong>Quirinal<\/strong> avec le <strong>Pr\u00e9sident de la R\u00e9publique<\/strong>.<\/p>\n\n\n\n<p><strong>Conclusion<\/strong><\/p>\n\n\n\n<p>Bien qu'il n'y ait pas encore d'annonce officielle, des athl\u00e8tes comme <strong>Federica Brignone, Sofia Goggia, Federico Pellegrino<\/strong> e <strong>Davide Ghiotto<\/strong> figurent parmi les principaux candidats pour porter le tricolore lors de la c\u00e9r\u00e9monie d'ouverture de Milan-Cortina 2026. La d\u00e9cision finale prendra en compte les performances sportives, le leadership et le symbolisme associ\u00e9s \u00e0 chaque athl\u00e8te.<\/p>\n\n\n\n<p>Pour rester au courant de l'annonce officielle et des derni\u00e8res nouvelles concernant les Jeux, vous devez suivre les canaux officiels de la Commission europ\u00e9enne. <strong>CONI<\/strong> et le comit\u00e9 d'organisation de <strong>Milan-Cortina 2026<\/strong>.<\/p>\n\n\n\n<p><strong>Restez inform\u00e9 en suivant Waiting for MilanoCortina2026<\/strong><\/p>\n\n\n<div class=\"amc-dopo-il-contenuto\" id=\"amc-3792515591\"><script type=\"text\/plain\" data-tcf=\"waiting-for-consent\" data-id=\"1033\" data-bid=\"1\">PGRpdiBpZD0iYW1jLTM2MjAxNzI4NTciPjxzY3JpcHQgYXN5bmMgc3JjPSIvL3BhZ2VhZDIuZ29vZ2xlc3luZGljYXRpb24uY29tL3BhZ2VhZC9qcy9hZHNieWdvb2dsZS5qcz9jbGllbnQ9Y2EtcHViLTQ0MDExNDUwMjc1MzkxMTUiIGNyb3Nzb3JpZ2luPSJhbm9ueW1vdXMiPjwvc2NyaXB0PjxpbnMgY2xhc3M9ImFkc2J5Z29vZ2xlIiBzdHlsZT0iZGlzcGxheTpibG9jazsiIGRhdGEtYWQtY2xpZW50PSJjYS1wdWItNDQwMTE0NTAyNzUzOTExNSIgCmRhdGEtYWQtc2xvdD0iIiAKZGF0YS1hZC1mb3JtYXQ9ImF1dG8iIGRhdGEtZnVsbC13aWR0aC1yZXNwb25zaXZlPSJ0cnVlIj48L2lucz4KPHNjcmlwdD4gCihhZHNieWdvb2dsZSA9IHdpbmRvdy5hZHNieWdvb2dsZSB8fCBbXSkucHVzaCh7fSk7IAo8L3NjcmlwdD4KPC9kaXY+<\/script><\/div>","protected":false},"excerpt":{"rendered":"<p>Al momento, il Comitato Olimpico Nazionale Italiano (CONI) non ha ancora annunciato ufficialmente chi sar\u00e0 il portabandiera dell&#8217;Italia per la cerimonia di apertura dei Giochi Olimpici Invernali di Milano-Cortina 2026, in programma dal 6 al 22 febbraio 2026. Tuttavia, sono emerse diverse candidature e speculazioni su chi potrebbe ricevere questo onore.\u200b Candidati principali per il [&hellip;]<\/p>","protected":false},"author":3,"featured_media":318,"comment_status":"open","ping_status":"open","sticky":false,"template":"","format":"standard","meta":{"_acf_changed":false,"footnotes":""},"categories":[1,2],"tags":[],"class_list":["post-310","post","type-post","status-publish","format-standard","has-post-thumbnail","hentry","category-notizie-e-aggiornamenti","category-atleti-e-squadre"],"acf":[],"_links":{"self":[{"href":"https:\/\/aspettandomilanocortina2026.it\/fr\/wp-json\/wp\/v2\/posts\/310","targetHints":{"allow":["GET"]}}],"collection":[{"href":"https:\/\/aspettandomilanocortina2026.it\/fr\/wp-json\/wp\/v2\/posts"}],"about":[{"href":"https:\/\/aspettandomilanocortina2026.it\/fr\/wp-json\/wp\/v2\/types\/post"}],"author":[{"embeddable":true,"href":"https:\/\/aspettandomilanocortina2026.it\/fr\/wp-json\/wp\/v2\/users\/3"}],"replies":[{"embeddable":true,"href":"https:\/\/aspettandomilanocortina2026.it\/fr\/wp-json\/wp\/v2\/comments?post=310"}],"version-history":[{"count":1,"href":"https:\/\/aspettandomilanocortina2026.it\/fr\/wp-json\/wp\/v2\/posts\/310\/revisions"}],"predecessor-version":[{"id":319,"href":"https:\/\/aspettandomilanocortina2026.it\/fr\/wp-json\/wp\/v2\/posts\/310\/revisions\/319"}],"wp:featuredmedia":[{"embeddable":true,"href":"https:\/\/aspettandomilanocortina2026.it\/fr\/wp-json\/wp\/v2\/media\/318"}],"wp:attachment":[{"href":"https:\/\/aspettandomilanocortina2026.it\/fr\/wp-json\/wp\/v2\/media?parent=310"}],"wp:term":[{"taxonomy":"category","embeddable":true,"href":"https:\/\/aspettandomilanocortina2026.it\/fr\/wp-json\/wp\/v2\/categories?post=310"},{"taxonomy":"post_tag","embeddable":true,"href":"https:\/\/aspettandomilanocortina2026.it\/fr\/wp-json\/wp\/v2\/tags?post=310"}],"curies":[{"name":"wp","href":"https:\/\/api.w.org\/{rel}","templated":true}]}}