{"id":307,"date":"2025-05-06T13:09:33","date_gmt":"2025-05-06T12:09:33","guid":{"rendered":"https:\/\/aspettandomilanocortina2026.it\/?p=307"},"modified":"2025-05-06T13:09:34","modified_gmt":"2025-05-06T12:09:34","slug":"les-porte-drapeaux-de-litalie-aux-jeux-olympiques-dhiver","status":"publish","type":"post","link":"https:\/\/aspettandomilanocortina2026.it\/fr\/les-porte-drapeaux-de-litalie-aux-jeux-olympiques-dhiver\/","title":{"rendered":"Les porte-drapeaux de l'Italie aux Jeux olympiques d'hiver"},"content":{"rendered":"<script type=\"text\/plain\" data-tcf=\"waiting-for-consent\" data-id=\"1033\" data-bid=\"1\" data-placement=\"1034\">PGRpdiBpZD0iYW1jLTc0NjIxMDAyNyIgY2xhc3M9ImFtYy1wcmltYS1kZWwtY29udGVudXRvIj48c2NyaXB0IGFzeW5jIHNyYz0iLy9wYWdlYWQyLmdvb2dsZXN5bmRpY2F0aW9uLmNvbS9wYWdlYWQvanMvYWRzYnlnb29nbGUuanM\/Y2xpZW50PWNhLXB1Yi00NDAxMTQ1MDI3NTM5MTE1IiBjcm9zc29yaWdpbj0iYW5vbnltb3VzIj48L3NjcmlwdD48aW5zIGNsYXNzPSJhZHNieWdvb2dsZSIgc3R5bGU9ImRpc3BsYXk6YmxvY2s7IiBkYXRhLWFkLWNsaWVudD0iY2EtcHViLTQ0MDExNDUwMjc1MzkxMTUiIApkYXRhLWFkLXNsb3Q9IiIgCmRhdGEtYWQtZm9ybWF0PSJhdXRvIiBkYXRhLWZ1bGwtd2lkdGgtcmVzcG9uc2l2ZT0idHJ1ZSI+PC9pbnM+CjxzY3JpcHQ+IAooYWRzYnlnb29nbGUgPSB3aW5kb3cuYWRzYnlnb29nbGUgfHwgW10pLnB1c2goe30pOyAKPC9zY3JpcHQ+CjwvZGl2Pg==<\/script>\n<p><strong>C\u00e9r\u00e9monie d'ouverture<\/strong><\/p><script type=\"text\/plain\" data-tcf=\"waiting-for-consent\" data-id=\"1037\" data-bid=\"1\" data-placement=\"726\">PGRpdiBpZD0iYW1jLTM2NDI3MTI5NSIgY2xhc3M9ImFtYy1wb3N0LWNvbnRlbnQiIHN0eWxlPSJtYXJnaW4tbGVmdDogYXV0bzttYXJnaW4tcmlnaHQ6IGF1dG87dGV4dC1hbGlnbjogY2VudGVyOyI+PHNjcmlwdCBhc3luYyBzcmM9Ii8vcGFnZWFkMi5nb29nbGVzeW5kaWNhdGlvbi5jb20vcGFnZWFkL2pzL2Fkc2J5Z29vZ2xlLmpzP2NsaWVudD1jYS1wdWItNDQwMTE0NTAyNzUzOTExNSIgY3Jvc3NvcmlnaW49ImFub255bW91cyI+PC9zY3JpcHQ+PGlucyBjbGFzcz0iYWRzYnlnb29nbGUiIHN0eWxlPSJkaXNwbGF5OmJsb2NrOyIgZGF0YS1hZC1jbGllbnQ9ImNhLXB1Yi00NDAxMTQ1MDI3NTM5MTE1IiAKZGF0YS1hZC1zbG90PSI4MDIwNTgzNzkzIiAKZGF0YS1hZC1mb3JtYXQ9ImF1dG8iIGRhdGEtZnVsbC13aWR0aC1yZXNwb25zaXZlPSJ0cnVlIj48L2lucz4KPHNjcmlwdD4gCihhZHNieWdvb2dsZSA9IHdpbmRvdy5hZHNieWdvb2dsZSB8fCBbXSkucHVzaCh7fSk7IAo8L3NjcmlwdD4KPC9kaXY+PGJyIHN0eWxlPSJjbGVhcjogYm90aDsgZGlzcGxheTogYmxvY2s7IGZsb2F0OiBub25lOyIvPg==<\/script>\n\n\n\n<p>Le r\u00f4le de porte-drapeau est l'un des plus grands honneurs pour un athl\u00e8te olympique et une t\u00e2che r\u00e9serv\u00e9e aux athl\u00e8tes qui ont repr\u00e9sent\u00e9 l'excellence du sport italien. Voici la liste historique.<\/p><script type=\"text\/plain\" data-tcf=\"waiting-for-consent\" data-id=\"1033\" data-bid=\"1\" data-placement=\"985\">PGRpdiBpZD0iYW1jLTI0Mjk5ODMxMTQiIGNsYXNzPSJhbWMtbWgtbWlkIj48c2NyaXB0IGFzeW5jIHNyYz0iLy9wYWdlYWQyLmdvb2dsZXN5bmRpY2F0aW9uLmNvbS9wYWdlYWQvanMvYWRzYnlnb29nbGUuanM\/Y2xpZW50PWNhLXB1Yi00NDAxMTQ1MDI3NTM5MTE1IiBjcm9zc29yaWdpbj0iYW5vbnltb3VzIj48L3NjcmlwdD48aW5zIGNsYXNzPSJhZHNieWdvb2dsZSIgc3R5bGU9ImRpc3BsYXk6YmxvY2s7IiBkYXRhLWFkLWNsaWVudD0iY2EtcHViLTQ0MDExNDUwMjc1MzkxMTUiIApkYXRhLWFkLXNsb3Q9IiIgCmRhdGEtYWQtZm9ybWF0PSJhdXRvIiBkYXRhLWZ1bGwtd2lkdGgtcmVzcG9uc2l2ZT0idHJ1ZSI+PC9pbnM+CjxzY3JpcHQ+IAooYWRzYnlnb29nbGUgPSB3aW5kb3cuYWRzYnlnb29nbGUgfHwgW10pLnB1c2goe30pOyAKPC9zY3JpcHQ+CjwvZGl2Pg==<\/script>\n\n\n\n<figure class=\"wp-block-table\"><table class=\"has-fixed-layout\"><thead><tr><td><strong>\u00c9dition<\/strong><\/td><td><strong>Localisation<\/strong><\/td><td><strong>Porte-drapeau<\/strong><\/td><td><strong>Discipline<\/strong><\/td><\/tr><\/thead><tbody><tr><td>1924<\/td><td>Chamonix<\/td><td>Andrea Venerando<\/td><td>Patinage artistique<\/td><\/tr><tr><td>1928<\/td><td>St. Moritz<\/td><td>Ernesto Zardini<\/td><td>Bob<\/td><\/tr><tr><td>1932<\/td><td>Lake Placid<\/td><td>Ernesto Zardini<\/td><td>Bob<\/td><\/tr><tr><td>1936<\/td><td>Garmisch-Partenkirchen<\/td><td>Ernesto Zardini<\/td><td>Bob<\/td><\/tr><tr><td>1948<\/td><td>St. Moritz<\/td><td>Giulio Gerardi<\/td><td>Ski de fond<\/td><\/tr><tr><td>1952<\/td><td>Oslo<\/td><td>Giulio Gerardi<\/td><td>Ski de fond<\/td><\/tr><tr><td>1956<\/td><td>Cortina d'Ampezzo<\/td><td>Giulio Gerardi<\/td><td>Ski de fond<\/td><\/tr><tr><td>1960<\/td><td>Squaw Valley<\/td><td>Bruno Alberti<\/td><td>Ski alpin<\/td><\/tr><tr><td>1964<\/td><td>Innsbruck<\/td><td>Lamberto Dalla Costa<\/td><td>Bob<\/td><\/tr><tr><td>1968<\/td><td>Grenoble<\/td><td>Claudio Apollonio<\/td><td>Bob<\/td><\/tr><tr><td>1972<\/td><td>Sapporo<\/td><td>Erminio Sertorelli<\/td><td>Ski de fond<\/td><\/tr><tr><td>1976<\/td><td>Innsbruck<\/td><td>Claudio Ravetto<\/td><td>Biathlon<\/td><\/tr><tr><td>1980<\/td><td>Lake Placid<\/td><td>Joseph Fabre<\/td><td>Toboggan<\/td><\/tr><tr><td>1984<\/td><td>Sarajevo<\/td><td>Giuliana Minuzzo<\/td><td>Ski alpin<\/td><\/tr><tr><td>1988<\/td><td>Calgary<\/td><td>Maurilio De Zolt<\/td><td>Ski de fond<\/td><\/tr><tr><td>1992<\/td><td>Albertville<\/td><td>Alberto Tomba<\/td><td>Ski alpin<\/td><\/tr><tr><td>1994<\/td><td>Lillehammer<\/td><td>Deborah Compagnoni<\/td><td>Ski alpin<\/td><\/tr><tr><td>1998<\/td><td>Nagano<\/td><td>Gerda Weissensteiner<\/td><td>Toboggan<\/td><\/tr><tr><td>2002<\/td><td>Salt Lake City<\/td><td>Isolde Kostner<\/td><td>Ski alpin<\/td><\/tr><tr><td>2006<\/td><td>Turin<\/td><td>Carolina Kostner<\/td><td>Patinage artistique<\/td><\/tr><tr><td>2010<\/td><td>Vancouver<\/td><td>Giorgio Di Centa<\/td><td>Ski de fond<\/td><\/tr><tr><td>2014<\/td><td>Sochi<\/td><td>Armin Z\u00f6ggeler<\/td><td>Toboggan<\/td><\/tr><tr><td>2018<\/td><td>PyeongChang<\/td><td>Arianna Fontana<\/td><td>Courte piste<\/td><\/tr><tr><td>2022<\/td><td>P\u00e9kin<\/td><td>Michela Moioli<\/td><td>Snowboard cross<\/td><\/tr><\/tbody><\/table><\/figure>\n\n\n\n<p><em>Note : En 2022, Michela Moioli a remplac\u00e9 Sofia Goggia, initialement nomm\u00e9e, en raison d'une blessure.<\/em><\/p>\n\n\n\n<p><strong>C\u00e9r\u00e9monie de cl\u00f4ture<\/strong><\/p>\n\n\n\n<p>La c\u00e9r\u00e9monie de cl\u00f4ture a \u00e9galement \u00e9t\u00e9 marqu\u00e9e par la pr\u00e9sence d'athl\u00e8tes italiens de premier plan.<\/p>\n\n\n\n<figure class=\"wp-block-table\"><table class=\"has-fixed-layout\"><thead><tr><td><strong>\u00c9dition<\/strong><\/td><td><strong>Localisation<\/strong><\/td><td><strong>Porte-drapeau<\/strong><\/td><td><strong>Discipline<\/strong><\/td><\/tr><\/thead><tbody><tr><td>2014<\/td><td>Sochi<\/td><td>Arianna Fontana<\/td><td>Courte piste<\/td><\/tr><tr><td>2018<\/td><td>PyeongChang<\/td><td>Carolina Kostner<\/td><td>Patinage artistique<\/td><\/tr><tr><td>2022<\/td><td>P\u00e9kin<\/td><td>Francesca Lollobrigida<\/td><td>Patinage de vitesse<\/td><\/tr><\/tbody><\/table><\/figure>\n\n\n\n<p><em>Note : Francesca Lollobrigida a \u00e9t\u00e9 choisie pour la c\u00e9r\u00e9monie de cl\u00f4ture de P\u00e9kin 2022 apr\u00e8s avoir remport\u00e9 l'argent au 3000 m\u00e8tres.<\/em><\/p>\n\n\n\n<p><strong>Curiosit\u00e9s et archives<\/strong><\/p>\n\n\n\n<ul class=\"wp-block-list\">\n<li><strong>Ernesto Zardini<\/strong> e <strong>Giulio Gerardi<\/strong> sont parmi les athl\u00e8tes qui ont d\u00e9fil\u00e9 le plus grand nombre de fois en tant que porte-drapeaux.<\/li>\n\n\n\n<li><strong>Deborah Compagnoni<\/strong>Premi\u00e8re Italienne \u00e0 remporter trois m\u00e9dailles d'or olympiques en ski alpin et porte-drapeau en 1994.<\/li>\n\n\n\n<li><strong>Arianna Fontana<\/strong>Il est le seul athl\u00e8te italien \u00e0 avoir d\u00e9fil\u00e9 en tant que porte-drapeau lors des c\u00e9r\u00e9monies d'ouverture (2018) et de cl\u00f4ture (2014).<\/li>\n\n\n\n<li>En 2022, pour la premi\u00e8re fois, l'Italie a eu deux porte-drapeaux pour la c\u00e9r\u00e9monie inaugurale (une femme et un homme), conform\u00e9ment aux directives de l'Union europ\u00e9enne. <strong>CIO<\/strong> pour l'\u00e9galit\u00e9 des sexes.<\/li>\n<\/ul>\n\n\n\n<p><strong>Vers Milan-Cortina 2026<\/strong><\/p>\n\n\n\n<p>Pour les prochains Jeux olympiques d'hiver de <strong>Milan-Cortina 2026<\/strong>L'Italie n'a pas encore officiellement annonc\u00e9 le nom du porte-drapeau. Toutefois, parmi les candidats possibles figurent des athl\u00e8tes tels que <strong>Federica Brignone, Sofia Goggia, Davide Ghiotto <\/strong>e<strong> Federico Pellegrino<\/strong>tous avec des carri\u00e8res illustres et des m\u00e9dailles olympiques \u00e0 leur actif.<\/p>\n\n\n<div class=\"amc-dopo-il-contenuto\" id=\"amc-3558990916\"><script type=\"text\/plain\" data-tcf=\"waiting-for-consent\" data-id=\"1033\" data-bid=\"1\">PGRpdiBpZD0iYW1jLTE3NzE5NzM3NTgiPjxzY3JpcHQgYXN5bmMgc3JjPSIvL3BhZ2VhZDIuZ29vZ2xlc3luZGljYXRpb24uY29tL3BhZ2VhZC9qcy9hZHNieWdvb2dsZS5qcz9jbGllbnQ9Y2EtcHViLTQ0MDExNDUwMjc1MzkxMTUiIGNyb3Nzb3JpZ2luPSJhbm9ueW1vdXMiPjwvc2NyaXB0PjxpbnMgY2xhc3M9ImFkc2J5Z29vZ2xlIiBzdHlsZT0iZGlzcGxheTpibG9jazsiIGRhdGEtYWQtY2xpZW50PSJjYS1wdWItNDQwMTE0NTAyNzUzOTExNSIgCmRhdGEtYWQtc2xvdD0iIiAKZGF0YS1hZC1mb3JtYXQ9ImF1dG8iIGRhdGEtZnVsbC13aWR0aC1yZXNwb25zaXZlPSJ0cnVlIj48L2lucz4KPHNjcmlwdD4gCihhZHNieWdvb2dsZSA9IHdpbmRvdy5hZHNieWdvb2dsZSB8fCBbXSkucHVzaCh7fSk7IAo8L3NjcmlwdD4KPC9kaXY+<\/script><\/div>","protected":false},"excerpt":{"rendered":"<p>Cerimonia di Apertura Il ruolo di portabandiera \u00e8 uno dei massimi onori per un atleta olimpico \u00e8 un compito riservato ad atleti che hanno rappresentato l&#8217;eccellenza dello sport italiano. Ecco la lista storica. Edizione Localit\u00e0 Portabandiera Disciplina 1924 Chamonix Andrea Venerando Pattinaggio di figura 1928 St. Moritz Ernesto Zardini Bob 1932 Lake Placid Ernesto Zardini [&hellip;]<\/p>","protected":false},"author":3,"featured_media":308,"comment_status":"open","ping_status":"open","sticky":false,"template":"","format":"standard","meta":{"_acf_changed":false,"footnotes":""},"categories":[1,2],"tags":[],"class_list":["post-307","post","type-post","status-publish","format-standard","has-post-thumbnail","hentry","category-notizie-e-aggiornamenti","category-atleti-e-squadre"],"acf":[],"_links":{"self":[{"href":"https:\/\/aspettandomilanocortina2026.it\/fr\/wp-json\/wp\/v2\/posts\/307","targetHints":{"allow":["GET"]}}],"collection":[{"href":"https:\/\/aspettandomilanocortina2026.it\/fr\/wp-json\/wp\/v2\/posts"}],"about":[{"href":"https:\/\/aspettandomilanocortina2026.it\/fr\/wp-json\/wp\/v2\/types\/post"}],"author":[{"embeddable":true,"href":"https:\/\/aspettandomilanocortina2026.it\/fr\/wp-json\/wp\/v2\/users\/3"}],"replies":[{"embeddable":true,"href":"https:\/\/aspettandomilanocortina2026.it\/fr\/wp-json\/wp\/v2\/comments?post=307"}],"version-history":[{"count":1,"href":"https:\/\/aspettandomilanocortina2026.it\/fr\/wp-json\/wp\/v2\/posts\/307\/revisions"}],"predecessor-version":[{"id":309,"href":"https:\/\/aspettandomilanocortina2026.it\/fr\/wp-json\/wp\/v2\/posts\/307\/revisions\/309"}],"wp:featuredmedia":[{"embeddable":true,"href":"https:\/\/aspettandomilanocortina2026.it\/fr\/wp-json\/wp\/v2\/media\/308"}],"wp:attachment":[{"href":"https:\/\/aspettandomilanocortina2026.it\/fr\/wp-json\/wp\/v2\/media?parent=307"}],"wp:term":[{"taxonomy":"category","embeddable":true,"href":"https:\/\/aspettandomilanocortina2026.it\/fr\/wp-json\/wp\/v2\/categories?post=307"},{"taxonomy":"post_tag","embeddable":true,"href":"https:\/\/aspettandomilanocortina2026.it\/fr\/wp-json\/wp\/v2\/tags?post=307"}],"curies":[{"name":"wp","href":"https:\/\/api.w.org\/{rel}","templated":true}]}}