{"id":282,"date":"2025-04-28T17:25:36","date_gmt":"2025-04-28T16:25:36","guid":{"rendered":"https:\/\/aspettandomilanocortina2026.it\/?p=282"},"modified":"2025-04-29T15:00:13","modified_gmt":"2025-04-29T14:00:13","slug":"laddio-au-pape-francisco-des-funerailles-historiques","status":"publish","type":"post","link":"https:\/\/aspettandomilanocortina2026.it\/fr\/laddio-au-pape-francisco-des-funerailles-historiques\/","title":{"rendered":"Adieu au pape Fran\u00e7ois : des fun\u00e9railles historiques"},"content":{"rendered":"<script type=\"text\/plain\" data-tcf=\"waiting-for-consent\" data-id=\"1033\" data-bid=\"1\" data-placement=\"1034\">PGRpdiBpZD0iYW1jLTI4NzQwODc0NzUiIGNsYXNzPSJhbWMtcHJpbWEtZGVsLWNvbnRlbnV0byI+PHNjcmlwdCBhc3luYyBzcmM9Ii8vcGFnZWFkMi5nb29nbGVzeW5kaWNhdGlvbi5jb20vcGFnZWFkL2pzL2Fkc2J5Z29vZ2xlLmpzP2NsaWVudD1jYS1wdWItNDQwMTE0NTAyNzUzOTExNSIgY3Jvc3NvcmlnaW49ImFub255bW91cyI+PC9zY3JpcHQ+PGlucyBjbGFzcz0iYWRzYnlnb29nbGUiIHN0eWxlPSJkaXNwbGF5OmJsb2NrOyIgZGF0YS1hZC1jbGllbnQ9ImNhLXB1Yi00NDAxMTQ1MDI3NTM5MTE1IiAKZGF0YS1hZC1zbG90PSIiIApkYXRhLWFkLWZvcm1hdD0iYXV0byIgZGF0YS1mdWxsLXdpZHRoLXJlc3BvbnNpdmU9InRydWUiPjwvaW5zPgo8c2NyaXB0PiAKKGFkc2J5Z29vZ2xlID0gd2luZG93LmFkc2J5Z29vZ2xlIHx8IFtdKS5wdXNoKHt9KTsgCjwvc2NyaXB0Pgo8L2Rpdj4=<\/script>\n<p><strong>La mort du pape<\/strong><\/p><script type=\"text\/plain\" data-tcf=\"waiting-for-consent\" data-id=\"1037\" data-bid=\"1\" data-placement=\"726\">PGRpdiBpZD0iYW1jLTU3NDA0MDIwNCIgY2xhc3M9ImFtYy1wb3N0LWNvbnRlbnQiIHN0eWxlPSJtYXJnaW4tbGVmdDogYXV0bzttYXJnaW4tcmlnaHQ6IGF1dG87dGV4dC1hbGlnbjogY2VudGVyOyI+PHNjcmlwdCBhc3luYyBzcmM9Ii8vcGFnZWFkMi5nb29nbGVzeW5kaWNhdGlvbi5jb20vcGFnZWFkL2pzL2Fkc2J5Z29vZ2xlLmpzP2NsaWVudD1jYS1wdWItNDQwMTE0NTAyNzUzOTExNSIgY3Jvc3NvcmlnaW49ImFub255bW91cyI+PC9zY3JpcHQ+PGlucyBjbGFzcz0iYWRzYnlnb29nbGUiIHN0eWxlPSJkaXNwbGF5OmJsb2NrOyIgZGF0YS1hZC1jbGllbnQ9ImNhLXB1Yi00NDAxMTQ1MDI3NTM5MTE1IiAKZGF0YS1hZC1zbG90PSI4MDIwNTgzNzkzIiAKZGF0YS1hZC1mb3JtYXQ9ImF1dG8iIGRhdGEtZnVsbC13aWR0aC1yZXNwb25zaXZlPSJ0cnVlIj48L2lucz4KPHNjcmlwdD4gCihhZHNieWdvb2dsZSA9IHdpbmRvdy5hZHNieWdvb2dsZSB8fCBbXSkucHVzaCh7fSk7IAo8L3NjcmlwdD4KPC9kaXY+PGJyIHN0eWxlPSJjbGVhcjogYm90aDsgZGlzcGxheTogYmxvY2s7IGZsb2F0OiBub25lOyIvPg==<\/script>\n\n\n\n<p>Le pape Fran\u00e7ois, 266e pontife de l'\u00c9glise catholique, est d\u00e9c\u00e9d\u00e9 le <strong>21 avril 2025<\/strong>, \u00e0 <strong>7:35<\/strong>\u00e0 son domicile au <strong>Domus Sanctae Marthae<\/strong> au Vatican \u00e0 l'\u00e2ge de 88 ans. Sa mort a \u00e9t\u00e9 caus\u00e9e par une <strong>accident vasculaire c\u00e9r\u00e9bral isch\u00e9mique<\/strong>ce qui a entra\u00een\u00e9 un d\u00e9clin rapide de sa sant\u00e9. Le cardinal chambellan <strong>Kevin Joseph Farrell<\/strong> a annonc\u00e9 son d\u00e9c\u00e8s \u00e0 l'occasion de la <strong>9:47<\/strong>avec un message diffus\u00e9 par Vatican Media.<\/p><script type=\"text\/plain\" data-tcf=\"waiting-for-consent\" data-id=\"1033\" data-bid=\"1\" data-placement=\"985\">PGRpdiBpZD0iYW1jLTMxMzA5MTAiIGNsYXNzPSJhbWMtbWgtbWlkIj48c2NyaXB0IGFzeW5jIHNyYz0iLy9wYWdlYWQyLmdvb2dsZXN5bmRpY2F0aW9uLmNvbS9wYWdlYWQvanMvYWRzYnlnb29nbGUuanM\/Y2xpZW50PWNhLXB1Yi00NDAxMTQ1MDI3NTM5MTE1IiBjcm9zc29yaWdpbj0iYW5vbnltb3VzIj48L3NjcmlwdD48aW5zIGNsYXNzPSJhZHNieWdvb2dsZSIgc3R5bGU9ImRpc3BsYXk6YmxvY2s7IiBkYXRhLWFkLWNsaWVudD0iY2EtcHViLTQ0MDExNDUwMjc1MzkxMTUiIApkYXRhLWFkLXNsb3Q9IiIgCmRhdGEtYWQtZm9ybWF0PSJhdXRvIiBkYXRhLWZ1bGwtd2lkdGgtcmVzcG9uc2l2ZT0idHJ1ZSI+PC9pbnM+CjxzY3JpcHQ+IAooYWRzYnlnb29nbGUgPSB3aW5kb3cuYWRzYnlnb29nbGUgfHwgW10pLnB1c2goe30pOyAKPC9zY3JpcHQ+CjwvZGl2Pg==<\/script>\n\n\n\n<p>Sa mort a \u00e9branl\u00e9 le monde entier, d\u00e9clenchant une vague de chagrin et de souvenirs pour son pontificat, qui s'est distingu\u00e9 par son humilit\u00e9, son dialogue interreligieux et son engagement en faveur des pauvres et des marginalis\u00e9s.<\/p>\n\n\n\n<p><strong> Fun\u00e9railles<\/strong><\/p>\n\n\n\n<p>Les fun\u00e9railles du pape Fran\u00e7ois ont eu lieu le <strong>26 avril 2025<\/strong>, \u00e0 <strong>10:00<\/strong>, en <strong>Place Saint-Pierre<\/strong>en pr\u00e9sence d'environ <strong>400 000 personnes<\/strong>dont plus de <strong>150 000 croyants<\/strong> le long du parcours du cort\u00e8ge fun\u00e8bre dans les rues de Rome jusqu'\u00e0 l'\u00e9glise. <strong>Basilique Sainte-Marie-Majeure<\/strong>o\u00f9 le pape a \u00e9t\u00e9 enterr\u00e9.<\/p>\n\n\n\n<p>La c\u00e9r\u00e9monie a \u00e9t\u00e9 pr\u00e9sid\u00e9e par <strong>Cardinal Giovanni Battista Re<\/strong>La c\u00e9r\u00e9monie s'est d\u00e9roul\u00e9e en pr\u00e9sence de nombreux chefs d'\u00c9tat, souverains et d\u00e9l\u00e9gations internationales. Parmi les participants figuraient le pr\u00e9sident des \u00c9tats-Unis, le pr\u00e9sident de l'Union europ\u00e9enne et le pr\u00e9sident de l'Union europ\u00e9enne. <strong>Joe Biden<\/strong>le pr\u00e9sident de la Commission europ\u00e9enne <strong>Ursula von der Leyen<\/strong>le premier ministre grec <strong>Kyriakos Mitsotakis<\/strong>et le Premier ministre marocain <strong>Aziz Akhannouch<\/strong>.<\/p>\n\n\n\n<p>Au cours de la c\u00e9r\u00e9monie, des pri\u00e8res ont \u00e9t\u00e9 r\u00e9cit\u00e9es en plusieurs langues, dont le fran\u00e7ais, l'arabe, le portugais, le polonais, l'allemand et le mandarin, t\u00e9moignant de l'universalit\u00e9 du message du pape Fran\u00e7ois.<\/p>\n\n\n\n<p>Le pape Fran\u00e7ois avait souhait\u00e9 une c\u00e9r\u00e9monie simple et sobre. Son corps a \u00e9t\u00e9 d\u00e9pos\u00e9 dans un cercueil en bois recouvert de zinc, sans catafalque ni b\u00e2ton papal, conform\u00e9ment \u00e0 ses souhaits. Apr\u00e8s la messe, le cort\u00e8ge fun\u00e8bre a travers\u00e9 les rues de Rome, salu\u00e9 par de longs applaudissements des fid\u00e8les, et s'est rendu \u00e0 la chapelle ardente. <strong>Basilique Sainte-Marie-Majeure<\/strong>.<\/p>\n\n\n\n<p><strong> Le testament et l'enterrement<\/strong><\/p>\n\n\n\n<p>Selon les dispositions testamentaires du Pape Fran\u00e7ois, son enterrement a eu lieu dans l'\u00e9glise de l'\u00e9glise. <strong>Basilique Sainte-Marie-Majeure<\/strong>dans un espace r\u00e9serv\u00e9 aux papes, mais dans un simple tombeau, sans monument ni inscription, en signe d'humilit\u00e9.<\/p>\n\n\n\n<p><\/p>\n\n\n\n<p><strong> La p\u00e9riode de deuil et le conclave<\/strong><\/p>\n\n\n\n<p>Apr\u00e8s les fun\u00e9railles, la p\u00e9riode de <strong>Novendiali<\/strong>neuf jours de pri\u00e8re et de r\u00e9flexion en m\u00e9moire du pape. Les <strong>5 mai 2025<\/strong> le d\u00e9but de la <strong>Conclave<\/strong> pour l'\u00e9lection du nouveau souverain pontife.<\/p>\n\n\n\n<p><strong> Un pape de paix et de mis\u00e9ricorde<\/strong><\/p>\n\n\n\n<p>Le pape Fran\u00e7ois est le premier pontife j\u00e9suite et le premier originaire d'Am\u00e9rique latine. Au cours de son pontificat, il a promu le dialogue interreligieux, le souci des pauvres et la protection de l'environnement. Il a \u00e9galement \u00e9t\u00e9 un pionnier dans le renforcement des liens \u0153cum\u00e9niques avec d'autres confessions chr\u00e9tiennes et dans la promotion du dialogue interreligieux avec d'autres religions. Son souci des jeunes, des migrants et de la pr\u00e9servation de la Terre a profond\u00e9ment marqu\u00e9 son pontificat. Son message de paix et de fraternit\u00e9 a touch\u00e9 des millions de personnes dans le monde.<\/p>\n<div class=\"amc-dopo-il-contenuto\" id=\"amc-1954628160\"><script type=\"text\/plain\" data-tcf=\"waiting-for-consent\" data-id=\"1033\" data-bid=\"1\">PGRpdiBpZD0iYW1jLTM2MTM3OTc3MDIiPjxzY3JpcHQgYXN5bmMgc3JjPSIvL3BhZ2VhZDIuZ29vZ2xlc3luZGljYXRpb24uY29tL3BhZ2VhZC9qcy9hZHNieWdvb2dsZS5qcz9jbGllbnQ9Y2EtcHViLTQ0MDExNDUwMjc1MzkxMTUiIGNyb3Nzb3JpZ2luPSJhbm9ueW1vdXMiPjwvc2NyaXB0PjxpbnMgY2xhc3M9ImFkc2J5Z29vZ2xlIiBzdHlsZT0iZGlzcGxheTpibG9jazsiIGRhdGEtYWQtY2xpZW50PSJjYS1wdWItNDQwMTE0NTAyNzUzOTExNSIgCmRhdGEtYWQtc2xvdD0iIiAKZGF0YS1hZC1mb3JtYXQ9ImF1dG8iIGRhdGEtZnVsbC13aWR0aC1yZXNwb25zaXZlPSJ0cnVlIj48L2lucz4KPHNjcmlwdD4gCihhZHNieWdvb2dsZSA9IHdpbmRvdy5hZHNieWdvb2dsZSB8fCBbXSkucHVzaCh7fSk7IAo8L3NjcmlwdD4KPC9kaXY+<\/script><\/div>","protected":false},"excerpt":{"rendered":"<p>La Morte del Papa Papa Francesco, il 266\u00b0 Pontefice della Chiesa cattolica, \u00e8 deceduto il 21 aprile 2025, alle ore 7:35, nella sua residenza presso la Domus Sanctae Marthae in Vaticano, all&#8217;et\u00e0 di 88 anni. La sua morte \u00e8 stata causata da un ictus ischemico, che ha portato a un rapido declino delle sue condizioni [&hellip;]<\/p>","protected":false},"author":3,"featured_media":285,"comment_status":"open","ping_status":"open","sticky":false,"template":"","format":"standard","meta":{"_acf_changed":false,"footnotes":""},"categories":[1],"tags":[],"class_list":["post-282","post","type-post","status-publish","format-standard","has-post-thumbnail","hentry","category-notizie-e-aggiornamenti"],"acf":[],"_links":{"self":[{"href":"https:\/\/aspettandomilanocortina2026.it\/fr\/wp-json\/wp\/v2\/posts\/282","targetHints":{"allow":["GET"]}}],"collection":[{"href":"https:\/\/aspettandomilanocortina2026.it\/fr\/wp-json\/wp\/v2\/posts"}],"about":[{"href":"https:\/\/aspettandomilanocortina2026.it\/fr\/wp-json\/wp\/v2\/types\/post"}],"author":[{"embeddable":true,"href":"https:\/\/aspettandomilanocortina2026.it\/fr\/wp-json\/wp\/v2\/users\/3"}],"replies":[{"embeddable":true,"href":"https:\/\/aspettandomilanocortina2026.it\/fr\/wp-json\/wp\/v2\/comments?post=282"}],"version-history":[{"count":2,"href":"https:\/\/aspettandomilanocortina2026.it\/fr\/wp-json\/wp\/v2\/posts\/282\/revisions"}],"predecessor-version":[{"id":287,"href":"https:\/\/aspettandomilanocortina2026.it\/fr\/wp-json\/wp\/v2\/posts\/282\/revisions\/287"}],"wp:featuredmedia":[{"embeddable":true,"href":"https:\/\/aspettandomilanocortina2026.it\/fr\/wp-json\/wp\/v2\/media\/285"}],"wp:attachment":[{"href":"https:\/\/aspettandomilanocortina2026.it\/fr\/wp-json\/wp\/v2\/media?parent=282"}],"wp:term":[{"taxonomy":"category","embeddable":true,"href":"https:\/\/aspettandomilanocortina2026.it\/fr\/wp-json\/wp\/v2\/categories?post=282"},{"taxonomy":"post_tag","embeddable":true,"href":"https:\/\/aspettandomilanocortina2026.it\/fr\/wp-json\/wp\/v2\/tags?post=282"}],"curies":[{"name":"wp","href":"https:\/\/api.w.org\/{rel}","templated":true}]}}