{"id":279,"date":"2025-04-28T17:05:23","date_gmt":"2025-04-28T16:05:23","guid":{"rendered":"https:\/\/aspettandomilanocortina2026.it\/?p=279"},"modified":"2025-04-29T15:00:47","modified_gmt":"2025-04-29T14:00:47","slug":"le-voyage-de-la-flamme-olympique-milan-cortina-2026-un-voyage-extraordinaire","status":"publish","type":"post","link":"https:\/\/aspettandomilanocortina2026.it\/fr\/le-voyage-de-la-flamme-olympique-milan-cortina-2026-un-voyage-extraordinaire\/","title":{"rendered":"Le parcours de la flamme olympique de Milan Cortina 2026 : un itin\u00e9raire extraordinaire"},"content":{"rendered":"<script type=\"text\/plain\" data-tcf=\"waiting-for-consent\" data-id=\"1033\" data-bid=\"1\" data-placement=\"1034\">PGRpdiBpZD0iYW1jLTE2MTY2MjM2NTUiIGNsYXNzPSJhbWMtcHJpbWEtZGVsLWNvbnRlbnV0byI+PHNjcmlwdCBhc3luYyBzcmM9Ii8vcGFnZWFkMi5nb29nbGVzeW5kaWNhdGlvbi5jb20vcGFnZWFkL2pzL2Fkc2J5Z29vZ2xlLmpzP2NsaWVudD1jYS1wdWItNDQwMTE0NTAyNzUzOTExNSIgY3Jvc3NvcmlnaW49ImFub255bW91cyI+PC9zY3JpcHQ+PGlucyBjbGFzcz0iYWRzYnlnb29nbGUiIHN0eWxlPSJkaXNwbGF5OmJsb2NrOyIgZGF0YS1hZC1jbGllbnQ9ImNhLXB1Yi00NDAxMTQ1MDI3NTM5MTE1IiAKZGF0YS1hZC1zbG90PSIiIApkYXRhLWFkLWZvcm1hdD0iYXV0byIgZGF0YS1mdWxsLXdpZHRoLXJlc3BvbnNpdmU9InRydWUiPjwvaW5zPgo8c2NyaXB0PiAKKGFkc2J5Z29vZ2xlID0gd2luZG93LmFkc2J5Z29vZ2xlIHx8IFtdKS5wdXNoKHt9KTsgCjwvc2NyaXB0Pgo8L2Rpdj4=<\/script>\n<p>Le voyage de la flamme olympique pour les Jeux olympiques d'hiver de 2026 \u00e0 Milan Cortina, appel\u00e9 \"Le plus grand voyage\", est un \u00e9v\u00e9nement symbolique qui traversera toute l'Italie, impliquant les communaut\u00e9s locales et c\u00e9l\u00e9brant l'esprit olympique. Parti le 26 novembre 2025 d'Olympie, en Gr\u00e8ce, le voyage touchera les 110 provinces italiennes, parcourant environ 12 000 km en 63 jours, et se terminera le 6 f\u00e9vrier 2026 au stade San Siro de Milan, lors de la c\u00e9r\u00e9monie d'ouverture des Jeux.<\/p><script type=\"text\/plain\" data-tcf=\"waiting-for-consent\" data-id=\"1037\" data-bid=\"1\" data-placement=\"726\">PGRpdiBpZD0iYW1jLTMwNjgxNDk1MSIgY2xhc3M9ImFtYy1wb3N0LWNvbnRlbnQiIHN0eWxlPSJtYXJnaW4tbGVmdDogYXV0bzttYXJnaW4tcmlnaHQ6IGF1dG87dGV4dC1hbGlnbjogY2VudGVyOyI+PHNjcmlwdCBhc3luYyBzcmM9Ii8vcGFnZWFkMi5nb29nbGVzeW5kaWNhdGlvbi5jb20vcGFnZWFkL2pzL2Fkc2J5Z29vZ2xlLmpzP2NsaWVudD1jYS1wdWItNDQwMTE0NTAyNzUzOTExNSIgY3Jvc3NvcmlnaW49ImFub255bW91cyI+PC9zY3JpcHQ+PGlucyBjbGFzcz0iYWRzYnlnb29nbGUiIHN0eWxlPSJkaXNwbGF5OmJsb2NrOyIgZGF0YS1hZC1jbGllbnQ9ImNhLXB1Yi00NDAxMTQ1MDI3NTM5MTE1IiAKZGF0YS1hZC1zbG90PSI4MDIwNTgzNzkzIiAKZGF0YS1hZC1mb3JtYXQ9ImF1dG8iIGRhdGEtZnVsbC13aWR0aC1yZXNwb25zaXZlPSJ0cnVlIj48L2lucz4KPHNjcmlwdD4gCihhZHNieWdvb2dsZSA9IHdpbmRvdy5hZHNieWdvb2dsZSB8fCBbXSkucHVzaCh7fSk7IAo8L3NjcmlwdD4KPC9kaXY+PGJyIHN0eWxlPSJjbGVhcjogYm90aDsgZGlzcGxheTogYmxvY2s7IGZsb2F0OiBub25lOyIvPg==<\/script>\n\n\n\n<p><strong>Gr\u00e8ce : L'allumage et le passage du flambeau<\/strong><\/p><script type=\"text\/plain\" data-tcf=\"waiting-for-consent\" data-id=\"1033\" data-bid=\"1\" data-placement=\"985\">PGRpdiBpZD0iYW1jLTE2MzIyMTkzNjAiIGNsYXNzPSJhbWMtbWgtbWlkIj48c2NyaXB0IGFzeW5jIHNyYz0iLy9wYWdlYWQyLmdvb2dsZXN5bmRpY2F0aW9uLmNvbS9wYWdlYWQvanMvYWRzYnlnb29nbGUuanM\/Y2xpZW50PWNhLXB1Yi00NDAxMTQ1MDI3NTM5MTE1IiBjcm9zc29yaWdpbj0iYW5vbnltb3VzIj48L3NjcmlwdD48aW5zIGNsYXNzPSJhZHNieWdvb2dsZSIgc3R5bGU9ImRpc3BsYXk6YmxvY2s7IiBkYXRhLWFkLWNsaWVudD0iY2EtcHViLTQ0MDExNDUwMjc1MzkxMTUiIApkYXRhLWFkLXNsb3Q9IiIgCmRhdGEtYWQtZm9ybWF0PSJhdXRvIiBkYXRhLWZ1bGwtd2lkdGgtcmVzcG9uc2l2ZT0idHJ1ZSI+PC9pbnM+CjxzY3JpcHQ+IAooYWRzYnlnb29nbGUgPSB3aW5kb3cuYWRzYnlnb29nbGUgfHwgW10pLnB1c2goe30pOyAKPC9zY3JpcHQ+CjwvZGl2Pg==<\/script>\n\n\n\n<ul class=\"wp-block-list\">\n<li><strong>26 novembre 2025<\/strong>Le miroir parabolique : Allumage de la flamme \u00e0 Olympie, en Gr\u00e8ce, \u00e0 l'aide du miroir parabolique traditionnel.<\/li>\n\n\n\n<li><strong>4 d\u00e9cembre 2025<\/strong>C\u00e9r\u00e9monie de passage de la flamme \u00e0 Ath\u00e8nes.<\/li>\n<\/ul>\n\n\n\n<p><strong>Italie : le grand voyage<\/strong><\/p>\n\n\n\n<p>Le voyage en Italie commence le 6 d\u00e9cembre 2025 et passe par toutes les r\u00e9gions et provinces, avec des arr\u00eats importants dans plusieurs villes.<\/p>\n\n\n\n<ul class=\"wp-block-list\">\n<li><strong>Rome (6 d\u00e9cembre)<\/strong>Le Quirinale : Accueillir la flamme au Quirinale.<\/li>\n\n\n\n<li><strong>Naples (23 d\u00e9cembre)<\/strong>Sc\u00e8ne de No\u00ebl.<\/li>\n\n\n\n<li><strong>Bari (31 d\u00e9cembre)<\/strong>Le Nouvel An : c\u00e9l\u00e9bration de la nouvelle ann\u00e9e.<\/li>\n\n\n\n<li><strong>Cortina d'Ampezzo (26 janvier 2026)<\/strong>Comm\u00e9moration du 70e anniversaire des Jeux olympiques d'hiver de 1956.<\/li>\n\n\n\n<li><strong>Milan (6 f\u00e9vrier 2026)<\/strong>Arriv\u00e9e finale au stade San Siro pour la c\u00e9r\u00e9monie d'ouverture.<\/li>\n<\/ul>\n\n\n\n<p><strong> Stades r\u00e9gionaux et locaux<\/strong><\/p>\n\n\n\n<ul class=\"wp-block-list\">\n<li><strong>\u00c9milie-Romagne<\/strong>La flamme du feu : Du 5 au 16 janvier 2026, la flamme se rendra \u00e0 Rimini, Bologne, Ferrare, Parme et Plaisance.<\/li>\n\n\n\n<li><strong>Alpes italiennes<\/strong>En janvier 2026, la ligne traversera la Ligurie, le Pi\u00e9mont et le Val d'Aoste, avec des arr\u00eats \u00e0 G\u00eanes, Cuneo, Turin et Aoste.<\/li>\n<\/ul>\n\n\n\n<p><strong> Porteurs de flambeau<\/strong><\/p>\n\n\n\n<p>Ils seront <strong>10.001<\/strong> les porteurs de flambeau qui porteront la flamme tout au long du parcours, s\u00e9lectionn\u00e9s par le biais d'un appel \u00e0 candidatures public. Chaque porteur repr\u00e9sentera une histoire unique, contribuant \u00e0 unir l'Italie sous la banni\u00e8re des valeurs olympiques.<\/p>\n\n\n\n<p><strong>Comment postuler<\/strong><\/p>\n\n\n\n<p>Pour plus de d\u00e9tails et pour soumettre votre candidature, visitez le site officiel de Milan Cortina 2026 : <a href=\"https:\/\/www.milanocortina2026.org\" rel=\"nofollow noopener\" target=\"_blank\">www.milanocortina2026.org<\/a><\/p>\n<div class=\"amc-dopo-il-contenuto\" id=\"amc-401209776\"><script type=\"text\/plain\" data-tcf=\"waiting-for-consent\" data-id=\"1033\" data-bid=\"1\">PGRpdiBpZD0iYW1jLTEzOTQxMzExMDkiPjxzY3JpcHQgYXN5bmMgc3JjPSIvL3BhZ2VhZDIuZ29vZ2xlc3luZGljYXRpb24uY29tL3BhZ2VhZC9qcy9hZHNieWdvb2dsZS5qcz9jbGllbnQ9Y2EtcHViLTQ0MDExNDUwMjc1MzkxMTUiIGNyb3Nzb3JpZ2luPSJhbm9ueW1vdXMiPjwvc2NyaXB0PjxpbnMgY2xhc3M9ImFkc2J5Z29vZ2xlIiBzdHlsZT0iZGlzcGxheTpibG9jazsiIGRhdGEtYWQtY2xpZW50PSJjYS1wdWItNDQwMTE0NTAyNzUzOTExNSIgCmRhdGEtYWQtc2xvdD0iIiAKZGF0YS1hZC1mb3JtYXQ9ImF1dG8iIGRhdGEtZnVsbC13aWR0aC1yZXNwb25zaXZlPSJ0cnVlIj48L2lucz4KPHNjcmlwdD4gCihhZHNieWdvb2dsZSA9IHdpbmRvdy5hZHNieWdvb2dsZSB8fCBbXSkucHVzaCh7fSk7IAo8L3NjcmlwdD4KPC9kaXY+<\/script><\/div>","protected":false},"excerpt":{"rendered":"<p>Il viaggio della fiamma olimpica per le Olimpiadi Invernali di Milano Cortina 2026, denominato &#8220;The Greatest Journey&#8221;, \u00e8 un evento simbolico che attraverser\u00e0 tutta l&#8217;Italia, coinvolgendo le comunit\u00e0 locali e celebrando lo spirito olimpico. Partito il 26 novembre 2025 da Olimpia, in Grecia, il percorso toccher\u00e0 tutte le 110 province italiane, coprendo circa 12.000 km [&hellip;]<\/p>","protected":false},"author":3,"featured_media":280,"comment_status":"open","ping_status":"open","sticky":false,"template":"","format":"standard","meta":{"_acf_changed":false,"footnotes":""},"categories":[4,3,1],"tags":[],"class_list":["post-279","post","type-post","status-publish","format-standard","has-post-thumbnail","hentry","category-dietro-le-quinte","category-calendario-gare","category-notizie-e-aggiornamenti"],"acf":[],"_links":{"self":[{"href":"https:\/\/aspettandomilanocortina2026.it\/fr\/wp-json\/wp\/v2\/posts\/279","targetHints":{"allow":["GET"]}}],"collection":[{"href":"https:\/\/aspettandomilanocortina2026.it\/fr\/wp-json\/wp\/v2\/posts"}],"about":[{"href":"https:\/\/aspettandomilanocortina2026.it\/fr\/wp-json\/wp\/v2\/types\/post"}],"author":[{"embeddable":true,"href":"https:\/\/aspettandomilanocortina2026.it\/fr\/wp-json\/wp\/v2\/users\/3"}],"replies":[{"embeddable":true,"href":"https:\/\/aspettandomilanocortina2026.it\/fr\/wp-json\/wp\/v2\/comments?post=279"}],"version-history":[{"count":2,"href":"https:\/\/aspettandomilanocortina2026.it\/fr\/wp-json\/wp\/v2\/posts\/279\/revisions"}],"predecessor-version":[{"id":288,"href":"https:\/\/aspettandomilanocortina2026.it\/fr\/wp-json\/wp\/v2\/posts\/279\/revisions\/288"}],"wp:featuredmedia":[{"embeddable":true,"href":"https:\/\/aspettandomilanocortina2026.it\/fr\/wp-json\/wp\/v2\/media\/280"}],"wp:attachment":[{"href":"https:\/\/aspettandomilanocortina2026.it\/fr\/wp-json\/wp\/v2\/media?parent=279"}],"wp:term":[{"taxonomy":"category","embeddable":true,"href":"https:\/\/aspettandomilanocortina2026.it\/fr\/wp-json\/wp\/v2\/categories?post=279"},{"taxonomy":"post_tag","embeddable":true,"href":"https:\/\/aspettandomilanocortina2026.it\/fr\/wp-json\/wp\/v2\/tags?post=279"}],"curies":[{"name":"wp","href":"https:\/\/api.w.org\/{rel}","templated":true}]}}