{"id":270,"date":"2025-04-28T16:07:02","date_gmt":"2025-04-28T15:07:02","guid":{"rendered":"https:\/\/aspettandomilanocortina2026.it\/?p=270"},"modified":"2025-04-29T15:02:40","modified_gmt":"2025-04-29T14:02:40","slug":"olympiades-milan-cortina-2026-quelle-sera-la-premiere-competition","status":"publish","type":"post","link":"https:\/\/aspettandomilanocortina2026.it\/fr\/olympiades-milan-cortina-2026-quelle-sera-la-premiere-competition\/","title":{"rendered":"Jeux olympiques de Milan-Cortina 2026 : quelle sera la premi\u00e8re course ?"},"content":{"rendered":"<script type=\"text\/plain\" data-tcf=\"waiting-for-consent\" data-id=\"1033\" data-bid=\"1\" data-placement=\"1034\">PGRpdiBpZD0iYW1jLTQwNjU0MDI2ODAiIGNsYXNzPSJhbWMtcHJpbWEtZGVsLWNvbnRlbnV0byI+PHNjcmlwdCBhc3luYyBzcmM9Ii8vcGFnZWFkMi5nb29nbGVzeW5kaWNhdGlvbi5jb20vcGFnZWFkL2pzL2Fkc2J5Z29vZ2xlLmpzP2NsaWVudD1jYS1wdWItNDQwMTE0NTAyNzUzOTExNSIgY3Jvc3NvcmlnaW49ImFub255bW91cyI+PC9zY3JpcHQ+PGlucyBjbGFzcz0iYWRzYnlnb29nbGUiIHN0eWxlPSJkaXNwbGF5OmJsb2NrOyIgZGF0YS1hZC1jbGllbnQ9ImNhLXB1Yi00NDAxMTQ1MDI3NTM5MTE1IiAKZGF0YS1hZC1zbG90PSIiIApkYXRhLWFkLWZvcm1hdD0iYXV0byIgZGF0YS1mdWxsLXdpZHRoLXJlc3BvbnNpdmU9InRydWUiPjwvaW5zPgo8c2NyaXB0PiAKKGFkc2J5Z29vZ2xlID0gd2luZG93LmFkc2J5Z29vZ2xlIHx8IFtdKS5wdXNoKHt9KTsgCjwvc2NyaXB0Pgo8L2Rpdj4=<\/script>\n<p>Le <strong>Jeux olympiques d'hiver de Milan-Cortina 2026<\/strong> s'ouvrira avec l'une des courses les plus embl\u00e9matiques et les plus spectaculaires du ski alpin : la <strong>descente hommes<\/strong>.<br>Adr\u00e9naline, vitesse et technique donneront d'embl\u00e9e le ton de cette \u00e9dition qui s'annonce historique.<\/p><script type=\"text\/plain\" data-tcf=\"waiting-for-consent\" data-id=\"1037\" data-bid=\"1\" data-placement=\"726\">PGRpdiBpZD0iYW1jLTQxMTEyMzk1MzAiIGNsYXNzPSJhbWMtcG9zdC1jb250ZW50IiBzdHlsZT0ibWFyZ2luLWxlZnQ6IGF1dG87bWFyZ2luLXJpZ2h0OiBhdXRvO3RleHQtYWxpZ246IGNlbnRlcjsiPjxzY3JpcHQgYXN5bmMgc3JjPSIvL3BhZ2VhZDIuZ29vZ2xlc3luZGljYXRpb24uY29tL3BhZ2VhZC9qcy9hZHNieWdvb2dsZS5qcz9jbGllbnQ9Y2EtcHViLTQ0MDExNDUwMjc1MzkxMTUiIGNyb3Nzb3JpZ2luPSJhbm9ueW1vdXMiPjwvc2NyaXB0PjxpbnMgY2xhc3M9ImFkc2J5Z29vZ2xlIiBzdHlsZT0iZGlzcGxheTpibG9jazsiIGRhdGEtYWQtY2xpZW50PSJjYS1wdWItNDQwMTE0NTAyNzUzOTExNSIgCmRhdGEtYWQtc2xvdD0iODAyMDU4Mzc5MyIgCmRhdGEtYWQtZm9ybWF0PSJhdXRvIiBkYXRhLWZ1bGwtd2lkdGgtcmVzcG9uc2l2ZT0idHJ1ZSI+PC9pbnM+CjxzY3JpcHQ+IAooYWRzYnlnb29nbGUgPSB3aW5kb3cuYWRzYnlnb29nbGUgfHwgW10pLnB1c2goe30pOyAKPC9zY3JpcHQ+CjwvZGl2PjxiciBzdHlsZT0iY2xlYXI6IGJvdGg7IGRpc3BsYXk6IGJsb2NrOyBmbG9hdDogbm9uZTsiLz4=<\/script>\n\n\n\n<p><strong> Quand et o\u00f9 il sera jou\u00e9<\/strong><\/p><script type=\"text\/plain\" data-tcf=\"waiting-for-consent\" data-id=\"1033\" data-bid=\"1\" data-placement=\"985\">PGRpdiBpZD0iYW1jLTQ2MjI3OTg5MSIgY2xhc3M9ImFtYy1taC1taWQiPjxzY3JpcHQgYXN5bmMgc3JjPSIvL3BhZ2VhZDIuZ29vZ2xlc3luZGljYXRpb24uY29tL3BhZ2VhZC9qcy9hZHNieWdvb2dsZS5qcz9jbGllbnQ9Y2EtcHViLTQ0MDExNDUwMjc1MzkxMTUiIGNyb3Nzb3JpZ2luPSJhbm9ueW1vdXMiPjwvc2NyaXB0PjxpbnMgY2xhc3M9ImFkc2J5Z29vZ2xlIiBzdHlsZT0iZGlzcGxheTpibG9jazsiIGRhdGEtYWQtY2xpZW50PSJjYS1wdWItNDQwMTE0NTAyNzUzOTExNSIgCmRhdGEtYWQtc2xvdD0iIiAKZGF0YS1hZC1mb3JtYXQ9ImF1dG8iIGRhdGEtZnVsbC13aWR0aC1yZXNwb25zaXZlPSJ0cnVlIj48L2lucz4KPHNjcmlwdD4gCihhZHNieWdvb2dsZSA9IHdpbmRvdy5hZHNieWdvb2dsZSB8fCBbXSkucHVzaCh7fSk7IAo8L3NjcmlwdD4KPC9kaXY+<\/script>\n\n\n\n<ul class=\"wp-block-list\">\n<li><strong>Date :<\/strong> Samedi 7 f\u00e9vrier 2026<\/li>\n\n\n\n<li><strong>Localisation :<\/strong> Pista Stelvio, Bormio (Valtellina)<\/li>\n<\/ul>\n\n\n\n<p>Le Stelvio est consid\u00e9r\u00e9 comme l'une des pistes les plus difficiles du circuit mondial, r\u00e9put\u00e9e pour son d\u00e9nivel\u00e9 extr\u00eame, ses sections techniques et la n\u00e9cessit\u00e9 d'une combinaison parfaite de courage et de pr\u00e9cision.<\/p>\n\n\n\n<p><strong> Pourquoi la descente est-elle si importante ?<\/strong><\/p>\n\n\n\n<p>La descente est l'\u00e9preuve reine du ski alpin :<\/p>\n\n\n\n<ul class=\"wp-block-list\">\n<li>Les athl\u00e8tes atteignent des vitesses sup\u00e9rieures \u00e0 <strong>130 km\/h<\/strong>.<\/li>\n\n\n\n<li>Exigences <strong>une grande force physique<\/strong>, <strong>r\u00e9flexes rapides<\/strong> e <strong>des nerfs solides<\/strong>.<\/li>\n\n\n\n<li>C'est une course <strong>sec<\/strong>pas d'essais multiples, juste une descente \u00e0 jouer pour tout.<\/li>\n<\/ul>\n\n\n\n<p>Ouvrir les Jeux olympiques avec cette discipline signifie commencer imm\u00e9diatement avec un maximum de tension et de spectacle.<\/p>\n\n\n\n<p><strong> Les premiers h\u00e9ros des jeux<\/strong><\/p>\n\n\n\n<p>La descente sera r\u00e9compens\u00e9e <strong>les premi\u00e8res m\u00e9dailles d'or<\/strong> des Jeux olympiques de 2026, devenant ainsi l'un des moments les plus attendus et les plus suivis par les fans du monde entier.<br>Le vainqueur entrera imm\u00e9diatement dans l'histoire en remportant le premier titre olympique d'hiver d\u00e9cern\u00e9 sur le sol italien depuis 20 ans (la derni\u00e8re fois, c'\u00e9tait \u00e0 Turin en 2006).<\/p>\n\n\n\n<p><strong> Les grands favoris<\/strong><\/p>\n\n\n\n<p>Bien qu'il soit trop t\u00f4t pour \u00e9tablir des listes officielles, les champions d'Autriche, de Suisse, de Norv\u00e8ge et d'Italie dominent traditionnellement la sc\u00e8ne.<br>Tous les regards sont tourn\u00e9s vers les sp\u00e9cialistes de la vitesse, pr\u00eats \u00e0 s'affronter sur une piste qui r\u00e9compense le courage, la technique et l'endurance.<\/p>\n\n\n\n<p><strong> Une inauguration passionnante<\/strong><\/p>\n\n\n\n<p>Sans attendre la c\u00e9r\u00e9monie officielle, le vrai spectacle commencera d\u00e8s l'aube du 7 f\u00e9vrier avec le d\u00e9fi de la neige \u00e0 Bormio.<br><strong>Milan-Cortina 2026<\/strong> n'aurait pas pu choisir un meilleur d\u00e9part : de l'adr\u00e9naline pure, du givre dans l'air et le r\u00eave olympique qui prend vie imm\u00e9diatement.<\/p>\n\n\n\n<p><strong>Notez la date :<\/strong> le premier rendez-vous incontournable de Milan-Cortina sera une course \u00e0 la gloire \u00e0 couper le souffle !<\/p>\n\n\n<div class=\"amc-sqrd-sidebar-bottom\" style=\"width: 970px;height: 250px;\" id=\"amc-4210831434\"><script type=\"text\/plain\" data-tcf=\"waiting-for-consent\" data-id=\"1033\" data-bid=\"1\">PGRpdiBpZD0iYW1jLTQ5NzM5OTUyOSI+PHNjcmlwdCBhc3luYyBzcmM9Ii8vcGFnZWFkMi5nb29nbGVzeW5kaWNhdGlvbi5jb20vcGFnZWFkL2pzL2Fkc2J5Z29vZ2xlLmpzP2NsaWVudD1jYS1wdWItNDQwMTE0NTAyNzUzOTExNSIgY3Jvc3NvcmlnaW49ImFub255bW91cyI+PC9zY3JpcHQ+PGlucyBjbGFzcz0iYWRzYnlnb29nbGUiIHN0eWxlPSJkaXNwbGF5OmJsb2NrOyIgZGF0YS1hZC1jbGllbnQ9ImNhLXB1Yi00NDAxMTQ1MDI3NTM5MTE1IiAKZGF0YS1hZC1zbG90PSIiIApkYXRhLWFkLWZvcm1hdD0iYXV0byIgZGF0YS1mdWxsLXdpZHRoLXJlc3BvbnNpdmU9InRydWUiPjwvaW5zPgo8c2NyaXB0PiAKKGFkc2J5Z29vZ2xlID0gd2luZG93LmFkc2J5Z29vZ2xlIHx8IFtdKS5wdXNoKHt9KTsgCjwvc2NyaXB0Pgo8L2Rpdj4=<\/script><\/div><div class=\"amc-dopo-il-contenuto\" id=\"amc-1379471254\"><script type=\"text\/plain\" data-tcf=\"waiting-for-consent\" data-id=\"1033\" data-bid=\"1\">PGRpdiBpZD0iYW1jLTI3MTY1NDAwNCI+PHNjcmlwdCBhc3luYyBzcmM9Ii8vcGFnZWFkMi5nb29nbGVzeW5kaWNhdGlvbi5jb20vcGFnZWFkL2pzL2Fkc2J5Z29vZ2xlLmpzP2NsaWVudD1jYS1wdWItNDQwMTE0NTAyNzUzOTExNSIgY3Jvc3NvcmlnaW49ImFub255bW91cyI+PC9zY3JpcHQ+PGlucyBjbGFzcz0iYWRzYnlnb29nbGUiIHN0eWxlPSJkaXNwbGF5OmJsb2NrOyIgZGF0YS1hZC1jbGllbnQ9ImNhLXB1Yi00NDAxMTQ1MDI3NTM5MTE1IiAKZGF0YS1hZC1zbG90PSIiIApkYXRhLWFkLWZvcm1hdD0iYXV0byIgZGF0YS1mdWxsLXdpZHRoLXJlc3BvbnNpdmU9InRydWUiPjwvaW5zPgo8c2NyaXB0PiAKKGFkc2J5Z29vZ2xlID0gd2luZG93LmFkc2J5Z29vZ2xlIHx8IFtdKS5wdXNoKHt9KTsgCjwvc2NyaXB0Pgo8L2Rpdj4=<\/script><\/div>","protected":false},"excerpt":{"rendered":"<p>Le Olimpiadi Invernali di Milano-Cortina 2026 si apriranno con una delle gare pi\u00f9 iconiche e spettacolari dello sci alpino: la discesa libera maschile.Adrenalina, velocit\u00e0 e tecnica daranno subito il tono a questa edizione destinata a essere storica. Quando e Dove si Disputer\u00e0 La Stelvio \u00e8 considerata una delle piste pi\u00f9 impegnative del circuito mondiale, celebre [&hellip;]<\/p>","protected":false},"author":3,"featured_media":137,"comment_status":"open","ping_status":"open","sticky":false,"template":"","format":"standard","meta":{"_acf_changed":false,"footnotes":""},"categories":[3,1],"tags":[],"class_list":["post-270","post","type-post","status-publish","format-standard","has-post-thumbnail","hentry","category-calendario-gare","category-notizie-e-aggiornamenti"],"acf":[],"_links":{"self":[{"href":"https:\/\/aspettandomilanocortina2026.it\/fr\/wp-json\/wp\/v2\/posts\/270","targetHints":{"allow":["GET"]}}],"collection":[{"href":"https:\/\/aspettandomilanocortina2026.it\/fr\/wp-json\/wp\/v2\/posts"}],"about":[{"href":"https:\/\/aspettandomilanocortina2026.it\/fr\/wp-json\/wp\/v2\/types\/post"}],"author":[{"embeddable":true,"href":"https:\/\/aspettandomilanocortina2026.it\/fr\/wp-json\/wp\/v2\/users\/3"}],"replies":[{"embeddable":true,"href":"https:\/\/aspettandomilanocortina2026.it\/fr\/wp-json\/wp\/v2\/comments?post=270"}],"version-history":[{"count":2,"href":"https:\/\/aspettandomilanocortina2026.it\/fr\/wp-json\/wp\/v2\/posts\/270\/revisions"}],"predecessor-version":[{"id":291,"href":"https:\/\/aspettandomilanocortina2026.it\/fr\/wp-json\/wp\/v2\/posts\/270\/revisions\/291"}],"wp:featuredmedia":[{"embeddable":true,"href":"https:\/\/aspettandomilanocortina2026.it\/fr\/wp-json\/wp\/v2\/media\/137"}],"wp:attachment":[{"href":"https:\/\/aspettandomilanocortina2026.it\/fr\/wp-json\/wp\/v2\/media?parent=270"}],"wp:term":[{"taxonomy":"category","embeddable":true,"href":"https:\/\/aspettandomilanocortina2026.it\/fr\/wp-json\/wp\/v2\/categories?post=270"},{"taxonomy":"post_tag","embeddable":true,"href":"https:\/\/aspettandomilanocortina2026.it\/fr\/wp-json\/wp\/v2\/tags?post=270"}],"curies":[{"name":"wp","href":"https:\/\/api.w.org\/{rel}","templated":true}]}}