{"id":252,"date":"2025-04-28T15:24:54","date_gmt":"2025-04-28T14:24:54","guid":{"rendered":"https:\/\/aspettandomilanocortina2026.it\/?p=252"},"modified":"2025-04-29T15:07:11","modified_gmt":"2025-04-29T14:07:11","slug":"milan-cortina-2026-installations-en-construction-et-en-renovation-pour-les-jeux-olympiques-dhiver","status":"publish","type":"post","link":"https:\/\/aspettandomilanocortina2026.it\/fr\/milan-cortina-2026-installations-en-construction-et-en-renovation-pour-les-jeux-olympiques-dhiver\/","title":{"rendered":"Milan-Cortina 2026 : installations en construction et en r\u00e9novation pour les Jeux olympiques d'hiver"},"content":{"rendered":"<script type=\"text\/plain\" data-tcf=\"waiting-for-consent\" data-id=\"1033\" data-bid=\"1\" data-placement=\"1034\">PGRpdiBpZD0iYW1jLTMwMTc5NzE2NTUiIGNsYXNzPSJhbWMtcHJpbWEtZGVsLWNvbnRlbnV0byI+PHNjcmlwdCBhc3luYyBzcmM9Ii8vcGFnZWFkMi5nb29nbGVzeW5kaWNhdGlvbi5jb20vcGFnZWFkL2pzL2Fkc2J5Z29vZ2xlLmpzP2NsaWVudD1jYS1wdWItNDQwMTE0NTAyNzUzOTExNSIgY3Jvc3NvcmlnaW49ImFub255bW91cyI+PC9zY3JpcHQ+PGlucyBjbGFzcz0iYWRzYnlnb29nbGUiIHN0eWxlPSJkaXNwbGF5OmJsb2NrOyIgZGF0YS1hZC1jbGllbnQ9ImNhLXB1Yi00NDAxMTQ1MDI3NTM5MTE1IiAKZGF0YS1hZC1zbG90PSIiIApkYXRhLWFkLWZvcm1hdD0iYXV0byIgZGF0YS1mdWxsLXdpZHRoLXJlc3BvbnNpdmU9InRydWUiPjwvaW5zPgo8c2NyaXB0PiAKKGFkc2J5Z29vZ2xlID0gd2luZG93LmFkc2J5Z29vZ2xlIHx8IFtdKS5wdXNoKHt9KTsgCjwvc2NyaXB0Pgo8L2Rpdj4=<\/script>\n<p>I <strong>Jeux olympiques d'hiver de 2026 \u00e0 Milan-Cortina<\/strong> repr\u00e9sentent non seulement un \u00e9v\u00e9nement sportif extraordinaire, mais aussi un important projet de renouvellement et de durabilit\u00e9 pour l'Italie. Pour accueillir les athl\u00e8tes du monde entier et leur offrir une exp\u00e9rience olympique m\u00e9morable, le pays investit dans les domaines suivants <strong>nouvelles constructions<\/strong>, <strong>r\u00e9novation<\/strong> e <strong>modernisations<\/strong> strat\u00e9gique, avec un objectif cl\u00e9 : <strong>minimiser l'impact sur l'environnement et maximiser l'h\u00e9ritage futur<\/strong>.<\/p><script type=\"text\/plain\" data-tcf=\"waiting-for-consent\" data-id=\"1037\" data-bid=\"1\" data-placement=\"726\">PGRpdiBpZD0iYW1jLTI3NzM4Mjk1NTgiIGNsYXNzPSJhbWMtcG9zdC1jb250ZW50IiBzdHlsZT0ibWFyZ2luLWxlZnQ6IGF1dG87bWFyZ2luLXJpZ2h0OiBhdXRvO3RleHQtYWxpZ246IGNlbnRlcjsiPjxzY3JpcHQgYXN5bmMgc3JjPSIvL3BhZ2VhZDIuZ29vZ2xlc3luZGljYXRpb24uY29tL3BhZ2VhZC9qcy9hZHNieWdvb2dsZS5qcz9jbGllbnQ9Y2EtcHViLTQ0MDExNDUwMjc1MzkxMTUiIGNyb3Nzb3JpZ2luPSJhbm9ueW1vdXMiPjwvc2NyaXB0PjxpbnMgY2xhc3M9ImFkc2J5Z29vZ2xlIiBzdHlsZT0iZGlzcGxheTpibG9jazsiIGRhdGEtYWQtY2xpZW50PSJjYS1wdWItNDQwMTE0NTAyNzUzOTExNSIgCmRhdGEtYWQtc2xvdD0iODAyMDU4Mzc5MyIgCmRhdGEtYWQtZm9ybWF0PSJhdXRvIiBkYXRhLWZ1bGwtd2lkdGgtcmVzcG9uc2l2ZT0idHJ1ZSI+PC9pbnM+CjxzY3JpcHQ+IAooYWRzYnlnb29nbGUgPSB3aW5kb3cuYWRzYnlnb29nbGUgfHwgW10pLnB1c2goe30pOyAKPC9zY3JpcHQ+CjwvZGl2PjxiciBzdHlsZT0iY2xlYXI6IGJvdGg7IGRpc3BsYXk6IGJsb2NrOyBmbG9hdDogbm9uZTsiLz4=<\/script>\n\n\n\n<p>D\u00e9couvrons en d\u00e9tail les principaux travaux pr\u00e9vus !<\/p><script type=\"text\/plain\" data-tcf=\"waiting-for-consent\" data-id=\"1033\" data-bid=\"1\" data-placement=\"985\">PGRpdiBpZD0iYW1jLTM1ODE5MjExMzQiIGNsYXNzPSJhbWMtbWgtbWlkIj48c2NyaXB0IGFzeW5jIHNyYz0iLy9wYWdlYWQyLmdvb2dsZXN5bmRpY2F0aW9uLmNvbS9wYWdlYWQvanMvYWRzYnlnb29nbGUuanM\/Y2xpZW50PWNhLXB1Yi00NDAxMTQ1MDI3NTM5MTE1IiBjcm9zc29yaWdpbj0iYW5vbnltb3VzIj48L3NjcmlwdD48aW5zIGNsYXNzPSJhZHNieWdvb2dsZSIgc3R5bGU9ImRpc3BsYXk6YmxvY2s7IiBkYXRhLWFkLWNsaWVudD0iY2EtcHViLTQ0MDExNDUwMjc1MzkxMTUiIApkYXRhLWFkLXNsb3Q9IiIgCmRhdGEtYWQtZm9ybWF0PSJhdXRvIiBkYXRhLWZ1bGwtd2lkdGgtcmVzcG9uc2l2ZT0idHJ1ZSI+PC9pbnM+CjxzY3JpcHQ+IAooYWRzYnlnb29nbGUgPSB3aW5kb3cuYWRzYnlnb29nbGUgfHwgW10pLnB1c2goe30pOyAKPC9zY3JpcHQ+CjwvZGl2Pg==<\/script>\n\n\n\n<p><strong> Milan : le centre n\u00e9vralgique du hockey et des c\u00e9r\u00e9monies<\/strong><\/p>\n\n\n\n<p><strong>\u2794<\/strong><strong> Nouvelle PalaItalia \u00e0 Santa Giulia<\/strong><\/p>\n\n\n\n<ul class=\"wp-block-list\">\n<li> <strong>Localisation<\/strong>Quartier de Santa Giulia, Milan<\/li>\n\n\n\n<li> <strong>Fonctionnement pendant les jeux<\/strong>: Les matches du tournoi de <strong>hockey sur glace masculin<\/strong><\/li>\n\n\n\n<li> <strong>Capacit\u00e9<\/strong>: \u00e0 propos <strong>15 000 spectateurs<\/strong><\/li>\n\n\n\n<li> <strong>Caract\u00e9ristiques<\/strong>PalaItalia : Con\u00e7u selon les normes les plus strictes en mati\u00e8re de d\u00e9veloppement durable (certification LEED Gold), le PalaItalia deviendra un point de rep\u00e8re pour les \u00e9v\u00e9nements internationaux, les concerts et les manifestations sportives.<\/li>\n\n\n\n<li> <strong>Situation<\/strong>Le site est en cours de construction et devrait \u00eatre achev\u00e9 en 2025. Il est possible qu'il accueille des \u00e9preuves de test pr\u00e9olympiques.<\/li>\n<\/ul>\n\n\n\n<p><strong>Curiosit\u00e9s<\/strong>Le PalaItalia ne sera pas seulement un espace olympique : apr\u00e8s 2026, il accueillera \u00e9galement des matchs internationaux de hockey et de basket-ball, devenant ainsi une nouvelle ic\u00f4ne de l'architecture sportive milanaise.<\/p>\n\n\n\n<p><strong>\u2794<\/strong><strong> Fiera Milano Rho - Ovale temporaire<\/strong><\/p>\n\n\n\n<ul class=\"wp-block-list\">\n<li> <strong>Localisation<\/strong>: Rho (Milan)<\/li>\n\n\n\n<li> <strong>Fonction<\/strong>Patinage de vitesse (patinoire de 400 m\u00e8tres)<\/li>\n\n\n\n<li> <strong>Type<\/strong>Le projet est une structure temporaire install\u00e9e dans un hall d'exposition, qui peut \u00eatre enti\u00e8rement d\u00e9mont\u00e9e apr\u00e8s l'\u00e9v\u00e9nement, ce qui est parfaitement conforme aux principes de la durabilit\u00e9.<\/li>\n\n\n\n<li> <strong>Statut<\/strong>Les travaux d'adaptation sont pr\u00e9vus pour 2025-2026.<\/li>\n<\/ul>\n\n\n\n<p><strong> Cortina d'Ampezzo : tradition et innovation dans les Dolomites<\/strong><\/p>\n\n\n\n<p><strong>\u2794<\/strong><strong> Piste olympique Eugenio Monti<\/strong><\/p>\n\n\n\n<ul class=\"wp-block-list\">\n<li> <strong>Localisation<\/strong>Cortina d'Ampezzo<\/li>\n\n\n\n<li> <strong>Discipline<\/strong>Bobsleigh, Skeleton, Luge<\/li>\n\n\n\n<li> <strong>Description<\/strong>La nouvelle piste d'athl\u00e9tisme est une reconstruction moderne de la piste historique, inaugur\u00e9e \u00e0 l'occasion des Jeux de 1956. La nouvelle piste sera parmi les plus technologiques et les plus s\u00fbres au monde.<\/li>\n\n\n\n<li> <strong>Durabilit\u00e9<\/strong>Le b\u00e2timent est construit selon des crit\u00e8res de faible impact sur l'environnement et des plans pr\u00e9cis pour une utilisation apr\u00e8s les Jeux olympiques.<\/li>\n\n\n\n<li> <strong>Statut<\/strong>Construction avanc\u00e9e, pr\u00eat pour la fin de 2025.<\/li>\n<\/ul>\n\n\n\n<p><strong>Curiosit\u00e9s<\/strong>Eugenio Monti : Le nom \"Eugenio Monti\" est un hommage \u00e0 l'un des plus grands bobbistes italiens, connu non seulement pour ses victoires, mais aussi pour le geste sportif qui lui a valu la premi\u00e8re m\u00e9daille du fair-play de Pierre de Coubertin.<\/p>\n\n\n\n<p><strong>\u2794<\/strong><strong> Stade olympique de glace<\/strong><\/p>\n\n\n\n<ul class=\"wp-block-list\">\n<li> <strong>Localisation<\/strong>Cortina d'Ampezzo<\/li>\n\n\n\n<li> <strong>Discipline<\/strong>: Curling<\/li>\n\n\n\n<li> <strong>Interventions<\/strong>R\u00e9novation de la structure historique avec am\u00e9lioration du toit, du syst\u00e8me de r\u00e9frig\u00e9ration et des tribunes pour une plus grande capacit\u00e9 d'accueil.<\/li>\n\n\n\n<li> <strong>Statut<\/strong>Renouvellement en cours.<\/li>\n<\/ul>\n\n\n\n<p><strong> Livigno et Bormio : les paradis de la neige<\/strong><\/p>\n\n\n\n<p><strong>\u2794<\/strong><strong> Snowpark Mottolino (Livigno)<\/strong><\/p>\n\n\n\n<ul class=\"wp-block-list\">\n<li> <strong>Localisation<\/strong>Livigno : Livigno<\/li>\n\n\n\n<li> <strong>Discipline<\/strong>Les sports de glisse : Snowboard et Freestyle (Slopestyle, Big Air, Halfpipe)<\/li>\n\n\n\n<li> <strong>Travaux<\/strong>L'expansion et la cr\u00e9ation de nouvelles zones de concurrence permanentes et modernes.<\/li>\n\n\n\n<li> <strong>Conclusion attendue<\/strong>: 2025<\/li>\n<\/ul>\n\n\n\n<p><strong>\u2794<\/strong><strong> Pente du Stelvio (Bormio)<\/strong><\/p>\n\n\n\n<ul class=\"wp-block-list\">\n<li> <strong>Localisation<\/strong>Bormio : Bormio<\/li>\n\n\n\n<li> <strong>Discipline<\/strong>Ski alpin masculin (descente et Super-G)<\/li>\n\n\n\n<li> <strong>Interventions<\/strong>Am\u00e9lioration de la s\u00e9curit\u00e9 et de l'infrastructure d'appui.<\/li>\n\n\n\n<li> <strong>Situation<\/strong>Ajustements d\u00e9j\u00e0 en cours.<\/li>\n<\/ul>\n\n\n\n<p><strong> Val di Fiemme : le c\u0153ur du nord de l'Italie<\/strong><\/p>\n\n\n\n<p><strong>\u2794<\/strong><strong> Stade de saut \u00e0 ski de Predazzo<\/strong><\/p>\n\n\n\n<ul class=\"wp-block-list\">\n<li> <strong>Localisation<\/strong>Predazzo<\/li>\n\n\n\n<li> <strong>Discipline<\/strong>Saut \u00e0 ski et combin\u00e9 nordique<\/li>\n\n\n\n<li> <strong>Interventions<\/strong>La nouvelle version de l'appareil est en cours d'homologation par la F\u00e9d\u00e9ration internationale de ski (FIS).<\/li>\n<\/ul>\n\n\n\n<p><strong>\u2794<\/strong><strong> Centre de fonds Tesero<\/strong><\/p>\n\n\n\n<ul class=\"wp-block-list\">\n<li> <strong>Localisation<\/strong>Tesero<\/li>\n\n\n\n<li> <strong>Discipline<\/strong>Ski de fond : Ski de fond<\/li>\n\n\n\n<li> <strong>Ajustements<\/strong>Les nouvelles pistes, l'am\u00e9lioration de l'enneigement et l'am\u00e9lioration des installations logistiques.<\/li>\n<\/ul>\n\n\n\n<p><strong> Antholz : Temple du biathlon<\/strong><\/p>\n\n\n\n<p><strong>\u2794<\/strong><strong> Salle de biathlon<\/strong><\/p>\n\n\n\n<ul class=\"wp-block-list\">\n<li> <strong>Localisation<\/strong>Anterselva\/Antholz<\/li>\n\n\n\n<li> <strong>Discipline<\/strong>Biathlon<\/li>\n\n\n\n<li> <strong>Travaux<\/strong>R\u00e9novation des tribunes, agrandissement des zones techniques, mise \u00e0 niveau technologique.<\/li>\n<\/ul>\n\n\n\n<p><strong> V\u00e9rone : une fermeture historique<\/strong><\/p>\n\n\n\n<p><strong>\u2794<\/strong><strong> Ar\u00e8nes de V\u00e9rone<\/strong><\/p>\n\n\n\n<ul class=\"wp-block-list\">\n<li> <strong>Localisation<\/strong>: V\u00e9rone<\/li>\n\n\n\n<li> <strong>Fonction<\/strong>C\u00e9r\u00e9monie de cl\u00f4ture<\/li>\n\n\n\n<li> <strong>Projets<\/strong>Les travaux de r\u00e9novation de l'amphith\u00e9\u00e2tre romain ont \u00e9t\u00e9 men\u00e9s \u00e0 bien gr\u00e2ce \u00e0 l'utilisation d'installations sc\u00e9niques temporaires, sans alt\u00e9rer la valeur historique et artistique de l'amphith\u00e9\u00e2tre romain.<\/li>\n<\/ul>\n\n\n\n<p><strong> Les villages olympiques : vivre les Jeux de mani\u00e8re durable<\/strong><\/p>\n\n\n\n<p>Trois villages principaux accueilleront les athl\u00e8tes :<\/p>\n\n\n\n<ul class=\"wp-block-list\">\n<li><strong>Milan (Porta Romana)<\/strong>Les b\u00e2timents de l'universit\u00e9 : transform\u00e9s apr\u00e8s les Jeux en r\u00e9sidences universitaires.<\/li>\n\n\n\n<li><strong>Cortina d'Ampezzo<\/strong>Les b\u00e2timents de l'h\u00f4tel ont \u00e9t\u00e9 transform\u00e9s en logements pour les r\u00e9sidents et les voyagistes.<\/li>\n\n\n\n<li><strong>Livigno<\/strong>Structures l\u00e9g\u00e8res, con\u00e7ues pour \u00eatre r\u00e9utilis\u00e9es.<\/li>\n<\/ul>\n\n\n\n<p><strong>Objectif<\/strong>laisser une trace concr\u00e8te et utile pour les communaut\u00e9s locales.<\/p>\n\n\n\n<p><strong> Des Jeux olympiques durables<\/strong><\/p>\n\n\n\n<p>Milan-Cortina a l'ambition de figurer parmi les plus grandes villes du monde. <strong>vert<\/strong> de l'histoire :<\/p>\n\n\n\n<ul class=\"wp-block-list\">\n<li>R\u00e9utilisation du 93% dans des installations existantes<\/li>\n\n\n\n<li>Utilisation des \u00e9nergies renouvelables<\/li>\n\n\n\n<li>Compensation totale des \u00e9missions de CO\u2082<\/li>\n\n\n\n<li>Minimisation de la consommation de nouvelles terres<\/li>\n<\/ul>\n\n\n\n<p><strong> Un aper\u00e7u de l'avenir<\/strong><\/p>\n\n\n\n<p>Avec Milan-Cortina 2026, l'Italie veut montrer qu'il est possible d'organiser des r\u00e9unions d'experts. <strong>un \u00e9v\u00e9nement mondial majeur<\/strong> dans le respect des territoires, en valorisant leurs richesses naturelles, historiques et culturelles.<\/p>\n\n\n\n<p>Les nouvelles installations ne seront pas seulement des sc\u00e9narios de comp\u00e9tition, mais aussi <strong>lieux de sport, de tourisme et de culture<\/strong> pour les g\u00e9n\u00e9rations futures.<\/p>\n\n\n\n<p><strong>Milan-Cortina 2026<\/strong> sera un chapitre m\u00e9morable, non seulement pour ceux qui gagneront des m\u00e9dailles, mais aussi pour tout le pays.<\/p>\n\n\n<div class=\"amc-sqrd-sidebar-bottom\" style=\"width: 970px;height: 250px;\" id=\"amc-2289479233\"><script type=\"text\/plain\" data-tcf=\"waiting-for-consent\" data-id=\"1033\" data-bid=\"1\">PGRpdiBpZD0iYW1jLTE2MzM3OTY2MjMiPjxzY3JpcHQgYXN5bmMgc3JjPSIvL3BhZ2VhZDIuZ29vZ2xlc3luZGljYXRpb24uY29tL3BhZ2VhZC9qcy9hZHNieWdvb2dsZS5qcz9jbGllbnQ9Y2EtcHViLTQ0MDExNDUwMjc1MzkxMTUiIGNyb3Nzb3JpZ2luPSJhbm9ueW1vdXMiPjwvc2NyaXB0PjxpbnMgY2xhc3M9ImFkc2J5Z29vZ2xlIiBzdHlsZT0iZGlzcGxheTpibG9jazsiIGRhdGEtYWQtY2xpZW50PSJjYS1wdWItNDQwMTE0NTAyNzUzOTExNSIgCmRhdGEtYWQtc2xvdD0iIiAKZGF0YS1hZC1mb3JtYXQ9ImF1dG8iIGRhdGEtZnVsbC13aWR0aC1yZXNwb25zaXZlPSJ0cnVlIj48L2lucz4KPHNjcmlwdD4gCihhZHNieWdvb2dsZSA9IHdpbmRvdy5hZHNieWdvb2dsZSB8fCBbXSkucHVzaCh7fSk7IAo8L3NjcmlwdD4KPC9kaXY+<\/script><\/div><div class=\"amc-dopo-il-contenuto\" id=\"amc-3431665186\"><script type=\"text\/plain\" data-tcf=\"waiting-for-consent\" data-id=\"1033\" data-bid=\"1\">PGRpdiBpZD0iYW1jLTMzODU5MTMxMzciPjxzY3JpcHQgYXN5bmMgc3JjPSIvL3BhZ2VhZDIuZ29vZ2xlc3luZGljYXRpb24uY29tL3BhZ2VhZC9qcy9hZHNieWdvb2dsZS5qcz9jbGllbnQ9Y2EtcHViLTQ0MDExNDUwMjc1MzkxMTUiIGNyb3Nzb3JpZ2luPSJhbm9ueW1vdXMiPjwvc2NyaXB0PjxpbnMgY2xhc3M9ImFkc2J5Z29vZ2xlIiBzdHlsZT0iZGlzcGxheTpibG9jazsiIGRhdGEtYWQtY2xpZW50PSJjYS1wdWItNDQwMTE0NTAyNzUzOTExNSIgCmRhdGEtYWQtc2xvdD0iIiAKZGF0YS1hZC1mb3JtYXQ9ImF1dG8iIGRhdGEtZnVsbC13aWR0aC1yZXNwb25zaXZlPSJ0cnVlIj48L2lucz4KPHNjcmlwdD4gCihhZHNieWdvb2dsZSA9IHdpbmRvdy5hZHNieWdvb2dsZSB8fCBbXSkucHVzaCh7fSk7IAo8L3NjcmlwdD4KPC9kaXY+<\/script><\/div>","protected":false},"excerpt":{"rendered":"<p>I Giochi Olimpici Invernali di Milano-Cortina 2026 rappresentano non solo uno straordinario evento sportivo, ma anche un importante progetto di rinnovamento e sostenibilit\u00e0 per l\u2019Italia. Per accogliere atleti da tutto il mondo e offrire un&#8217;esperienza olimpica memorabile, il Paese sta investendo in nuove costruzioni, ristrutturazioni e ammodernamenti strategici, con un obiettivo chiave: minimizzare l&#8217;impatto ambientale [&hellip;]<\/p>","protected":false},"author":3,"featured_media":253,"comment_status":"open","ping_status":"open","sticky":false,"template":"","format":"standard","meta":{"_acf_changed":false,"footnotes":""},"categories":[1,4],"tags":[],"class_list":["post-252","post","type-post","status-publish","format-standard","has-post-thumbnail","hentry","category-notizie-e-aggiornamenti","category-dietro-le-quinte"],"acf":[],"_links":{"self":[{"href":"https:\/\/aspettandomilanocortina2026.it\/fr\/wp-json\/wp\/v2\/posts\/252","targetHints":{"allow":["GET"]}}],"collection":[{"href":"https:\/\/aspettandomilanocortina2026.it\/fr\/wp-json\/wp\/v2\/posts"}],"about":[{"href":"https:\/\/aspettandomilanocortina2026.it\/fr\/wp-json\/wp\/v2\/types\/post"}],"author":[{"embeddable":true,"href":"https:\/\/aspettandomilanocortina2026.it\/fr\/wp-json\/wp\/v2\/users\/3"}],"replies":[{"embeddable":true,"href":"https:\/\/aspettandomilanocortina2026.it\/fr\/wp-json\/wp\/v2\/comments?post=252"}],"version-history":[{"count":2,"href":"https:\/\/aspettandomilanocortina2026.it\/fr\/wp-json\/wp\/v2\/posts\/252\/revisions"}],"predecessor-version":[{"id":298,"href":"https:\/\/aspettandomilanocortina2026.it\/fr\/wp-json\/wp\/v2\/posts\/252\/revisions\/298"}],"wp:featuredmedia":[{"embeddable":true,"href":"https:\/\/aspettandomilanocortina2026.it\/fr\/wp-json\/wp\/v2\/media\/253"}],"wp:attachment":[{"href":"https:\/\/aspettandomilanocortina2026.it\/fr\/wp-json\/wp\/v2\/media?parent=252"}],"wp:term":[{"taxonomy":"category","embeddable":true,"href":"https:\/\/aspettandomilanocortina2026.it\/fr\/wp-json\/wp\/v2\/categories?post=252"},{"taxonomy":"post_tag","embeddable":true,"href":"https:\/\/aspettandomilanocortina2026.it\/fr\/wp-json\/wp\/v2\/tags?post=252"}],"curies":[{"name":"wp","href":"https:\/\/api.w.org\/{rel}","templated":true}]}}