{"id":239,"date":"2025-04-24T16:29:12","date_gmt":"2025-04-24T15:29:12","guid":{"rendered":"https:\/\/aspettandomilanocortina2026.it\/?p=239"},"modified":"2025-04-29T15:21:24","modified_gmt":"2025-04-29T14:21:24","slug":"ceremonie-douverture-de-milan-cortina-2026-litalie-donne-le-coup-denvoi-des-jeux-avec-un-spectacle-historique","status":"publish","type":"post","link":"https:\/\/aspettandomilanocortina2026.it\/fr\/ceremonie-douverture-de-milan-cortina-2026-litalie-donne-le-coup-denvoi-des-jeux-avec-un-spectacle-historique\/","title":{"rendered":"C\u00e9r\u00e9monie d'ouverture de Milan-Cortina 2026 : l'Italie donne le coup d'envoi des Jeux avec un spectacle historique"},"content":{"rendered":"<script type=\"text\/plain\" data-tcf=\"waiting-for-consent\" data-id=\"1033\" data-bid=\"1\" data-placement=\"1034\">PGRpdiBpZD0iYW1jLTE1NTcwNDA0NjUiIGNsYXNzPSJhbWMtcHJpbWEtZGVsLWNvbnRlbnV0byI+PHNjcmlwdCBhc3luYyBzcmM9Ii8vcGFnZWFkMi5nb29nbGVzeW5kaWNhdGlvbi5jb20vcGFnZWFkL2pzL2Fkc2J5Z29vZ2xlLmpzP2NsaWVudD1jYS1wdWItNDQwMTE0NTAyNzUzOTExNSIgY3Jvc3NvcmlnaW49ImFub255bW91cyI+PC9zY3JpcHQ+PGlucyBjbGFzcz0iYWRzYnlnb29nbGUiIHN0eWxlPSJkaXNwbGF5OmJsb2NrOyIgZGF0YS1hZC1jbGllbnQ9ImNhLXB1Yi00NDAxMTQ1MDI3NTM5MTE1IiAKZGF0YS1hZC1zbG90PSIiIApkYXRhLWFkLWZvcm1hdD0iYXV0byIgZGF0YS1mdWxsLXdpZHRoLXJlc3BvbnNpdmU9InRydWUiPjwvaW5zPgo8c2NyaXB0PiAKKGFkc2J5Z29vZ2xlID0gd2luZG93LmFkc2J5Z29vZ2xlIHx8IFtdKS5wdXNoKHt9KTsgCjwvc2NyaXB0Pgo8L2Rpdj4=<\/script>\n<p>Le <strong>6 f\u00e9vrier 2026<\/strong>le monde entier aura les yeux riv\u00e9s sur l'Italie pour assister \u00e0 la <strong>C\u00e9r\u00e9monie d'ouverture des Jeux olympiques d'hiver de Milan-Cortina 2026<\/strong>. Il s'agira d'un \u00e9v\u00e9nement historique, riche de sens, qui unira les pays de l'Union europ\u00e9enne. <strong>sport, culture et divertissement<\/strong> dans une grande \u00e9treinte. Et pour la premi\u00e8re fois dans l'histoire des Jeux d'hiver, l'ouverture aura lieu dans une salle de sport. <strong>stade de football<\/strong>l'historien <strong>San Siro \u00e0 Milan<\/strong>.<\/p><script type=\"text\/plain\" data-tcf=\"waiting-for-consent\" data-id=\"1037\" data-bid=\"1\" data-placement=\"726\">PGRpdiBpZD0iYW1jLTI4NzUzNDA4OTgiIGNsYXNzPSJhbWMtcG9zdC1jb250ZW50IiBzdHlsZT0ibWFyZ2luLWxlZnQ6IGF1dG87bWFyZ2luLXJpZ2h0OiBhdXRvO3RleHQtYWxpZ246IGNlbnRlcjsiPjxzY3JpcHQgYXN5bmMgc3JjPSIvL3BhZ2VhZDIuZ29vZ2xlc3luZGljYXRpb24uY29tL3BhZ2VhZC9qcy9hZHNieWdvb2dsZS5qcz9jbGllbnQ9Y2EtcHViLTQ0MDExNDUwMjc1MzkxMTUiIGNyb3Nzb3JpZ2luPSJhbm9ueW1vdXMiPjwvc2NyaXB0PjxpbnMgY2xhc3M9ImFkc2J5Z29vZ2xlIiBzdHlsZT0iZGlzcGxheTpibG9jazsiIGRhdGEtYWQtY2xpZW50PSJjYS1wdWItNDQwMTE0NTAyNzUzOTExNSIgCmRhdGEtYWQtc2xvdD0iODAyMDU4Mzc5MyIgCmRhdGEtYWQtZm9ybWF0PSJhdXRvIiBkYXRhLWZ1bGwtd2lkdGgtcmVzcG9uc2l2ZT0idHJ1ZSI+PC9pbnM+CjxzY3JpcHQ+IAooYWRzYnlnb29nbGUgPSB3aW5kb3cuYWRzYnlnb29nbGUgfHwgW10pLnB1c2goe30pOyAKPC9zY3JpcHQ+CjwvZGl2PjxiciBzdHlsZT0iY2xlYXI6IGJvdGg7IGRpc3BsYXk6IGJsb2NrOyBmbG9hdDogbm9uZTsiLz4=<\/script>\n\n\n\n<p><strong> San Siro : un stade embl\u00e9matique pour un \u00e9v\u00e9nement mondial<\/strong><\/p><script type=\"text\/plain\" data-tcf=\"waiting-for-consent\" data-id=\"1033\" data-bid=\"1\" data-placement=\"985\">PGRpdiBpZD0iYW1jLTIwNTQ3NzQ3MzkiIGNsYXNzPSJhbWMtbWgtbWlkIj48c2NyaXB0IGFzeW5jIHNyYz0iLy9wYWdlYWQyLmdvb2dsZXN5bmRpY2F0aW9uLmNvbS9wYWdlYWQvanMvYWRzYnlnb29nbGUuanM\/Y2xpZW50PWNhLXB1Yi00NDAxMTQ1MDI3NTM5MTE1IiBjcm9zc29yaWdpbj0iYW5vbnltb3VzIj48L3NjcmlwdD48aW5zIGNsYXNzPSJhZHNieWdvb2dsZSIgc3R5bGU9ImRpc3BsYXk6YmxvY2s7IiBkYXRhLWFkLWNsaWVudD0iY2EtcHViLTQ0MDExNDUwMjc1MzkxMTUiIApkYXRhLWFkLXNsb3Q9IiIgCmRhdGEtYWQtZm9ybWF0PSJhdXRvIiBkYXRhLWZ1bGwtd2lkdGgtcmVzcG9uc2l2ZT0idHJ1ZSI+PC9pbnM+CjxzY3JpcHQ+IAooYWRzYnlnb29nbGUgPSB3aW5kb3cuYWRzYnlnb29nbGUgfHwgW10pLnB1c2goe30pOyAKPC9zY3JpcHQ+CjwvZGl2Pg==<\/script>\n\n\n\n<p>Lo <strong>Stade Giuseppe Meazza<\/strong>Plus connu sous le nom de San Siro, le stade est l'une des enceintes sportives les plus embl\u00e9matiques d'Europe. Il a accueilli des finales de la Ligue des champions, des concerts historiques et des derbies enflamm\u00e9s entre l'AC Milan et l'Inter Milan. Aujourd'hui, il s'appr\u00eate \u00e0 devenir le th\u00e9\u00e2tre de l'\u00e9v\u00e9nement sportif le plus important de l'histoire de l'Europe. <strong>c\u00e9r\u00e9monie d'ouverture des XXVe Jeux olympiques d'hiver<\/strong>.<\/p>\n\n\n\n<p>Avec une capacit\u00e9 de plus de <strong>80 000 places<\/strong>Le site d'accueil des Jeux olympiques d'hiver sera le premier site non montagneux \u00e0 accueillir une c\u00e9r\u00e9monie olympique d'hiver, marquant ainsi une \u00e9tape importante dans l'histoire des Jeux olympiques d'hiver. <strong>un tournant logistique et culturel<\/strong> dans l'organisation des Jeux.<\/p>\n\n\n\n<p><strong> Ce que l'on peut attendre de la c\u00e9r\u00e9monie<\/strong><\/p>\n\n\n\n<p>Comme le veut la tradition olympique, la c\u00e9r\u00e9monie sera un m\u00e9lange de :<\/p>\n\n\n\n<ul class=\"wp-block-list\">\n<li><strong>D\u00e9fil\u00e9 des nations<\/strong>Toutes les d\u00e9l\u00e9gations en lice d\u00e9fileront derri\u00e8re leur drapeau. L'Italie, pays h\u00f4te, d\u00e9filera en dernier, accueillie par un rugissement tricolore.<\/li>\n\n\n\n<li><strong>Allumer le brasier olympique<\/strong>le moment le plus symbolique et le plus attendu. L'identit\u00e9 du dernier porteur de la flamme est encore top secr\u00e8te, mais on parle de <strong>une l\u00e9gende du sport italien<\/strong>ou peut-\u00eatre <strong>un jeune symbole de l'avenir<\/strong>.<\/li>\n\n\n\n<li><strong>Performance artistique<\/strong>Milan organisera <strong>une \u0153uvre visuelle moderne et inclusive<\/strong>Le spectacle est compos\u00e9 de musique, de danse, de projections, de technologie num\u00e9rique et de chor\u00e9graphies inspir\u00e9es par l'histoire et l'avenir des Alpes.<\/li>\n\n\n\n<li><strong>Discours d'ouverture<\/strong>prononc\u00e9e par un repr\u00e9sentant du CIO et le pr\u00e9sident de la R\u00e9publique italienne, selon la formule classique : <em>\"Je d\u00e9clare ouverts les Jeux Olympiques d'hiver \u00e0 Milan-Cortina\".<\/em>.<\/li>\n<\/ul>\n\n\n\n<p><strong> Un message d'unit\u00e9 et de durabilit\u00e9<\/strong><\/p>\n\n\n\n<p>Milan-Cortina 2026 seront les premiers Jeux olympiques d'hiver <strong>r\u00e9partis sur un territoire aussi vaste<\/strong>avec des \u00e9v\u00e9nements r\u00e9partis en Lombardie, en V\u00e9n\u00e9tie, dans le Trentin-Haut-Adige et m\u00eame \u00e0 V\u00e9rone. La c\u00e9r\u00e9monie d'ouverture se veut le reflet de cette r\u00e9alit\u00e9 <strong>concept d'unit\u00e9 dans la diversit\u00e9<\/strong>la mise en \u00e9vidence :<\/p>\n\n\n\n<ul class=\"wp-block-list\">\n<li>l'<strong>l'inclusion des communaut\u00e9s locales<\/strong><\/li>\n\n\n\n<li>l'<strong>l'attention port\u00e9e \u00e0 l'environnement<\/strong><\/li>\n\n\n\n<li>les <strong>la valorisation du patrimoine culturel italien<\/strong><\/li>\n<\/ul>\n\n\n\n<p>Le th\u00e8me central sera la <strong>lien entre la tradition et l'avenir<\/strong>entre les montagnes et les villes, entre l'histoire olympique et les nouvelles g\u00e9n\u00e9rations.<\/p>\n\n\n\n<p><strong> Un \u00e9v\u00e9nement mondial<\/strong><\/p>\n\n\n\n<p>La c\u00e9r\u00e9monie sera retransmise en <strong>plus de 200 pays<\/strong> et sera suivi par <strong>des centaines de millions de t\u00e9l\u00e9spectateurs<\/strong>. Il sera r\u00e9alis\u00e9 par une \u00e9quipe internationale dirig\u00e9e par des artistes italiens ayant l'exp\u00e9rience des grands \u00e9v\u00e9nements mondiaux. L'utilisation de <strong>drones, vid\u00e9omapping, effets sp\u00e9ciaux et chor\u00e9graphie a\u00e9rienne<\/strong>pour un spectacle qui restera dans les annales.<\/p>\n\n\n\n<p><strong> Les attentes du public et des athl\u00e8tes<\/strong><\/p>\n\n\n\n<p>Les athl\u00e8tes vivent la c\u00e9r\u00e9monie d'ouverture comme <strong>le moment qui donne un sens au r\u00eave olympique<\/strong>. C'est le d\u00e9part officiel, le moment o\u00f9 la tension se m\u00eale \u00e0 la fiert\u00e9. Pour le public italien, ce sera l'occasion de <strong>embrasser le monde<\/strong> et de d\u00e9montrer une fois de plus son <strong>capacit\u00e9 \u00e0 accueillir des \u00e9v\u00e9nements majeurs avec chaleur, passion et expertise<\/strong>.<\/p>\n\n\n\n<p><strong> Vers 17 jours de sport, d'\u00e9motions et d'histoire<\/strong><\/p>\n\n\n\n<p>Apr\u00e8s la c\u00e9r\u00e9monie, les Jeux entreront dans le vif du sujet avec plus de <strong>100 \u00e9v\u00e9nements<\/strong> e <strong>93 nations participantes<\/strong>. Tous les regards seront tourn\u00e9s vers les remont\u00e9es m\u00e9caniques de Cortina, Bormio, Livigno, Predazzo, Anterselva et sur les pistes de ski de fond de Tesero, o\u00f9 de nouvelles pages de l'histoire olympique seront \u00e9crites.<\/p>\n\n\n\n<p><strong>En r\u00e9sum\u00e9...<\/strong><\/p>\n\n\n\n<p>La <strong>C\u00e9r\u00e9monie d'ouverture de Milan-Cortina 2026<\/strong> sera un \u00e9v\u00e9nement historique, innovant et profond\u00e9ment italien. Une occasion de montrer au monde <strong>beaut\u00e9, cr\u00e9ativit\u00e9 et esprit d'hospitalit\u00e9<\/strong> de notre pays, donnant ainsi le coup d'envoi officiel de l'un des Jeux olympiques les plus attendus de tous les temps.<\/p>\n\n\n<div class=\"amc-dopo-il-contenuto\" id=\"amc-71270337\"><script type=\"text\/plain\" data-tcf=\"waiting-for-consent\" data-id=\"1033\" data-bid=\"1\">PGRpdiBpZD0iYW1jLTEwMDI4ODcyNTYiPjxzY3JpcHQgYXN5bmMgc3JjPSIvL3BhZ2VhZDIuZ29vZ2xlc3luZGljYXRpb24uY29tL3BhZ2VhZC9qcy9hZHNieWdvb2dsZS5qcz9jbGllbnQ9Y2EtcHViLTQ0MDExNDUwMjc1MzkxMTUiIGNyb3Nzb3JpZ2luPSJhbm9ueW1vdXMiPjwvc2NyaXB0PjxpbnMgY2xhc3M9ImFkc2J5Z29vZ2xlIiBzdHlsZT0iZGlzcGxheTpibG9jazsiIGRhdGEtYWQtY2xpZW50PSJjYS1wdWItNDQwMTE0NTAyNzUzOTExNSIgCmRhdGEtYWQtc2xvdD0iIiAKZGF0YS1hZC1mb3JtYXQ9ImF1dG8iIGRhdGEtZnVsbC13aWR0aC1yZXNwb25zaXZlPSJ0cnVlIj48L2lucz4KPHNjcmlwdD4gCihhZHNieWdvb2dsZSA9IHdpbmRvdy5hZHNieWdvb2dsZSB8fCBbXSkucHVzaCh7fSk7IAo8L3NjcmlwdD4KPC9kaXY+<\/script><\/div>","protected":false},"excerpt":{"rendered":"<p>Il 6 febbraio 2026, il mondo intero punter\u00e0 gli occhi sull\u2019Italia per assistere alla Cerimonia di Apertura delle Olimpiadi Invernali di Milano-Cortina 2026. Sar\u00e0 un evento epocale, carico di significato, che unisce sport, cultura e spettacolo in un unico grande abbraccio. E per la prima volta nella storia dei Giochi Invernali, l\u2019apertura si terr\u00e0 in [&hellip;]<\/p>","protected":false},"author":3,"featured_media":240,"comment_status":"open","ping_status":"open","sticky":false,"template":"","format":"standard","meta":{"_acf_changed":false,"footnotes":""},"categories":[3,7,1],"tags":[],"class_list":["post-239","post","type-post","status-publish","format-standard","has-post-thumbnail","hentry","category-calendario-gare","category-milano-e-cortina","category-notizie-e-aggiornamenti"],"acf":[],"_links":{"self":[{"href":"https:\/\/aspettandomilanocortina2026.it\/fr\/wp-json\/wp\/v2\/posts\/239","targetHints":{"allow":["GET"]}}],"collection":[{"href":"https:\/\/aspettandomilanocortina2026.it\/fr\/wp-json\/wp\/v2\/posts"}],"about":[{"href":"https:\/\/aspettandomilanocortina2026.it\/fr\/wp-json\/wp\/v2\/types\/post"}],"author":[{"embeddable":true,"href":"https:\/\/aspettandomilanocortina2026.it\/fr\/wp-json\/wp\/v2\/users\/3"}],"replies":[{"embeddable":true,"href":"https:\/\/aspettandomilanocortina2026.it\/fr\/wp-json\/wp\/v2\/comments?post=239"}],"version-history":[{"count":2,"href":"https:\/\/aspettandomilanocortina2026.it\/fr\/wp-json\/wp\/v2\/posts\/239\/revisions"}],"predecessor-version":[{"id":301,"href":"https:\/\/aspettandomilanocortina2026.it\/fr\/wp-json\/wp\/v2\/posts\/239\/revisions\/301"}],"wp:featuredmedia":[{"embeddable":true,"href":"https:\/\/aspettandomilanocortina2026.it\/fr\/wp-json\/wp\/v2\/media\/240"}],"wp:attachment":[{"href":"https:\/\/aspettandomilanocortina2026.it\/fr\/wp-json\/wp\/v2\/media?parent=239"}],"wp:term":[{"taxonomy":"category","embeddable":true,"href":"https:\/\/aspettandomilanocortina2026.it\/fr\/wp-json\/wp\/v2\/categories?post=239"},{"taxonomy":"post_tag","embeddable":true,"href":"https:\/\/aspettandomilanocortina2026.it\/fr\/wp-json\/wp\/v2\/tags?post=239"}],"curies":[{"name":"wp","href":"https:\/\/api.w.org\/{rel}","templated":true}]}}