{"id":206,"date":"2025-04-24T10:01:13","date_gmt":"2025-04-24T09:01:13","guid":{"rendered":"https:\/\/aspettandomilanocortina2026.it\/?p=206"},"modified":"2025-04-24T11:23:20","modified_gmt":"2025-04-24T10:23:20","slug":"des-protagonistes-a-suivre","status":"publish","type":"post","link":"https:\/\/aspettandomilanocortina2026.it\/fr\/des-protagonistes-a-suivre\/","title":{"rendered":"Protagonistes \u00e0 surveiller"},"content":{"rendered":"<script type=\"text\/plain\" data-tcf=\"waiting-for-consent\" data-id=\"1033\" data-bid=\"1\" data-placement=\"1034\">PGRpdiBpZD0iYW1jLTQxMTA2MDYwNDYiIGNsYXNzPSJhbWMtcHJpbWEtZGVsLWNvbnRlbnV0byI+PHNjcmlwdCBhc3luYyBzcmM9Ii8vcGFnZWFkMi5nb29nbGVzeW5kaWNhdGlvbi5jb20vcGFnZWFkL2pzL2Fkc2J5Z29vZ2xlLmpzP2NsaWVudD1jYS1wdWItNDQwMTE0NTAyNzUzOTExNSIgY3Jvc3NvcmlnaW49ImFub255bW91cyI+PC9zY3JpcHQ+PGlucyBjbGFzcz0iYWRzYnlnb29nbGUiIHN0eWxlPSJkaXNwbGF5OmJsb2NrOyIgZGF0YS1hZC1jbGllbnQ9ImNhLXB1Yi00NDAxMTQ1MDI3NTM5MTE1IiAKZGF0YS1hZC1zbG90PSIiIApkYXRhLWFkLWZvcm1hdD0iYXV0byIgZGF0YS1mdWxsLXdpZHRoLXJlc3BvbnNpdmU9InRydWUiPjwvaW5zPgo8c2NyaXB0PiAKKGFkc2J5Z29vZ2xlID0gd2luZG93LmFkc2J5Z29vZ2xlIHx8IFtdKS5wdXNoKHt9KTsgCjwvc2NyaXB0Pgo8L2Rpdj4=<\/script>\n<p>\u00c0 l'approche des Jeux olympiques d'hiver de Milan-Cortina 2026, l'attention se porte sur les athl\u00e8tes qui pourraient marquer la comp\u00e9tition de leur empreinte. Des champions confirm\u00e9s aux jeunes espoirs, l'\u00e9v\u00e9nement sera une vitrine du talent sportif mondial.<\/p><script type=\"text\/plain\" data-tcf=\"waiting-for-consent\" data-id=\"1037\" data-bid=\"1\" data-placement=\"726\">PGRpdiBpZD0iYW1jLTI3NzY1NTg4NTUiIGNsYXNzPSJhbWMtcG9zdC1jb250ZW50IiBzdHlsZT0ibWFyZ2luLWxlZnQ6IGF1dG87bWFyZ2luLXJpZ2h0OiBhdXRvO3RleHQtYWxpZ246IGNlbnRlcjsiPjxzY3JpcHQgYXN5bmMgc3JjPSIvL3BhZ2VhZDIuZ29vZ2xlc3luZGljYXRpb24uY29tL3BhZ2VhZC9qcy9hZHNieWdvb2dsZS5qcz9jbGllbnQ9Y2EtcHViLTQ0MDExNDUwMjc1MzkxMTUiIGNyb3Nzb3JpZ2luPSJhbm9ueW1vdXMiPjwvc2NyaXB0PjxpbnMgY2xhc3M9ImFkc2J5Z29vZ2xlIiBzdHlsZT0iZGlzcGxheTpibG9jazsiIGRhdGEtYWQtY2xpZW50PSJjYS1wdWItNDQwMTE0NTAyNzUzOTExNSIgCmRhdGEtYWQtc2xvdD0iODAyMDU4Mzc5MyIgCmRhdGEtYWQtZm9ybWF0PSJhdXRvIiBkYXRhLWZ1bGwtd2lkdGgtcmVzcG9uc2l2ZT0idHJ1ZSI+PC9pbnM+CjxzY3JpcHQ+IAooYWRzYnlnb29nbGUgPSB3aW5kb3cuYWRzYnlnb29nbGUgfHwgW10pLnB1c2goe30pOyAKPC9zY3JpcHQ+CjwvZGl2PjxiciBzdHlsZT0iY2xlYXI6IGJvdGg7IGRpc3BsYXk6IGJsb2NrOyBmbG9hdDogbm9uZTsiLz4=<\/script>\n\n\n\n<p><strong>Stars italiennes<\/strong><\/p><script type=\"text\/plain\" data-tcf=\"waiting-for-consent\" data-id=\"1033\" data-bid=\"1\" data-placement=\"985\">PGRpdiBpZD0iYW1jLTk5NzU1MTIyNyIgY2xhc3M9ImFtYy1taC1taWQiPjxzY3JpcHQgYXN5bmMgc3JjPSIvL3BhZ2VhZDIuZ29vZ2xlc3luZGljYXRpb24uY29tL3BhZ2VhZC9qcy9hZHNieWdvb2dsZS5qcz9jbGllbnQ9Y2EtcHViLTQ0MDExNDUwMjc1MzkxMTUiIGNyb3Nzb3JpZ2luPSJhbm9ueW1vdXMiPjwvc2NyaXB0PjxpbnMgY2xhc3M9ImFkc2J5Z29vZ2xlIiBzdHlsZT0iZGlzcGxheTpibG9jazsiIGRhdGEtYWQtY2xpZW50PSJjYS1wdWItNDQwMTE0NTAyNzUzOTExNSIgCmRhdGEtYWQtc2xvdD0iIiAKZGF0YS1hZC1mb3JtYXQ9ImF1dG8iIGRhdGEtZnVsbC13aWR0aC1yZXNwb25zaXZlPSJ0cnVlIj48L2lucz4KPHNjcmlwdD4gCihhZHNieWdvb2dsZSA9IHdpbmRvdy5hZHNieWdvb2dsZSB8fCBbXSkucHVzaCh7fSk7IAo8L3NjcmlwdD4KPC9kaXY+<\/script>\n\n\n\n<p>L'Italie se pr\u00e9pare \u00e0 briller avec certains de ses athl\u00e8tes les plus prometteurs :<\/p>\n\n\n\n<ul class=\"wp-block-list\">\n<li><strong>Sofia Goggia<\/strong> (ski alpin) : D\u00e9j\u00e0 m\u00e9daill\u00e9e d'or \u00e0 PyeongChang 2018 et m\u00e9daill\u00e9e d'argent \u00e0 P\u00e9kin 2022, la Bergamasque vise un nouveau succ\u00e8s sur ses pentes natales.<\/li>\n\n\n\n<li><strong>Federica Brignone<\/strong> (ski alpin) : Le vainqueur de la Coupe du monde 2020 sera l'un des athl\u00e8tes \u00e0 suivre dans les disciplines techniques et rapides.<\/li>\n\n\n\n<li><strong>Arianna Fontana<\/strong> (short track) : Avec le nombre record de m\u00e9dailles olympiques pour l'Italie dans les sports d'hiver, il pourrait ajouter de nouveaux triomphes \u00e0 son palmar\u00e8s.<\/li>\n\n\n\n<li><strong>Dominik Paris<\/strong> (ski alpin) : Sp\u00e9cialiste de la descente, r\u00eave de remporter l'or devant le public italien.<\/li>\n\n\n\n<li><strong>Dorothea Wierer<\/strong> (biathlon) : Apr\u00e8s ses succ\u00e8s aux championnats du monde, l'Italienne tentera \u00e9galement de monter sur le podium aux Jeux olympiques.<\/li>\n<\/ul>\n\n\n\n<p><strong>Stars internationales<\/strong><\/p>\n\n\n\n<p>Les athl\u00e8tes \u00e9trangers promettent \u00e9galement du spectacle :<\/p>\n\n\n\n<ul class=\"wp-block-list\">\n<li><strong>Mikaela Shiffrin<\/strong> (USA, ski alpin) : L'une des plus grandes skieuses de tous les temps, pr\u00eate \u00e0 surprendre \u00e0 nouveau.<\/li>\n\n\n\n<li><strong>Johannes H\u00f8sflot Kl\u00e6bo<\/strong> (Norv\u00e8ge, ski de fond) : Dominateur des \u00e9preuves de vitesse, il sera le favori des courses de fond.<\/li>\n\n\n\n<li><strong>Nathan Chen<\/strong> (USA, patinage artistique) : Apr\u00e8s l'or de P\u00e9kin 2022, sera-t-elle encore la star de la discipline ?<\/li>\n\n\n\n<li><strong>Yuzuru Hanyu<\/strong> (Japon, patinage artistique - en cas de retour) : Le l\u00e9gendaire patineur pourrait surprendre par son retour.<\/li>\n\n\n\n<li><strong>Alexis Pinturault<\/strong> (France, ski alpin) : Toujours comp\u00e9titif dans les disciplines techniques et polyvalentes.<\/li>\n<\/ul>\n\n\n\n<p><strong>Les jeunes promesses<\/strong><\/p>\n\n\n\n<p>Milan-Cortina pourrait voir l'\u00e9mergence de nouveaux talents :<\/p>\n\n\n\n<ul class=\"wp-block-list\">\n<li><strong>Laura Pirovano<\/strong> (Italie, ski alpin) : Une jeune fille en pleine ascension, pr\u00eate \u00e0 impressionner.<\/li>\n\n\n\n<li><strong>Edoardo Franco<\/strong> (Italie, snowboard) : L'un des nouveaux noms de la sc\u00e8ne italienne du snowboard.<\/li>\n\n\n\n<li><strong>Valieva Kamila<\/strong> (Russie, patinage artistique - s'il participe) : talent extraordinaire capable de performances uniques.<\/li>\n<\/ul>\n\n\n\n<p>Avec un m\u00e9lange de champions exp\u00e9riment\u00e9s et de nouveaux venus, Milan-Cortina 2026 sera une \u00e9dition pleine d'excitation et d'impr\u00e9visibilit\u00e9. Le monde entier aura les yeux riv\u00e9s sur ces athl\u00e8tes, pr\u00eats \u00e0 \u00e9crire l'histoire des sports d'hiver !<\/p>\n\n\n\n\n\n<p><\/p>\n<div class=\"amc-dopo-il-contenuto\" id=\"amc-788028447\"><script type=\"text\/plain\" data-tcf=\"waiting-for-consent\" data-id=\"1033\" data-bid=\"1\">PGRpdiBpZD0iYW1jLTM4MjU1OTkwNDAiPjxzY3JpcHQgYXN5bmMgc3JjPSIvL3BhZ2VhZDIuZ29vZ2xlc3luZGljYXRpb24uY29tL3BhZ2VhZC9qcy9hZHNieWdvb2dsZS5qcz9jbGllbnQ9Y2EtcHViLTQ0MDExNDUwMjc1MzkxMTUiIGNyb3Nzb3JpZ2luPSJhbm9ueW1vdXMiPjwvc2NyaXB0PjxpbnMgY2xhc3M9ImFkc2J5Z29vZ2xlIiBzdHlsZT0iZGlzcGxheTpibG9jazsiIGRhdGEtYWQtY2xpZW50PSJjYS1wdWItNDQwMTE0NTAyNzUzOTExNSIgCmRhdGEtYWQtc2xvdD0iIiAKZGF0YS1hZC1mb3JtYXQ9ImF1dG8iIGRhdGEtZnVsbC13aWR0aC1yZXNwb25zaXZlPSJ0cnVlIj48L2lucz4KPHNjcmlwdD4gCihhZHNieWdvb2dsZSA9IHdpbmRvdy5hZHNieWdvb2dsZSB8fCBbXSkucHVzaCh7fSk7IAo8L3NjcmlwdD4KPC9kaXY+<\/script><\/div>","protected":false},"excerpt":{"rendered":"<p>Con l\u2019avvicinarsi delle Olimpiadi Invernali di Milano-Cortina 2026, l\u2019attenzione si concentra sugli atleti che potrebbero lasciare il segno nella competizione. Dai campioni affermati alle giovani promesse, l\u2019evento sar\u00e0 una vetrina per il talento sportivo mondiale. Le Stelle Italiane L\u2019Italia si prepara a brillare con alcuni dei suoi atleti pi\u00f9 promettenti: Le Star Internazionali Anche gli [&hellip;]<\/p>","protected":false},"author":3,"featured_media":207,"comment_status":"open","ping_status":"open","sticky":false,"template":"","format":"standard","meta":{"_acf_changed":false,"footnotes":""},"categories":[2,1],"tags":[],"class_list":["post-206","post","type-post","status-publish","format-standard","has-post-thumbnail","hentry","category-atleti-e-squadre","category-notizie-e-aggiornamenti"],"acf":[],"_links":{"self":[{"href":"https:\/\/aspettandomilanocortina2026.it\/fr\/wp-json\/wp\/v2\/posts\/206","targetHints":{"allow":["GET"]}}],"collection":[{"href":"https:\/\/aspettandomilanocortina2026.it\/fr\/wp-json\/wp\/v2\/posts"}],"about":[{"href":"https:\/\/aspettandomilanocortina2026.it\/fr\/wp-json\/wp\/v2\/types\/post"}],"author":[{"embeddable":true,"href":"https:\/\/aspettandomilanocortina2026.it\/fr\/wp-json\/wp\/v2\/users\/3"}],"replies":[{"embeddable":true,"href":"https:\/\/aspettandomilanocortina2026.it\/fr\/wp-json\/wp\/v2\/comments?post=206"}],"version-history":[{"count":3,"href":"https:\/\/aspettandomilanocortina2026.it\/fr\/wp-json\/wp\/v2\/posts\/206\/revisions"}],"predecessor-version":[{"id":213,"href":"https:\/\/aspettandomilanocortina2026.it\/fr\/wp-json\/wp\/v2\/posts\/206\/revisions\/213"}],"wp:featuredmedia":[{"embeddable":true,"href":"https:\/\/aspettandomilanocortina2026.it\/fr\/wp-json\/wp\/v2\/media\/207"}],"wp:attachment":[{"href":"https:\/\/aspettandomilanocortina2026.it\/fr\/wp-json\/wp\/v2\/media?parent=206"}],"wp:term":[{"taxonomy":"category","embeddable":true,"href":"https:\/\/aspettandomilanocortina2026.it\/fr\/wp-json\/wp\/v2\/categories?post=206"},{"taxonomy":"post_tag","embeddable":true,"href":"https:\/\/aspettandomilanocortina2026.it\/fr\/wp-json\/wp\/v2\/tags?post=206"}],"curies":[{"name":"wp","href":"https:\/\/api.w.org\/{rel}","templated":true}]}}