{"id":202,"date":"2025-04-24T09:40:34","date_gmt":"2025-04-24T08:40:34","guid":{"rendered":"https:\/\/aspettandomilanocortina2026.it\/?p=202"},"modified":"2025-04-24T09:40:56","modified_gmt":"2025-04-24T08:40:56","slug":"milan-cortina-2026-lorganisation-en-coulisses","status":"publish","type":"post","link":"https:\/\/aspettandomilanocortina2026.it\/fr\/milan-cortina-2026-lorganisation-en-coulisses\/","title":{"rendered":"Milan-Cortina 2026 : dans les coulisses de l'organisation"},"content":{"rendered":"<script type=\"text\/plain\" data-tcf=\"waiting-for-consent\" data-id=\"1033\" data-bid=\"1\" data-placement=\"1034\">PGRpdiBpZD0iYW1jLTI5NjA1ODU2NDQiIGNsYXNzPSJhbWMtcHJpbWEtZGVsLWNvbnRlbnV0byI+PHNjcmlwdCBhc3luYyBzcmM9Ii8vcGFnZWFkMi5nb29nbGVzeW5kaWNhdGlvbi5jb20vcGFnZWFkL2pzL2Fkc2J5Z29vZ2xlLmpzP2NsaWVudD1jYS1wdWItNDQwMTE0NTAyNzUzOTExNSIgY3Jvc3NvcmlnaW49ImFub255bW91cyI+PC9zY3JpcHQ+PGlucyBjbGFzcz0iYWRzYnlnb29nbGUiIHN0eWxlPSJkaXNwbGF5OmJsb2NrOyIgZGF0YS1hZC1jbGllbnQ9ImNhLXB1Yi00NDAxMTQ1MDI3NTM5MTE1IiAKZGF0YS1hZC1zbG90PSIiIApkYXRhLWFkLWZvcm1hdD0iYXV0byIgZGF0YS1mdWxsLXdpZHRoLXJlc3BvbnNpdmU9InRydWUiPjwvaW5zPgo8c2NyaXB0PiAKKGFkc2J5Z29vZ2xlID0gd2luZG93LmFkc2J5Z29vZ2xlIHx8IFtdKS5wdXNoKHt9KTsgCjwvc2NyaXB0Pgo8L2Rpdj4=<\/script>\n<p>L'organisation d'un \u00e9v\u00e9nement mondial comme les Jeux olympiques d'hiver de Milan-Cortina 2026 est un d\u00e9fi complexe qui mobilise des milliers de personnes et des ressources technologiques et logistiques de pointe. Mais que se passe-t-il en coulisses ? D\u00e9couvrons les secrets de l'organisation de ce grand \u00e9v\u00e9nement !<\/p><script type=\"text\/plain\" data-tcf=\"waiting-for-consent\" data-id=\"1037\" data-bid=\"1\" data-placement=\"726\">PGRpdiBpZD0iYW1jLTM5ODEyMTc3NTIiIGNsYXNzPSJhbWMtcG9zdC1jb250ZW50IiBzdHlsZT0ibWFyZ2luLWxlZnQ6IGF1dG87bWFyZ2luLXJpZ2h0OiBhdXRvO3RleHQtYWxpZ246IGNlbnRlcjsiPjxzY3JpcHQgYXN5bmMgc3JjPSIvL3BhZ2VhZDIuZ29vZ2xlc3luZGljYXRpb24uY29tL3BhZ2VhZC9qcy9hZHNieWdvb2dsZS5qcz9jbGllbnQ9Y2EtcHViLTQ0MDExNDUwMjc1MzkxMTUiIGNyb3Nzb3JpZ2luPSJhbm9ueW1vdXMiPjwvc2NyaXB0PjxpbnMgY2xhc3M9ImFkc2J5Z29vZ2xlIiBzdHlsZT0iZGlzcGxheTpibG9jazsiIGRhdGEtYWQtY2xpZW50PSJjYS1wdWItNDQwMTE0NTAyNzUzOTExNSIgCmRhdGEtYWQtc2xvdD0iODAyMDU4Mzc5MyIgCmRhdGEtYWQtZm9ybWF0PSJhdXRvIiBkYXRhLWZ1bGwtd2lkdGgtcmVzcG9uc2l2ZT0idHJ1ZSI+PC9pbnM+CjxzY3JpcHQ+IAooYWRzYnlnb29nbGUgPSB3aW5kb3cuYWRzYnlnb29nbGUgfHwgW10pLnB1c2goe30pOyAKPC9zY3JpcHQ+CjwvZGl2PjxiciBzdHlsZT0iY2xlYXI6IGJvdGg7IGRpc3BsYXk6IGJsb2NrOyBmbG9hdDogbm9uZTsiLz4=<\/script>\n\n\n\n<p><strong>La machine organisationnelle<\/strong><\/p><script type=\"text\/plain\" data-tcf=\"waiting-for-consent\" data-id=\"1033\" data-bid=\"1\" data-placement=\"985\">PGRpdiBpZD0iYW1jLTMxNjYyNzcyNjIiIGNsYXNzPSJhbWMtbWgtbWlkIj48c2NyaXB0IGFzeW5jIHNyYz0iLy9wYWdlYWQyLmdvb2dsZXN5bmRpY2F0aW9uLmNvbS9wYWdlYWQvanMvYWRzYnlnb29nbGUuanM\/Y2xpZW50PWNhLXB1Yi00NDAxMTQ1MDI3NTM5MTE1IiBjcm9zc29yaWdpbj0iYW5vbnltb3VzIj48L3NjcmlwdD48aW5zIGNsYXNzPSJhZHNieWdvb2dsZSIgc3R5bGU9ImRpc3BsYXk6YmxvY2s7IiBkYXRhLWFkLWNsaWVudD0iY2EtcHViLTQ0MDExNDUwMjc1MzkxMTUiIApkYXRhLWFkLXNsb3Q9IiIgCmRhdGEtYWQtZm9ybWF0PSJhdXRvIiBkYXRhLWZ1bGwtd2lkdGgtcmVzcG9uc2l2ZT0idHJ1ZSI+PC9pbnM+CjxzY3JpcHQ+IAooYWRzYnlnb29nbGUgPSB3aW5kb3cuYWRzYnlnb29nbGUgfHwgW10pLnB1c2goe30pOyAKPC9zY3JpcHQ+CjwvZGl2Pg==<\/script>\n\n\n\n<p>L'\u00e9v\u00e9nement est g\u00e9r\u00e9 par la <strong>Comit\u00e9 d'organisation de Milan-Cortina 2026<\/strong>qui travaille en coop\u00e9ration avec le CIO, les f\u00e9d\u00e9rations sportives et les institutions italiennes pour assurer le succ\u00e8s des Jeux. Les principaux domaines d'activit\u00e9 sont les suivants<\/p>\n\n\n\n<ul class=\"wp-block-list\">\n<li><strong>Planification des lieux<\/strong>avec l'am\u00e9lioration des installations existantes et la construction de nouvelles installations si n\u00e9cessaire.<\/li>\n\n\n\n<li><strong>Coordination de la logistique et du transport<\/strong>g\u00e9rer les d\u00e9placements des athl\u00e8tes, du personnel et des spectateurs entre les diff\u00e9rents sites d'accueil.<\/li>\n\n\n\n<li><strong>S\u00e9curit\u00e9 et urgences<\/strong>en faisant appel aux forces de l'ordre, aux syst\u00e8mes de surveillance et aux protocoles m\u00e9dicaux avanc\u00e9s.<\/li>\n<\/ul>\n\n\n\n<p><strong>Les volontaires : au c\u0153ur des Jeux olympiques<\/strong><\/p>\n\n\n\n<p>Les \u00e9l\u00e9ments cl\u00e9s de l'organisation sont les suivants <strong>volontaires<\/strong>qui sera termin\u00e9e <strong>20.000<\/strong> et seront charg\u00e9s d'assister les athl\u00e8tes, les m\u00e9dias et le public. Le recrutement a d\u00e9j\u00e0 commenc\u00e9 et leur r\u00f4le sera crucial pour l'accueil et la gestion des activit\u00e9s quotidiennes.<\/p>\n\n\n\n<p><strong>C\u00e9r\u00e9monie d'ouverture et de cl\u00f4ture<\/strong><\/p>\n\n\n\n<p>L'un des aspects les plus spectaculaires des Jeux est la c\u00e9r\u00e9monie d'ouverture, qui se d\u00e9roulera au Palais des Congr\u00e8s. <strong>Stade San Siro de Milan<\/strong>tandis que la cl\u00f4ture aura lieu \u00e0<strong>Ar\u00e8nes de V\u00e9rone<\/strong>. Chor\u00e9graphes, artistes et metteurs en sc\u00e8ne travaillent \u00e0 la cr\u00e9ation d'un spectacle m\u00e9morable qui repr\u00e9sente l'identit\u00e9 italienne.<\/p>\n\n\n\n<p><strong>L'innovation technologique dans l'organisation<\/strong><\/p>\n\n\n\n<p>Milan-Cortina 2026 sera \u00e0 la pointe de l'utilisation de la technologie pour optimiser l'organisation :<\/p>\n\n\n\n<ul class=\"wp-block-list\">\n<li><strong>Syst\u00e8mes d'intelligence artificielle<\/strong> pour la gestion de la logistique et de la s\u00e9curit\u00e9.<\/li>\n\n\n\n<li><strong>Billets num\u00e9riques et acc\u00e8s intelligent<\/strong> pour am\u00e9liorer l'exp\u00e9rience des spectateurs.<\/li>\n\n\n\n<li><strong>Plateformes interactives en ligne<\/strong> pour des mises \u00e0 jour en temps r\u00e9el sur les courses et les r\u00e9sultats.<\/li>\n<\/ul>\n\n\n\n<p><strong>Le d\u00e9fi du d\u00e9veloppement durable<\/strong><\/p>\n\n\n\n<p>Le respect de l'environnement est un aspect essentiel de l'organisation. Milan-Cortina se concentre sur :<\/p>\n\n\n\n<ul class=\"wp-block-list\">\n<li><strong>Mobilit\u00e9 durable<\/strong>avec les transports \u00e9lectriques et \u00e0 l'hydrog\u00e8ne.<\/li>\n\n\n\n<li><strong>Utilisation des \u00e9nergies renouvelables<\/strong> pour alimenter les installations olympiques.<\/li>\n\n\n\n<li><strong>Mat\u00e9riaux \u00e9cologiques<\/strong> pour les constructions et infrastructures temporaires.<\/li>\n<\/ul>\n\n\n\n<p>Derri\u00e8re le grand spectacle des Jeux d'hiver se cache un immense travail, fait de pr\u00e9paration, d'innovation et de passion. Milan-Cortina 2026 ne sera pas seulement une comp\u00e9tition sportive, mais aussi un \u00e9v\u00e9nement organis\u00e9 avec le souci du d\u00e9tail, qui laissera une empreinte positive sur l'avenir de notre pays.<\/p>\n<div class=\"amc-dopo-il-contenuto\" id=\"amc-804497631\"><script type=\"text\/plain\" data-tcf=\"waiting-for-consent\" data-id=\"1033\" data-bid=\"1\">PGRpdiBpZD0iYW1jLTY4OTg3NTkwNiI+PHNjcmlwdCBhc3luYyBzcmM9Ii8vcGFnZWFkMi5nb29nbGVzeW5kaWNhdGlvbi5jb20vcGFnZWFkL2pzL2Fkc2J5Z29vZ2xlLmpzP2NsaWVudD1jYS1wdWItNDQwMTE0NTAyNzUzOTExNSIgY3Jvc3NvcmlnaW49ImFub255bW91cyI+PC9zY3JpcHQ+PGlucyBjbGFzcz0iYWRzYnlnb29nbGUiIHN0eWxlPSJkaXNwbGF5OmJsb2NrOyIgZGF0YS1hZC1jbGllbnQ9ImNhLXB1Yi00NDAxMTQ1MDI3NTM5MTE1IiAKZGF0YS1hZC1zbG90PSIiIApkYXRhLWFkLWZvcm1hdD0iYXV0byIgZGF0YS1mdWxsLXdpZHRoLXJlc3BvbnNpdmU9InRydWUiPjwvaW5zPgo8c2NyaXB0PiAKKGFkc2J5Z29vZ2xlID0gd2luZG93LmFkc2J5Z29vZ2xlIHx8IFtdKS5wdXNoKHt9KTsgCjwvc2NyaXB0Pgo8L2Rpdj4=<\/script><\/div>","protected":false},"excerpt":{"rendered":"<p>Organizzare un evento globale come le Olimpiadi Invernali di Milano-Cortina 2026 \u00e8 una sfida complessa che coinvolge migliaia di persone, risorse tecnologiche e logistiche avanzate. Ma cosa succede dietro le quinte? Scopriamo i segreti dell\u2019organizzazione di questo grande evento! La Macchina Organizzativa L\u2019evento \u00e8 gestito dal Comitato Organizzatore Milano-Cortina 2026, che lavora in collaborazione con [&hellip;]<\/p>","protected":false},"author":3,"featured_media":204,"comment_status":"open","ping_status":"open","sticky":false,"template":"","format":"standard","meta":{"_acf_changed":false,"footnotes":""},"categories":[4],"tags":[],"class_list":["post-202","post","type-post","status-publish","format-standard","has-post-thumbnail","hentry","category-dietro-le-quinte"],"acf":[],"_links":{"self":[{"href":"https:\/\/aspettandomilanocortina2026.it\/fr\/wp-json\/wp\/v2\/posts\/202","targetHints":{"allow":["GET"]}}],"collection":[{"href":"https:\/\/aspettandomilanocortina2026.it\/fr\/wp-json\/wp\/v2\/posts"}],"about":[{"href":"https:\/\/aspettandomilanocortina2026.it\/fr\/wp-json\/wp\/v2\/types\/post"}],"author":[{"embeddable":true,"href":"https:\/\/aspettandomilanocortina2026.it\/fr\/wp-json\/wp\/v2\/users\/3"}],"replies":[{"embeddable":true,"href":"https:\/\/aspettandomilanocortina2026.it\/fr\/wp-json\/wp\/v2\/comments?post=202"}],"version-history":[{"count":1,"href":"https:\/\/aspettandomilanocortina2026.it\/fr\/wp-json\/wp\/v2\/posts\/202\/revisions"}],"predecessor-version":[{"id":205,"href":"https:\/\/aspettandomilanocortina2026.it\/fr\/wp-json\/wp\/v2\/posts\/202\/revisions\/205"}],"wp:featuredmedia":[{"embeddable":true,"href":"https:\/\/aspettandomilanocortina2026.it\/fr\/wp-json\/wp\/v2\/media\/204"}],"wp:attachment":[{"href":"https:\/\/aspettandomilanocortina2026.it\/fr\/wp-json\/wp\/v2\/media?parent=202"}],"wp:term":[{"taxonomy":"category","embeddable":true,"href":"https:\/\/aspettandomilanocortina2026.it\/fr\/wp-json\/wp\/v2\/categories?post=202"},{"taxonomy":"post_tag","embeddable":true,"href":"https:\/\/aspettandomilanocortina2026.it\/fr\/wp-json\/wp\/v2\/tags?post=202"}],"curies":[{"name":"wp","href":"https:\/\/api.w.org\/{rel}","templated":true}]}}