{"id":1069,"date":"2026-02-04T17:26:32","date_gmt":"2026-02-04T15:26:32","guid":{"rendered":"https:\/\/aspettandomilanocortina2026.it\/?p=1069"},"modified":"2026-02-04T17:26:33","modified_gmt":"2026-02-04T15:26:33","slug":"le-biathlon-de-lolympiade-milan-cortina-2026-reprend-la-competition-aujourdhui-a-anterselva","status":"publish","type":"post","link":"https:\/\/aspettandomilanocortina2026.it\/fr\/le-biathlon-de-lolympiade-milan-cortina-2026-reprend-la-competition-aujourdhui-a-anterselva\/","title":{"rendered":"Jeux olympiques de Milan Cortina 2026 : le biathlon revient aujourd'hui \u00e0 Anterselva"},"content":{"rendered":"<script type=\"text\/plain\" data-tcf=\"waiting-for-consent\" data-id=\"1033\" data-bid=\"1\" data-placement=\"1034\">PGRpdiBpZD0iYW1jLTM3ODc1MDE2NTEiIGNsYXNzPSJhbWMtcHJpbWEtZGVsLWNvbnRlbnV0byI+PHNjcmlwdCBhc3luYyBzcmM9Ii8vcGFnZWFkMi5nb29nbGVzeW5kaWNhdGlvbi5jb20vcGFnZWFkL2pzL2Fkc2J5Z29vZ2xlLmpzP2NsaWVudD1jYS1wdWItNDQwMTE0NTAyNzUzOTExNSIgY3Jvc3NvcmlnaW49ImFub255bW91cyI+PC9zY3JpcHQ+PGlucyBjbGFzcz0iYWRzYnlnb29nbGUiIHN0eWxlPSJkaXNwbGF5OmJsb2NrOyIgZGF0YS1hZC1jbGllbnQ9ImNhLXB1Yi00NDAxMTQ1MDI3NTM5MTE1IiAKZGF0YS1hZC1zbG90PSIiIApkYXRhLWFkLWZvcm1hdD0iYXV0byIgZGF0YS1mdWxsLXdpZHRoLXJlc3BvbnNpdmU9InRydWUiPjwvaW5zPgo8c2NyaXB0PiAKKGFkc2J5Z29vZ2xlID0gd2luZG93LmFkc2J5Z29vZ2xlIHx8IFtdKS5wdXNoKHt9KTsgCjwvc2NyaXB0Pgo8L2Rpdj4=<\/script>\n<p>Le <strong>biathlon<\/strong>, l'une des disciplines les plus spectaculaires des Jeux olympiques d'hiver, revient sur le devant de la sc\u00e8ne. <strong>aujourd'hui \u00e0 Antholz<\/strong>, le c\u0153ur des comp\u00e9titions de tir en ski de fond des Jeux Olympiques de Milan Cortina 2026. Apr\u00e8s le d\u00e9but des comp\u00e9titions de curling, de ski alpin et d'autres sports, les yeux des fans se tournent vers les pistes et le stand de tir de l'\u00e9cole de ski de fond de Milan Cortina. <strong>Biathlon Arena Antholz<\/strong>, o\u00f9 se d\u00e9roule l'\u00e9preuve pr\u00e9vue au programme olympique d'aujourd'hui.<\/p><script type=\"text\/plain\" data-tcf=\"waiting-for-consent\" data-id=\"1037\" data-bid=\"1\" data-placement=\"726\">PGRpdiBpZD0iYW1jLTM1MDU1NjkzMzMiIGNsYXNzPSJhbWMtcG9zdC1jb250ZW50IiBzdHlsZT0ibWFyZ2luLWxlZnQ6IGF1dG87bWFyZ2luLXJpZ2h0OiBhdXRvO3RleHQtYWxpZ246IGNlbnRlcjsiPjxzY3JpcHQgYXN5bmMgc3JjPSIvL3BhZ2VhZDIuZ29vZ2xlc3luZGljYXRpb24uY29tL3BhZ2VhZC9qcy9hZHNieWdvb2dsZS5qcz9jbGllbnQ9Y2EtcHViLTQ0MDExNDUwMjc1MzkxMTUiIGNyb3Nzb3JpZ2luPSJhbm9ueW1vdXMiPjwvc2NyaXB0PjxpbnMgY2xhc3M9ImFkc2J5Z29vZ2xlIiBzdHlsZT0iZGlzcGxheTpibG9jazsiIGRhdGEtYWQtY2xpZW50PSJjYS1wdWItNDQwMTE0NTAyNzUzOTExNSIgCmRhdGEtYWQtc2xvdD0iODAyMDU4Mzc5MyIgCmRhdGEtYWQtZm9ybWF0PSJhdXRvIiBkYXRhLWZ1bGwtd2lkdGgtcmVzcG9uc2l2ZT0idHJ1ZSI+PC9pbnM+CjxzY3JpcHQ+IAooYWRzYnlnb29nbGUgPSB3aW5kb3cuYWRzYnlnb29nbGUgfHwgW10pLnB1c2goe30pOyAKPC9zY3JpcHQ+CjwvZGl2PjxiciBzdHlsZT0iY2xlYXI6IGJvdGg7IGRpc3BsYXk6IGJsb2NrOyBmbG9hdDogbm9uZTsiLz4=<\/script>\n\n\n\n<h2 class=\"wp-block-heading\"><strong>O\u00f9 courir et pourquoi Anterselva est sp\u00e9cial<\/strong><\/h2>\n\n\n\n<p>La <strong>Biathlon Arena Antholz<\/strong>, L'un des sites les plus embl\u00e9matiques du biathlon international, situ\u00e9 dans le Tyrol du Sud, accueille les Jeux olympiques et paralympiques d'hiver d'hiver de l'Europe. <strong>toutes les comp\u00e9titions de biathlon des Jeux olympiques de Milan-Cortina 2026<\/strong>du sprint et de la poursuite aux relais mixtes et individuels. Cette ar\u00e8ne a \u00e9t\u00e9 r\u00e9nov\u00e9e pour les Jeux, avec une piste spectaculaire et un stand de tir moderne, con\u00e7us \u00e0 la fois pour des performances techniques de haut niveau et pour l'exp\u00e9rience des spectateurs.<\/p><script type=\"text\/plain\" data-tcf=\"waiting-for-consent\" data-id=\"1033\" data-bid=\"1\" data-placement=\"985\">PGRpdiBpZD0iYW1jLTUyNjI3MjIxMCIgY2xhc3M9ImFtYy1taC1taWQiPjxzY3JpcHQgYXN5bmMgc3JjPSIvL3BhZ2VhZDIuZ29vZ2xlc3luZGljYXRpb24uY29tL3BhZ2VhZC9qcy9hZHNieWdvb2dsZS5qcz9jbGllbnQ9Y2EtcHViLTQ0MDExNDUwMjc1MzkxMTUiIGNyb3Nzb3JpZ2luPSJhbm9ueW1vdXMiPjwvc2NyaXB0PjxpbnMgY2xhc3M9ImFkc2J5Z29vZ2xlIiBzdHlsZT0iZGlzcGxheTpibG9jazsiIGRhdGEtYWQtY2xpZW50PSJjYS1wdWItNDQwMTE0NTAyNzUzOTExNSIgCmRhdGEtYWQtc2xvdD0iIiAKZGF0YS1hZC1mb3JtYXQ9ImF1dG8iIGRhdGEtZnVsbC13aWR0aC1yZXNwb25zaXZlPSJ0cnVlIj48L2lucz4KPHNjcmlwdD4gCihhZHNieWdvb2dsZSA9IHdpbmRvdy5hZHNieWdvb2dsZSB8fCBbXSkucHVzaCh7fSk7IAo8L3NjcmlwdD4KPC9kaXY+<\/script>\n\n\n\n<p>La station a d\u00e9j\u00e0 accueilli de nombreuses \u00e9tapes de la Coupe du monde, attirant un public international passionn\u00e9 et confirmant son importance dans l'univers du biathlon.<\/p>\n\n\n\n<h2 class=\"wp-block-heading\"><strong>Programme d'aujourd'hui<\/strong><\/h2>\n\n\n\n<p>Selon le calendrier olympique officiel, les annonces pr\u00e9c\u00e9dentes indiquent que <strong>le biathlon est \u00e0 l'ordre du jour aujourd'hui avec au moins une course importante<\/strong>, partie de la s\u00e9quence d'\u00e9preuves couvrant diff\u00e9rentes sp\u00e9cialit\u00e9s telles que le sprint, l'individuel et le relais.<\/p>\n\n\n\n<p>Les comp\u00e9titions de biathlon se d\u00e9rouleront entre le\u2019<strong>8 et 21 f\u00e9vrier 2026<\/strong> \u00e0 Anterselva, avec <strong>onze \u00e9v\u00e9nements officiels<\/strong> entre l'individuel, le sprint, le relais et le d\u00e9part group\u00e9.<\/p>\n\n\n\n<p>Les heures exactes de la journ\u00e9e peuvent varier en fonction des conditions m\u00e9t\u00e9orologiques et de l'organisation de la t\u00e9l\u00e9vision, mais les \u00e9preuves de biathlon commencent g\u00e9n\u00e9ralement en milieu de journ\u00e9e ou en d\u00e9but d'apr\u00e8s-midi afin de profiter au maximum de la lumi\u00e8re et de la temp\u00e9rature pendant l'\u00e9preuve.<\/p>\n\n\n\n<h2 class=\"wp-block-heading\"><strong>Le blues \u00e0 surveiller<\/strong><\/h2>\n\n\n\n<p>L'Italie a constitu\u00e9 une \u00e9quipe de biathlon comp\u00e9titive et ambitieuse pour ces Jeux. Des athl\u00e8tes tels que <strong>Tommaso Giacomel<\/strong> e <strong>Dorothea Wierer<\/strong> sont parmi les visages les plus attendus : Giacomel, un jeune talent italien, arrive avec d'excellentes performances saisonni\u00e8res et vise un r\u00e9sultat de premier plan dans la course d'aujourd'hui. Wierer, quant \u00e0 lui, est l'un des meilleurs v\u00e9t\u00e9rans, fort de son exp\u00e9rience et de ses m\u00e9dailles dans les grands \u00e9v\u00e9nements internationaux, pr\u00eat \u00e0 faire le spectacle sur la neige du Tyrol du Sud.<\/p>\n\n\n\n<p>Chez nous, en Italie, l'aventure olympique du biathlon a \u00e9galement connu une note discordante : ces derniers jours, la jeune Rebecca Passler a \u00e9t\u00e9 contr\u00f4l\u00e9e positive lors d'un test de dopage hors comp\u00e9tition et ne participera pas aux \u00e9preuves, une absence qui a suscit\u00e9 la controverse dans le milieu sportif national.<\/p>\n\n\n\n<h2 class=\"wp-block-heading\"><strong>Ce qu'il faut attendre de la course d'aujourd'hui<\/strong><\/h2>\n\n\n\n<p>Le biathlon combine <strong>ski de fond<\/strong> e <strong>tournage<\/strong>, exige des athl\u00e8tes un m\u00e9lange unique d'endurance physique et de concentration mentale. Chaque erreur sur le champ de tir peut co\u00fbter de pr\u00e9cieuses secondes ou des tours de p\u00e9nalit\u00e9, ce qui fait fluctuer rapidement les positions au classement.<\/p>\n\n\n\n<p>Dans la course d'aujourd'hui, les athl\u00e8tes essaieront de :<\/p>\n\n\n\n<ul class=\"wp-block-list\">\n<li>g\u00e9rer au mieux le rythme des skis et la pr\u00e9cision des tirs<\/li>\n\n\n\n<li>garder la t\u00eate froide dans les derni\u00e8res \u00e9tapes<\/li>\n\n\n\n<li>l'acquisition de positions en vue de proc\u00e8s ult\u00e9rieurs<\/li>\n<\/ul>\n\n\n\n<p>De nombreuses nations nordiques et europ\u00e9ennes (telles que la Norv\u00e8ge, la Su\u00e8de, la France et l'Allemagne) arrivent avec des \u00e9quipes fortes et de bons r\u00e9sultats, tandis que les \u00c9tats-Unis et d'autres pays sont pr\u00eats \u00e0 cr\u00e9er la surprise pendant le tournoi.<\/p>\n\n\n\n<h2 class=\"wp-block-heading\"><strong>Comment suivre la course<\/strong><\/h2>\n\n\n\n<p>Les comp\u00e9titions de biathlon sont retransmises en direct ou en diff\u00e9r\u00e9 par les diffuseurs officiels des Jeux olympiques. En Italie, la Rai et d'autres r\u00e9seaux nationaux proposent une couverture en direct des principales courses, avec des commentaires techniques et une attention particuli\u00e8re port\u00e9e aux Azzurri. En outre, de nombreuses plateformes internationales (y compris des services de streaming d\u00e9di\u00e9s) permettent de suivre chaque \u00e9volution en temps r\u00e9el.<\/p>\n\n\n\n<h2 class=\"wp-block-heading\"><strong>Pourquoi le biathlon est-il l'un des sports les plus populaires ?<\/strong><\/h2>\n\n\n\n<p>Le biathlon combine <strong>vitesse, pr\u00e9cision et tension psychologique<\/strong>Les athl\u00e8tes doivent alterner entre la pouss\u00e9e dans les virages enneig\u00e9s et le calme n\u00e9cessaire pour atteindre des cibles lointaines au stand de tir. Ce m\u00e9lange en fait l'un des sports les plus impr\u00e9visibles et les plus spectaculaires des Jeux.<\/p>\n\n\n\n<p>Aujourd'hui, alors que la comp\u00e9tition est en cours, les fans de Milan Cortina 2026 peuvent ressentir de fortes \u00e9motions, en suivant chaque tir de ski et chaque tir qui peut d\u00e9cider des m\u00e9dailles et des positions de classement.<\/p>\n\n\n\n<p><\/p>\n<div class=\"amc-dopo-il-contenuto\" id=\"amc-551\"><script type=\"text\/plain\" data-tcf=\"waiting-for-consent\" data-id=\"1033\" data-bid=\"1\">PGRpdiBpZD0iYW1jLTIzODkyODA2MTEiPjxzY3JpcHQgYXN5bmMgc3JjPSIvL3BhZ2VhZDIuZ29vZ2xlc3luZGljYXRpb24uY29tL3BhZ2VhZC9qcy9hZHNieWdvb2dsZS5qcz9jbGllbnQ9Y2EtcHViLTQ0MDExNDUwMjc1MzkxMTUiIGNyb3Nzb3JpZ2luPSJhbm9ueW1vdXMiPjwvc2NyaXB0PjxpbnMgY2xhc3M9ImFkc2J5Z29vZ2xlIiBzdHlsZT0iZGlzcGxheTpibG9jazsiIGRhdGEtYWQtY2xpZW50PSJjYS1wdWItNDQwMTE0NTAyNzUzOTExNSIgCmRhdGEtYWQtc2xvdD0iIiAKZGF0YS1hZC1mb3JtYXQ9ImF1dG8iIGRhdGEtZnVsbC13aWR0aC1yZXNwb25zaXZlPSJ0cnVlIj48L2lucz4KPHNjcmlwdD4gCihhZHNieWdvb2dsZSA9IHdpbmRvdy5hZHNieWdvb2dsZSB8fCBbXSkucHVzaCh7fSk7IAo8L3NjcmlwdD4KPC9kaXY+<\/script><\/div>","protected":false},"excerpt":{"rendered":"<p>Il biathlon, una delle discipline pi\u00f9 spettacolari delle Olimpiadi Invernali, torna protagonista oggi ad Anterselva (Antholz), cuore delle gare di tiro con sci di fondo delle Olimpiadi Milano Cortina 2026. Dopo l\u2019avvio delle competizioni con curling, sci alpino e altri sport, gli occhi degli appassionati sono puntati sulle piste e sul poligono di tiro della [&hellip;]<\/p>","protected":false},"author":3,"featured_media":1070,"comment_status":"open","ping_status":"closed","sticky":false,"template":"","format":"standard","meta":{"_acf_changed":false,"footnotes":""},"categories":[16,2,3,17,8],"tags":[],"class_list":["post-1069","post","type-post","status-publish","format-standard","has-post-thumbnail","hentry","category-notizie-e-approfondimenti","category-atleti-e-squadre","category-calendario-gare","category-sport-e-atleti","category-sport-olimpici"],"acf":[],"_links":{"self":[{"href":"https:\/\/aspettandomilanocortina2026.it\/fr\/wp-json\/wp\/v2\/posts\/1069","targetHints":{"allow":["GET"]}}],"collection":[{"href":"https:\/\/aspettandomilanocortina2026.it\/fr\/wp-json\/wp\/v2\/posts"}],"about":[{"href":"https:\/\/aspettandomilanocortina2026.it\/fr\/wp-json\/wp\/v2\/types\/post"}],"author":[{"embeddable":true,"href":"https:\/\/aspettandomilanocortina2026.it\/fr\/wp-json\/wp\/v2\/users\/3"}],"replies":[{"embeddable":true,"href":"https:\/\/aspettandomilanocortina2026.it\/fr\/wp-json\/wp\/v2\/comments?post=1069"}],"version-history":[{"count":1,"href":"https:\/\/aspettandomilanocortina2026.it\/fr\/wp-json\/wp\/v2\/posts\/1069\/revisions"}],"predecessor-version":[{"id":1071,"href":"https:\/\/aspettandomilanocortina2026.it\/fr\/wp-json\/wp\/v2\/posts\/1069\/revisions\/1071"}],"wp:featuredmedia":[{"embeddable":true,"href":"https:\/\/aspettandomilanocortina2026.it\/fr\/wp-json\/wp\/v2\/media\/1070"}],"wp:attachment":[{"href":"https:\/\/aspettandomilanocortina2026.it\/fr\/wp-json\/wp\/v2\/media?parent=1069"}],"wp:term":[{"taxonomy":"category","embeddable":true,"href":"https:\/\/aspettandomilanocortina2026.it\/fr\/wp-json\/wp\/v2\/categories?post=1069"},{"taxonomy":"post_tag","embeddable":true,"href":"https:\/\/aspettandomilanocortina2026.it\/fr\/wp-json\/wp\/v2\/tags?post=1069"}],"curies":[{"name":"wp","href":"https:\/\/api.w.org\/{rel}","templated":true}]}}