{"id":1066,"date":"2026-02-04T15:09:48","date_gmt":"2026-02-04T13:09:48","guid":{"rendered":"https:\/\/aspettandomilanocortina2026.it\/?p=1066"},"modified":"2026-02-04T15:09:49","modified_gmt":"2026-02-04T13:09:49","slug":"milan-cortina-olympics-2026-le-curling-ouvre-les-jeux-avec-la-premiere-competition-officielle","status":"publish","type":"post","link":"https:\/\/aspettandomilanocortina2026.it\/fr\/milan-cortina-olympics-2026-le-curling-ouvre-les-jeux-avec-la-premiere-competition-officielle\/","title":{"rendered":"Jeux olympiques de Milan Cortina 2026 : le curling ouvre les Jeux avec la premi\u00e8re comp\u00e9tition officielle"},"content":{"rendered":"<script type=\"text\/plain\" data-tcf=\"waiting-for-consent\" data-id=\"1033\" data-bid=\"1\" data-placement=\"1034\">PGRpdiBpZD0iYW1jLTI1Nzg5MDg1NjIiIGNsYXNzPSJhbWMtcHJpbWEtZGVsLWNvbnRlbnV0byI+PHNjcmlwdCBhc3luYyBzcmM9Ii8vcGFnZWFkMi5nb29nbGVzeW5kaWNhdGlvbi5jb20vcGFnZWFkL2pzL2Fkc2J5Z29vZ2xlLmpzP2NsaWVudD1jYS1wdWItNDQwMTE0NTAyNzUzOTExNSIgY3Jvc3NvcmlnaW49ImFub255bW91cyI+PC9zY3JpcHQ+PGlucyBjbGFzcz0iYWRzYnlnb29nbGUiIHN0eWxlPSJkaXNwbGF5OmJsb2NrOyIgZGF0YS1hZC1jbGllbnQ9ImNhLXB1Yi00NDAxMTQ1MDI3NTM5MTE1IiAKZGF0YS1hZC1zbG90PSIiIApkYXRhLWFkLWZvcm1hdD0iYXV0byIgZGF0YS1mdWxsLXdpZHRoLXJlc3BvbnNpdmU9InRydWUiPjwvaW5zPgo8c2NyaXB0PiAKKGFkc2J5Z29vZ2xlID0gd2luZG93LmFkc2J5Z29vZ2xlIHx8IFtdKS5wdXNoKHt9KTsgCjwvc2NyaXB0Pgo8L2Rpdj4=<\/script>\n<p>Le <strong>Milan Cortina 2026 Jeux olympiques d'hiver<\/strong> commencent avant m\u00eame la c\u00e9r\u00e9monie d'ouverture. Comme le veut la tradition olympique, les <strong>premier concours officiel<\/strong> Le coup d'envoi est donn\u00e9 dans les jours qui pr\u00e9c\u00e8dent imm\u00e9diatement l'\u00e9v\u00e9nement d'ouverture, ce qui permet de d\u00e9marrer symboliquement le moteur des Jeux et d'amener les premiers athl\u00e8tes sur la glace.<\/p><script type=\"text\/plain\" data-tcf=\"waiting-for-consent\" data-id=\"1037\" data-bid=\"1\" data-placement=\"726\">PGRpdiBpZD0iYW1jLTY1MzI2MzgzIiBjbGFzcz0iYW1jLXBvc3QtY29udGVudCIgc3R5bGU9Im1hcmdpbi1sZWZ0OiBhdXRvO21hcmdpbi1yaWdodDogYXV0bzt0ZXh0LWFsaWduOiBjZW50ZXI7Ij48c2NyaXB0IGFzeW5jIHNyYz0iLy9wYWdlYWQyLmdvb2dsZXN5bmRpY2F0aW9uLmNvbS9wYWdlYWQvanMvYWRzYnlnb29nbGUuanM\/Y2xpZW50PWNhLXB1Yi00NDAxMTQ1MDI3NTM5MTE1IiBjcm9zc29yaWdpbj0iYW5vbnltb3VzIj48L3NjcmlwdD48aW5zIGNsYXNzPSJhZHNieWdvb2dsZSIgc3R5bGU9ImRpc3BsYXk6YmxvY2s7IiBkYXRhLWFkLWNsaWVudD0iY2EtcHViLTQ0MDExNDUwMjc1MzkxMTUiIApkYXRhLWFkLXNsb3Q9IjgwMjA1ODM3OTMiIApkYXRhLWFkLWZvcm1hdD0iYXV0byIgZGF0YS1mdWxsLXdpZHRoLXJlc3BvbnNpdmU9InRydWUiPjwvaW5zPgo8c2NyaXB0PiAKKGFkc2J5Z29vZ2xlID0gd2luZG93LmFkc2J5Z29vZ2xlIHx8IFtdKS5wdXNoKHt9KTsgCjwvc2NyaXB0Pgo8L2Rpdj48YnIgc3R5bGU9ImNsZWFyOiBib3RoOyBkaXNwbGF5OiBibG9jazsgZmxvYXQ6IG5vbmU7Ii8+<\/script>\n\n\n\n<p>Des d\u00e9buts silencieux mais significatifs, marquant l'entr\u00e9e officielle des nations dans l'atmosph\u00e8re olympique.<\/p><script type=\"text\/plain\" data-tcf=\"waiting-for-consent\" data-id=\"1033\" data-bid=\"1\" data-placement=\"985\">PGRpdiBpZD0iYW1jLTM4NDE5NTUyNjUiIGNsYXNzPSJhbWMtbWgtbWlkIj48c2NyaXB0IGFzeW5jIHNyYz0iLy9wYWdlYWQyLmdvb2dsZXN5bmRpY2F0aW9uLmNvbS9wYWdlYWQvanMvYWRzYnlnb29nbGUuanM\/Y2xpZW50PWNhLXB1Yi00NDAxMTQ1MDI3NTM5MTE1IiBjcm9zc29yaWdpbj0iYW5vbnltb3VzIj48L3NjcmlwdD48aW5zIGNsYXNzPSJhZHNieWdvb2dsZSIgc3R5bGU9ImRpc3BsYXk6YmxvY2s7IiBkYXRhLWFkLWNsaWVudD0iY2EtcHViLTQ0MDExNDUwMjc1MzkxMTUiIApkYXRhLWFkLXNsb3Q9IiIgCmRhdGEtYWQtZm9ybWF0PSJhdXRvIiBkYXRhLWZ1bGwtd2lkdGgtcmVzcG9uc2l2ZT0idHJ1ZSI+PC9pbnM+CjxzY3JpcHQ+IAooYWRzYnlnb29nbGUgPSB3aW5kb3cuYWRzYnlnb29nbGUgfHwgW10pLnB1c2goe30pOyAKPC9zY3JpcHQ+CjwvZGl2Pg==<\/script>\n\n\n\n<h2 class=\"wp-block-heading\"><strong>Quelle est la premi\u00e8re comp\u00e9tition des Jeux Olympiques de Milan Cortina 2026 ?<\/strong><\/h2>\n\n\n\n<p>Selon la <strong>programme olympique pr\u00e9liminaire<\/strong>, le <strong>premi\u00e8re comp\u00e9tition des Jeux olympiques d'hiver de 2026<\/strong> sera le <strong>curling en double mixte<\/strong>, discipline qui, ces derni\u00e8res ann\u00e9es, est devenue le v\u00e9ritable \u201c\u00e9claireur\u201d des Jeux d'hiver.<\/p>\n\n\n\n<p>Le tournoi d\u00e9butera <strong>\u00e0 partir d'aujourd'hui 4 f\u00e9vrier 2026<\/strong>, deux jours avant la c\u00e9r\u00e9monie d'ouverture, selon une tradition \u00e9tablie par le CIO pour permettre le bon d\u00e9roulement des \u00e9preuves.<\/p>\n\n\n\n<p>Le curling en double mixte repr\u00e9sente un choix symbolique :<\/p>\n\n\n\n<ul class=\"wp-block-list\">\n<li>est une discipline <strong>inclusif<\/strong>, avec des \u00e9quipes compos\u00e9es d'un homme et d'une femme<\/li>\n\n\n\n<li>a un rythme plus rapide que le curling traditionnel<\/li>\n\n\n\n<li>offre imm\u00e9diatement un spectacle accessible au grand public<\/li>\n<\/ul>\n\n\n\n<h2 class=\"wp-block-heading\"><strong>Lieu de la premi\u00e8re comp\u00e9tition<\/strong><\/h2>\n\n\n\n<p>Les premi\u00e8res pierres olympiques seront lanc\u00e9es \u00e0 <strong>Cortina d'Ampezzo<\/strong>, dans l'historique <strong>Stade olympique de glace<\/strong>, l'un des lieux les plus embl\u00e9matiques de l'\u00e9v\u00e9nement.<\/p>\n\n\n\n<p>Cortina, d\u00e9j\u00e0 star des Jeux olympiques de 1956, revient ainsi sur le devant de la sc\u00e8ne mondiale en accueillant <strong>la premi\u00e8re comp\u00e9tition officielle des Jeux de 2026<\/strong>, dans une installation r\u00e9nov\u00e9e et adapt\u00e9e aux normes olympiques modernes.<\/p>\n\n\n\n<p>Le choix du site n'est pas d\u00fb au hasard : Cortina repr\u00e9sente le c\u0153ur symbolique des Jeux olympiques d'hiver italiens, alliant tradition sportive, paysage alpin et visibilit\u00e9 internationale.<\/p>\n\n\n\n<h2 class=\"wp-block-heading\"><strong>Les nations qui participeront \u00e0 la premi\u00e8re comp\u00e9tition olympique<\/strong><\/h2>\n\n\n\n<p>Lors du tournoi de <strong>curling en double mixte<\/strong> participera <strong>jusqu'\u00e0 20 pays<\/strong>, s\u00e9lectionn\u00e9s sur la base de classements internationaux et de qualifications officielles.<\/p>\n\n\n\n<p>Parmi les pays qui ont traditionnellement \u00e9t\u00e9 protagonistes et qui sont \u00e9galement attendus \u00e0 Milan Cortina 2026, on peut citer<\/p>\n\n\n\n<ul class=\"wp-block-list\">\n<li>Italie (pays h\u00f4te)<\/li>\n\n\n\n<li>Canada<\/li>\n\n\n\n<li>Su\u00e8de<\/li>\n\n\n\n<li>Norv\u00e8ge<\/li>\n\n\n\n<li>Suisse<\/li>\n\n\n\n<li>Grande-Bretagne<\/li>\n\n\n\n<li>\u00c9tats-Unis<\/li>\n\n\n\n<li>Chine<\/li>\n\n\n\n<li>Japon<\/li>\n\n\n\n<li>Cor\u00e9e du Sud<\/li>\n<\/ul>\n\n\n\n<p>Aux c\u00f4t\u00e9s des grandes puissances du curling, le tournoi verra \u00e9galement la pr\u00e9sence de <strong>pays \u00e9mergents<\/strong>, ce qui rend la comp\u00e9tition particuli\u00e8rement impr\u00e9visible et tr\u00e8s suivie.<\/p>\n\n\n\n<h2 class=\"wp-block-heading\"><strong>Un d\u00e9part sans c\u00e9r\u00e9monie, mais d\u00e9j\u00e0 olympique<\/strong><\/h2>\n\n\n\n<p>Une fois que le public commence \u00e0 remplir les tribunes et que les premi\u00e8res retransmissions internationales en direct sont diffus\u00e9es, <strong>les Jeux olympiques auront d\u00e9j\u00e0 commenc\u00e9<\/strong>, m\u00eame sans le traditionnel spectacle d'ouverture.<\/p>\n\n\n\n<p>Pour les athl\u00e8tes de curling, la pression est double :<\/p>\n\n\n\n<ul class=\"wp-block-list\">\n<li>ouvrir officiellement les Jeux<\/li>\n\n\n\n<li>concourir alors que le monde olympique est encore en train de se mettre en place<\/li>\n<\/ul>\n\n\n\n<p>C'est souvent au cours de ces premi\u00e8res heures que nous construisons <strong>les histoires les plus surprenantes<\/strong>, entre les \u00e9trangers, les victoires inattendues et les premi\u00e8res d\u00e9ceptions.<\/p>\n\n\n\n<h2 class=\"wp-block-heading\"><strong>L'importance de la premi\u00e8re comp\u00e9tition olympique<\/strong><\/h2>\n\n\n\n<p>La premi\u00e8re comp\u00e9tition des Jeux olympiques ne se limite pas \u00e0 l'attribution de points ou de m\u00e9dailles :<br>repr\u00e9sente le <strong>passage symbolique de l'attente \u00e0 l'action<\/strong>, du compte \u00e0 rebours \u00e0 la r\u00e9alit\u00e9.<\/p>\n\n\n\n<p>\u00c0 partir du 4 f\u00e9vrier 2026 :<\/p>\n\n\n\n<ul class=\"wp-block-list\">\n<li>le village olympique bat son plein<\/li>\n\n\n\n<li>les d\u00e9l\u00e9gations commencent \u00e0 se d\u00e9placer entre les sites<\/li>\n\n\n\n<li>Milan et Cortina deviennent officiellement des villes olympiques<\/li>\n<\/ul>\n\n\n\n<p>C'est le moment o\u00f9 les Jeux olympiques cessent d'\u00eatre un projet pour devenir un \u00e9v\u00e9nement. <strong>l'histoire en mouvement<\/strong>.<\/p>\n<div class=\"amc-dopo-il-contenuto\" id=\"amc-758172890\"><script type=\"text\/plain\" data-tcf=\"waiting-for-consent\" data-id=\"1033\" data-bid=\"1\">PGRpdiBpZD0iYW1jLTY5NzM4MjA3NSI+PHNjcmlwdCBhc3luYyBzcmM9Ii8vcGFnZWFkMi5nb29nbGVzeW5kaWNhdGlvbi5jb20vcGFnZWFkL2pzL2Fkc2J5Z29vZ2xlLmpzP2NsaWVudD1jYS1wdWItNDQwMTE0NTAyNzUzOTExNSIgY3Jvc3NvcmlnaW49ImFub255bW91cyI+PC9zY3JpcHQ+PGlucyBjbGFzcz0iYWRzYnlnb29nbGUiIHN0eWxlPSJkaXNwbGF5OmJsb2NrOyIgZGF0YS1hZC1jbGllbnQ9ImNhLXB1Yi00NDAxMTQ1MDI3NTM5MTE1IiAKZGF0YS1hZC1zbG90PSIiIApkYXRhLWFkLWZvcm1hdD0iYXV0byIgZGF0YS1mdWxsLXdpZHRoLXJlc3BvbnNpdmU9InRydWUiPjwvaW5zPgo8c2NyaXB0PiAKKGFkc2J5Z29vZ2xlID0gd2luZG93LmFkc2J5Z29vZ2xlIHx8IFtdKS5wdXNoKHt9KTsgCjwvc2NyaXB0Pgo8L2Rpdj4=<\/script><\/div>","protected":false},"excerpt":{"rendered":"<p>Le Olimpiadi Invernali di Milano Cortina 2026 iniziano prima ancora della cerimonia inaugurale. Come da tradizione olimpica, la prima competizione ufficiale prende il via nei giorni immediatamente precedenti all\u2019evento di apertura, accendendo simbolicamente il motore dei Giochi e portando sul ghiaccio i primi atleti in gara. Un debutto silenzioso ma carico di significato, che segna [&hellip;]<\/p>","protected":false},"author":3,"featured_media":1067,"comment_status":"open","ping_status":"closed","sticky":false,"template":"","format":"standard","meta":{"_acf_changed":false,"footnotes":""},"categories":[16,2,3,17,8],"tags":[],"class_list":["post-1066","post","type-post","status-publish","format-standard","has-post-thumbnail","hentry","category-notizie-e-approfondimenti","category-atleti-e-squadre","category-calendario-gare","category-sport-e-atleti","category-sport-olimpici"],"acf":[],"_links":{"self":[{"href":"https:\/\/aspettandomilanocortina2026.it\/fr\/wp-json\/wp\/v2\/posts\/1066","targetHints":{"allow":["GET"]}}],"collection":[{"href":"https:\/\/aspettandomilanocortina2026.it\/fr\/wp-json\/wp\/v2\/posts"}],"about":[{"href":"https:\/\/aspettandomilanocortina2026.it\/fr\/wp-json\/wp\/v2\/types\/post"}],"author":[{"embeddable":true,"href":"https:\/\/aspettandomilanocortina2026.it\/fr\/wp-json\/wp\/v2\/users\/3"}],"replies":[{"embeddable":true,"href":"https:\/\/aspettandomilanocortina2026.it\/fr\/wp-json\/wp\/v2\/comments?post=1066"}],"version-history":[{"count":1,"href":"https:\/\/aspettandomilanocortina2026.it\/fr\/wp-json\/wp\/v2\/posts\/1066\/revisions"}],"predecessor-version":[{"id":1068,"href":"https:\/\/aspettandomilanocortina2026.it\/fr\/wp-json\/wp\/v2\/posts\/1066\/revisions\/1068"}],"wp:featuredmedia":[{"embeddable":true,"href":"https:\/\/aspettandomilanocortina2026.it\/fr\/wp-json\/wp\/v2\/media\/1067"}],"wp:attachment":[{"href":"https:\/\/aspettandomilanocortina2026.it\/fr\/wp-json\/wp\/v2\/media?parent=1066"}],"wp:term":[{"taxonomy":"category","embeddable":true,"href":"https:\/\/aspettandomilanocortina2026.it\/fr\/wp-json\/wp\/v2\/categories?post=1066"},{"taxonomy":"post_tag","embeddable":true,"href":"https:\/\/aspettandomilanocortina2026.it\/fr\/wp-json\/wp\/v2\/tags?post=1066"}],"curies":[{"name":"wp","href":"https:\/\/api.w.org\/{rel}","templated":true}]}}