{"id":1063,"date":"2026-02-04T13:50:01","date_gmt":"2026-02-04T11:50:01","guid":{"rendered":"https:\/\/aspettandomilanocortina2026.it\/?p=1063"},"modified":"2026-02-04T13:50:02","modified_gmt":"2026-02-04T11:50:02","slug":"jeux-olympiques-milan-cortina-2026-routes-fermees-a-milan-pour-linauguration-et-modifications-du-trafic","status":"publish","type":"post","link":"https:\/\/aspettandomilanocortina2026.it\/fr\/jeux-olympiques-milan-cortina-2026-routes-fermees-a-milan-pour-linauguration-et-modifications-du-trafic\/","title":{"rendered":"Jeux olympiques de Milan Cortina 2026 : routes ferm\u00e9es \u00e0 Milan pour la c\u00e9r\u00e9monie d'ouverture et modifications de la circulation"},"content":{"rendered":"<script type=\"text\/plain\" data-tcf=\"waiting-for-consent\" data-id=\"1033\" data-bid=\"1\" data-placement=\"1034\">PGRpdiBpZD0iYW1jLTE0NDU3NDQwNzIiIGNsYXNzPSJhbWMtcHJpbWEtZGVsLWNvbnRlbnV0byI+PHNjcmlwdCBhc3luYyBzcmM9Ii8vcGFnZWFkMi5nb29nbGVzeW5kaWNhdGlvbi5jb20vcGFnZWFkL2pzL2Fkc2J5Z29vZ2xlLmpzP2NsaWVudD1jYS1wdWItNDQwMTE0NTAyNzUzOTExNSIgY3Jvc3NvcmlnaW49ImFub255bW91cyI+PC9zY3JpcHQ+PGlucyBjbGFzcz0iYWRzYnlnb29nbGUiIHN0eWxlPSJkaXNwbGF5OmJsb2NrOyIgZGF0YS1hZC1jbGllbnQ9ImNhLXB1Yi00NDAxMTQ1MDI3NTM5MTE1IiAKZGF0YS1hZC1zbG90PSIiIApkYXRhLWFkLWZvcm1hdD0iYXV0byIgZGF0YS1mdWxsLXdpZHRoLXJlc3BvbnNpdmU9InRydWUiPjwvaW5zPgo8c2NyaXB0PiAKKGFkc2J5Z29vZ2xlID0gd2luZG93LmFkc2J5Z29vZ2xlIHx8IFtdKS5wdXNoKHt9KTsgCjwvc2NyaXB0Pgo8L2Rpdj4=<\/script>\n<p>\u00c0 l'approche de la <strong>C\u00e9r\u00e9monie d'ouverture des Jeux olympiques d'hiver Milan Cortina 2026<\/strong> (6 f\u00e9vrier 2026), Milan se pr\u00e9pare \u00e0 accueillir des d\u00e9l\u00e9gations, des athl\u00e8tes et des spectateurs du monde entier. Pour assurer <strong>la s\u00e9curit\u00e9, l'ordre public et la mobilit\u00e9 efficace<\/strong>, la municipalit\u00e9 et la pr\u00e9fecture de Milan ont ordonn\u00e9 <strong>de nombreuses fermetures de routes et restrictions de la circulation<\/strong>, certains d\u00e9j\u00e0 en vigueur et d'autres sp\u00e9cifiques \u00e0 la journ\u00e9e d'ouverture.<\/p><script type=\"text\/plain\" data-tcf=\"waiting-for-consent\" data-id=\"1037\" data-bid=\"1\" data-placement=\"726\">PGRpdiBpZD0iYW1jLTMxMDkzMTM5MzgiIGNsYXNzPSJhbWMtcG9zdC1jb250ZW50IiBzdHlsZT0ibWFyZ2luLWxlZnQ6IGF1dG87bWFyZ2luLXJpZ2h0OiBhdXRvO3RleHQtYWxpZ246IGNlbnRlcjsiPjxzY3JpcHQgYXN5bmMgc3JjPSIvL3BhZ2VhZDIuZ29vZ2xlc3luZGljYXRpb24uY29tL3BhZ2VhZC9qcy9hZHNieWdvb2dsZS5qcz9jbGllbnQ9Y2EtcHViLTQ0MDExNDUwMjc1MzkxMTUiIGNyb3Nzb3JpZ2luPSJhbm9ueW1vdXMiPjwvc2NyaXB0PjxpbnMgY2xhc3M9ImFkc2J5Z29vZ2xlIiBzdHlsZT0iZGlzcGxheTpibG9jazsiIGRhdGEtYWQtY2xpZW50PSJjYS1wdWItNDQwMTE0NTAyNzUzOTExNSIgCmRhdGEtYWQtc2xvdD0iODAyMDU4Mzc5MyIgCmRhdGEtYWQtZm9ybWF0PSJhdXRvIiBkYXRhLWZ1bGwtd2lkdGgtcmVzcG9uc2l2ZT0idHJ1ZSI+PC9pbnM+CjxzY3JpcHQ+IAooYWRzYnlnb29nbGUgPSB3aW5kb3cuYWRzYnlnb29nbGUgfHwgW10pLnB1c2goe30pOyAKPC9zY3JpcHQ+CjwvZGl2PjxiciBzdHlsZT0iY2xlYXI6IGJvdGg7IGRpc3BsYXk6IGJsb2NrOyBmbG9hdDogbm9uZTsiLz4=<\/script>\n\n\n\n<p>Dans cet article, vous trouverez un guide pratique et complet des rues ferm\u00e9es, des zones interdites et des modifications de la circulation afin de vivre l'\u00e9v\u00e9nement avec moins de surprises et plus de conscience.<\/p><script type=\"text\/plain\" data-tcf=\"waiting-for-consent\" data-id=\"1033\" data-bid=\"1\" data-placement=\"985\">PGRpdiBpZD0iYW1jLTMzOTE1Njk2ODYiIGNsYXNzPSJhbWMtbWgtbWlkIj48c2NyaXB0IGFzeW5jIHNyYz0iLy9wYWdlYWQyLmdvb2dsZXN5bmRpY2F0aW9uLmNvbS9wYWdlYWQvanMvYWRzYnlnb29nbGUuanM\/Y2xpZW50PWNhLXB1Yi00NDAxMTQ1MDI3NTM5MTE1IiBjcm9zc29yaWdpbj0iYW5vbnltb3VzIj48L3NjcmlwdD48aW5zIGNsYXNzPSJhZHNieWdvb2dsZSIgc3R5bGU9ImRpc3BsYXk6YmxvY2s7IiBkYXRhLWFkLWNsaWVudD0iY2EtcHViLTQ0MDExNDUwMjc1MzkxMTUiIApkYXRhLWFkLXNsb3Q9IiIgCmRhdGEtYWQtZm9ybWF0PSJhdXRvIiBkYXRhLWZ1bGwtd2lkdGgtcmVzcG9uc2l2ZT0idHJ1ZSI+PC9pbnM+CjxzY3JpcHQ+IAooYWRzYnlnb29nbGUgPSB3aW5kb3cuYWRzYnlnb29nbGUgfHwgW10pLnB1c2goe30pOyAKPC9zY3JpcHQ+CjwvZGl2Pg==<\/script>\n\n\n\n<h2 class=\"wp-block-heading\"><strong>Routes ferm\u00e9es le jour de la c\u00e9r\u00e9monie (6 f\u00e9vrier)<\/strong><\/h2>\n\n\n\n<p>Le <strong>Vendredi de l'inauguration<\/strong>, \u00e0 partir de <strong>13:00 \u00e0 environ 24:00<\/strong>, Le syst\u00e8me routier sera fortement modifi\u00e9 dans les principales zones concern\u00e9es par les c\u00e9l\u00e9brations.<\/p>\n\n\n\n<p><strong>Zone de San Siro (Stade et voies d'acc\u00e8s)<\/strong><\/p>\n\n\n\n<figure class=\"wp-block-image size-large\"><img loading=\"lazy\" decoding=\"async\" width=\"1024\" height=\"576\" src=\"https:\/\/aspettandomilanocortina2026.it\/wp-content\/uploads\/2025\/04\/stadium-3526510_1280-1024x576.jpg\" alt=\"stade san siro\" class=\"wp-image-240\" title=\"\" srcset=\"https:\/\/aspettandomilanocortina2026.it\/wp-content\/uploads\/2025\/04\/stadium-3526510_1280-1024x576.jpg 1024w, https:\/\/aspettandomilanocortina2026.it\/wp-content\/uploads\/2025\/04\/stadium-3526510_1280-300x169.jpg 300w, https:\/\/aspettandomilanocortina2026.it\/wp-content\/uploads\/2025\/04\/stadium-3526510_1280-768x432.jpg 768w, https:\/\/aspettandomilanocortina2026.it\/wp-content\/uploads\/2025\/04\/stadium-3526510_1280.jpg 1280w\" sizes=\"auto, (max-width: 1024px) 100vw, 1024px\" \/><\/figure>\n\n\n\n<p>V\u00e9hicules <strong>les personnes non autoris\u00e9es ne peuvent pas circuler<\/strong> dans ces rues :<\/p>\n\n\n\n<ul class=\"wp-block-list\">\n<li>Piazzale Lotto<\/li>\n\n\n\n<li>Via Caprilli<\/li>\n\n\n\n<li>Place des sports<\/li>\n\n\n\n<li>Via Federico Tesio<\/li>\n\n\n\n<li>Via dei Rospigliosi (de la Piazza Esquilino \u00e0 la Piazza Axum)<\/li>\n\n\n\n<li>Via Dessi\u00e8<\/li>\n\n\n\n<li>Rue Harar<\/li>\n\n\n\n<li>Via Patroclus<\/li>\n\n\n\n<li>Via Fetonte<\/li>\n\n\n\n<li>Via privata del Centauro<\/li>\n\n\n\n<li>Rue Byzance<\/li>\n\n\n\n<li>Via Pegasus<\/li>\n<\/ul>\n\n\n\n<p>Les places de stationnement dans les zones indiqu\u00e9es seront <strong>interdit<\/strong>, \u00e0 l'exception des v\u00e9hicules autoris\u00e9s.<\/p>\n\n\n\n<h2 class=\"wp-block-heading\"><strong>Autres fermetures li\u00e9es \u00e0 des \u00e9v\u00e9nements institutionnels dans la ville<\/strong><\/h2>\n\n\n\n<p>Outre les restrictions dans la zone de San Siro, des fermetures temporaires sont pr\u00e9vues dans le centre-ville pour les \u00e9v\u00e9nements institutionnels li\u00e9s \u00e0 l'inauguration.<\/p>\n\n\n\n<p><strong>Palais royal - Piazza Duomo et rues environnantes<\/strong><\/p>\n\n\n\n<figure class=\"wp-block-image size-large\"><img loading=\"lazy\" decoding=\"async\" width=\"1024\" height=\"767\" src=\"https:\/\/aspettandomilanocortina2026.it\/wp-content\/uploads\/2025\/05\/ouael-ben-salah-0xe2FGo7Vc0-unsplash-1024x767.jpg\" alt=\"cath\u00e9drale de milan\" class=\"wp-image-333\" title=\"\" srcset=\"https:\/\/aspettandomilanocortina2026.it\/wp-content\/uploads\/2025\/05\/ouael-ben-salah-0xe2FGo7Vc0-unsplash-1024x767.jpg 1024w, https:\/\/aspettandomilanocortina2026.it\/wp-content\/uploads\/2025\/05\/ouael-ben-salah-0xe2FGo7Vc0-unsplash-300x225.jpg 300w, https:\/\/aspettandomilanocortina2026.it\/wp-content\/uploads\/2025\/05\/ouael-ben-salah-0xe2FGo7Vc0-unsplash-768x575.jpg 768w, https:\/\/aspettandomilanocortina2026.it\/wp-content\/uploads\/2025\/05\/ouael-ben-salah-0xe2FGo7Vc0-unsplash-1536x1150.jpg 1536w, https:\/\/aspettandomilanocortina2026.it\/wp-content\/uploads\/2025\/05\/ouael-ben-salah-0xe2FGo7Vc0-unsplash-2048x1534.jpg 2048w\" sizes=\"auto, (max-width: 1024px) 100vw, 1024px\" \/><\/figure>\n\n\n\n<p>(de 14h00 \u00e0 21h00 environ)<\/p>\n\n\n\n<p>Routes ferm\u00e9es \u00e0 la circulation :<\/p>\n\n\n\n<ul class=\"wp-block-list\">\n<li>Piazza Missori<\/li>\n\n\n\n<li>Via Giuseppe Mazzini<\/li>\n\n\n\n<li>Place de la cath\u00e9drale<\/li>\n\n\n\n<li>Via Giuseppe Mengoni<\/li>\n\n\n\n<li>Largo Claudio Abbado<\/li>\n\n\n\n<li>Via Santa Margherita<\/li>\n\n\n\n<li>Piazza della Scala<\/li>\n\n\n\n<li>Via Manzoni<\/li>\n\n\n\n<li>Place de la fontaine<\/li>\n\n\n\n<li>Via San Clemente<\/li>\n\n\n\n<li>Via delle Ore<\/li>\n\n\n\n<li>Via Santa Tecla<\/li>\n\n\n\n<li>Largo Schuster<\/li>\n\n\n\n<li>Rue du Palais Royal<\/li>\n\n\n\n<li>Via Francesco Pecorari<\/li>\n\n\n\n<li>Via Rastrelli<\/li>\n\n\n\n<li>Via Paolo da Cannobio<\/li>\n\n\n\n<li>Via Flavio Baracchini<\/li>\n\n\n\n<li>Via Alberico Albricci<\/li>\n\n\n\n<li>Via Larga<\/li>\n<\/ul>\n\n\n\n<p>Dans ce cr\u00e9neau horaire, il y a \u00e9galement la <strong>interdiction aux pi\u00e9tons<\/strong> dans certaines zones centrales \u00e0 des fins de s\u00e9curit\u00e9.<\/p>\n\n\n\n<h2 class=\"wp-block-heading\"><strong>Des quartiers de Milan paralys\u00e9s toute la journ\u00e9e<\/strong><\/h2>\n\n\n\n<p>En plus des fermetures temporaires du 6 f\u00e9vrier, Florence a introduit de nouvelles mesures d\u00e9j\u00e0 en place ou pr\u00e9vues pour les \u00e9v\u00e9nements pr\u00e9paratoires :<\/p>\n\n\n\n<h2 class=\"wp-block-heading\"><strong>Zone du village olympique<\/strong><\/h2>\n\n\n\n<p>De <strong>28 janvier au 22 f\u00e9vrier 2026<\/strong>:<\/p>\n\n\n\n<ul class=\"wp-block-list\">\n<li>La Via Lorenzini sera \u00e0 sens unique de la Via Adamello vers la Via Ripamonti.<\/li>\n\n\n\n<li>Stationnement interdit et voie r\u00e9serv\u00e9e aux v\u00e9hicules autoris\u00e9s pr\u00e8s du village olympique<\/li>\n<\/ul>\n\n\n\n<h2 class=\"wp-block-heading\"><strong>Changements dans le trafic les jours pr\u00e9c\u00e9dant les Jeux olympiques<\/strong><\/h2>\n\n\n\n<p>En vue de la c\u00e9r\u00e9monie, plusieurs rues ont <strong>restrictions temporaires<\/strong> d\u00e9j\u00e0 dans les jours pr\u00e9c\u00e9dents :<\/p>\n\n\n\n<p><strong>5 f\u00e9vrier - Zone monumentale et environs<\/strong><\/p>\n\n\n\n<p>(de 14h00 \u00e0 24h00)<\/p>\n\n\n\n<ul class=\"wp-block-list\">\n<li>Place Baiamonti<\/li>\n\n\n\n<li>Via Ceresio<\/li>\n\n\n\n<li>Carr\u00e9 monumental du cimeti\u00e8re<\/li>\n\n\n\n<li>Via Bramante (entre Via Fioravanti et Piazzale Monumentale)<\/li>\n\n\n\n<li>Via Niccolini (entre Via Fioravanti et Piazzale Monumentale)<\/li>\n\n\n\n<li>Via Luigi Nono<\/li>\n\n\n\n<li>Via Messina (entre Via Cenisio et Via Fioravanti)<\/li>\n\n\n\n<li>Via Procaccini<\/li>\n\n\n\n<li>Place Coriolanus<\/li>\n\n\n\n<li>Via Cenisio (entre Via Messina et Via Nono)<\/li>\n\n\n\n<li>Via Galileo Ferraris<\/li>\n<\/ul>\n\n\n\n<p>Ces fermetures entra\u00eenent des interdictions de stationnement et d'acc\u00e8s des pi\u00e9tons sur certains tron\u00e7ons, avec des d\u00e9rogations pour les seuls v\u00e9hicules autoris\u00e9s.<\/p>\n\n\n\n<h2 class=\"wp-block-heading\"><strong>Interdictions sp\u00e9ciales et mesures extraordinaires<\/strong><\/h2>\n\n\n\n<p>Afin de faciliter la mobilit\u00e9 pendant les jours des Jeux, la municipalit\u00e9 a mis en place des mesures sp\u00e9ciales qui modifient l'utilisation de certaines voies routi\u00e8res :<\/p>\n\n\n\n<ul class=\"wp-block-list\">\n<li><strong>Interdiction des motos, scooters et v\u00e9los<\/strong> sur la voie rapide <strong>90-91<\/strong> (entre Viale Serra et Piazzale Lodi) de <strong>2 f\u00e9vrier au 18 mars<\/strong>, pour r\u00e9duire la congestion et r\u00e9orienter les flux de trafic.<\/li>\n<\/ul>\n\n\n\n<h2 class=\"wp-block-heading\"><strong>Conseils de mobilit\u00e9 pour la semaine d'ouverture<\/strong><\/h2>\n\n\n\n<p>Pour ceux qui seront \u00e0 Milan lors de l'ouverture des Jeux olympiques, en voici quelques-uns <strong>conseils utiles<\/strong>:<\/p>\n\n\n\n<ul class=\"wp-block-list\">\n<li><strong>Arriv\u00e9e par les transports publics<\/strong> (Les services de m\u00e9tro et de bus ont augment\u00e9 avec des horaires \u00e9tendus jusqu'\u00e0 2 heures du matin).<\/li>\n\n\n\n<li><strong>\u00c9viter l'utilisation de voitures priv\u00e9es<\/strong> dans les quartiers centraux et pr\u00e8s de San Siro.<\/li>\n\n\n\n<li>Consultez toujours le <strong>carte des ZTL et des fermetures temporaires<\/strong> publi\u00e9 par la municipalit\u00e9 pour des mises \u00e0 jour en temps r\u00e9el.<\/li>\n\n\n\n<li>V\u00e9rifier s'il y a <strong>laissez-passer et permis<\/strong> pour les r\u00e9sidents, les v\u00e9hicules des m\u00e9dias et les v\u00e9hicules autoris\u00e9s sur le portail officiel de la mobilit\u00e9.<\/li>\n<\/ul>\n\n\n\n<p>Le <strong>Routes ferm\u00e9es \u00e0 Milan pour la c\u00e9r\u00e9monie d'ouverture des Jeux olympiques de Milan Cortina 2026<\/strong> sont nombreux et impliqu\u00e9s :<\/p>\n\n\n\n<ul class=\"wp-block-list\">\n<li>les zones connect\u00e9es \u00e0 la <strong>Stade San Siro<\/strong><\/li>\n\n\n\n<li>le centre ville (zone du Duomo et Palais Royal)<\/li>\n\n\n\n<li>les art\u00e8res principales autour de la <strong>Village olympique<\/strong><\/li>\n\n\n\n<li>les itin\u00e9raires de la <strong>Quartier monumental<\/strong><\/li>\n\n\n\n<li>des voies sp\u00e9ciales avec des mesures de priorisation et des interdictions pour certaines cat\u00e9gories de v\u00e9hicules<\/li>\n<\/ul>\n\n\n\n<p>Ces mesures porteront principalement sur <strong>6 f\u00e9vrier<\/strong>, Le syst\u00e8me routier de la ville de Bruxelles a \u00e9t\u00e9 modifi\u00e9, mais certaines restrictions et modifications du syst\u00e8me routier resteront en place pendant la dur\u00e9e des Jeux olympiques, jusqu'\u00e0 la fin de l'ann\u00e9e scolaire. <strong>22 f\u00e9vrier 2026<\/strong>.<\/p>\n\n\n\n<p><\/p>\n<div class=\"amc-dopo-il-contenuto\" id=\"amc-2671695209\"><script type=\"text\/plain\" data-tcf=\"waiting-for-consent\" data-id=\"1033\" data-bid=\"1\">PGRpdiBpZD0iYW1jLTE3MzgzMzg1MjkiPjxzY3JpcHQgYXN5bmMgc3JjPSIvL3BhZ2VhZDIuZ29vZ2xlc3luZGljYXRpb24uY29tL3BhZ2VhZC9qcy9hZHNieWdvb2dsZS5qcz9jbGllbnQ9Y2EtcHViLTQ0MDExNDUwMjc1MzkxMTUiIGNyb3Nzb3JpZ2luPSJhbm9ueW1vdXMiPjwvc2NyaXB0PjxpbnMgY2xhc3M9ImFkc2J5Z29vZ2xlIiBzdHlsZT0iZGlzcGxheTpibG9jazsiIGRhdGEtYWQtY2xpZW50PSJjYS1wdWItNDQwMTE0NTAyNzUzOTExNSIgCmRhdGEtYWQtc2xvdD0iIiAKZGF0YS1hZC1mb3JtYXQ9ImF1dG8iIGRhdGEtZnVsbC13aWR0aC1yZXNwb25zaXZlPSJ0cnVlIj48L2lucz4KPHNjcmlwdD4gCihhZHNieWdvb2dsZSA9IHdpbmRvdy5hZHNieWdvb2dsZSB8fCBbXSkucHVzaCh7fSk7IAo8L3NjcmlwdD4KPC9kaXY+<\/script><\/div>","protected":false},"excerpt":{"rendered":"<p>Con l\u2019avvicinarsi della cerimonia di apertura delle Olimpiadi Invernali Milano Cortina 2026 (6 febbraio 2026), Milano si prepara ad accogliere delegazioni, sportivi e spettatori da tutto il mondo. Per garantire sicurezza, ordine pubblico e mobilit\u00e0 efficiente, il Comune e la Prefettura di Milano hanno disposto numerose chiusure stradali e restrizioni al traffico, alcune gi\u00e0 in [&hellip;]<\/p>","protected":false},"author":3,"featured_media":1064,"comment_status":"open","ping_status":"closed","sticky":false,"template":"","format":"standard","meta":{"_acf_changed":false,"footnotes":""},"categories":[5,7,1,16],"tags":[],"class_list":["post-1063","post","type-post","status-publish","format-standard","has-post-thumbnail","hentry","category-guida-per-i-tifosi","category-milano-e-cortina","category-notizie-e-aggiornamenti","category-notizie-e-approfondimenti"],"acf":[],"_links":{"self":[{"href":"https:\/\/aspettandomilanocortina2026.it\/fr\/wp-json\/wp\/v2\/posts\/1063","targetHints":{"allow":["GET"]}}],"collection":[{"href":"https:\/\/aspettandomilanocortina2026.it\/fr\/wp-json\/wp\/v2\/posts"}],"about":[{"href":"https:\/\/aspettandomilanocortina2026.it\/fr\/wp-json\/wp\/v2\/types\/post"}],"author":[{"embeddable":true,"href":"https:\/\/aspettandomilanocortina2026.it\/fr\/wp-json\/wp\/v2\/users\/3"}],"replies":[{"embeddable":true,"href":"https:\/\/aspettandomilanocortina2026.it\/fr\/wp-json\/wp\/v2\/comments?post=1063"}],"version-history":[{"count":1,"href":"https:\/\/aspettandomilanocortina2026.it\/fr\/wp-json\/wp\/v2\/posts\/1063\/revisions"}],"predecessor-version":[{"id":1065,"href":"https:\/\/aspettandomilanocortina2026.it\/fr\/wp-json\/wp\/v2\/posts\/1063\/revisions\/1065"}],"wp:featuredmedia":[{"embeddable":true,"href":"https:\/\/aspettandomilanocortina2026.it\/fr\/wp-json\/wp\/v2\/media\/1064"}],"wp:attachment":[{"href":"https:\/\/aspettandomilanocortina2026.it\/fr\/wp-json\/wp\/v2\/media?parent=1063"}],"wp:term":[{"taxonomy":"category","embeddable":true,"href":"https:\/\/aspettandomilanocortina2026.it\/fr\/wp-json\/wp\/v2\/categories?post=1063"},{"taxonomy":"post_tag","embeddable":true,"href":"https:\/\/aspettandomilanocortina2026.it\/fr\/wp-json\/wp\/v2\/tags?post=1063"}],"curies":[{"name":"wp","href":"https:\/\/api.w.org\/{rel}","templated":true}]}}