{"id":1059,"date":"2026-02-04T13:31:20","date_gmt":"2026-02-04T11:31:20","guid":{"rendered":"https:\/\/aspettandomilanocortina2026.it\/?p=1059"},"modified":"2026-02-04T13:42:44","modified_gmt":"2026-02-04T11:42:44","slug":"ceremonie-douverture-de-milan-cortina-2026-invites-chefs-detat-controverse-sur-les-billets-et-reactions-des-organisateurs","status":"publish","type":"post","link":"https:\/\/aspettandomilanocortina2026.it\/fr\/ceremonie-douverture-de-milan-cortina-2026-invites-chefs-detat-controverse-sur-les-billets-et-reactions-des-organisateurs\/","title":{"rendered":"Milan Cortina 2026 : invit\u00e9s \u00e0 la c\u00e9r\u00e9monie d'ouverture, chefs d'Etat, pol\u00e9mique sur les billets et r\u00e9actions de l'organisation"},"content":{"rendered":"<script type=\"text\/plain\" data-tcf=\"waiting-for-consent\" data-id=\"1033\" data-bid=\"1\" data-placement=\"1034\">PGRpdiBpZD0iYW1jLTQyNzc2NzMxMTciIGNsYXNzPSJhbWMtcHJpbWEtZGVsLWNvbnRlbnV0byI+PHNjcmlwdCBhc3luYyBzcmM9Ii8vcGFnZWFkMi5nb29nbGVzeW5kaWNhdGlvbi5jb20vcGFnZWFkL2pzL2Fkc2J5Z29vZ2xlLmpzP2NsaWVudD1jYS1wdWItNDQwMTE0NTAyNzUzOTExNSIgY3Jvc3NvcmlnaW49ImFub255bW91cyI+PC9zY3JpcHQ+PGlucyBjbGFzcz0iYWRzYnlnb29nbGUiIHN0eWxlPSJkaXNwbGF5OmJsb2NrOyIgZGF0YS1hZC1jbGllbnQ9ImNhLXB1Yi00NDAxMTQ1MDI3NTM5MTE1IiAKZGF0YS1hZC1zbG90PSIiIApkYXRhLWFkLWZvcm1hdD0iYXV0byIgZGF0YS1mdWxsLXdpZHRoLXJlc3BvbnNpdmU9InRydWUiPjwvaW5zPgo8c2NyaXB0PiAKKGFkc2J5Z29vZ2xlID0gd2luZG93LmFkc2J5Z29vZ2xlIHx8IFtdKS5wdXNoKHt9KTsgCjwvc2NyaXB0Pgo8L2Rpdj4=<\/script>\n<p>La c\u00e9r\u00e9monie d'ouverture des Jeux olympiques d'hiver de Milan Cortina 2026 est l'un des \u00e9v\u00e9nements les plus attendus de l'ann\u00e9e sportive mondiale : elle est pr\u00e9vue le 6 f\u00e9vrier 2026 \u00e0 l'h\u00f4tel de ville de Milan Cortina. <em>Stade olympique de San Siro<\/em> \u00e0 Milan, la spectaculaire soir\u00e9e d'ouverture sera un m\u00e9lange de sport, de culture et de diplomatie internationale.<\/p><script type=\"text\/plain\" data-tcf=\"waiting-for-consent\" data-id=\"1037\" data-bid=\"1\" data-placement=\"726\">PGRpdiBpZD0iYW1jLTI0NTQ0NjczNzIiIGNsYXNzPSJhbWMtcG9zdC1jb250ZW50IiBzdHlsZT0ibWFyZ2luLWxlZnQ6IGF1dG87bWFyZ2luLXJpZ2h0OiBhdXRvO3RleHQtYWxpZ246IGNlbnRlcjsiPjxzY3JpcHQgYXN5bmMgc3JjPSIvL3BhZ2VhZDIuZ29vZ2xlc3luZGljYXRpb24uY29tL3BhZ2VhZC9qcy9hZHNieWdvb2dsZS5qcz9jbGllbnQ9Y2EtcHViLTQ0MDExNDUwMjc1MzkxMTUiIGNyb3Nzb3JpZ2luPSJhbm9ueW1vdXMiPjwvc2NyaXB0PjxpbnMgY2xhc3M9ImFkc2J5Z29vZ2xlIiBzdHlsZT0iZGlzcGxheTpibG9jazsiIGRhdGEtYWQtY2xpZW50PSJjYS1wdWItNDQwMTE0NTAyNzUzOTExNSIgCmRhdGEtYWQtc2xvdD0iODAyMDU4Mzc5MyIgCmRhdGEtYWQtZm9ybWF0PSJhdXRvIiBkYXRhLWZ1bGwtd2lkdGgtcmVzcG9uc2l2ZT0idHJ1ZSI+PC9pbnM+CjxzY3JpcHQ+IAooYWRzYnlnb29nbGUgPSB3aW5kb3cuYWRzYnlnb29nbGUgfHwgW10pLnB1c2goe30pOyAKPC9zY3JpcHQ+CjwvZGl2PjxiciBzdHlsZT0iY2xlYXI6IGJvdGg7IGRpc3BsYXk6IGJsb2NrOyBmbG9hdDogbm9uZTsiLz4=<\/script>\n\n\n\n<h2 class=\"wp-block-heading\"><strong>Principaux invit\u00e9s internationaux et d\u00e9l\u00e9gations officielles<\/strong><\/h2>\n\n\n\n<p>Parmi les invit\u00e9s institutionnels annonc\u00e9s pour la c\u00e9r\u00e9monie d'ouverture figurent des chefs d'\u00c9tat et de hauts dignitaires internationaux, la d\u00e9l\u00e9gation am\u00e9ricaine conduite par le vice-pr\u00e9sident des \u00c9tats-Unis, J.D. Vance, \u00e9tant particuli\u00e8rement en vue. Il sera accompagn\u00e9 du secr\u00e9taire d'\u00c9tat Marco Rubio, de l'\u00e9pouse de Vance, Usha, et d'autres membres de la d\u00e9l\u00e9gation, dont d'anciens m\u00e9daill\u00e9s olympiques tels qu'Evan Lysacek et Apolo Ohno.<\/p><script type=\"text\/plain\" data-tcf=\"waiting-for-consent\" data-id=\"1033\" data-bid=\"1\" data-placement=\"985\">PGRpdiBpZD0iYW1jLTM3ODk5Mzg3NTQiIGNsYXNzPSJhbWMtbWgtbWlkIj48c2NyaXB0IGFzeW5jIHNyYz0iLy9wYWdlYWQyLmdvb2dsZXN5bmRpY2F0aW9uLmNvbS9wYWdlYWQvanMvYWRzYnlnb29nbGUuanM\/Y2xpZW50PWNhLXB1Yi00NDAxMTQ1MDI3NTM5MTE1IiBjcm9zc29yaWdpbj0iYW5vbnltb3VzIj48L3NjcmlwdD48aW5zIGNsYXNzPSJhZHNieWdvb2dsZSIgc3R5bGU9ImRpc3BsYXk6YmxvY2s7IiBkYXRhLWFkLWNsaWVudD0iY2EtcHViLTQ0MDExNDUwMjc1MzkxMTUiIApkYXRhLWFkLXNsb3Q9IiIgCmRhdGEtYWQtZm9ybWF0PSJhdXRvIiBkYXRhLWZ1bGwtd2lkdGgtcmVzcG9uc2l2ZT0idHJ1ZSI+PC9pbnM+CjxzY3JpcHQ+IAooYWRzYnlnb29nbGUgPSB3aW5kb3cuYWRzYnlnb29nbGUgfHwgW10pLnB1c2goe30pOyAKPC9zY3JpcHQ+CjwvZGl2Pg==<\/script>\n\n\n\n<p>L'absence du pr\u00e9sident am\u00e9ricain Donald Trump a \u00e9t\u00e9 confirm\u00e9e par les m\u00e9dias, mais la pr\u00e9sence de la d\u00e9l\u00e9gation politique et sportive de haut niveau reste l'un des points forts de l'inauguration.<\/p>\n\n\n\n<p>Du c\u00f4t\u00e9 italien, la participation du Pr\u00e9sident de la R\u00e9publique et des principales autorit\u00e9s nationales est confirm\u00e9e, qui prendront \u00e9galement part \u00e0 des \u00e9v\u00e9nements institutionnels collat\u00e9raux dans les jours pr\u00e9c\u00e9dant la c\u00e9r\u00e9monie.<\/p>\n\n\n\n<p>Outre les autorit\u00e9s politiques, l'\u00e9v\u00e9nement accueillera \u00e9galement des personnalit\u00e9s du monde du spectacle et de la culture : parmi les noms confirm\u00e9s pour des repr\u00e9sentations figurent Mariah Carey, Andrea Bocelli, Laura Pausini, Pierfrancesco Favino, Sabrina Impacciatore, le pianiste Lang Lang et la soprano Cecilia Bartoli.<\/p>\n\n\n\n<h2 class=\"wp-block-heading\"><strong>Activit\u00e9s pr\u00e9vues pour les h\u00f4tes<\/strong><\/h2>\n\n\n\n<p>Les invit\u00e9s internationaux ne seront pas seulement des spectateurs : la visite de personnalit\u00e9s telles que Vance et Rubio comprend des r\u00e9unions institutionnelles, la participation \u00e0 des \u00e9v\u00e9nements officiels promus par le comit\u00e9 d'organisation et la pr\u00e9sence au d\u00eener des chefs d'\u00c9tat avant la c\u00e9r\u00e9monie. Le protocole pr\u00e9voit \u00e9galement la participation au d\u00e9fil\u00e9 des \u00e9quipes nationales lors de la parade des drapeaux, un moment symbolique qui allie sport et diplomatie.<\/p>\n\n\n\n<p>Pour les artistes et les interpr\u00e8tes, l'ouverture repr\u00e9sente une sc\u00e8ne mondiale, <strong>\u201c<\/strong>Harmony\u201d, veut c\u00e9l\u00e9brer la rencontre entre diff\u00e9rentes cultures, territoires et passions, incarn\u00e9e \u00e9galement par les choix musicaux et narratifs du spectacle.<\/p>\n\n\n\n<h2 class=\"wp-block-heading\"><strong>26 \u20ac tickets pour les volontaires : la controverse sociale<\/strong><\/h2>\n\n\n\n<p>A quelques jours de l'ouverture, une pol\u00e9mique a \u00e9clat\u00e9 concernant les prix des billets propos\u00e9s aux volontaires impliqu\u00e9s dans l'organisation des Jeux. Alors que les billets les moins chers pour le grand public pour la c\u00e9r\u00e9monie d'ouverture commencent \u00e0 environ 260 euros, certains volontaires ont re\u00e7u des offres exceptionnelles \u00e0 seulement 26 euros pour des places dans le troisi\u00e8me anneau du stade.<\/p>\n\n\n\n<p>Cette d\u00e9cision visait \u00e0 remplir le stade de 60 000 places lors des derni\u00e8res phases de vente, apr\u00e8s que certaines cat\u00e9gories de billets soient rest\u00e9es disponibles en d\u00e9pit de l'int\u00e9r\u00eat g\u00e9n\u00e9ral.<\/p>\n\n\n\n<p>Cependant, la proposition a suscit\u00e9 des critiques : certains commentateurs ont parl\u00e9 d'iniquit\u00e9 par rapport aux tarifs standard, arguant que le co\u00fbt tr\u00e8s bas pour les volontaires pourrait cr\u00e9er une in\u00e9galit\u00e9 par rapport aux fans qui ont achet\u00e9 des billets \u00e0 plein tarif ou des billets promotionnels. Les discussions se sont \u00e9galement r\u00e9pandues sur les m\u00e9dias sociaux et les forums en ligne en Italie et \u00e0 l'\u00e9tranger.<\/p>\n\n\n\n<h2 class=\"wp-block-heading\"><strong>La r\u00e9ponse de l'organisation<\/strong><\/h2>\n\n\n\n<p>La <strong>Fondation Milan Cortina 2026<\/strong> et les organisateurs ont expliqu\u00e9 que l'offre de billets \u00e0 26 euros pour les volontaires n'est pas un \u201ccadeau\u201d mais un remerciement pour l'\u00e9norme contribution apport\u00e9e par les membres de Team26, le programme impliquant des dizaines de milliers de personnes du monde entier dans la logistique, l'accueil et la gestion des Jeux. L'objectif d\u00e9clar\u00e9 est d'assurer une atmosph\u00e8re pleine et participative lors de l'ouverture, en reconnaissant l'engagement de ceux qui ont consacr\u00e9 du temps et de l'expertise \u00e0 l'ensemble de l'\u00e9v\u00e9nement.<\/p>\n\n\n\n<p>Les organisateurs ont \u00e9galement soulign\u00e9 que les prix de base des billets refl\u00e8tent les co\u00fbts de production et la demande internationale pour des \u00e9v\u00e9nements de niveau olympique, et que des initiatives sp\u00e9ciales telles que celle destin\u00e9e aux volontaires font partie des strat\u00e9gies d'engagement de la communaut\u00e9.<\/p>\n<div class=\"amc-dopo-il-contenuto\" id=\"amc-2281088042\"><script type=\"text\/plain\" data-tcf=\"waiting-for-consent\" data-id=\"1033\" data-bid=\"1\">PGRpdiBpZD0iYW1jLTMwNzE5ODMyMTEiPjxzY3JpcHQgYXN5bmMgc3JjPSIvL3BhZ2VhZDIuZ29vZ2xlc3luZGljYXRpb24uY29tL3BhZ2VhZC9qcy9hZHNieWdvb2dsZS5qcz9jbGllbnQ9Y2EtcHViLTQ0MDExNDUwMjc1MzkxMTUiIGNyb3Nzb3JpZ2luPSJhbm9ueW1vdXMiPjwvc2NyaXB0PjxpbnMgY2xhc3M9ImFkc2J5Z29vZ2xlIiBzdHlsZT0iZGlzcGxheTpibG9jazsiIGRhdGEtYWQtY2xpZW50PSJjYS1wdWItNDQwMTE0NTAyNzUzOTExNSIgCmRhdGEtYWQtc2xvdD0iIiAKZGF0YS1hZC1mb3JtYXQ9ImF1dG8iIGRhdGEtZnVsbC13aWR0aC1yZXNwb25zaXZlPSJ0cnVlIj48L2lucz4KPHNjcmlwdD4gCihhZHNieWdvb2dsZSA9IHdpbmRvdy5hZHNieWdvb2dsZSB8fCBbXSkucHVzaCh7fSk7IAo8L3NjcmlwdD4KPC9kaXY+<\/script><\/div>","protected":false},"excerpt":{"rendered":"<p>La cerimonia di inaugurazione delle Olimpiadi Invernali Milano Cortina 2026 \u00e8 uno degli eventi pi\u00f9 attesi dell\u2019anno sportivo mondiale: prevista per il 6 febbraio 2026 allo Stadio San Siro Olympic Stadium di Milano, la spettacolare serata d\u2019apertura sar\u00e0 un mix di sport, cultura e diplomazia internazionale. Grandi ospiti internazionali e delegazioni ufficiali Tra gli ospiti [&hellip;]<\/p>","protected":false},"author":3,"featured_media":1060,"comment_status":"open","ping_status":"closed","sticky":false,"template":"","format":"standard","meta":{"_acf_changed":false,"footnotes":""},"categories":[1,16],"tags":[],"class_list":["post-1059","post","type-post","status-publish","format-standard","has-post-thumbnail","hentry","category-notizie-e-aggiornamenti","category-notizie-e-approfondimenti"],"acf":[],"_links":{"self":[{"href":"https:\/\/aspettandomilanocortina2026.it\/fr\/wp-json\/wp\/v2\/posts\/1059","targetHints":{"allow":["GET"]}}],"collection":[{"href":"https:\/\/aspettandomilanocortina2026.it\/fr\/wp-json\/wp\/v2\/posts"}],"about":[{"href":"https:\/\/aspettandomilanocortina2026.it\/fr\/wp-json\/wp\/v2\/types\/post"}],"author":[{"embeddable":true,"href":"https:\/\/aspettandomilanocortina2026.it\/fr\/wp-json\/wp\/v2\/users\/3"}],"replies":[{"embeddable":true,"href":"https:\/\/aspettandomilanocortina2026.it\/fr\/wp-json\/wp\/v2\/comments?post=1059"}],"version-history":[{"count":1,"href":"https:\/\/aspettandomilanocortina2026.it\/fr\/wp-json\/wp\/v2\/posts\/1059\/revisions"}],"predecessor-version":[{"id":1061,"href":"https:\/\/aspettandomilanocortina2026.it\/fr\/wp-json\/wp\/v2\/posts\/1059\/revisions\/1061"}],"wp:featuredmedia":[{"embeddable":true,"href":"https:\/\/aspettandomilanocortina2026.it\/fr\/wp-json\/wp\/v2\/media\/1060"}],"wp:attachment":[{"href":"https:\/\/aspettandomilanocortina2026.it\/fr\/wp-json\/wp\/v2\/media?parent=1059"}],"wp:term":[{"taxonomy":"category","embeddable":true,"href":"https:\/\/aspettandomilanocortina2026.it\/fr\/wp-json\/wp\/v2\/categories?post=1059"},{"taxonomy":"post_tag","embeddable":true,"href":"https:\/\/aspettandomilanocortina2026.it\/fr\/wp-json\/wp\/v2\/tags?post=1059"}],"curies":[{"name":"wp","href":"https:\/\/api.w.org\/{rel}","templated":true}]}}