{"id":1056,"date":"2026-02-02T16:23:48","date_gmt":"2026-02-02T14:23:48","guid":{"rendered":"https:\/\/aspettandomilanocortina2026.it\/?p=1056"},"modified":"2026-02-02T16:23:50","modified_gmt":"2026-02-02T14:23:50","slug":"premier-cas-de-dopage-aux-jeux-olympiques-de-milan-cortina-2026-laffaire-du-biathlete-italien","status":"publish","type":"post","link":"https:\/\/aspettandomilanocortina2026.it\/fr\/premier-cas-de-dopage-aux-jeux-olympiques-de-milan-cortina-2026-laffaire-du-biathlete-italien\/","title":{"rendered":"Premier cas de dopage aux Jeux olympiques de Milan Cortina 2026 : l'histoire du biathl\u00e8te italien"},"content":{"rendered":"<script type=\"text\/plain\" data-tcf=\"waiting-for-consent\" data-id=\"1033\" data-bid=\"1\" data-placement=\"1034\">PGRpdiBpZD0iYW1jLTQxMjU4NzUxIiBjbGFzcz0iYW1jLXByaW1hLWRlbC1jb250ZW51dG8iPjxzY3JpcHQgYXN5bmMgc3JjPSIvL3BhZ2VhZDIuZ29vZ2xlc3luZGljYXRpb24uY29tL3BhZ2VhZC9qcy9hZHNieWdvb2dsZS5qcz9jbGllbnQ9Y2EtcHViLTQ0MDExNDUwMjc1MzkxMTUiIGNyb3Nzb3JpZ2luPSJhbm9ueW1vdXMiPjwvc2NyaXB0PjxpbnMgY2xhc3M9ImFkc2J5Z29vZ2xlIiBzdHlsZT0iZGlzcGxheTpibG9jazsiIGRhdGEtYWQtY2xpZW50PSJjYS1wdWItNDQwMTE0NTAyNzUzOTExNSIgCmRhdGEtYWQtc2xvdD0iIiAKZGF0YS1hZC1mb3JtYXQ9ImF1dG8iIGRhdGEtZnVsbC13aWR0aC1yZXNwb25zaXZlPSJ0cnVlIj48L2lucz4KPHNjcmlwdD4gCihhZHNieWdvb2dsZSA9IHdpbmRvdy5hZHNieWdvb2dsZSB8fCBbXSkucHVzaCh7fSk7IAo8L3NjcmlwdD4KPC9kaXY+<\/script>\n<p>Quelques jours apr\u00e8s l'inauguration de la <strong>Jeux olympiques d'hiver Milan Cortina 2026<\/strong>, voici la nouvelle qui secoue le monde sportif italien et international : <strong>le premier cas de dopage dans le cadre des Jeux a \u00e9t\u00e9 officiellement confirm\u00e9<\/strong>. Il s'agit d'une jeune athl\u00e8te italienne de biathlon qui a \u00e9t\u00e9 test\u00e9e positive lors d'un contr\u00f4le, ce qui a affect\u00e9 sa participation et l'\u00e9quipe italienne.<\/p><script type=\"text\/plain\" data-tcf=\"waiting-for-consent\" data-id=\"1037\" data-bid=\"1\" data-placement=\"726\">PGRpdiBpZD0iYW1jLTIyODgxMTYzMjgiIGNsYXNzPSJhbWMtcG9zdC1jb250ZW50IiBzdHlsZT0ibWFyZ2luLWxlZnQ6IGF1dG87bWFyZ2luLXJpZ2h0OiBhdXRvO3RleHQtYWxpZ246IGNlbnRlcjsiPjxzY3JpcHQgYXN5bmMgc3JjPSIvL3BhZ2VhZDIuZ29vZ2xlc3luZGljYXRpb24uY29tL3BhZ2VhZC9qcy9hZHNieWdvb2dsZS5qcz9jbGllbnQ9Y2EtcHViLTQ0MDExNDUwMjc1MzkxMTUiIGNyb3Nzb3JpZ2luPSJhbm9ueW1vdXMiPjwvc2NyaXB0PjxpbnMgY2xhc3M9ImFkc2J5Z29vZ2xlIiBzdHlsZT0iZGlzcGxheTpibG9jazsiIGRhdGEtYWQtY2xpZW50PSJjYS1wdWItNDQwMTE0NTAyNzUzOTExNSIgCmRhdGEtYWQtc2xvdD0iODAyMDU4Mzc5MyIgCmRhdGEtYWQtZm9ybWF0PSJhdXRvIiBkYXRhLWZ1bGwtd2lkdGgtcmVzcG9uc2l2ZT0idHJ1ZSI+PC9pbnM+CjxzY3JpcHQ+IAooYWRzYnlnb29nbGUgPSB3aW5kb3cuYWRzYnlnb29nbGUgfHwgW10pLnB1c2goe30pOyAKPC9zY3JpcHQ+CjwvZGl2PjxiciBzdHlsZT0iY2xlYXI6IGJvdGg7IGRpc3BsYXk6IGJsb2NrOyBmbG9hdDogbm9uZTsiLz4=<\/script>\n\n\n\n<h2 class=\"wp-block-heading\"><strong>L'athl\u00e8te et la discipline concern\u00e9e<\/strong><\/h2>\n\n\n\n<p>Le protagoniste de l'affaire est <strong>Rebecca Passler<\/strong>, Passler, biathl\u00e8te italien originaire d'Anterselva et fer de lance de l'\u00e9quipe italienne de biathlon, a \u00e9t\u00e9 s\u00e9lectionn\u00e9 en 2001 pour participer aux comp\u00e9titions olympiques de biathlon. Passler avait \u00e9t\u00e9 appel\u00e9 \u00e0 participer aux comp\u00e9titions olympiques de biathlon, l'une des disciplines hivernales les plus techniques et les plus exigeantes physiquement, qui combine le ski de fond et le tir.<\/p><script type=\"text\/plain\" data-tcf=\"waiting-for-consent\" data-id=\"1033\" data-bid=\"1\" data-placement=\"985\">PGRpdiBpZD0iYW1jLTMyMzkzNjc4NSIgY2xhc3M9ImFtYy1taC1taWQiPjxzY3JpcHQgYXN5bmMgc3JjPSIvL3BhZ2VhZDIuZ29vZ2xlc3luZGljYXRpb24uY29tL3BhZ2VhZC9qcy9hZHNieWdvb2dsZS5qcz9jbGllbnQ9Y2EtcHViLTQ0MDExNDUwMjc1MzkxMTUiIGNyb3Nzb3JpZ2luPSJhbm9ueW1vdXMiPjwvc2NyaXB0PjxpbnMgY2xhc3M9ImFkc2J5Z29vZ2xlIiBzdHlsZT0iZGlzcGxheTpibG9jazsiIGRhdGEtYWQtY2xpZW50PSJjYS1wdWItNDQwMTE0NTAyNzUzOTExNSIgCmRhdGEtYWQtc2xvdD0iIiAKZGF0YS1hZC1mb3JtYXQ9ImF1dG8iIGRhdGEtZnVsbC13aWR0aC1yZXNwb25zaXZlPSJ0cnVlIj48L2lucz4KPHNjcmlwdD4gCihhZHNieWdvb2dsZSA9IHdpbmRvdy5hZHNieWdvb2dsZSB8fCBbXSkucHVzaCh7fSk7IAo8L3NjcmlwdD4KPC9kaXY+<\/script>\n\n\n\n<h2 class=\"wp-block-heading\"><strong>Comment le dopage a \u00e9t\u00e9 d\u00e9couvert<\/strong><\/h2>\n\n\n\n<p>Le contr\u00f4le de dopage qui a conduit au r\u00e9sultat positif de Passler n'a pas \u00e9t\u00e9 effectu\u00e9 au cours d'une comp\u00e9tition, mais a \u00e9t\u00e9 effectu\u00e9 dans le cadre d'une comp\u00e9tition. <strong>\u201chors comp\u00e9tition\u201d<\/strong>, c'est-\u00e0-dire lors d'un test effectu\u00e9 en dehors des comp\u00e9titions officielles. Lors de ce contr\u00f4le, la pr\u00e9sence de <strong>l\u00e9trozole<\/strong>, une substance interdite qui peut modifier l'\u00e9quilibre hormonal et qui est class\u00e9e comme agent d'am\u00e9lioration des performances.<\/p>\n\n\n\n<h2 class=\"wp-block-heading\"><strong>Letrozole : ce que c'est et pourquoi c'est interdit<\/strong><\/h2>\n\n\n\n<p>Le <strong>l\u00e9trozole<\/strong> est un m\u00e9dicament inhibiteur de l'aromatase, utilis\u00e9 en m\u00e9decine pour des traitements sp\u00e9cifiques li\u00e9s \u00e0 l'\u00e9quilibre hormonal. Dans le contexte sportif, il est interdit parce qu'il peut r\u00e9duire les niveaux d'\u0153strog\u00e8nes et masquer la prise d'autres substances dopantes, ou favoriser l'am\u00e9lioration des performances non autoris\u00e9e par les r\u00e8gles antidopage.<\/p>\n\n\n\n<h2 class=\"wp-block-heading\"><strong>Cons\u00e9quences pour l'athl\u00e8te et l'\u00e9quipe<\/strong><\/h2>\n\n\n\n<p>Selon les r\u00e8glements internationaux antidopage et les r\u00e8gles du Comit\u00e9 international olympique, une telle positivit\u00e9 <strong>entra\u00eene la suspension imm\u00e9diate de l'athl\u00e8te<\/strong> et son exclusion des comp\u00e9titions. Dans le cas de Passler, sa participation aux comp\u00e9titions de biathlon a \u00e9t\u00e9 annul\u00e9e et l'\u00e9quipe italienne devra <strong>l'examen de la composition des relais et des \u00e9preuves individuelles<\/strong> pour compenser son absence.<\/p>\n\n\n\n<h2 class=\"wp-block-heading\"><strong>Le contexte des Jeux olympiques et des contr\u00f4les antidopage<\/strong><\/h2>\n\n\n\n<p>L'affaire Passler survient quelques jours avant le d\u00e9but officiel des Jeux - la c\u00e9r\u00e9monie d'ouverture est pr\u00e9vue pour le 6 f\u00e9vrier 2026 - et met en exergue le fait que l'Union europ\u00e9enne n'est pas en mesure d'assurer la s\u00e9curit\u00e9 de ses citoyens. <strong>l'intensit\u00e9 des contr\u00f4les antidopage qui pr\u00e9c\u00e8dent et accompagnent chaque \u00e9dition olympique<\/strong>. Les autorit\u00e9s sportives internationales, y compris le CIO et les agences antidopage, proc\u00e8dent \u00e0 des contr\u00f4les approfondis avant et pendant les Jeux afin de s'assurer que <em>l'int\u00e9grit\u00e9, l'\u00e9quit\u00e9 et la sant\u00e9 des athl\u00e8tes<\/em>.<\/p>\n\n\n\n<p>Cela confirme \u00e9galement dans quelle mesure le syst\u00e8me de contr\u00f4le est capable de d\u00e9tecter des cas suspects en dehors des comp\u00e9titions, emp\u00eachant ainsi que des violations soient commises lors d'\u00e9v\u00e9nements majeurs.<\/p>\n\n\n\n<h2 class=\"wp-block-heading\"><strong>R\u00e9actions et impact sur le bilan olympique<\/strong><\/h2>\n\n\n\n<p>La nouvelle a suscit\u00e9 des r\u00e9actions en Italie et \u00e0 l'\u00e9tranger, et les m\u00e9dias ont accord\u00e9 une grande attention \u00e0 la question du dopage dans le sport. Cette affaire soul\u00e8ve des questions sur la pr\u00e9paration des athl\u00e8tes, les r\u00e8gles de contr\u00f4le et l'efficacit\u00e9 des mesures pr\u00e9ventives prises avant les Jeux.<\/p>\n\n\n\n<p>En m\u00eame temps, les autorit\u00e9s sportives soulignent que <strong>un cas isol\u00e9 ne doit pas occulter la valeur globale de l'\u00e9v\u00e9nement<\/strong>, ni la majorit\u00e9 des athl\u00e8tes participant \u00e0 des comp\u00e9titions, qui le font dans le respect des r\u00e8gles.<\/p>\n<div class=\"amc-dopo-il-contenuto\" id=\"amc-2151101511\"><script type=\"text\/plain\" data-tcf=\"waiting-for-consent\" data-id=\"1033\" data-bid=\"1\">PGRpdiBpZD0iYW1jLTM4MjIwNjA5NjYiPjxzY3JpcHQgYXN5bmMgc3JjPSIvL3BhZ2VhZDIuZ29vZ2xlc3luZGljYXRpb24uY29tL3BhZ2VhZC9qcy9hZHNieWdvb2dsZS5qcz9jbGllbnQ9Y2EtcHViLTQ0MDExNDUwMjc1MzkxMTUiIGNyb3Nzb3JpZ2luPSJhbm9ueW1vdXMiPjwvc2NyaXB0PjxpbnMgY2xhc3M9ImFkc2J5Z29vZ2xlIiBzdHlsZT0iZGlzcGxheTpibG9jazsiIGRhdGEtYWQtY2xpZW50PSJjYS1wdWItNDQwMTE0NTAyNzUzOTExNSIgCmRhdGEtYWQtc2xvdD0iIiAKZGF0YS1hZC1mb3JtYXQ9ImF1dG8iIGRhdGEtZnVsbC13aWR0aC1yZXNwb25zaXZlPSJ0cnVlIj48L2lucz4KPHNjcmlwdD4gCihhZHNieWdvb2dsZSA9IHdpbmRvdy5hZHNieWdvb2dsZSB8fCBbXSkucHVzaCh7fSk7IAo8L3NjcmlwdD4KPC9kaXY+<\/script><\/div>","protected":false},"excerpt":{"rendered":"<p>A pochi giorni dall\u2019inaugurazione delle Olimpiadi Invernali Milano Cortina 2026, arriva la notizia che scuote il mondo sportivo italiano e internazionale: il primo caso di doping all\u2019interno dei Giochi \u00e8 stato ufficialmente confermato. Si tratta di una giovane atleta italiana del biathlon risultata positiva a un controllo, con ripercussioni sulla sua partecipazione e sul team [&hellip;]<\/p>","protected":false},"author":3,"featured_media":1057,"comment_status":"open","ping_status":"closed","sticky":false,"template":"","format":"standard","meta":{"_acf_changed":false,"footnotes":""},"categories":[16,2,1,17],"tags":[],"class_list":["post-1056","post","type-post","status-publish","format-standard","has-post-thumbnail","hentry","category-notizie-e-approfondimenti","category-atleti-e-squadre","category-notizie-e-aggiornamenti","category-sport-e-atleti"],"acf":[],"_links":{"self":[{"href":"https:\/\/aspettandomilanocortina2026.it\/fr\/wp-json\/wp\/v2\/posts\/1056","targetHints":{"allow":["GET"]}}],"collection":[{"href":"https:\/\/aspettandomilanocortina2026.it\/fr\/wp-json\/wp\/v2\/posts"}],"about":[{"href":"https:\/\/aspettandomilanocortina2026.it\/fr\/wp-json\/wp\/v2\/types\/post"}],"author":[{"embeddable":true,"href":"https:\/\/aspettandomilanocortina2026.it\/fr\/wp-json\/wp\/v2\/users\/3"}],"replies":[{"embeddable":true,"href":"https:\/\/aspettandomilanocortina2026.it\/fr\/wp-json\/wp\/v2\/comments?post=1056"}],"version-history":[{"count":1,"href":"https:\/\/aspettandomilanocortina2026.it\/fr\/wp-json\/wp\/v2\/posts\/1056\/revisions"}],"predecessor-version":[{"id":1058,"href":"https:\/\/aspettandomilanocortina2026.it\/fr\/wp-json\/wp\/v2\/posts\/1056\/revisions\/1058"}],"wp:featuredmedia":[{"embeddable":true,"href":"https:\/\/aspettandomilanocortina2026.it\/fr\/wp-json\/wp\/v2\/media\/1057"}],"wp:attachment":[{"href":"https:\/\/aspettandomilanocortina2026.it\/fr\/wp-json\/wp\/v2\/media?parent=1056"}],"wp:term":[{"taxonomy":"category","embeddable":true,"href":"https:\/\/aspettandomilanocortina2026.it\/fr\/wp-json\/wp\/v2\/categories?post=1056"},{"taxonomy":"post_tag","embeddable":true,"href":"https:\/\/aspettandomilanocortina2026.it\/fr\/wp-json\/wp\/v2\/tags?post=1056"}],"curies":[{"name":"wp","href":"https:\/\/api.w.org\/{rel}","templated":true}]}}