{"id":1053,"date":"2026-02-02T15:26:27","date_gmt":"2026-02-02T13:26:27","guid":{"rendered":"https:\/\/aspettandomilanocortina2026.it\/?p=1053"},"modified":"2026-02-02T15:26:29","modified_gmt":"2026-02-02T13:26:29","slug":"milan-cortina-2026-inaugure-le-village-olympique-coeur-des-jeux-dhiver","status":"publish","type":"post","link":"https:\/\/aspettandomilanocortina2026.it\/fr\/milan-cortina-2026-inaugure-le-village-olympique-coeur-des-jeux-dhiver\/","title":{"rendered":"Milan Cortina 2026 : ouverture du village olympique, c\u0153ur battant des Jeux d'hiver"},"content":{"rendered":"<script type=\"text\/plain\" data-tcf=\"waiting-for-consent\" data-id=\"1033\" data-bid=\"1\" data-placement=\"1034\">PGRpdiBpZD0iYW1jLTMyOTY1Nzg1OTYiIGNsYXNzPSJhbWMtcHJpbWEtZGVsLWNvbnRlbnV0byI+PHNjcmlwdCBhc3luYyBzcmM9Ii8vcGFnZWFkMi5nb29nbGVzeW5kaWNhdGlvbi5jb20vcGFnZWFkL2pzL2Fkc2J5Z29vZ2xlLmpzP2NsaWVudD1jYS1wdWItNDQwMTE0NTAyNzUzOTExNSIgY3Jvc3NvcmlnaW49ImFub255bW91cyI+PC9zY3JpcHQ+PGlucyBjbGFzcz0iYWRzYnlnb29nbGUiIHN0eWxlPSJkaXNwbGF5OmJsb2NrOyIgZGF0YS1hZC1jbGllbnQ9ImNhLXB1Yi00NDAxMTQ1MDI3NTM5MTE1IiAKZGF0YS1hZC1zbG90PSIiIApkYXRhLWFkLWZvcm1hdD0iYXV0byIgZGF0YS1mdWxsLXdpZHRoLXJlc3BvbnNpdmU9InRydWUiPjwvaW5zPgo8c2NyaXB0PiAKKGFkc2J5Z29vZ2xlID0gd2luZG93LmFkc2J5Z29vZ2xlIHx8IFtdKS5wdXNoKHt9KTsgCjwvc2NyaXB0Pgo8L2Rpdj4=<\/script>\n<p>En tant que <strong>Jeux olympiques d'hiver Milan Cortina 2026<\/strong>, l'un des lieux embl\u00e9matiques de l'\u00e9v\u00e9nement s'appr\u00eate \u00e0 ouvrir ses portes : le <strong>Village olympique<\/strong>, Un espace r\u00e9serv\u00e9 aux athl\u00e8tes qui, pendant des semaines, deviendra une v\u00e9ritable ville dans la ville. Il ne s'agit pas d'un simple h\u00e9bergement, mais d'un \u00e9cosyst\u00e8me r\u00e9glement\u00e9, s\u00fbr et hautement organis\u00e9, con\u00e7u pour garantir la concentration, le bien-\u00eatre et la prise en charge de milliers d'athl\u00e8tes venus du monde entier.<\/p><script type=\"text\/plain\" data-tcf=\"waiting-for-consent\" data-id=\"1037\" data-bid=\"1\" data-placement=\"726\">PGRpdiBpZD0iYW1jLTQwMjU2NDU4MjQiIGNsYXNzPSJhbWMtcG9zdC1jb250ZW50IiBzdHlsZT0ibWFyZ2luLWxlZnQ6IGF1dG87bWFyZ2luLXJpZ2h0OiBhdXRvO3RleHQtYWxpZ246IGNlbnRlcjsiPjxzY3JpcHQgYXN5bmMgc3JjPSIvL3BhZ2VhZDIuZ29vZ2xlc3luZGljYXRpb24uY29tL3BhZ2VhZC9qcy9hZHNieWdvb2dsZS5qcz9jbGllbnQ9Y2EtcHViLTQ0MDExNDUwMjc1MzkxMTUiIGNyb3Nzb3JpZ2luPSJhbm9ueW1vdXMiPjwvc2NyaXB0PjxpbnMgY2xhc3M9ImFkc2J5Z29vZ2xlIiBzdHlsZT0iZGlzcGxheTpibG9jazsiIGRhdGEtYWQtY2xpZW50PSJjYS1wdWItNDQwMTE0NTAyNzUzOTExNSIgCmRhdGEtYWQtc2xvdD0iODAyMDU4Mzc5MyIgCmRhdGEtYWQtZm9ybWF0PSJhdXRvIiBkYXRhLWZ1bGwtd2lkdGgtcmVzcG9uc2l2ZT0idHJ1ZSI+PC9pbnM+CjxzY3JpcHQ+IAooYWRzYnlnb29nbGUgPSB3aW5kb3cuYWRzYnlnb29nbGUgfHwgW10pLnB1c2goe30pOyAKPC9zY3JpcHQ+CjwvZGl2PjxiciBzdHlsZT0iY2xlYXI6IGJvdGg7IGRpc3BsYXk6IGJsb2NrOyBmbG9hdDogbm9uZTsiLz4=<\/script>\n\n\n\n<h2 class=\"wp-block-heading\"><strong>Ouverture du village olympique de Milan Cortina 2026<\/strong><\/h2>\n\n\n\n<p>Le village olympique ouvre officiellement ses portes dans les jours pr\u00e9c\u00e9dant le d\u00e9but des comp\u00e9titions, permettant l'arriv\u00e9e \u00e9chelonn\u00e9e des d\u00e9l\u00e9gations nationales. L'acc\u00e8s est exclusivement r\u00e9serv\u00e9 aux athl\u00e8tes, aux entra\u00eeneurs, aux membres des \u00e9quipes officielles et au personnel accr\u00e9dit\u00e9 par le Comit\u00e9 international olympique (CIO).<\/p><script type=\"text\/plain\" data-tcf=\"waiting-for-consent\" data-id=\"1033\" data-bid=\"1\" data-placement=\"985\">PGRpdiBpZD0iYW1jLTI1ODEyNzI5NDUiIGNsYXNzPSJhbWMtbWgtbWlkIj48c2NyaXB0IGFzeW5jIHNyYz0iLy9wYWdlYWQyLmdvb2dsZXN5bmRpY2F0aW9uLmNvbS9wYWdlYWQvanMvYWRzYnlnb29nbGUuanM\/Y2xpZW50PWNhLXB1Yi00NDAxMTQ1MDI3NTM5MTE1IiBjcm9zc29yaWdpbj0iYW5vbnltb3VzIj48L3NjcmlwdD48aW5zIGNsYXNzPSJhZHNieWdvb2dsZSIgc3R5bGU9ImRpc3BsYXk6YmxvY2s7IiBkYXRhLWFkLWNsaWVudD0iY2EtcHViLTQ0MDExNDUwMjc1MzkxMTUiIApkYXRhLWFkLXNsb3Q9IiIgCmRhdGEtYWQtZm9ybWF0PSJhdXRvIiBkYXRhLWZ1bGwtd2lkdGgtcmVzcG9uc2l2ZT0idHJ1ZSI+PC9pbnM+CjxzY3JpcHQ+IAooYWRzYnlnb29nbGUgPSB3aW5kb3cuYWRzYnlnb29nbGUgfHwgW10pLnB1c2goe30pOyAKPC9zY3JpcHQ+CjwvZGl2Pg==<\/script>\n\n\n\n<p>L'ouverture du village repr\u00e9sente l'un des moments les plus d\u00e9licats de l'organisation : c'est \u00e0 partir de ce moment que la vie quotidienne des Jeux prend forme, loin des stades mais au c\u0153ur de l'exp\u00e9rience olympique.<\/p>\n\n\n\n<h2 class=\"wp-block-heading\"><strong>Combien d'athl\u00e8tes le village olympique accueille-t-il ?<\/strong><\/h2>\n\n\n\n<p>Pour <strong>Milan Cortina 2026<\/strong> la pr\u00e9sence de <strong>environ 2 900 athl\u00e8tes olympiques<\/strong>, Le village est compos\u00e9 d'une vingtaine de personnes, plus des entra\u00eeneurs, des soigneurs, des m\u00e9decins et du personnel technique. Dans l'ensemble, le village est con\u00e7u pour accueillir <strong>plus de 6 000 personnes<\/strong> en m\u00eame temps.<\/p>\n\n\n\n<p>L'h\u00e9bergement est organis\u00e9 pour les d\u00e9l\u00e9gations nationales, avec des espaces communs, des cantines internationales, des espaces de d\u00e9tente et des installations de r\u00e9cup\u00e9ration physique. Tout est con\u00e7u pour permettre aux athl\u00e8tes de se concentrer exclusivement sur la comp\u00e9tition.<\/p>\n\n\n\n<h2 class=\"wp-block-heading\"><strong>Les r\u00e8gles \u00e0 l'int\u00e9rieur du village olympique<\/strong><\/h2>\n\n\n\n<p>La vie dans le village olympique est r\u00e9gie par des r\u00e8gles pr\u00e9cises \u00e9tablies par le CIO et le comit\u00e9 d'organisation :<\/p>\n\n\n\n<ul class=\"wp-block-list\">\n<li><strong>A<\/strong>Acc\u00e8s contr\u00f4l\u00e9 24 heures sur 24 avec badges personnels<\/li>\n\n\n\n<li>Interdiction d'acc\u00e8s au public et aux membres de la famille non accr\u00e9dit\u00e9s<\/li>\n\n\n\n<li>Heures r\u00e9glement\u00e9es pour le silence et le repos, en particulier la nuit<\/li>\n\n\n\n<li>Interdiction de comportements susceptibles de compromettre la s\u00e9curit\u00e9 ou l'image des Jeux<\/li>\n\n\n\n<li>R\u00e8gles strictes en mati\u00e8re de s\u00e9curit\u00e9, de respect de la vie priv\u00e9e et d'utilisation des espaces communs<\/li>\n<\/ul>\n\n\n\n<p>Le village est un lieu multiculturel, mais aussi tr\u00e8s disciplin\u00e9 : chaque aspect est con\u00e7u pour garantir l'\u00e9quit\u00e9, le respect et la s\u00e9curit\u00e9.<\/p>\n\n\n\n<h2 class=\"wp-block-heading\"><strong>Soins m\u00e9dicaux : que se passe-t-il en cas d'urgence ?<\/strong><\/h2>\n\n\n\n<p>\u00c0 l'int\u00e9rieur du village olympique se trouve un <strong>centre m\u00e9dical permanent<\/strong>, fonctionnant jour et nuit. L'installation comprend<\/p>\n\n\n\n<ul class=\"wp-block-list\">\n<li>M\u00e9decins g\u00e9n\u00e9ralistes et du sport<\/li>\n\n\n\n<li>Services de premiers secours<\/li>\n\n\n\n<li>Ambulances et liens directs avec les h\u00f4pitaux de r\u00e9f\u00e9rence<\/li>\n\n\n\n<li>Physioth\u00e9rapie et aide au r\u00e9tablissement<\/li>\n<\/ul>\n\n\n\n<h2 class=\"wp-block-heading\"><strong>Qui paie les soins m\u00e9dicaux ?<\/strong><\/h2>\n\n\n\n<ul class=\"wp-block-list\">\n<li>Les soins d'urgence et les premiers secours sont couverts par l'organisation olympique.<\/li>\n\n\n\n<li>Les traitements sp\u00e9cialis\u00e9s ou prolong\u00e9s peuvent \u00eatre pris en charge par l'assurance sportive des d\u00e9l\u00e9gations ou f\u00e9d\u00e9rations auxquelles ils appartiennent.<\/li>\n<\/ul>\n\n\n\n<p>La sant\u00e9 des athl\u00e8tes est une priorit\u00e9 absolue et le syst\u00e8me de sant\u00e9 olympique est con\u00e7u pour intervenir tr\u00e8s rapidement.<\/p>\n\n\n\n<h2 class=\"wp-block-heading\"><strong>La vie quotidienne au village olympique<\/strong><\/h2>\n\n\n\n<p>Le village olympique n'est pas un simple dortoir. \u00c0 l'int\u00e9rieur, vous trouverez<\/p>\n\n\n\n<ul class=\"wp-block-list\">\n<li>Cantines proposant des cuisines internationales et des menus personnalis\u00e9s<\/li>\n\n\n\n<li>Salles de sport et aires d'entra\u00eenement l\u00e9g\u00e8res<\/li>\n\n\n\n<li>Espaces verts et zones de d\u00e9tente<\/li>\n\n\n\n<li>Des lieux de rencontre informels pour les athl\u00e8tes de diff\u00e9rentes disciplines et de diff\u00e9rents pays<\/li>\n<\/ul>\n\n\n\n<p>C'est l\u00e0 que naissent les amiti\u00e9s, les comparaisons culturelles et cette atmosph\u00e8re unique qui fait des Jeux olympiques bien plus qu'une simple comp\u00e9tition sportive.<\/p>\n\n\n\n<h2 class=\"wp-block-heading\"><strong>Que se passera-t-il dans le village olympique apr\u00e8s les Jeux ?<\/strong><\/h2>\n\n\n\n<p>L'un des aspects les plus pertinents de la <strong>Milan Cortina 2026<\/strong> est le <strong>r\u00e9utilisation du village olympique<\/strong> apr\u00e8s la fin des Jeux. Le projet comprend une reconversion structurelle orient\u00e9e vers la durabilit\u00e9 urbaine.<\/p>\n\n\n\n<p>Apr\u00e8s les Jeux olympiques :<\/p>\n\n\n\n<ul class=\"wp-block-list\">\n<li>Les logements seront transform\u00e9s en r\u00e9sidences \u00e9tudiantes et en logements sociaux<\/li>\n\n\n\n<li>Certaines zones seront r\u00e9serv\u00e9es aux services publics et aux espaces communautaires.<\/li>\n\n\n\n<li>L'objectif est de laisser un h\u00e9ritage concret et durable \u00e0 la ville, en \u00e9vitant les cath\u00e9drales dans le d\u00e9sert.<\/li>\n<\/ul>\n\n\n\n<p>Le village olympique deviendra ainsi une partie int\u00e9grante du tissu urbain, continuant \u00e0 vivre m\u00eame apr\u00e8s l'extinction du brasier olympique.<\/p>\n\n\n\n<h2 class=\"wp-block-heading\"><strong>Pourquoi le village olympique est-il le v\u00e9ritable c\u0153ur des Jeux ?<\/strong><\/h2>\n\n\n\n<p>Loin des cam\u00e9ras, le village olympique est l'endroit o\u00f9 les Jeux prennent forme chaque jour. C'est ici que les athl\u00e8tes se reposent, se pr\u00e9parent, concourent et vivent l'exp\u00e9rience olympique dans sa dimension la plus authentique. Avec <strong>Milan Cortina 2026<\/strong>, le village ne sera pas seulement une structure temporaire, mais un symbole d'organisation, de s\u00e9curit\u00e9 et d'avenir, capable de laisser un h\u00e9ritage concret bien au-del\u00e0 des deux semaines de comp\u00e9tition.<\/p>\n<div class=\"amc-dopo-il-contenuto\" id=\"amc-2959663214\"><script type=\"text\/plain\" data-tcf=\"waiting-for-consent\" data-id=\"1033\" data-bid=\"1\">PGRpdiBpZD0iYW1jLTIzNTUwOTc4NzkiPjxzY3JpcHQgYXN5bmMgc3JjPSIvL3BhZ2VhZDIuZ29vZ2xlc3luZGljYXRpb24uY29tL3BhZ2VhZC9qcy9hZHNieWdvb2dsZS5qcz9jbGllbnQ9Y2EtcHViLTQ0MDExNDUwMjc1MzkxMTUiIGNyb3Nzb3JpZ2luPSJhbm9ueW1vdXMiPjwvc2NyaXB0PjxpbnMgY2xhc3M9ImFkc2J5Z29vZ2xlIiBzdHlsZT0iZGlzcGxheTpibG9jazsiIGRhdGEtYWQtY2xpZW50PSJjYS1wdWItNDQwMTE0NTAyNzUzOTExNSIgCmRhdGEtYWQtc2xvdD0iIiAKZGF0YS1hZC1mb3JtYXQ9ImF1dG8iIGRhdGEtZnVsbC13aWR0aC1yZXNwb25zaXZlPSJ0cnVlIj48L2lucz4KPHNjcmlwdD4gCihhZHNieWdvb2dsZSA9IHdpbmRvdy5hZHNieWdvb2dsZSB8fCBbXSkucHVzaCh7fSk7IAo8L3NjcmlwdD4KPC9kaXY+<\/script><\/div>","protected":false},"excerpt":{"rendered":"<p>Con l\u2019avvicinarsi delle Olimpiadi Invernali Milano Cortina 2026, uno dei luoghi simbolo dell\u2019evento si prepara ad aprire le porte: il Villaggio Olimpico, spazio riservato agli atleti che per settimane diventer\u00e0 una vera e propria citt\u00e0 nella citt\u00e0. Non solo alloggi, ma un ecosistema regolato, sicuro e altamente organizzato, pensato per garantire concentrazione, benessere e assistenza [&hellip;]<\/p>","protected":false},"author":3,"featured_media":1054,"comment_status":"open","ping_status":"closed","sticky":false,"template":"","format":"standard","meta":{"_acf_changed":false,"footnotes":""},"categories":[5,2,4,7,1,16,17],"tags":[],"class_list":["post-1053","post","type-post","status-publish","format-standard","has-post-thumbnail","hentry","category-guida-per-i-tifosi","category-atleti-e-squadre","category-dietro-le-quinte","category-milano-e-cortina","category-notizie-e-aggiornamenti","category-notizie-e-approfondimenti","category-sport-e-atleti"],"acf":[],"_links":{"self":[{"href":"https:\/\/aspettandomilanocortina2026.it\/fr\/wp-json\/wp\/v2\/posts\/1053","targetHints":{"allow":["GET"]}}],"collection":[{"href":"https:\/\/aspettandomilanocortina2026.it\/fr\/wp-json\/wp\/v2\/posts"}],"about":[{"href":"https:\/\/aspettandomilanocortina2026.it\/fr\/wp-json\/wp\/v2\/types\/post"}],"author":[{"embeddable":true,"href":"https:\/\/aspettandomilanocortina2026.it\/fr\/wp-json\/wp\/v2\/users\/3"}],"replies":[{"embeddable":true,"href":"https:\/\/aspettandomilanocortina2026.it\/fr\/wp-json\/wp\/v2\/comments?post=1053"}],"version-history":[{"count":1,"href":"https:\/\/aspettandomilanocortina2026.it\/fr\/wp-json\/wp\/v2\/posts\/1053\/revisions"}],"predecessor-version":[{"id":1055,"href":"https:\/\/aspettandomilanocortina2026.it\/fr\/wp-json\/wp\/v2\/posts\/1053\/revisions\/1055"}],"wp:featuredmedia":[{"embeddable":true,"href":"https:\/\/aspettandomilanocortina2026.it\/fr\/wp-json\/wp\/v2\/media\/1054"}],"wp:attachment":[{"href":"https:\/\/aspettandomilanocortina2026.it\/fr\/wp-json\/wp\/v2\/media?parent=1053"}],"wp:term":[{"taxonomy":"category","embeddable":true,"href":"https:\/\/aspettandomilanocortina2026.it\/fr\/wp-json\/wp\/v2\/categories?post=1053"},{"taxonomy":"post_tag","embeddable":true,"href":"https:\/\/aspettandomilanocortina2026.it\/fr\/wp-json\/wp\/v2\/tags?post=1053"}],"curies":[{"name":"wp","href":"https:\/\/api.w.org\/{rel}","templated":true}]}}