{"id":1042,"date":"2026-01-31T23:07:27","date_gmt":"2026-01-31T21:07:27","guid":{"rendered":"https:\/\/aspettandomilanocortina2026.it\/?p=1042"},"modified":"2026-02-01T00:07:39","modified_gmt":"2026-01-31T22:07:39","slug":"milan-cortina-2026-la-mobilite-des-taxis-et-lhebergement-entre-demande-record-et-defis-logistiques","status":"publish","type":"post","link":"https:\/\/aspettandomilanocortina2026.it\/fr\/milan-cortina-2026-la-mobilite-des-taxis-et-lhebergement-entre-demande-record-et-defis-logistiques\/","title":{"rendered":"Milan Cortina 2026 : taxis, mobilit\u00e9 et h\u00e9bergement entre demande record et d\u00e9fis logistiques"},"content":{"rendered":"<script type=\"text\/plain\" data-tcf=\"waiting-for-consent\" data-id=\"1033\" data-bid=\"1\" data-placement=\"1034\">PGRpdiBpZD0iYW1jLTE0MTYwMTcyMzkiIGNsYXNzPSJhbWMtcHJpbWEtZGVsLWNvbnRlbnV0byI+PHNjcmlwdCBhc3luYyBzcmM9Ii8vcGFnZWFkMi5nb29nbGVzeW5kaWNhdGlvbi5jb20vcGFnZWFkL2pzL2Fkc2J5Z29vZ2xlLmpzP2NsaWVudD1jYS1wdWItNDQwMTE0NTAyNzUzOTExNSIgY3Jvc3NvcmlnaW49ImFub255bW91cyI+PC9zY3JpcHQ+PGlucyBjbGFzcz0iYWRzYnlnb29nbGUiIHN0eWxlPSJkaXNwbGF5OmJsb2NrOyIgZGF0YS1hZC1jbGllbnQ9ImNhLXB1Yi00NDAxMTQ1MDI3NTM5MTE1IiAKZGF0YS1hZC1zbG90PSIiIApkYXRhLWFkLWZvcm1hdD0iYXV0byIgZGF0YS1mdWxsLXdpZHRoLXJlc3BvbnNpdmU9InRydWUiPjwvaW5zPgo8c2NyaXB0PiAKKGFkc2J5Z29vZ2xlID0gd2luZG93LmFkc2J5Z29vZ2xlIHx8IFtdKS5wdXNoKHt9KTsgCjwvc2NyaXB0Pgo8L2Rpdj4=<\/script>\n<p>En tant que <strong>Jeux olympiques d'hiver Milan Cortina 2026<\/strong>, L'Italie se pr\u00e9pare \u00e0 relever l'un des plus grands d\u00e9fis logistiques de ces derni\u00e8res d\u00e9cennies. L'afflux d'athl\u00e8tes, de d\u00e9l\u00e9gations, de journalistes et de spectateurs du monde entier va mettre \u00e0 rude \u00e9preuve la capacit\u00e9 de l'Italie \u00e0 organiser les Jeux olympiques et paralympiques. <strong>transport urbain, services de taxi et syst\u00e8me d'h\u00e9bergement<\/strong>, en particulier \u00e0 Milan, mais aussi dans les villes et les vall\u00e9es concern\u00e9es par les concours.<\/p><script type=\"text\/plain\" data-tcf=\"waiting-for-consent\" data-id=\"1037\" data-bid=\"1\" data-placement=\"726\">PGRpdiBpZD0iYW1jLTM0NzAzMTgzNTgiIGNsYXNzPSJhbWMtcG9zdC1jb250ZW50IiBzdHlsZT0ibWFyZ2luLWxlZnQ6IGF1dG87bWFyZ2luLXJpZ2h0OiBhdXRvO3RleHQtYWxpZ246IGNlbnRlcjsiPjxzY3JpcHQgYXN5bmMgc3JjPSIvL3BhZ2VhZDIuZ29vZ2xlc3luZGljYXRpb24uY29tL3BhZ2VhZC9qcy9hZHNieWdvb2dsZS5qcz9jbGllbnQ9Y2EtcHViLTQ0MDExNDUwMjc1MzkxMTUiIGNyb3Nzb3JpZ2luPSJhbm9ueW1vdXMiPjwvc2NyaXB0PjxpbnMgY2xhc3M9ImFkc2J5Z29vZ2xlIiBzdHlsZT0iZGlzcGxheTpibG9jazsiIGRhdGEtYWQtY2xpZW50PSJjYS1wdWItNDQwMTE0NTAyNzUzOTExNSIgCmRhdGEtYWQtc2xvdD0iODAyMDU4Mzc5MyIgCmRhdGEtYWQtZm9ybWF0PSJhdXRvIiBkYXRhLWZ1bGwtd2lkdGgtcmVzcG9uc2l2ZT0idHJ1ZSI+PC9pbnM+CjxzY3JpcHQ+IAooYWRzYnlnb29nbGUgPSB3aW5kb3cuYWRzYnlnb29nbGUgfHwgW10pLnB1c2goe30pOyAKPC9zY3JpcHQ+CjwvZGl2PjxiciBzdHlsZT0iY2xlYXI6IGJvdGg7IGRpc3BsYXk6IGJsb2NrOyBmbG9hdDogbm9uZTsiLz4=<\/script>\n\n\n\n<h2 class=\"wp-block-heading\"><strong>Taxis \u00e0 Milan : une demande en forte augmentation<\/strong><\/h2>\n\n\n\n<figure class=\"wp-block-image size-full\"><img loading=\"lazy\" decoding=\"async\" width=\"1024\" height=\"1024\" src=\"https:\/\/aspettandomilanocortina2026.it\/wp-content\/uploads\/2026\/01\/Copilot_20260131_220606.png\" alt=\"\" class=\"wp-image-1045\" title=\"\" srcset=\"https:\/\/aspettandomilanocortina2026.it\/wp-content\/uploads\/2026\/01\/Copilot_20260131_220606.png 1024w, https:\/\/aspettandomilanocortina2026.it\/wp-content\/uploads\/2026\/01\/Copilot_20260131_220606-300x300.png 300w, https:\/\/aspettandomilanocortina2026.it\/wp-content\/uploads\/2026\/01\/Copilot_20260131_220606-150x150.png 150w, https:\/\/aspettandomilanocortina2026.it\/wp-content\/uploads\/2026\/01\/Copilot_20260131_220606-768x768.png 768w, https:\/\/aspettandomilanocortina2026.it\/wp-content\/uploads\/2026\/01\/Copilot_20260131_220606-12x12.png 12w, https:\/\/aspettandomilanocortina2026.it\/wp-content\/uploads\/2026\/01\/Copilot_20260131_220606-600x600.png 600w\" sizes=\"auto, (max-width: 1024px) 100vw, 1024px\" \/><\/figure>\n\n\n\n<p>Pendant la p\u00e9riode olympique, <strong>la demande de taxis \u00e0 Milan devrait augmenter de mani\u00e8re significative<\/strong>, en particulier sur les temps forts tels que la c\u00e9r\u00e9monie d'ouverture et les finales les plus attendues.<\/p><script type=\"text\/plain\" data-tcf=\"waiting-for-consent\" data-id=\"1033\" data-bid=\"1\" data-placement=\"985\">PGRpdiBpZD0iYW1jLTM1NTE3NzIxOTciIGNsYXNzPSJhbWMtbWgtbWlkIj48c2NyaXB0IGFzeW5jIHNyYz0iLy9wYWdlYWQyLmdvb2dsZXN5bmRpY2F0aW9uLmNvbS9wYWdlYWQvanMvYWRzYnlnb29nbGUuanM\/Y2xpZW50PWNhLXB1Yi00NDAxMTQ1MDI3NTM5MTE1IiBjcm9zc29yaWdpbj0iYW5vbnltb3VzIj48L3NjcmlwdD48aW5zIGNsYXNzPSJhZHNieWdvb2dsZSIgc3R5bGU9ImRpc3BsYXk6YmxvY2s7IiBkYXRhLWFkLWNsaWVudD0iY2EtcHViLTQ0MDExNDUwMjc1MzkxMTUiIApkYXRhLWFkLXNsb3Q9IiIgCmRhdGEtYWQtZm9ybWF0PSJhdXRvIiBkYXRhLWZ1bGwtd2lkdGgtcmVzcG9uc2l2ZT0idHJ1ZSI+PC9pbnM+CjxzY3JpcHQ+IAooYWRzYnlnb29nbGUgPSB3aW5kb3cuYWRzYnlnb29nbGUgfHwgW10pLnB1c2goe30pOyAKPC9zY3JpcHQ+CjwvZGl2Pg==<\/script>\n\n\n\n<p>Pour faire face \u00e0 la demande de pointe, le syst\u00e8me de mobilit\u00e9 fournit :<\/p>\n\n\n\n<ul class=\"wp-block-list\">\n<li>l'utilisation intensive de <strong>taxis urbains<\/strong><\/li>\n\n\n\n<li>recours \u00e0 <strong>location avec chauffeur (NCC)<\/strong> pour les voyages programm\u00e9s<\/li>\n\n\n\n<li>l'int\u00e9gration avec les services de <strong>covoiturage<\/strong> et les plateformes num\u00e9riques<\/li>\n<\/ul>\n\n\n\n<p>Il n'est pas exclu que, comme cela s'est produit lors d'autres grands \u00e9v\u00e9nements internationaux, <strong>des op\u00e9rateurs d'autres villes italiennes sont \u00e9galement impliqu\u00e9s<\/strong> pour soutenir des flux extraordinaires, en particulier pour les transferts a\u00e9roportuaires et interr\u00e9gionaux.<\/p>\n\n\n\n<h2 class=\"wp-block-heading\"><strong>Mobilit\u00e9 interurbaine et liaisons avec les sites olympiques<\/strong><\/h2>\n\n\n\n<p>La complexit\u00e9 de Milan Cortina 2026 r\u00e9side dans le fait qu'il s'agit d'un projet de grande envergure. <strong>r\u00e9partition g\u00e9ographique des concours<\/strong>Milan, Cortina, Bormio, Livigno, Val di Fiemme et autres stations alpines.<\/p>\n\n\n\n<p>C'est la raison pour laquelle :<\/p>\n\n\n\n<ul class=\"wp-block-list\">\n<li>les <strong>transport ferroviaire<\/strong> sera essentielle pour relier Milan \u00e0 V\u00e9rone, Brescia, Trente et Bolzano.<\/li>\n\n\n\n<li>sont envisag\u00e9es <strong>navettes d\u00e9di\u00e9es<\/strong> vers les lieux de comp\u00e9tition<\/li>\n\n\n\n<li>les <strong>Transports publics \u00e0 Milan<\/strong> Les horaires seront \u00e9largis et les lignes renforc\u00e9es.<\/li>\n<\/ul>\n\n\n\n<p>L'objectif est de r\u00e9duire l'utilisation des voitures particuli\u00e8res et d'all\u00e9ger la pression sur les taxis et le trafic urbain.<\/p>\n\n\n\n<h2 class=\"wp-block-heading\"><strong>H\u00f4tels et h\u00e9bergements : capacit\u00e9 sous observation<\/strong><\/h2>\n\n\n\n<figure class=\"wp-block-image size-large\"><img loading=\"lazy\" decoding=\"async\" width=\"1024\" height=\"682\" src=\"https:\/\/aspettandomilanocortina2026.it\/wp-content\/uploads\/2026\/01\/hotel-6862159_1280-1024x682.jpg\" alt=\"\" class=\"wp-image-1044\" title=\"\" srcset=\"https:\/\/aspettandomilanocortina2026.it\/wp-content\/uploads\/2026\/01\/hotel-6862159_1280-1024x682.jpg 1024w, https:\/\/aspettandomilanocortina2026.it\/wp-content\/uploads\/2026\/01\/hotel-6862159_1280-300x200.jpg 300w, https:\/\/aspettandomilanocortina2026.it\/wp-content\/uploads\/2026\/01\/hotel-6862159_1280-768x512.jpg 768w, https:\/\/aspettandomilanocortina2026.it\/wp-content\/uploads\/2026\/01\/hotel-6862159_1280-18x12.jpg 18w, https:\/\/aspettandomilanocortina2026.it\/wp-content\/uploads\/2026\/01\/hotel-6862159_1280-1200x800.jpg 1200w, https:\/\/aspettandomilanocortina2026.it\/wp-content\/uploads\/2026\/01\/hotel-6862159_1280-600x400.jpg 600w, https:\/\/aspettandomilanocortina2026.it\/wp-content\/uploads\/2026\/01\/hotel-6862159_1280.jpg 1280w\" sizes=\"auto, (max-width: 1024px) 100vw, 1024px\" \/><\/figure>\n\n\n\n<p>Le syst\u00e8me d'accueil est l'un des aspects les plus d\u00e9licats. Entre Milan, Cortina et les sites olympiques, le syst\u00e8me d'accueil est l'un des aspects les plus d\u00e9licats. <strong>capacit\u00e9 globale de l'h\u00f4tel<\/strong> est \u00e9lev\u00e9 mais tr\u00e8s sollicit\u00e9 :<\/p>\n\n\n\n<ul class=\"wp-block-list\">\n<li>une partie importante des pi\u00e8ces est <strong>r\u00e9serv\u00e9 aux athl\u00e8tes, au personnel et aux m\u00e9dias<\/strong><\/li>\n\n\n\n<li>de nombreuses structures sont <strong>r\u00e9server longtemps \u00e0 l'avance<\/strong><\/li>\n\n\n\n<li>les <strong>locations de courte dur\u00e9e et appartements touristiques<\/strong> jouent un r\u00f4le cl\u00e9 dans la couverture de la demande r\u00e9siduelle<\/li>\n<\/ul>\n\n\n\n<p>\u00c0 Milan et dans les r\u00e9gions alpines, les appartements sont une option de plus en plus populaire pour les familles et les groupes, bien que les prix aient tendance \u00e0 augmenter les jours de course.<\/p>\n\n\n\n<h2 class=\"wp-block-heading\"><strong>Effet olympique : prix et disponibilit\u00e9<\/strong><\/h2>\n\n\n\n<p>Une forte demande s'est d\u00e9j\u00e0 manifest\u00e9e :<\/p>\n\n\n\n<ul class=\"wp-block-list\">\n<li><strong>augmentation des tarifs<\/strong> dans les h\u00f4tels<\/li>\n\n\n\n<li>rotation accrue dans les locations de courte dur\u00e9e<\/li>\n\n\n\n<li>l'extension de la recherche de logement vers <strong>ville satellite<\/strong> bien desservi (V\u00e9rone, Bergame, Brescia, Trente)<\/li>\n<\/ul>\n\n\n\n<p>Une dynamique attendue, mais qui demande de l'attention pour assurer l'\u00e9quilibre entre l'accueil, l'accessibilit\u00e9 et la notori\u00e9t\u00e9 touristique future.<\/p>\n\n\n\n<h2 class=\"wp-block-heading\"><strong>Guide pratique : comment bouger et dormir pendant Milan Cortina 2026<\/strong><\/h2>\n\n\n\n<p><strong>Taxis et voyages<\/strong><\/p>\n\n\n\n<ul class=\"wp-block-list\">\n<li>R\u00e9server un taxi <strong>\u00e0 l'avance<\/strong> via l'application ou le radio-taxi<\/li>\n\n\n\n<li>Monnaie <strong>CCN<\/strong> pour les transferts longs ou programm\u00e9s<\/li>\n\n\n\n<li>Utiliser le <strong>Am\u00e9lioration des transports publics<\/strong> dans les grandes villes<\/li>\n\n\n\n<li>\u00c9viter les heures de pointe les jours d'ouverture et de fermeture<\/li>\n<\/ul>\n\n\n\n<p><strong>Liens entre les villes<\/strong><\/p>\n\n\n\n<ul class=\"wp-block-list\">\n<li>Vous pr\u00e9f\u00e9rez <strong>trains \u00e0 grande vitesse et trains r\u00e9gionaux<\/strong> pour les voyages interurbains<\/li>\n\n\n\n<li>En savoir plus sur <strong>les navettes olympiques officielles<\/strong><\/li>\n\n\n\n<li>V\u00e9rifier s'il y a <strong>restrictions de circulation<\/strong> lors des journ\u00e9es phares<\/li>\n<\/ul>\n\n\n\n<p><strong>O\u00f9 dormir ?<\/strong><\/p>\n\n\n\n<ul class=\"wp-block-list\">\n<li>R\u00e9server un h\u00f4tel ou un appartement <strong>dans les meilleurs d\u00e9lais<\/strong><\/li>\n\n\n\n<li>Consid\u00e9rer <strong>villes alternatives<\/strong> bien reli\u00e9 aux sites de comp\u00e9tition<\/li>\n\n\n\n<li>V\u00e9rifiez toujours que les plateformes de r\u00e9servation sont <strong>officielle et fiable<\/strong><\/li>\n<\/ul>\n\n\n\n<p><strong>Attention<\/strong><\/p>\n\n\n\n<ul class=\"wp-block-list\">\n<li>M\u00e9fiez-vous des <strong>revente non autoris\u00e9e<\/strong> d'h\u00e9bergement ou de services<\/li>\n\n\n\n<li>V\u00e9rifier les politiques et conditions d'annulation<\/li>\n<\/ul>\n\n\n\n<p>Les Jeux olympiques d'hiver de Milan-Cortina 2026 repr\u00e9sentent une grande opportunit\u00e9, mais aussi un test organisationnel complexe. <strong>Taxis, mobilit\u00e9 et syst\u00e8me d'h\u00e9bergement<\/strong> seront appel\u00e9s \u00e0 travailler de mani\u00e8re int\u00e9gr\u00e9e afin d'assurer une exp\u00e9rience harmonieuse pour les visiteurs et les citoyens.<\/p>\n\n\n\n<p>Pour ceux qui participeront aux Jeux, le mot cl\u00e9 est un : <strong>programmation<\/strong>.<\/p>\n<div class=\"amc-dopo-il-contenuto\" id=\"amc-504983160\"><script type=\"text\/plain\" data-tcf=\"waiting-for-consent\" data-id=\"1033\" data-bid=\"1\">PGRpdiBpZD0iYW1jLTI0MDM5Nzk4OTgiPjxzY3JpcHQgYXN5bmMgc3JjPSIvL3BhZ2VhZDIuZ29vZ2xlc3luZGljYXRpb24uY29tL3BhZ2VhZC9qcy9hZHNieWdvb2dsZS5qcz9jbGllbnQ9Y2EtcHViLTQ0MDExNDUwMjc1MzkxMTUiIGNyb3Nzb3JpZ2luPSJhbm9ueW1vdXMiPjwvc2NyaXB0PjxpbnMgY2xhc3M9ImFkc2J5Z29vZ2xlIiBzdHlsZT0iZGlzcGxheTpibG9jazsiIGRhdGEtYWQtY2xpZW50PSJjYS1wdWItNDQwMTE0NTAyNzUzOTExNSIgCmRhdGEtYWQtc2xvdD0iIiAKZGF0YS1hZC1mb3JtYXQ9ImF1dG8iIGRhdGEtZnVsbC13aWR0aC1yZXNwb25zaXZlPSJ0cnVlIj48L2lucz4KPHNjcmlwdD4gCihhZHNieWdvb2dsZSA9IHdpbmRvdy5hZHNieWdvb2dsZSB8fCBbXSkucHVzaCh7fSk7IAo8L3NjcmlwdD4KPC9kaXY+<\/script><\/div>","protected":false},"excerpt":{"rendered":"<p>Con l\u2019avvicinarsi delle Olimpiadi Invernali Milano Cortina 2026, l\u2019Italia si prepara ad affrontare una delle pi\u00f9 grandi sfide logistiche degli ultimi decenni. L\u2019afflusso di atleti, delegazioni, giornalisti e spettatori provenienti da tutto il mondo metter\u00e0 sotto pressione trasporti urbani, servizi taxi e sistema ricettivo, in particolare a Milano ma anche nelle citt\u00e0 e valli coinvolte [&hellip;]<\/p>","protected":false},"author":3,"featured_media":1043,"comment_status":"open","ping_status":"closed","sticky":false,"template":"","format":"standard","meta":{"_acf_changed":false,"footnotes":""},"categories":[16,5,7,1],"tags":[],"class_list":["post-1042","post","type-post","status-publish","format-standard","has-post-thumbnail","hentry","category-notizie-e-approfondimenti","category-guida-per-i-tifosi","category-milano-e-cortina","category-notizie-e-aggiornamenti"],"acf":[],"_links":{"self":[{"href":"https:\/\/aspettandomilanocortina2026.it\/fr\/wp-json\/wp\/v2\/posts\/1042","targetHints":{"allow":["GET"]}}],"collection":[{"href":"https:\/\/aspettandomilanocortina2026.it\/fr\/wp-json\/wp\/v2\/posts"}],"about":[{"href":"https:\/\/aspettandomilanocortina2026.it\/fr\/wp-json\/wp\/v2\/types\/post"}],"author":[{"embeddable":true,"href":"https:\/\/aspettandomilanocortina2026.it\/fr\/wp-json\/wp\/v2\/users\/3"}],"replies":[{"embeddable":true,"href":"https:\/\/aspettandomilanocortina2026.it\/fr\/wp-json\/wp\/v2\/comments?post=1042"}],"version-history":[{"count":1,"href":"https:\/\/aspettandomilanocortina2026.it\/fr\/wp-json\/wp\/v2\/posts\/1042\/revisions"}],"predecessor-version":[{"id":1046,"href":"https:\/\/aspettandomilanocortina2026.it\/fr\/wp-json\/wp\/v2\/posts\/1042\/revisions\/1046"}],"wp:featuredmedia":[{"embeddable":true,"href":"https:\/\/aspettandomilanocortina2026.it\/fr\/wp-json\/wp\/v2\/media\/1043"}],"wp:attachment":[{"href":"https:\/\/aspettandomilanocortina2026.it\/fr\/wp-json\/wp\/v2\/media?parent=1042"}],"wp:term":[{"taxonomy":"category","embeddable":true,"href":"https:\/\/aspettandomilanocortina2026.it\/fr\/wp-json\/wp\/v2\/categories?post=1042"},{"taxonomy":"post_tag","embeddable":true,"href":"https:\/\/aspettandomilanocortina2026.it\/fr\/wp-json\/wp\/v2\/tags?post=1042"}],"curies":[{"name":"wp","href":"https:\/\/api.w.org\/{rel}","templated":true}]}}