{"id":1024,"date":"2026-01-30T16:33:03","date_gmt":"2026-01-30T14:33:03","guid":{"rendered":"https:\/\/aspettandomilanocortina2026.it\/?p=1024"},"modified":"2026-01-30T16:33:04","modified_gmt":"2026-01-30T14:33:04","slug":"la-securite-aux-jeux-olympiques-de-milan-cortina-2026","status":"publish","type":"post","link":"https:\/\/aspettandomilanocortina2026.it\/fr\/la-securite-aux-jeux-olympiques-de-milan-cortina-2026\/","title":{"rendered":"La s\u00e9curit\u00e9 aux Jeux olympiques de Milan-Cortina 2026"},"content":{"rendered":"<script type=\"text\/plain\" data-tcf=\"waiting-for-consent\" data-id=\"1033\" data-bid=\"1\" data-placement=\"1034\">PGRpdiBpZD0iYW1jLTI0NDUwMDYzMDAiIGNsYXNzPSJhbWMtcHJpbWEtZGVsLWNvbnRlbnV0byI+PHNjcmlwdCBhc3luYyBzcmM9Ii8vcGFnZWFkMi5nb29nbGVzeW5kaWNhdGlvbi5jb20vcGFnZWFkL2pzL2Fkc2J5Z29vZ2xlLmpzP2NsaWVudD1jYS1wdWItNDQwMTE0NTAyNzUzOTExNSIgY3Jvc3NvcmlnaW49ImFub255bW91cyI+PC9zY3JpcHQ+PGlucyBjbGFzcz0iYWRzYnlnb29nbGUiIHN0eWxlPSJkaXNwbGF5OmJsb2NrOyIgZGF0YS1hZC1jbGllbnQ9ImNhLXB1Yi00NDAxMTQ1MDI3NTM5MTE1IiAKZGF0YS1hZC1zbG90PSIiIApkYXRhLWFkLWZvcm1hdD0iYXV0byIgZGF0YS1mdWxsLXdpZHRoLXJlc3BvbnNpdmU9InRydWUiPjwvaW5zPgo8c2NyaXB0PiAKKGFkc2J5Z29vZ2xlID0gd2luZG93LmFkc2J5Z29vZ2xlIHx8IFtdKS5wdXNoKHt9KTsgCjwvc2NyaXB0Pgo8L2Rpdj4=<\/script>\n<h2 class=\"wp-block-heading\"><strong>Combien de forces de police, qui sont-elles et par quels moyens assureront-elles la s\u00e9curit\u00e9 ?<\/strong><\/h2>\n\n\n\n<p>Les Jeux olympiques d'hiver de Milan-Cortina 2026 seront un \u00e9v\u00e9nement mondial, avec quelque 3 500 athl\u00e8tes et plus de deux millions de visiteurs attendus. Afin de garantir l'ordre public, la protection antiterroriste, le contr\u00f4le des foules et la s\u00e9curit\u00e9 num\u00e9rique et physique des sites de comp\u00e9tition et des quartiers de la ville, le gouvernement italien a pr\u00e9par\u00e9 un vaste plan de s\u00e9curit\u00e9 nationale.<\/p><script type=\"text\/plain\" data-tcf=\"waiting-for-consent\" data-id=\"1037\" data-bid=\"1\" data-placement=\"726\">PGRpdiBpZD0iYW1jLTE2MjY1NTk5NDAiIGNsYXNzPSJhbWMtcG9zdC1jb250ZW50IiBzdHlsZT0ibWFyZ2luLWxlZnQ6IGF1dG87bWFyZ2luLXJpZ2h0OiBhdXRvO3RleHQtYWxpZ246IGNlbnRlcjsiPjxzY3JpcHQgYXN5bmMgc3JjPSIvL3BhZ2VhZDIuZ29vZ2xlc3luZGljYXRpb24uY29tL3BhZ2VhZC9qcy9hZHNieWdvb2dsZS5qcz9jbGllbnQ9Y2EtcHViLTQ0MDExNDUwMjc1MzkxMTUiIGNyb3Nzb3JpZ2luPSJhbm9ueW1vdXMiPjwvc2NyaXB0PjxpbnMgY2xhc3M9ImFkc2J5Z29vZ2xlIiBzdHlsZT0iZGlzcGxheTpibG9jazsiIGRhdGEtYWQtY2xpZW50PSJjYS1wdWItNDQwMTE0NTAyNzUzOTExNSIgCmRhdGEtYWQtc2xvdD0iODAyMDU4Mzc5MyIgCmRhdGEtYWQtZm9ybWF0PSJhdXRvIiBkYXRhLWZ1bGwtd2lkdGgtcmVzcG9uc2l2ZT0idHJ1ZSI+PC9pbnM+CjxzY3JpcHQ+IAooYWRzYnlnb29nbGUgPSB3aW5kb3cuYWRzYnlnb29nbGUgfHwgW10pLnB1c2goe30pOyAKPC9zY3JpcHQ+CjwvZGl2PjxiciBzdHlsZT0iY2xlYXI6IGJvdGg7IGRpc3BsYXk6IGJsb2NrOyBmbG9hdDogbm9uZTsiLz4=<\/script>\n\n\n\n<h2 class=\"wp-block-heading\"><strong>Combien de personnes seront employ\u00e9es pour la s\u00e9curit\u00e9 ?<\/strong><\/h2>\n\n\n\n<p>Environ 6 000 hommes et femmes des forces de police italiennes seront d\u00e9ploy\u00e9s sur l'ensemble du territoire concern\u00e9 par les Jeux.<\/p><script type=\"text\/plain\" data-tcf=\"waiting-for-consent\" data-id=\"1033\" data-bid=\"1\" data-placement=\"985\">PGRpdiBpZD0iYW1jLTI5MTIyNjY1MDUiIGNsYXNzPSJhbWMtbWgtbWlkIj48c2NyaXB0IGFzeW5jIHNyYz0iLy9wYWdlYWQyLmdvb2dsZXN5bmRpY2F0aW9uLmNvbS9wYWdlYWQvanMvYWRzYnlnb29nbGUuanM\/Y2xpZW50PWNhLXB1Yi00NDAxMTQ1MDI3NTM5MTE1IiBjcm9zc29yaWdpbj0iYW5vbnltb3VzIj48L3NjcmlwdD48aW5zIGNsYXNzPSJhZHNieWdvb2dsZSIgc3R5bGU9ImRpc3BsYXk6YmxvY2s7IiBkYXRhLWFkLWNsaWVudD0iY2EtcHViLTQ0MDExNDUwMjc1MzkxMTUiIApkYXRhLWFkLXNsb3Q9IiIgCmRhdGEtYWQtZm9ybWF0PSJhdXRvIiBkYXRhLWZ1bGwtd2lkdGgtcmVzcG9uc2l2ZT0idHJ1ZSI+PC9pbnM+CjxzY3JpcHQ+IAooYWRzYnlnb29nbGUgPSB3aW5kb3cuYWRzYnlnb29nbGUgfHwgW10pLnB1c2goe30pOyAKPC9zY3JpcHQ+CjwvZGl2Pg==<\/script>\n\n\n\n<p>Il s'agit notamment de<\/p>\n\n\n\n<ul class=\"wp-block-list\">\n<li>\ud83d\udfe6 <strong>Police d'\u00c9tat<\/strong> - au-del\u00e0 <strong>3 000 agents<\/strong> au total, avec des garnisons dans la ville et les sites olympiques et des renforts dans les endroits les plus sensibles.<\/li>\n<\/ul>\n\n\n\n<figure class=\"wp-block-image size-full\"><img loading=\"lazy\" decoding=\"async\" width=\"826\" height=\"462\" src=\"https:\/\/aspettandomilanocortina2026.it\/wp-content\/uploads\/2026\/01\/poliz.jpg\" alt=\"\" class=\"wp-image-1028\" title=\"\" srcset=\"https:\/\/aspettandomilanocortina2026.it\/wp-content\/uploads\/2026\/01\/poliz.jpg 826w, https:\/\/aspettandomilanocortina2026.it\/wp-content\/uploads\/2026\/01\/poliz-300x168.jpg 300w, https:\/\/aspettandomilanocortina2026.it\/wp-content\/uploads\/2026\/01\/poliz-768x430.jpg 768w, https:\/\/aspettandomilanocortina2026.it\/wp-content\/uploads\/2026\/01\/poliz-18x10.jpg 18w, https:\/\/aspettandomilanocortina2026.it\/wp-content\/uploads\/2026\/01\/poliz-600x336.jpg 600w\" sizes=\"auto, (max-width: 826px) 100vw, 826px\" \/><\/figure>\n\n\n\n<ul class=\"wp-block-list\">\n<li>\ud83d\udfe5 <strong>Corps des carabiniers<\/strong> - \u00e0 propos de <strong>2 000 militaires<\/strong>, avec des t\u00e2ches d'ordre public et de protection des plantes.<\/li>\n<\/ul>\n\n\n\n<figure class=\"wp-block-image size-large\"><img loading=\"lazy\" decoding=\"async\" width=\"1024\" height=\"683\" src=\"https:\/\/aspettandomilanocortina2026.it\/wp-content\/uploads\/2026\/01\/police-3394767_1920-1024x683.jpg\" alt=\"\" class=\"wp-image-1026\" title=\"\" srcset=\"https:\/\/aspettandomilanocortina2026.it\/wp-content\/uploads\/2026\/01\/police-3394767_1920-1024x683.jpg 1024w, https:\/\/aspettandomilanocortina2026.it\/wp-content\/uploads\/2026\/01\/police-3394767_1920-300x200.jpg 300w, https:\/\/aspettandomilanocortina2026.it\/wp-content\/uploads\/2026\/01\/police-3394767_1920-768x512.jpg 768w, https:\/\/aspettandomilanocortina2026.it\/wp-content\/uploads\/2026\/01\/police-3394767_1920-1536x1025.jpg 1536w, https:\/\/aspettandomilanocortina2026.it\/wp-content\/uploads\/2026\/01\/police-3394767_1920-18x12.jpg 18w, https:\/\/aspettandomilanocortina2026.it\/wp-content\/uploads\/2026\/01\/police-3394767_1920-1200x801.jpg 1200w, https:\/\/aspettandomilanocortina2026.it\/wp-content\/uploads\/2026\/01\/police-3394767_1920-600x400.jpg 600w, https:\/\/aspettandomilanocortina2026.it\/wp-content\/uploads\/2026\/01\/police-3394767_1920.jpg 1920w\" sizes=\"auto, (max-width: 1024px) 100vw, 1024px\" \/><\/figure>\n\n\n\n<ul class=\"wp-block-list\">\n<li>\ud83d\udfe8 <strong>Guardia di Finanza<\/strong> - \u00e0 propos de <strong>800 unit\u00e9s<\/strong>, s'est \u00e9galement concentr\u00e9e sur les contr\u00f4les \u00e9conomiques et fiscaux, mais en \u00e9troite coop\u00e9ration op\u00e9rationnelle avec d'autres forces.<\/li>\n<\/ul>\n\n\n\n<figure class=\"wp-block-image size-large\"><img loading=\"lazy\" decoding=\"async\" width=\"1024\" height=\"669\" src=\"https:\/\/aspettandomilanocortina2026.it\/wp-content\/uploads\/2026\/01\/gf-1024x669.jpg\" alt=\"\" class=\"wp-image-1027\" title=\"\" srcset=\"https:\/\/aspettandomilanocortina2026.it\/wp-content\/uploads\/2026\/01\/gf-1024x669.jpg 1024w, https:\/\/aspettandomilanocortina2026.it\/wp-content\/uploads\/2026\/01\/gf-300x196.jpg 300w, https:\/\/aspettandomilanocortina2026.it\/wp-content\/uploads\/2026\/01\/gf-768x502.jpg 768w, https:\/\/aspettandomilanocortina2026.it\/wp-content\/uploads\/2026\/01\/gf-18x12.jpg 18w, https:\/\/aspettandomilanocortina2026.it\/wp-content\/uploads\/2026\/01\/gf-600x392.jpg 600w, https:\/\/aspettandomilanocortina2026.it\/wp-content\/uploads\/2026\/01\/gf.jpg 1177w\" sizes=\"auto, (max-width: 1024px) 100vw, 1024px\" \/><\/figure>\n\n\n\n<p>Pour la seule ville de Milan, plusieurs milliers de renforts sont pr\u00e9vus en plus de la dotation normale : par exemple, pr\u00e8s de 1 000 agents suppl\u00e9mentaires de la police d'\u00c9tat arriveront pour assurer l'ordre public et la gestion des zones les plus fr\u00e9quent\u00e9es.<\/p>\n\n\n\n<h2 class=\"wp-block-heading\"><strong>Qui ils sont et quelles sont leurs t\u00e2ches<\/strong><\/h2>\n\n\n\n<p><strong>Police d'\u00c9tat<\/strong><\/p>\n\n\n\n<p>La police va s'en charger :<\/p>\n\n\n\n<ul class=\"wp-block-list\">\n<li>le contr\u00f4le des routes et des principaux axes de circulation,<\/li>\n\n\n\n<li>la pr\u00e9vention et la r\u00e9ponse aux incidents d'ordre public,<\/li>\n\n\n\n<li>des services sp\u00e9ciaux avec des unit\u00e9s de skieurs et des services de neutralisation des bombes anti-sabotage.<\/li>\n<\/ul>\n\n\n\n<p><strong>Carabiniers<\/strong><\/p>\n\n\n\n<p>Les carabiniers joueront un r\u00f4le essentiel dans la s\u00e9curit\u00e9 g\u00e9n\u00e9rale :<\/p>\n\n\n\n<ul class=\"wp-block-list\">\n<li>Suivi des objectifs strat\u00e9giques,<\/li>\n\n\n\n<li>Contr\u00f4le territorial.<\/li>\n\n\n\n<li>Soutien aux services d'ordre public de la ville.<\/li>\n<\/ul>\n\n\n\n<p><strong>Guardia di Finanza<\/strong><\/p>\n\n\n\n<p>Outre la lutte contre la criminalit\u00e9 \u00e9conomique et financi\u00e8re, la Guardia di Finanza contribuera \u00e0 la lutte contre la criminalit\u00e9 \u00e9conomique et financi\u00e8re :<\/p>\n\n\n\n<ul class=\"wp-block-list\">\n<li>Surveillance des zones d'acc\u00e8s aux sites olympiques.<\/li>\n\n\n\n<li>Lutte contre la fraude et les comportements r\u00e9pr\u00e9hensibles \u00e0 forte fr\u00e9quentation (billetterie, recel, etc.).<\/li>\n<\/ul>\n\n\n\n<h2 class=\"wp-block-heading\"><strong>Technologies et moyens avanc\u00e9s<\/strong><\/h2>\n\n\n\n<p>Pour la premi\u00e8re fois lors d'un grand \u00e9v\u00e9nement hivernal en Italie, le plan de s\u00e9curit\u00e9 comprend des outils technologiques et des mesures tr\u00e8s m\u00e9diatis\u00e9es :<\/p>\n\n\n\n<ul class=\"wp-block-list\">\n<li>Surveillance a\u00e9rienne et par drone des points critiques afin de contr\u00f4ler les afflux et les mouvements importants.<\/li>\n\n\n\n<li>Syst\u00e8mes robotiques pour les inspections dans les zones potentiellement dangereuses.<\/li>\n\n\n\n<li>Zones interdites de vol et zones rouges - zones dont l'acc\u00e8s est contr\u00f4l\u00e9 ou interdit afin de pr\u00e9venir les menaces ext\u00e9rieures.<\/li>\n\n\n\n<li>Cybers\u00e9curit\u00e9 24 heures sur 24 - centre de commandement compos\u00e9 de sp\u00e9cialistes charg\u00e9s de prot\u00e9ger l'infrastructure num\u00e9rique, des syst\u00e8mes de billetterie aux r\u00e9seaux de transport et de donn\u00e9es olympiques.<\/li>\n<\/ul>\n\n\n\n<h2 class=\"wp-block-heading\"><strong>Collaboration internationale et r\u00f4les particuliers<\/strong><\/h2>\n\n\n\n<p><strong>Forces de s\u00e9curit\u00e9 du Qatar<\/strong><\/p>\n\n\n\n<p>Un contingent d'environ 100 Qataris avec plus de 20 v\u00e9hicules sp\u00e9ciaux (y compris des SUV tactiques et des motoneiges) est d\u00e9j\u00e0 arriv\u00e9 en Italie pour des activit\u00e9s de formation et de soutien logistique en vue des Jeux olympiques.<\/p>\n\n\n\n<p><strong>Agents de l'ICE (conflit politique)<\/strong><\/p>\n\n\n\n<p>Des informations ont fait \u00e9tat d'une possible pr\u00e9sence d'agents de l'ICE (Immigration and Customs Enforcement) am\u00e9ricains employ\u00e9s pour assurer la s\u00e9curit\u00e9 de la d\u00e9l\u00e9gation am\u00e9ricaine et pour des activit\u00e9s de renseignement et de pr\u00e9vention, mais pas en tant qu'agents de l'ordre public dans les rues italiennes. Selon les autorit\u00e9s italiennes, ils joueront un r\u00f4le de soutien et de coop\u00e9ration \u00e0 partir des centres op\u00e9rationnels, et ne participeront pas directement aux patrouilles.<\/p>\n\n\n\n<p>Cette participation, bien que limit\u00e9e, a suscit\u00e9 un d\u00e9bat politique en Italie sur le r\u00f4le des forces \u00e9trang\u00e8res dans un \u00e9v\u00e9nement aussi important.<\/p>\n\n\n\n<h2 class=\"wp-block-heading\"><strong>Milan et Cortina d'Ampezzo : diff\u00e9rences dans l'engagement en mati\u00e8re de s\u00e9curit\u00e9<\/strong><\/h2>\n\n\n\n<p><strong>Milano<\/strong><\/p>\n\n\n\n<ul class=\"wp-block-list\">\n<li>Principal centre urbain, th\u00e9\u00e2tre de c\u00e9r\u00e9monies et de nombreuses courses sur glace, avec un trafic important et de longues rues pi\u00e9tonnes.<\/li>\n\n\n\n<li>Pr\u00e9sence accrue d'agents de l'ordre public et de services de surveillance continue des infrastructures de la ville.<\/li>\n<\/ul>\n\n\n\n<p><strong>Cortina d'Ampezzo et les stations de montagne<\/strong><\/p>\n\n\n\n<ul class=\"wp-block-list\">\n<li>La s\u00e9curit\u00e9 est ax\u00e9e sur la protection des pistes, des installations de ski et des parcours de course.<\/li>\n\n\n\n<li>Op\u00e9rations combin\u00e9es entre la police, les carabiniers et les financiers connaissant le territoire montagneux et les conditions hivernales.<\/li>\n<\/ul>\n\n\n\n<p>Le plan de s\u00e9curit\u00e9 pour les Jeux olympiques de Milan-Cortina 2026 est l'un des plus complexes auxquels l'Italie ait \u00e9t\u00e9 confront\u00e9e :<\/p>\n\n\n\n<ul class=\"wp-block-list\">\n<li>Environ 6 000 policiers, carabiniers et agents de la Guardia di Finanza<\/li>\n\n\n\n<li>Utilisation de technologies modernes : drones, robots et cybers\u00e9curit\u00e9<\/li>\n\n\n\n<li>Zones rouges et zones d'exclusion a\u00e9rienne pour un contr\u00f4le plus efficace<\/li>\n\n\n\n<li>Coop\u00e9ration internationale en mati\u00e8re de soutien (sans perdre le contr\u00f4le de l'Italie)<\/li>\n<\/ul>\n\n\n\n<p>Toutes les mesures sont destin\u00e9es \u00e0 garantir que l'\u00e9v\u00e9nement se d\u00e9roule en toute s\u00e9curit\u00e9 pour les athl\u00e8tes, les op\u00e9rateurs, les citoyens et les visiteurs, conform\u00e9ment aux normes les plus \u00e9lev\u00e9es en mati\u00e8re d'ordre public et de pr\u00e9vention \u00e0 l'\u00e9chelle internationale.<\/p>\n\n\n\n<p><\/p>\n<div class=\"amc-dopo-il-contenuto\" id=\"amc-1622346706\"><script type=\"text\/plain\" data-tcf=\"waiting-for-consent\" data-id=\"1033\" data-bid=\"1\">PGRpdiBpZD0iYW1jLTk5MDE4NDM2Ij48c2NyaXB0IGFzeW5jIHNyYz0iLy9wYWdlYWQyLmdvb2dsZXN5bmRpY2F0aW9uLmNvbS9wYWdlYWQvanMvYWRzYnlnb29nbGUuanM\/Y2xpZW50PWNhLXB1Yi00NDAxMTQ1MDI3NTM5MTE1IiBjcm9zc29yaWdpbj0iYW5vbnltb3VzIj48L3NjcmlwdD48aW5zIGNsYXNzPSJhZHNieWdvb2dsZSIgc3R5bGU9ImRpc3BsYXk6YmxvY2s7IiBkYXRhLWFkLWNsaWVudD0iY2EtcHViLTQ0MDExNDUwMjc1MzkxMTUiIApkYXRhLWFkLXNsb3Q9IiIgCmRhdGEtYWQtZm9ybWF0PSJhdXRvIiBkYXRhLWZ1bGwtd2lkdGgtcmVzcG9uc2l2ZT0idHJ1ZSI+PC9pbnM+CjxzY3JpcHQ+IAooYWRzYnlnb29nbGUgPSB3aW5kb3cuYWRzYnlnb29nbGUgfHwgW10pLnB1c2goe30pOyAKPC9zY3JpcHQ+CjwvZGl2Pg==<\/script><\/div>","protected":false},"excerpt":{"rendered":"<p>Quante forze dell\u2019ordine, chi sono e con quali mezzi garantiranno la sicurezza I Giochi Olimpici Invernali Milano-Cortina 2026 saranno un evento di portata globale, con circa 3.500 atleti e oltre due milioni di visitatori attesi. Per garantire ordine pubblico, protezione antiterrorismo, controllo delle folle e sicurezza digitale e fisica delle sedi di gara e delle [&hellip;]<\/p>","protected":false},"author":3,"featured_media":1029,"comment_status":"open","ping_status":"closed","sticky":false,"template":"","format":"standard","meta":{"_acf_changed":false,"footnotes":""},"categories":[16,4,7,1],"tags":[],"class_list":["post-1024","post","type-post","status-publish","format-standard","has-post-thumbnail","hentry","category-notizie-e-approfondimenti","category-dietro-le-quinte","category-milano-e-cortina","category-notizie-e-aggiornamenti"],"acf":[],"_links":{"self":[{"href":"https:\/\/aspettandomilanocortina2026.it\/fr\/wp-json\/wp\/v2\/posts\/1024","targetHints":{"allow":["GET"]}}],"collection":[{"href":"https:\/\/aspettandomilanocortina2026.it\/fr\/wp-json\/wp\/v2\/posts"}],"about":[{"href":"https:\/\/aspettandomilanocortina2026.it\/fr\/wp-json\/wp\/v2\/types\/post"}],"author":[{"embeddable":true,"href":"https:\/\/aspettandomilanocortina2026.it\/fr\/wp-json\/wp\/v2\/users\/3"}],"replies":[{"embeddable":true,"href":"https:\/\/aspettandomilanocortina2026.it\/fr\/wp-json\/wp\/v2\/comments?post=1024"}],"version-history":[{"count":1,"href":"https:\/\/aspettandomilanocortina2026.it\/fr\/wp-json\/wp\/v2\/posts\/1024\/revisions"}],"predecessor-version":[{"id":1030,"href":"https:\/\/aspettandomilanocortina2026.it\/fr\/wp-json\/wp\/v2\/posts\/1024\/revisions\/1030"}],"wp:featuredmedia":[{"embeddable":true,"href":"https:\/\/aspettandomilanocortina2026.it\/fr\/wp-json\/wp\/v2\/media\/1029"}],"wp:attachment":[{"href":"https:\/\/aspettandomilanocortina2026.it\/fr\/wp-json\/wp\/v2\/media?parent=1024"}],"wp:term":[{"taxonomy":"category","embeddable":true,"href":"https:\/\/aspettandomilanocortina2026.it\/fr\/wp-json\/wp\/v2\/categories?post=1024"},{"taxonomy":"post_tag","embeddable":true,"href":"https:\/\/aspettandomilanocortina2026.it\/fr\/wp-json\/wp\/v2\/tags?post=1024"}],"curies":[{"name":"wp","href":"https:\/\/api.w.org\/{rel}","templated":true}]}}