{"id":1,"date":"2024-12-02T23:26:46","date_gmt":"2024-12-02T23:26:46","guid":{"rendered":"https:\/\/aspettandomilanocortina2026.it\/?p=1"},"modified":"2025-04-17T15:18:45","modified_gmt":"2025-04-17T14:18:45","slug":"bonjour-le-monde","status":"publish","type":"post","link":"https:\/\/aspettandomilanocortina2026.it\/fr\/bonjour-le-monde\/","title":{"rendered":"L'h\u00e9ritage olympique pour l'Italie"},"content":{"rendered":"<script type=\"text\/plain\" data-tcf=\"waiting-for-consent\" data-id=\"1033\" data-bid=\"1\" data-placement=\"1034\">PGRpdiBpZD0iYW1jLTgyNDA5MjU3OCIgY2xhc3M9ImFtYy1wcmltYS1kZWwtY29udGVudXRvIj48c2NyaXB0IGFzeW5jIHNyYz0iLy9wYWdlYWQyLmdvb2dsZXN5bmRpY2F0aW9uLmNvbS9wYWdlYWQvanMvYWRzYnlnb29nbGUuanM\/Y2xpZW50PWNhLXB1Yi00NDAxMTQ1MDI3NTM5MTE1IiBjcm9zc29yaWdpbj0iYW5vbnltb3VzIj48L3NjcmlwdD48aW5zIGNsYXNzPSJhZHNieWdvb2dsZSIgc3R5bGU9ImRpc3BsYXk6YmxvY2s7IiBkYXRhLWFkLWNsaWVudD0iY2EtcHViLTQ0MDExNDUwMjc1MzkxMTUiIApkYXRhLWFkLXNsb3Q9IiIgCmRhdGEtYWQtZm9ybWF0PSJhdXRvIiBkYXRhLWZ1bGwtd2lkdGgtcmVzcG9uc2l2ZT0idHJ1ZSI+PC9pbnM+CjxzY3JpcHQ+IAooYWRzYnlnb29nbGUgPSB3aW5kb3cuYWRzYnlnb29nbGUgfHwgW10pLnB1c2goe30pOyAKPC9zY3JpcHQ+CjwvZGl2Pg==<\/script>\n<p>Les Jeux olympiques d'hiver de Milan-Cortina 2026 ne seront pas seulement un \u00e9v\u00e9nement sportif de classe mondiale, mais aussi une occasion unique de laisser une marque durable sur l'Italie. L'impact de cette \u00e9dition ne se limitera pas aux deux semaines de comp\u00e9titions, mais aura des r\u00e9percussions positives sur les infrastructures, l'\u00e9conomie et le tourisme pendant de nombreuses ann\u00e9es.<\/p><script type=\"text\/plain\" data-tcf=\"waiting-for-consent\" data-id=\"1037\" data-bid=\"1\" data-placement=\"726\">PGRpdiBpZD0iYW1jLTU4MjY2NTMzOCIgY2xhc3M9ImFtYy1wb3N0LWNvbnRlbnQiIHN0eWxlPSJtYXJnaW4tbGVmdDogYXV0bzttYXJnaW4tcmlnaHQ6IGF1dG87dGV4dC1hbGlnbjogY2VudGVyOyI+PHNjcmlwdCBhc3luYyBzcmM9Ii8vcGFnZWFkMi5nb29nbGVzeW5kaWNhdGlvbi5jb20vcGFnZWFkL2pzL2Fkc2J5Z29vZ2xlLmpzP2NsaWVudD1jYS1wdWItNDQwMTE0NTAyNzUzOTExNSIgY3Jvc3NvcmlnaW49ImFub255bW91cyI+PC9zY3JpcHQ+PGlucyBjbGFzcz0iYWRzYnlnb29nbGUiIHN0eWxlPSJkaXNwbGF5OmJsb2NrOyIgZGF0YS1hZC1jbGllbnQ9ImNhLXB1Yi00NDAxMTQ1MDI3NTM5MTE1IiAKZGF0YS1hZC1zbG90PSI4MDIwNTgzNzkzIiAKZGF0YS1hZC1mb3JtYXQ9ImF1dG8iIGRhdGEtZnVsbC13aWR0aC1yZXNwb25zaXZlPSJ0cnVlIj48L2lucz4KPHNjcmlwdD4gCihhZHNieWdvb2dsZSA9IHdpbmRvdy5hZHNieWdvb2dsZSB8fCBbXSkucHVzaCh7fSk7IAo8L3NjcmlwdD4KPC9kaXY+PGJyIHN0eWxlPSJjbGVhcjogYm90aDsgZGlzcGxheTogYmxvY2s7IGZsb2F0OiBub25lOyIvPg==<\/script>\n\n\n\n<p><strong>Une Italie plus connect\u00e9e<\/strong><\/p><script type=\"text\/plain\" data-tcf=\"waiting-for-consent\" data-id=\"1033\" data-bid=\"1\" data-placement=\"985\">PGRpdiBpZD0iYW1jLTI5ODc0ODkxNDYiIGNsYXNzPSJhbWMtbWgtbWlkIj48c2NyaXB0IGFzeW5jIHNyYz0iLy9wYWdlYWQyLmdvb2dsZXN5bmRpY2F0aW9uLmNvbS9wYWdlYWQvanMvYWRzYnlnb29nbGUuanM\/Y2xpZW50PWNhLXB1Yi00NDAxMTQ1MDI3NTM5MTE1IiBjcm9zc29yaWdpbj0iYW5vbnltb3VzIj48L3NjcmlwdD48aW5zIGNsYXNzPSJhZHNieWdvb2dsZSIgc3R5bGU9ImRpc3BsYXk6YmxvY2s7IiBkYXRhLWFkLWNsaWVudD0iY2EtcHViLTQ0MDExNDUwMjc1MzkxMTUiIApkYXRhLWFkLXNsb3Q9IiIgCmRhdGEtYWQtZm9ybWF0PSJhdXRvIiBkYXRhLWZ1bGwtd2lkdGgtcmVzcG9uc2l2ZT0idHJ1ZSI+PC9pbnM+CjxzY3JpcHQ+IAooYWRzYnlnb29nbGUgPSB3aW5kb3cuYWRzYnlnb29nbGUgfHwgW10pLnB1c2goe30pOyAKPC9zY3JpcHQ+CjwvZGl2Pg==<\/script>\n\n\n\n<p>L'un des principaux objectifs de Milan-Cortina 2026 est d'am\u00e9liorer la mobilit\u00e9 entre les sites concern\u00e9s. Des projets tels que l'expansion du r\u00e9seau ferroviaire entre Milan et les Dolomites et l'am\u00e9lioration des routes d'acc\u00e8s aux stations de montagne ne seront pas seulement utiles pendant les Jeux, mais faciliteront \u00e9galement les d\u00e9placements des r\u00e9sidents et des touristes apr\u00e8s l'\u00e9v\u00e9nement.<\/p>\n\n\n\n<p><strong>Infrastructure durable<\/strong><\/p>\n\n\n\n<p>Contrairement \u00e0 de nombreuses \u00e9ditions pr\u00e9c\u00e9dentes, Milan-Cortina 2026 met l'accent sur la r\u00e9utilisation des installations existantes. Ce choix durable permettra de r\u00e9duire les co\u00fbts et l'impact sur l'environnement, tout en laissant en h\u00e9ritage \u00e0 la communaut\u00e9 locale des installations modernis\u00e9es pr\u00eates \u00e0 accueillir de futures comp\u00e9titions sportives et de loisirs.<\/p>\n\n\n\n<p><strong>Un coup de pouce pour le tourisme<\/strong><\/p>\n\n\n\n<p>Les Jeux olympiques repr\u00e9sentent une extraordinaire vitrine internationale. Des sites embl\u00e9matiques comme Cortina d'Ampezzo, d\u00e9j\u00e0 connus pour leur beaut\u00e9, recevront encore plus d'attention, ce qui stimulera le tourisme d'hiver et d'\u00e9t\u00e9. L'ensemble du secteur touristique b\u00e9n\u00e9ficiera de l'afflux de visiteurs, avec un impact positif sur les h\u00f4tels, les restaurants et les entreprises locales.<\/p>\n\n\n\n<p><strong>Un mod\u00e8le olympique pour l'avenir<\/strong><\/p>\n\n\n\n<p>Milan-Cortina 2026 est propos\u00e9 comme mod\u00e8le pour les futures \u00e9ditions des Jeux, d\u00e9montrant que des \u00e9v\u00e9nements de cette ampleur peuvent \u00eatre organis\u00e9s sans gaspillage et dans un souci de durabilit\u00e9. Ce sera l'occasion de montrer au monde une Italie innovante, organis\u00e9e et efficace.<\/p>\n\n\n\n<p>L'h\u00e9ritage de Milan-Cortina 2026 sera donc bien plus important que l'\u00e9v\u00e9nement lui-m\u00eame : un investissement pour l'avenir du pays, capable de g\u00e9n\u00e9rer des b\u00e9n\u00e9fices concrets pour des g\u00e9n\u00e9rations enti\u00e8res.<\/p>\n\n\n\n<p>\ud83d\udc49 <strong>Suivez-nous sur les m\u00e9dias sociaux et commentez : qu'est-ce qui vous enthousiasme le plus dans ces Jeux ?<\/strong><\/p>\n<div class=\"amc-dopo-il-contenuto\" id=\"amc-2853625009\"><script type=\"text\/plain\" data-tcf=\"waiting-for-consent\" data-id=\"1033\" data-bid=\"1\">PGRpdiBpZD0iYW1jLTE5MDY5NzU0NjciPjxzY3JpcHQgYXN5bmMgc3JjPSIvL3BhZ2VhZDIuZ29vZ2xlc3luZGljYXRpb24uY29tL3BhZ2VhZC9qcy9hZHNieWdvb2dsZS5qcz9jbGllbnQ9Y2EtcHViLTQ0MDExNDUwMjc1MzkxMTUiIGNyb3Nzb3JpZ2luPSJhbm9ueW1vdXMiPjwvc2NyaXB0PjxpbnMgY2xhc3M9ImFkc2J5Z29vZ2xlIiBzdHlsZT0iZGlzcGxheTpibG9jazsiIGRhdGEtYWQtY2xpZW50PSJjYS1wdWItNDQwMTE0NTAyNzUzOTExNSIgCmRhdGEtYWQtc2xvdD0iIiAKZGF0YS1hZC1mb3JtYXQ9ImF1dG8iIGRhdGEtZnVsbC13aWR0aC1yZXNwb25zaXZlPSJ0cnVlIj48L2lucz4KPHNjcmlwdD4gCihhZHNieWdvb2dsZSA9IHdpbmRvdy5hZHNieWdvb2dsZSB8fCBbXSkucHVzaCh7fSk7IAo8L3NjcmlwdD4KPC9kaXY+<\/script><\/div>","protected":false},"excerpt":{"rendered":"<p>Le Olimpiadi Invernali di Milano-Cortina 2026 non saranno solo un evento sportivo di portata mondiale, ma anche un&#8217;opportunit\u00e0 unica per lasciare un segno duraturo sul territorio italiano. L&#8217;impatto di questa edizione non si limiter\u00e0 alle due settimane di gare, ma avr\u00e0 ripercussioni positive su infrastrutture, economia e turismo per molti anni a venire. Un&#8217;Italia Pi\u00f9 [&hellip;]<\/p>","protected":false},"author":1,"featured_media":132,"comment_status":"open","ping_status":"open","sticky":false,"template":"","format":"standard","meta":{"_acf_changed":false,"footnotes":""},"categories":[1],"tags":[],"class_list":["post-1","post","type-post","status-publish","format-standard","has-post-thumbnail","hentry","category-notizie-e-aggiornamenti"],"acf":[],"_links":{"self":[{"href":"https:\/\/aspettandomilanocortina2026.it\/fr\/wp-json\/wp\/v2\/posts\/1","targetHints":{"allow":["GET"]}}],"collection":[{"href":"https:\/\/aspettandomilanocortina2026.it\/fr\/wp-json\/wp\/v2\/posts"}],"about":[{"href":"https:\/\/aspettandomilanocortina2026.it\/fr\/wp-json\/wp\/v2\/types\/post"}],"author":[{"embeddable":true,"href":"https:\/\/aspettandomilanocortina2026.it\/fr\/wp-json\/wp\/v2\/users\/1"}],"replies":[{"embeddable":true,"href":"https:\/\/aspettandomilanocortina2026.it\/fr\/wp-json\/wp\/v2\/comments?post=1"}],"version-history":[{"count":2,"href":"https:\/\/aspettandomilanocortina2026.it\/fr\/wp-json\/wp\/v2\/posts\/1\/revisions"}],"predecessor-version":[{"id":131,"href":"https:\/\/aspettandomilanocortina2026.it\/fr\/wp-json\/wp\/v2\/posts\/1\/revisions\/131"}],"wp:featuredmedia":[{"embeddable":true,"href":"https:\/\/aspettandomilanocortina2026.it\/fr\/wp-json\/wp\/v2\/media\/132"}],"wp:attachment":[{"href":"https:\/\/aspettandomilanocortina2026.it\/fr\/wp-json\/wp\/v2\/media?parent=1"}],"wp:term":[{"taxonomy":"category","embeddable":true,"href":"https:\/\/aspettandomilanocortina2026.it\/fr\/wp-json\/wp\/v2\/categories?post=1"},{"taxonomy":"post_tag","embeddable":true,"href":"https:\/\/aspettandomilanocortina2026.it\/fr\/wp-json\/wp\/v2\/tags?post=1"}],"curies":[{"name":"wp","href":"https:\/\/api.w.org\/{rel}","templated":true}]}}