{"id":904,"date":"2025-08-14T14:40:31","date_gmt":"2025-08-14T12:40:31","guid":{"rendered":"https:\/\/aspettandomilanocortina2026.it\/?p=904"},"modified":"2025-08-14T15:05:08","modified_gmt":"2025-08-14T13:05:08","slug":"syracuse-welcomes-the-olympic-torch-history-sea-and-sports-passion","status":"publish","type":"post","link":"https:\/\/aspettandomilanocortina2026.it\/en\/syracuse-welcomes-the-olympic-torch-history-sea-and-sports-passion\/","title":{"rendered":"Syracuse welcomes the Olympic Torch: history, sea and sporting passion"},"content":{"rendered":"<script type=\"text\/plain\" data-tcf=\"waiting-for-consent\" data-id=\"1033\" data-bid=\"1\" data-placement=\"1034\">PGRpdiBpZD0iYW1jLTI1MDU1MjQzNDUiIGNsYXNzPSJhbWMtcHJpbWEtZGVsLWNvbnRlbnV0byI+PHNjcmlwdCBhc3luYyBzcmM9Ii8vcGFnZWFkMi5nb29nbGVzeW5kaWNhdGlvbi5jb20vcGFnZWFkL2pzL2Fkc2J5Z29vZ2xlLmpzP2NsaWVudD1jYS1wdWItNDQwMTE0NTAyNzUzOTExNSIgY3Jvc3NvcmlnaW49ImFub255bW91cyI+PC9zY3JpcHQ+PGlucyBjbGFzcz0iYWRzYnlnb29nbGUiIHN0eWxlPSJkaXNwbGF5OmJsb2NrOyIgZGF0YS1hZC1jbGllbnQ9ImNhLXB1Yi00NDAxMTQ1MDI3NTM5MTE1IiAKZGF0YS1hZC1zbG90PSIiIApkYXRhLWFkLWZvcm1hdD0iYXV0byIgZGF0YS1mdWxsLXdpZHRoLXJlc3BvbnNpdmU9InRydWUiPjwvaW5zPgo8c2NyaXB0PiAKKGFkc2J5Z29vZ2xlID0gd2luZG93LmFkc2J5Z29vZ2xlIHx8IFtdKS5wdXNoKHt9KTsgCjwvc2NyaXB0Pgo8L2Rpdj4=<\/script>\n<p>Syracuse, Dec. 17, 2025 The journey of the Milan Cortina 2026 Olympic Torch continues to intertwine sports and culture, and on Dec. 17 it will stop in Syracuse, one of the most fascinating and historically rich cities in the Mediterranean. Here, among the deep blue sea and the remains of a millennia-old civilization, the passage of the Olympic fire will turn into a true collective celebration.<\/p><script type=\"text\/plain\" data-tcf=\"waiting-for-consent\" data-id=\"1037\" data-bid=\"1\" data-placement=\"726\">PGRpdiBpZD0iYW1jLTYyMzIwMzU2NCIgY2xhc3M9ImFtYy1wb3N0LWNvbnRlbnQiIHN0eWxlPSJtYXJnaW4tbGVmdDogYXV0bzttYXJnaW4tcmlnaHQ6IGF1dG87dGV4dC1hbGlnbjogY2VudGVyOyI+PHNjcmlwdCBhc3luYyBzcmM9Ii8vcGFnZWFkMi5nb29nbGVzeW5kaWNhdGlvbi5jb20vcGFnZWFkL2pzL2Fkc2J5Z29vZ2xlLmpzP2NsaWVudD1jYS1wdWItNDQwMTE0NTAyNzUzOTExNSIgY3Jvc3NvcmlnaW49ImFub255bW91cyI+PC9zY3JpcHQ+PGlucyBjbGFzcz0iYWRzYnlnb29nbGUiIHN0eWxlPSJkaXNwbGF5OmJsb2NrOyIgZGF0YS1hZC1jbGllbnQ9ImNhLXB1Yi00NDAxMTQ1MDI3NTM5MTE1IiAKZGF0YS1hZC1zbG90PSI4MDIwNTgzNzkzIiAKZGF0YS1hZC1mb3JtYXQ9ImF1dG8iIGRhdGEtZnVsbC13aWR0aC1yZXNwb25zaXZlPSJ0cnVlIj48L2lucz4KPHNjcmlwdD4gCihhZHNieWdvb2dsZSA9IHdpbmRvdy5hZHNieWdvb2dsZSB8fCBbXSkucHVzaCh7fSk7IAo8L3NjcmlwdD4KPC9kaXY+PGJyIHN0eWxlPSJjbGVhcjogYm90aDsgZGlzcGxheTogYmxvY2s7IGZsb2F0OiBub25lOyIvPg==<\/script>\n\n\n\n<h2 class=\"wp-block-heading\"><strong>A path between history and the sea<\/strong><\/h2>\n\n\n\n<p>The journey of the Syracuse flashlight will be a journey into beauty: from the<strong>island of Ortigia<\/strong>, the beating heart of the city and a UNESCO heritage site, until the <strong>Neapolis Archaeological Park<\/strong>, home of the famous Greek Theater. The torch will travel through ancient alleys and maritime vistas, accompanied by the warmth of the people and the vibrant colors of local traditions.<\/p><script type=\"text\/plain\" data-tcf=\"waiting-for-consent\" data-id=\"1033\" data-bid=\"1\" data-placement=\"985\">PGRpdiBpZD0iYW1jLTM2MDYzMTUwODAiIGNsYXNzPSJhbWMtbWgtbWlkIj48c2NyaXB0IGFzeW5jIHNyYz0iLy9wYWdlYWQyLmdvb2dsZXN5bmRpY2F0aW9uLmNvbS9wYWdlYWQvanMvYWRzYnlnb29nbGUuanM\/Y2xpZW50PWNhLXB1Yi00NDAxMTQ1MDI3NTM5MTE1IiBjcm9zc29yaWdpbj0iYW5vbnltb3VzIj48L3NjcmlwdD48aW5zIGNsYXNzPSJhZHNieWdvb2dsZSIgc3R5bGU9ImRpc3BsYXk6YmxvY2s7IiBkYXRhLWFkLWNsaWVudD0iY2EtcHViLTQ0MDExNDUwMjc1MzkxMTUiIApkYXRhLWFkLXNsb3Q9IiIgCmRhdGEtYWQtZm9ybWF0PSJhdXRvIiBkYXRhLWZ1bGwtd2lkdGgtcmVzcG9uc2l2ZT0idHJ1ZSI+PC9pbnM+CjxzY3JpcHQ+IAooYWRzYnlnb29nbGUgPSB3aW5kb3cuYWRzYnlnb29nbGUgfHwgW10pLnB1c2goe30pOyAKPC9zY3JpcHQ+CjwvZGl2Pg==<\/script>\n\n\n\n<p>Along the route, dozens of torchbearers will pass the sacred fire, a symbol of unity and peace, with symbolic stops at iconic spots such as the Arethusa Fountain and the Levante waterfront, where the glow of the flame will merge with that of the sunset.<\/p>\n\n\n\n<h2 class=\"wp-block-heading\"><strong>Syracuse, a bridge between past and future<\/strong><\/h2>\n\n\n\n<p>For Syracuse, hosting the Olympic torch means more than just a sporting stop: it is an opportunity to tell the world about its history, from its Greek roots to its contemporary identity, made up of culture, tourism and innovation. The passing of the flashlight will also be a moment of promotion for the area, attracting national and international visitors and media.<\/p>\n\n\n\n<h2 class=\"wp-block-heading\"><strong>Tastes, sounds and traditions<\/strong><\/h2>\n\n\n\n<p>Those following the passage will also be able to immerse themselves in the typical flavors of Syracuse cuisine: citrus granitas, arancini, fresh fish and the famous pasta with sea urchins. The streets will be filled with music, choirs and folk dances, turning the day into a widespread celebration.<\/p>\n\n\n\n<h2 class=\"wp-block-heading\"><strong>Toward Milan Cortina 2026<\/strong><\/h2>\n\n\n\n<p>After Syracuse, the torch will continue its journey to the next Sicilian stops, bringing with it the energy of the South and the warmth of the Sicilian people. Its arrival in Milan, on February 6, 2026, for the inaugural ceremony at San Siro Stadium, will be the culmination of this long journey that began months earlier, uniting Italy from North to South under the sign of sport.<\/p>\n\n\n\n<figure class=\"wp-block-embed is-type-video is-provider-youtube wp-block-embed-youtube wp-embed-aspect-16-9 wp-has-aspect-ratio\"><div class=\"wp-block-embed__wrapper\">\n<iframe loading=\"lazy\" title=\"10 Things to See in SYRACUSE - TOURIST GUIDE\" width=\"500\" height=\"281\" src=\"https:\/\/www.youtube.com\/embed\/XoR3aJidj_A?feature=oembed\" frameborder=\"0\" allow=\"accelerometer; autoplay; clipboard-write; encrypted-media; gyroscope; picture-in-picture; web-share\" referrerpolicy=\"strict-origin-when-cross-origin\" allowfullscreen><\/iframe>\n<\/div><\/figure>\n<div class=\"amc-dopo-il-contenuto\" id=\"amc-3830005109\"><script type=\"text\/plain\" data-tcf=\"waiting-for-consent\" data-id=\"1033\" data-bid=\"1\">PGRpdiBpZD0iYW1jLTc1OTU2MzY5OSI+PHNjcmlwdCBhc3luYyBzcmM9Ii8vcGFnZWFkMi5nb29nbGVzeW5kaWNhdGlvbi5jb20vcGFnZWFkL2pzL2Fkc2J5Z29vZ2xlLmpzP2NsaWVudD1jYS1wdWItNDQwMTE0NTAyNzUzOTExNSIgY3Jvc3NvcmlnaW49ImFub255bW91cyI+PC9zY3JpcHQ+PGlucyBjbGFzcz0iYWRzYnlnb29nbGUiIHN0eWxlPSJkaXNwbGF5OmJsb2NrOyIgZGF0YS1hZC1jbGllbnQ9ImNhLXB1Yi00NDAxMTQ1MDI3NTM5MTE1IiAKZGF0YS1hZC1zbG90PSIiIApkYXRhLWFkLWZvcm1hdD0iYXV0byIgZGF0YS1mdWxsLXdpZHRoLXJlc3BvbnNpdmU9InRydWUiPjwvaW5zPgo8c2NyaXB0PiAKKGFkc2J5Z29vZ2xlID0gd2luZG93LmFkc2J5Z29vZ2xlIHx8IFtdKS5wdXNoKHt9KTsgCjwvc2NyaXB0Pgo8L2Rpdj4=<\/script><\/div>","protected":false},"excerpt":{"rendered":"<p>Siracusa, 17 dicembre 2025 il viaggio della Fiaccola Olimpica di Milano Cortina 2026 continua a intrecciare sport e cultura, e il 17 dicembre far\u00e0 tappa a Siracusa, una delle citt\u00e0 pi\u00f9 affascinanti e ricche di storia del Mediterraneo. Qui, tra il blu intenso del mare e i resti di una civilt\u00e0 millenaria, il passaggio del [&hellip;]<\/p>","protected":false},"author":3,"featured_media":911,"comment_status":"open","ping_status":"closed","sticky":false,"template":"","format":"standard","meta":{"_acf_changed":false,"footnotes":""},"categories":[5,1,16],"tags":[],"class_list":["post-904","post","type-post","status-publish","format-standard","has-post-thumbnail","hentry","category-guida-per-i-tifosi","category-notizie-e-aggiornamenti","category-notizie-e-approfondimenti"],"acf":[],"_links":{"self":[{"href":"https:\/\/aspettandomilanocortina2026.it\/en\/wp-json\/wp\/v2\/posts\/904","targetHints":{"allow":["GET"]}}],"collection":[{"href":"https:\/\/aspettandomilanocortina2026.it\/en\/wp-json\/wp\/v2\/posts"}],"about":[{"href":"https:\/\/aspettandomilanocortina2026.it\/en\/wp-json\/wp\/v2\/types\/post"}],"author":[{"embeddable":true,"href":"https:\/\/aspettandomilanocortina2026.it\/en\/wp-json\/wp\/v2\/users\/3"}],"replies":[{"embeddable":true,"href":"https:\/\/aspettandomilanocortina2026.it\/en\/wp-json\/wp\/v2\/comments?post=904"}],"version-history":[{"count":4,"href":"https:\/\/aspettandomilanocortina2026.it\/en\/wp-json\/wp\/v2\/posts\/904\/revisions"}],"predecessor-version":[{"id":920,"href":"https:\/\/aspettandomilanocortina2026.it\/en\/wp-json\/wp\/v2\/posts\/904\/revisions\/920"}],"wp:featuredmedia":[{"embeddable":true,"href":"https:\/\/aspettandomilanocortina2026.it\/en\/wp-json\/wp\/v2\/media\/911"}],"wp:attachment":[{"href":"https:\/\/aspettandomilanocortina2026.it\/en\/wp-json\/wp\/v2\/media?parent=904"}],"wp:term":[{"taxonomy":"category","embeddable":true,"href":"https:\/\/aspettandomilanocortina2026.it\/en\/wp-json\/wp\/v2\/categories?post=904"},{"taxonomy":"post_tag","embeddable":true,"href":"https:\/\/aspettandomilanocortina2026.it\/en\/wp-json\/wp\/v2\/tags?post=904"}],"curies":[{"name":"wp","href":"https:\/\/api.w.org\/{rel}","templated":true}]}}