{"id":87,"date":"2025-04-10T22:29:36","date_gmt":"2025-04-10T21:29:36","guid":{"rendered":"https:\/\/aspettandomilanocortina2026.it\/?p=87"},"modified":"2025-04-17T14:56:50","modified_gmt":"2025-04-17T13:56:50","slug":"demo-2","status":"publish","type":"post","link":"https:\/\/aspettandomilanocortina2026.it\/en\/demo-2\/","title":{"rendered":"Milan-Cortina 2026"},"content":{"rendered":"<script type=\"text\/plain\" data-tcf=\"waiting-for-consent\" data-id=\"1033\" data-bid=\"1\" data-placement=\"1034\">PGRpdiBpZD0iYW1jLTczNDc5ODQ3MCIgY2xhc3M9ImFtYy1wcmltYS1kZWwtY29udGVudXRvIj48c2NyaXB0IGFzeW5jIHNyYz0iLy9wYWdlYWQyLmdvb2dsZXN5bmRpY2F0aW9uLmNvbS9wYWdlYWQvanMvYWRzYnlnb29nbGUuanM\/Y2xpZW50PWNhLXB1Yi00NDAxMTQ1MDI3NTM5MTE1IiBjcm9zc29yaWdpbj0iYW5vbnltb3VzIj48L3NjcmlwdD48aW5zIGNsYXNzPSJhZHNieWdvb2dsZSIgc3R5bGU9ImRpc3BsYXk6YmxvY2s7IiBkYXRhLWFkLWNsaWVudD0iY2EtcHViLTQ0MDExNDUwMjc1MzkxMTUiIApkYXRhLWFkLXNsb3Q9IiIgCmRhdGEtYWQtZm9ybWF0PSJhdXRvIiBkYXRhLWZ1bGwtd2lkdGgtcmVzcG9uc2l2ZT0idHJ1ZSI+PC9pbnM+CjxzY3JpcHQ+IAooYWRzYnlnb29nbGUgPSB3aW5kb3cuYWRzYnlnb29nbGUgfHwgW10pLnB1c2goe30pOyAKPC9zY3JpcHQ+CjwvZGl2Pg==<\/script>\n<p><strong>Everything You Need to Know About the Italian Winter Olympics<\/strong><\/p><script type=\"text\/plain\" data-tcf=\"waiting-for-consent\" data-id=\"1037\" data-bid=\"1\" data-placement=\"726\">PGRpdiBpZD0iYW1jLTI5OTE1MDM1NjkiIGNsYXNzPSJhbWMtcG9zdC1jb250ZW50IiBzdHlsZT0ibWFyZ2luLWxlZnQ6IGF1dG87bWFyZ2luLXJpZ2h0OiBhdXRvO3RleHQtYWxpZ246IGNlbnRlcjsiPjxzY3JpcHQgYXN5bmMgc3JjPSIvL3BhZ2VhZDIuZ29vZ2xlc3luZGljYXRpb24uY29tL3BhZ2VhZC9qcy9hZHNieWdvb2dsZS5qcz9jbGllbnQ9Y2EtcHViLTQ0MDExNDUwMjc1MzkxMTUiIGNyb3Nzb3JpZ2luPSJhbm9ueW1vdXMiPjwvc2NyaXB0PjxpbnMgY2xhc3M9ImFkc2J5Z29vZ2xlIiBzdHlsZT0iZGlzcGxheTpibG9jazsiIGRhdGEtYWQtY2xpZW50PSJjYS1wdWItNDQwMTE0NTAyNzUzOTExNSIgCmRhdGEtYWQtc2xvdD0iODAyMDU4Mzc5MyIgCmRhdGEtYWQtZm9ybWF0PSJhdXRvIiBkYXRhLWZ1bGwtd2lkdGgtcmVzcG9uc2l2ZT0idHJ1ZSI+PC9pbnM+CjxzY3JpcHQ+IAooYWRzYnlnb29nbGUgPSB3aW5kb3cuYWRzYnlnb29nbGUgfHwgW10pLnB1c2goe30pOyAKPC9zY3JpcHQ+CjwvZGl2PjxiciBzdHlsZT0iY2xlYXI6IGJvdGg7IGRpc3BsYXk6IGJsb2NrOyBmbG9hdDogbm9uZTsiLz4=<\/script>\n\n\n\n<p>The wait has begun! In less than a year, Milan and Cortina will become the stage for the 2026 Winter Olympics. A historic event that will bring athletes from all over the world to Italy to compete in the most spectacular winter disciplines. But what should we expect? What are the news and key events? This blog was created to tell you everything you need to know about <strong>Milan-Cortina 2026<\/strong>.<\/p><script type=\"text\/plain\" data-tcf=\"waiting-for-consent\" data-id=\"1033\" data-bid=\"1\" data-placement=\"985\">PGRpdiBpZD0iYW1jLTQyNzEzNTMyNTEiIGNsYXNzPSJhbWMtbWgtbWlkIj48c2NyaXB0IGFzeW5jIHNyYz0iLy9wYWdlYWQyLmdvb2dsZXN5bmRpY2F0aW9uLmNvbS9wYWdlYWQvanMvYWRzYnlnb29nbGUuanM\/Y2xpZW50PWNhLXB1Yi00NDAxMTQ1MDI3NTM5MTE1IiBjcm9zc29yaWdpbj0iYW5vbnltb3VzIj48L3NjcmlwdD48aW5zIGNsYXNzPSJhZHNieWdvb2dsZSIgc3R5bGU9ImRpc3BsYXk6YmxvY2s7IiBkYXRhLWFkLWNsaWVudD0iY2EtcHViLTQ0MDExNDUwMjc1MzkxMTUiIApkYXRhLWFkLXNsb3Q9IiIgCmRhdGEtYWQtZm9ybWF0PSJhdXRvIiBkYXRhLWZ1bGwtd2lkdGgtcmVzcG9uc2l2ZT0idHJ1ZSI+PC9pbnM+CjxzY3JpcHQ+IAooYWRzYnlnb29nbGUgPSB3aW5kb3cuYWRzYnlnb29nbGUgfHwgW10pLnB1c2goe30pOyAKPC9zY3JpcHQ+CjwvZGl2Pg==<\/script>\n\n\n\n<figure class=\"wp-block-image size-large\"><img loading=\"lazy\" decoding=\"async\" width=\"1024\" height=\"768\" src=\"https:\/\/aspettandomilanocortina2026.it\/wp-content\/uploads\/2025\/04\/pexels-dibert-30100582-1024x768.jpg\" alt=\"\" class=\"wp-image-124\" title=\"\" srcset=\"https:\/\/aspettandomilanocortina2026.it\/wp-content\/uploads\/2025\/04\/pexels-dibert-30100582-1024x768.jpg 1024w, https:\/\/aspettandomilanocortina2026.it\/wp-content\/uploads\/2025\/04\/pexels-dibert-30100582-300x225.jpg 300w, https:\/\/aspettandomilanocortina2026.it\/wp-content\/uploads\/2025\/04\/pexels-dibert-30100582-768x576.jpg 768w, https:\/\/aspettandomilanocortina2026.it\/wp-content\/uploads\/2025\/04\/pexels-dibert-30100582-1536x1152.jpg 1536w, https:\/\/aspettandomilanocortina2026.it\/wp-content\/uploads\/2025\/04\/pexels-dibert-30100582-2048x1536.jpg 2048w\" sizes=\"auto, (max-width: 1024px) 100vw, 1024px\" \/><\/figure>\n\n\n\n<p><strong>Why is Milan-Cortina 2026 Special?<\/strong><\/p>\n\n\n\n<p>The Winter Olympics return to Italy after 20 years since the last edition hosted in Turin in 2006. But what makes this event unique?<\/p>\n\n\n\n<ul class=\"wp-block-list\">\n<li><strong>First edition with dual host city<\/strong>: Milan, capital of fashion and innovation, will be joined by Cortina, an icon of winter sports.<\/li>\n\n\n\n<li><strong>New installations and renovations<\/strong>: Existing facilities will be used and new venues built to ensure sustainable publishing.<\/li>\n\n\n\n<li><strong>A mix of tradition and modernity<\/strong>: The races will take place in spectacular settings between the Lombard metropolis and the UNESCO World Heritage Dolomites.<\/li>\n<\/ul>\n\n\n\n<p><strong>What Will You Find on This Blog?<\/strong><\/p>\n\n\n\n<p>\"Waiting forMilanoCortina\" was created to accompany you to the start of the Games with:<\/p>\n\n\n\n<ul class=\"wp-block-list\">\n<li><strong>News and updates<\/strong> On preparations, facilities and qualified athletes.<\/li>\n\n\n\n<li><strong>Practical guides<\/strong> On tickets, transportation, accommodations, and places to visit.<\/li>\n\n\n\n<li><strong>Behind the scenes<\/strong> with interviews, athlete stories and Olympic trivia.<\/li>\n\n\n\n<li><strong>Analysis of competitions<\/strong> to find out the favorites and new promises of winter sports.<\/li>\n<\/ul>\n\n\n\n<p><strong>First Dates to Mark in Agenda<\/strong><\/p>\n\n\n\n<p>\ud83d\udccc <strong>Opening Ceremony:<\/strong> February 6, 2026 - San Siro Stadium, Milan<br>\ud83d\udccc <strong>Closing Ceremony:<\/strong> February 22, 2026 - Arena di Verona<br>\ud83d\udccc <strong>Main races:<\/strong> Alpine skiing, skating, snowboarding, field hockey and more will be on the program!<br>\ud83d\udccc <strong>Pre-Olympic events:<\/strong> Test event and qualification already underway in various disciplines.<\/p>\n\n\n\n<p><strong>Stay Updated!<\/strong><\/p>\n\n\n\n<p>The 2026 Olympics are approaching and we will be following every step of this exciting journey! Want to stay informed at all times? <strong>Follow us and sign up for our newsletter<\/strong> So you don't miss any news about Milan-Cortina 2026!<\/p>\n\n\n\n<p>\ud83d\udc49 <strong>Follow us on social and comment: what excites you most about these Games?<\/strong><\/p>\n<div class=\"amc-dopo-il-contenuto\" id=\"amc-3201946569\"><script type=\"text\/plain\" data-tcf=\"waiting-for-consent\" data-id=\"1033\" data-bid=\"1\">PGRpdiBpZD0iYW1jLTM3MjM1Njk5NjciPjxzY3JpcHQgYXN5bmMgc3JjPSIvL3BhZ2VhZDIuZ29vZ2xlc3luZGljYXRpb24uY29tL3BhZ2VhZC9qcy9hZHNieWdvb2dsZS5qcz9jbGllbnQ9Y2EtcHViLTQ0MDExNDUwMjc1MzkxMTUiIGNyb3Nzb3JpZ2luPSJhbm9ueW1vdXMiPjwvc2NyaXB0PjxpbnMgY2xhc3M9ImFkc2J5Z29vZ2xlIiBzdHlsZT0iZGlzcGxheTpibG9jazsiIGRhdGEtYWQtY2xpZW50PSJjYS1wdWItNDQwMTE0NTAyNzUzOTExNSIgCmRhdGEtYWQtc2xvdD0iIiAKZGF0YS1hZC1mb3JtYXQ9ImF1dG8iIGRhdGEtZnVsbC13aWR0aC1yZXNwb25zaXZlPSJ0cnVlIj48L2lucz4KPHNjcmlwdD4gCihhZHNieWdvb2dsZSA9IHdpbmRvdy5hZHNieWdvb2dsZSB8fCBbXSkucHVzaCh7fSk7IAo8L3NjcmlwdD4KPC9kaXY+<\/script><\/div>","protected":false},"excerpt":{"rendered":"<p>Tutto Quello che Devi Sapere sulle Olimpiadi Invernali Italiane L\u2019attesa \u00e8 iniziata! Tra meno di un anno, Milano e Cortina diventeranno il palcoscenico delle Olimpiadi Invernali 2026. Un evento storico che porter\u00e0 atleti da tutto il mondo in Italia per competere nelle discipline invernali pi\u00f9 spettacolari. Ma cosa dobbiamo aspettarci? Quali sono le novit\u00e0 e [&hellip;]<\/p>","protected":false},"author":2,"featured_media":124,"comment_status":"open","ping_status":"open","sticky":false,"template":"","format":"standard","meta":{"_acf_changed":false,"footnotes":""},"categories":[1],"tags":[],"class_list":["post-87","post","type-post","status-publish","format-standard","has-post-thumbnail","hentry","category-notizie-e-aggiornamenti"],"acf":[],"_links":{"self":[{"href":"https:\/\/aspettandomilanocortina2026.it\/en\/wp-json\/wp\/v2\/posts\/87","targetHints":{"allow":["GET"]}}],"collection":[{"href":"https:\/\/aspettandomilanocortina2026.it\/en\/wp-json\/wp\/v2\/posts"}],"about":[{"href":"https:\/\/aspettandomilanocortina2026.it\/en\/wp-json\/wp\/v2\/types\/post"}],"author":[{"embeddable":true,"href":"https:\/\/aspettandomilanocortina2026.it\/en\/wp-json\/wp\/v2\/users\/2"}],"replies":[{"embeddable":true,"href":"https:\/\/aspettandomilanocortina2026.it\/en\/wp-json\/wp\/v2\/comments?post=87"}],"version-history":[{"count":3,"href":"https:\/\/aspettandomilanocortina2026.it\/en\/wp-json\/wp\/v2\/posts\/87\/revisions"}],"predecessor-version":[{"id":125,"href":"https:\/\/aspettandomilanocortina2026.it\/en\/wp-json\/wp\/v2\/posts\/87\/revisions\/125"}],"wp:featuredmedia":[{"embeddable":true,"href":"https:\/\/aspettandomilanocortina2026.it\/en\/wp-json\/wp\/v2\/media\/124"}],"wp:attachment":[{"href":"https:\/\/aspettandomilanocortina2026.it\/en\/wp-json\/wp\/v2\/media?parent=87"}],"wp:term":[{"taxonomy":"category","embeddable":true,"href":"https:\/\/aspettandomilanocortina2026.it\/en\/wp-json\/wp\/v2\/categories?post=87"},{"taxonomy":"post_tag","embeddable":true,"href":"https:\/\/aspettandomilanocortina2026.it\/en\/wp-json\/wp\/v2\/tags?post=87"}],"curies":[{"name":"wp","href":"https:\/\/api.w.org\/{rel}","templated":true}]}}