{"id":489,"date":"2025-05-23T12:58:54","date_gmt":"2025-05-23T11:58:54","guid":{"rendered":"https:\/\/aspettandomilanocortina2026.it\/?p=489"},"modified":"2025-05-23T12:59:04","modified_gmt":"2025-05-23T11:59:04","slug":"paralympic-redemption-stories-when-sport-changes-lives","status":"publish","type":"post","link":"https:\/\/aspettandomilanocortina2026.it\/en\/paralympic-redemption-stories-when-sport-changes-lives\/","title":{"rendered":"Stories of Paralympic redemption: when sport changes lives"},"content":{"rendered":"<script type=\"text\/plain\" data-tcf=\"waiting-for-consent\" data-id=\"1033\" data-bid=\"1\" data-placement=\"1034\">PGRpdiBpZD0iYW1jLTQ2MDkwNjQzNSIgY2xhc3M9ImFtYy1wcmltYS1kZWwtY29udGVudXRvIj48c2NyaXB0IGFzeW5jIHNyYz0iLy9wYWdlYWQyLmdvb2dsZXN5bmRpY2F0aW9uLmNvbS9wYWdlYWQvanMvYWRzYnlnb29nbGUuanM\/Y2xpZW50PWNhLXB1Yi00NDAxMTQ1MDI3NTM5MTE1IiBjcm9zc29yaWdpbj0iYW5vbnltb3VzIj48L3NjcmlwdD48aW5zIGNsYXNzPSJhZHNieWdvb2dsZSIgc3R5bGU9ImRpc3BsYXk6YmxvY2s7IiBkYXRhLWFkLWNsaWVudD0iY2EtcHViLTQ0MDExNDUwMjc1MzkxMTUiIApkYXRhLWFkLXNsb3Q9IiIgCmRhdGEtYWQtZm9ybWF0PSJhdXRvIiBkYXRhLWZ1bGwtd2lkdGgtcmVzcG9uc2l2ZT0idHJ1ZSI+PC9pbnM+CjxzY3JpcHQ+IAooYWRzYnlnb29nbGUgPSB3aW5kb3cuYWRzYnlnb29nbGUgfHwgW10pLnB1c2goe30pOyAKPC9zY3JpcHQ+CjwvZGl2Pg==<\/script>\n<p>There is a space, on the border between determination and dreams, where barriers break down and limits become horizons: that is where the Paralympic spirit moves. Behind every medal, behind every finish line cut with tears in their eyes and muscles tense from exertion, there is a story. A story of redemption. Of courage. Of rebirth.<\/p><script type=\"text\/plain\" data-tcf=\"waiting-for-consent\" data-id=\"1037\" data-bid=\"1\" data-placement=\"726\">PGRpdiBpZD0iYW1jLTI0ODE1NDg1NTkiIGNsYXNzPSJhbWMtcG9zdC1jb250ZW50IiBzdHlsZT0ibWFyZ2luLWxlZnQ6IGF1dG87bWFyZ2luLXJpZ2h0OiBhdXRvO3RleHQtYWxpZ246IGNlbnRlcjsiPjxzY3JpcHQgYXN5bmMgc3JjPSIvL3BhZ2VhZDIuZ29vZ2xlc3luZGljYXRpb24uY29tL3BhZ2VhZC9qcy9hZHNieWdvb2dsZS5qcz9jbGllbnQ9Y2EtcHViLTQ0MDExNDUwMjc1MzkxMTUiIGNyb3Nzb3JpZ2luPSJhbm9ueW1vdXMiPjwvc2NyaXB0PjxpbnMgY2xhc3M9ImFkc2J5Z29vZ2xlIiBzdHlsZT0iZGlzcGxheTpibG9jazsiIGRhdGEtYWQtY2xpZW50PSJjYS1wdWItNDQwMTE0NTAyNzUzOTExNSIgCmRhdGEtYWQtc2xvdD0iODAyMDU4Mzc5MyIgCmRhdGEtYWQtZm9ybWF0PSJhdXRvIiBkYXRhLWZ1bGwtd2lkdGgtcmVzcG9uc2l2ZT0idHJ1ZSI+PC9pbnM+CjxzY3JpcHQ+IAooYWRzYnlnb29nbGUgPSB3aW5kb3cuYWRzYnlnb29nbGUgfHwgW10pLnB1c2goe30pOyAKPC9zY3JpcHQ+CjwvZGl2PjxiciBzdHlsZT0iY2xlYXI6IGJvdGg7IGRpc3BsYXk6IGJsb2NrOyBmbG9hdDogbm9uZTsiLz4=<\/script>\n\n\n\n<p><strong>The transformative power of Paralympic sport<\/strong><\/p><script type=\"text\/plain\" data-tcf=\"waiting-for-consent\" data-id=\"1033\" data-bid=\"1\" data-placement=\"985\">PGRpdiBpZD0iYW1jLTE3NzE2NzA1ODQiIGNsYXNzPSJhbWMtbWgtbWlkIj48c2NyaXB0IGFzeW5jIHNyYz0iLy9wYWdlYWQyLmdvb2dsZXN5bmRpY2F0aW9uLmNvbS9wYWdlYWQvanMvYWRzYnlnb29nbGUuanM\/Y2xpZW50PWNhLXB1Yi00NDAxMTQ1MDI3NTM5MTE1IiBjcm9zc29yaWdpbj0iYW5vbnltb3VzIj48L3NjcmlwdD48aW5zIGNsYXNzPSJhZHNieWdvb2dsZSIgc3R5bGU9ImRpc3BsYXk6YmxvY2s7IiBkYXRhLWFkLWNsaWVudD0iY2EtcHViLTQ0MDExNDUwMjc1MzkxMTUiIApkYXRhLWFkLXNsb3Q9IiIgCmRhdGEtYWQtZm9ybWF0PSJhdXRvIiBkYXRhLWZ1bGwtd2lkdGgtcmVzcG9uc2l2ZT0idHJ1ZSI+PC9pbnM+CjxzY3JpcHQ+IAooYWRzYnlnb29nbGUgPSB3aW5kb3cuYWRzYnlnb29nbGUgfHwgW10pLnB1c2goe30pOyAKPC9zY3JpcHQ+CjwvZGl2Pg==<\/script>\n\n\n\n<p>Paralympic sport is not simply competition. It is an act of personal affirmation, a form of endurance. For many athletes, it represents a way to find oneself after trauma, illness, or a condition that society still tends to see as a limitation.<\/p>\n\n\n\n<p>In disciplines such as the <strong>paralympic alpine skiing<\/strong>, the <strong>para ice hockey<\/strong> or the <strong>paralympic biathlon<\/strong>, we see athletes who not only compete, but challenge an entire cultural narrative. They show that the body can adapt, reinvent itself, and that the most powerful force lies in the mind.<\/p>\n\n\n\n<p><strong>Stories that inspire the world<\/strong><\/p>\n\n\n\n<p><strong>Sofia, the champion snowboarder<\/strong><\/p>\n\n\n\n<p>Sofia, 28, lost her right leg in a car accident. After months of physical therapy and depression, she got on a snowboard for the first time. Today she is among the favorites for Milan Cortina 2026 in the category <strong>paralympic snowboarding<\/strong>. \"At first I thought I no longer had a future,\" he recounted. \"Then I realized that I just needed to change my perspective.\"<\/p>\n\n\n\n<p><strong>Ahmed and cross-country skiing<\/strong><\/p>\n\n\n\n<p>Ahmed arrived in Italy as a refugee. After losing the use of his legs to a landmine, he was taken in by a sports association. He discovered the <strong>paralympic cross-country skiing<\/strong> and today he trains on the slopes of Val di Fiemme, ready to represent a new country with pride.<\/p>\n\n\n\n<p><strong>Luke and the team's redemption<\/strong><\/p>\n\n\n\n<p>Luke, who was born with a malformation in his lower limbs, is one of the pillars of the <strong>para Italian ice hockey<\/strong>. At 16, he was an outcast, with no sports or friends. Today, at age 30, he is a national flag. \"I don't care about pity. I want respect. And on the ice I get it.\"<\/p>\n\n\n\n<p><strong>The role of the Paralympic Games Milan Cortina 2026<\/strong><\/p>\n\n\n\n<p>The Paralympic Games in <strong>Milan Cortina 2026<\/strong> represent much more than a sporting event. They are a celebration of talent, inclusivity and inner strength. In Italy, the Paralympic movement is growing, thanks in part to the support of schools, sports bodies and the media who are beginning to tell these stories with the right tone: not as \"miracles,\" but as real paths made up of hard work, sweat, falls and restarts.<\/p>\n\n\n\n<p>Facilities will be fully accessible, Olympic villages designed for every need, and media coverage will match the excitement in the competition.<\/p>\n\n\n\n<p><strong>How to support and participate<\/strong><\/p>\n\n\n\n<ul class=\"wp-block-list\">\n<li>You can <strong>become a volunteer<\/strong> for the 2026 Paralympics: one of the most human and meaningful experiences, where to be part of change.<\/li>\n\n\n\n<li>You can <strong>follow the races<\/strong>, buying tickets and supporting the athletes directly in the stands.<\/li>\n\n\n\n<li>You can <strong>spread their stories<\/strong>, educating friends, students, colleagues on the culture of inclusion through sports.<\/li>\n<\/ul>\n\n\n\n<p><strong>Beyond race: a universal message<\/strong><\/p>\n\n\n\n<p>Every Paralympic athlete is a witness of resilience. They remind us that human beings can flourish again even after the deepest pain. Their stories are beacons in an often dark time, and Milan Cortina 2026 will be the perfect stage to show them to the world. <strong>Because true triumph is not just winning gold, but being reborn when it seemed impossible.<\/strong><\/p>\n<div class=\"amc-dopo-il-contenuto\" id=\"amc-2015046237\"><script type=\"text\/plain\" data-tcf=\"waiting-for-consent\" data-id=\"1033\" data-bid=\"1\">PGRpdiBpZD0iYW1jLTI3NjM2MzE3ODkiPjxzY3JpcHQgYXN5bmMgc3JjPSIvL3BhZ2VhZDIuZ29vZ2xlc3luZGljYXRpb24uY29tL3BhZ2VhZC9qcy9hZHNieWdvb2dsZS5qcz9jbGllbnQ9Y2EtcHViLTQ0MDExNDUwMjc1MzkxMTUiIGNyb3Nzb3JpZ2luPSJhbm9ueW1vdXMiPjwvc2NyaXB0PjxpbnMgY2xhc3M9ImFkc2J5Z29vZ2xlIiBzdHlsZT0iZGlzcGxheTpibG9jazsiIGRhdGEtYWQtY2xpZW50PSJjYS1wdWItNDQwMTE0NTAyNzUzOTExNSIgCmRhdGEtYWQtc2xvdD0iIiAKZGF0YS1hZC1mb3JtYXQ9ImF1dG8iIGRhdGEtZnVsbC13aWR0aC1yZXNwb25zaXZlPSJ0cnVlIj48L2lucz4KPHNjcmlwdD4gCihhZHNieWdvb2dsZSA9IHdpbmRvdy5hZHNieWdvb2dsZSB8fCBbXSkucHVzaCh7fSk7IAo8L3NjcmlwdD4KPC9kaXY+<\/script><\/div>","protected":false},"excerpt":{"rendered":"<p>C\u2019\u00e8 uno spazio, al confine tra determinazione e sogno, dove le barriere si spezzano e i limiti diventano orizzonti: \u00e8 l\u00ec che si muove lo spirito paralimpico. Dietro ogni medaglia, dietro ogni traguardo tagliato con le lacrime agli occhi e i muscoli tesi dallo sforzo, c\u2019\u00e8 una storia. Una storia di riscatto. Di coraggio. Di [&hellip;]<\/p>","protected":false},"author":3,"featured_media":490,"comment_status":"open","ping_status":"open","sticky":false,"template":"","format":"standard","meta":{"_acf_changed":false,"footnotes":""},"categories":[9,2,1],"tags":[],"class_list":["post-489","post","type-post","status-publish","format-standard","has-post-thumbnail","hentry","category-paralimpiadi","category-atleti-e-squadre","category-notizie-e-aggiornamenti"],"acf":[],"_links":{"self":[{"href":"https:\/\/aspettandomilanocortina2026.it\/en\/wp-json\/wp\/v2\/posts\/489","targetHints":{"allow":["GET"]}}],"collection":[{"href":"https:\/\/aspettandomilanocortina2026.it\/en\/wp-json\/wp\/v2\/posts"}],"about":[{"href":"https:\/\/aspettandomilanocortina2026.it\/en\/wp-json\/wp\/v2\/types\/post"}],"author":[{"embeddable":true,"href":"https:\/\/aspettandomilanocortina2026.it\/en\/wp-json\/wp\/v2\/users\/3"}],"replies":[{"embeddable":true,"href":"https:\/\/aspettandomilanocortina2026.it\/en\/wp-json\/wp\/v2\/comments?post=489"}],"version-history":[{"count":3,"href":"https:\/\/aspettandomilanocortina2026.it\/en\/wp-json\/wp\/v2\/posts\/489\/revisions"}],"predecessor-version":[{"id":497,"href":"https:\/\/aspettandomilanocortina2026.it\/en\/wp-json\/wp\/v2\/posts\/489\/revisions\/497"}],"wp:featuredmedia":[{"embeddable":true,"href":"https:\/\/aspettandomilanocortina2026.it\/en\/wp-json\/wp\/v2\/media\/490"}],"wp:attachment":[{"href":"https:\/\/aspettandomilanocortina2026.it\/en\/wp-json\/wp\/v2\/media?parent=489"}],"wp:term":[{"taxonomy":"category","embeddable":true,"href":"https:\/\/aspettandomilanocortina2026.it\/en\/wp-json\/wp\/v2\/categories?post=489"},{"taxonomy":"post_tag","embeddable":true,"href":"https:\/\/aspettandomilanocortina2026.it\/en\/wp-json\/wp\/v2\/tags?post=489"}],"curies":[{"name":"wp","href":"https:\/\/api.w.org\/{rel}","templated":true}]}}