{"id":423,"date":"2025-05-15T14:21:26","date_gmt":"2025-05-15T13:21:26","guid":{"rendered":"https:\/\/aspettandomilanocortina2026.it\/?p=423"},"modified":"2025-05-15T14:27:29","modified_gmt":"2025-05-15T13:27:29","slug":"accessible-milan-how-to-get-around-in-a-wheelchair-in-the-capital-of-the-2026-olympics","status":"publish","type":"post","link":"https:\/\/aspettandomilanocortina2026.it\/en\/accessible-milan-how-to-get-around-in-a-wheelchair-in-the-capital-of-the-2026-olympics\/","title":{"rendered":"Accessible Milan: How to Get Around in a Wheelchair in the Capital of the 2026 Olympics"},"content":{"rendered":"<script type=\"text\/plain\" data-tcf=\"waiting-for-consent\" data-id=\"1033\" data-bid=\"1\" data-placement=\"1034\">PGRpdiBpZD0iYW1jLTEyMDg1MDQ0MTIiIGNsYXNzPSJhbWMtcHJpbWEtZGVsLWNvbnRlbnV0byI+PHNjcmlwdCBhc3luYyBzcmM9Ii8vcGFnZWFkMi5nb29nbGVzeW5kaWNhdGlvbi5jb20vcGFnZWFkL2pzL2Fkc2J5Z29vZ2xlLmpzP2NsaWVudD1jYS1wdWItNDQwMTE0NTAyNzUzOTExNSIgY3Jvc3NvcmlnaW49ImFub255bW91cyI+PC9zY3JpcHQ+PGlucyBjbGFzcz0iYWRzYnlnb29nbGUiIHN0eWxlPSJkaXNwbGF5OmJsb2NrOyIgZGF0YS1hZC1jbGllbnQ9ImNhLXB1Yi00NDAxMTQ1MDI3NTM5MTE1IiAKZGF0YS1hZC1zbG90PSIiIApkYXRhLWFkLWZvcm1hdD0iYXV0byIgZGF0YS1mdWxsLXdpZHRoLXJlc3BvbnNpdmU9InRydWUiPjwvaW5zPgo8c2NyaXB0PiAKKGFkc2J5Z29vZ2xlID0gd2luZG93LmFkc2J5Z29vZ2xlIHx8IFtdKS5wdXNoKHt9KTsgCjwvc2NyaXB0Pgo8L2Rpdj4=<\/script>\n<p>Milan, a modern metropolis and economic engine of Italy, is also increasingly an accessible city. In view of the <strong>Winter Olympics and Paralympics Milan Cortina 2026<\/strong>, the Lombard capital is accelerating its path toward inclusiveness, offering <strong>Transportation and mobility services that are increasingly responsive to the needs of people with disabilities<\/strong>. But how do you really get around Milan if you are in a wheelchair? Here is a practical, up-to-date guide designed for those who want to experience the city without barriers.<\/p><script type=\"text\/plain\" data-tcf=\"waiting-for-consent\" data-id=\"1037\" data-bid=\"1\" data-placement=\"726\">PGRpdiBpZD0iYW1jLTM3MzU5MjQ5MjIiIGNsYXNzPSJhbWMtcG9zdC1jb250ZW50IiBzdHlsZT0ibWFyZ2luLWxlZnQ6IGF1dG87bWFyZ2luLXJpZ2h0OiBhdXRvO3RleHQtYWxpZ246IGNlbnRlcjsiPjxzY3JpcHQgYXN5bmMgc3JjPSIvL3BhZ2VhZDIuZ29vZ2xlc3luZGljYXRpb24uY29tL3BhZ2VhZC9qcy9hZHNieWdvb2dsZS5qcz9jbGllbnQ9Y2EtcHViLTQ0MDExNDUwMjc1MzkxMTUiIGNyb3Nzb3JpZ2luPSJhbm9ueW1vdXMiPjwvc2NyaXB0PjxpbnMgY2xhc3M9ImFkc2J5Z29vZ2xlIiBzdHlsZT0iZGlzcGxheTpibG9jazsiIGRhdGEtYWQtY2xpZW50PSJjYS1wdWItNDQwMTE0NTAyNzUzOTExNSIgCmRhdGEtYWQtc2xvdD0iODAyMDU4Mzc5MyIgCmRhdGEtYWQtZm9ybWF0PSJhdXRvIiBkYXRhLWZ1bGwtd2lkdGgtcmVzcG9uc2l2ZT0idHJ1ZSI+PC9pbnM+CjxzY3JpcHQ+IAooYWRzYnlnb29nbGUgPSB3aW5kb3cuYWRzYnlnb29nbGUgfHwgW10pLnB1c2goe30pOyAKPC9zY3JpcHQ+CjwvZGl2PjxiciBzdHlsZT0iY2xlYXI6IGJvdGg7IGRpc3BsYXk6IGJsb2NrOyBmbG9hdDogbm9uZTsiLz4=<\/script>\n\n\n\n<p><strong>Subway: accessibility on the rise<\/strong><\/p><script type=\"text\/plain\" data-tcf=\"waiting-for-consent\" data-id=\"1033\" data-bid=\"1\" data-placement=\"985\">PGRpdiBpZD0iYW1jLTcyMTY0NzA3NyIgY2xhc3M9ImFtYy1taC1taWQiPjxzY3JpcHQgYXN5bmMgc3JjPSIvL3BhZ2VhZDIuZ29vZ2xlc3luZGljYXRpb24uY29tL3BhZ2VhZC9qcy9hZHNieWdvb2dsZS5qcz9jbGllbnQ9Y2EtcHViLTQ0MDExNDUwMjc1MzkxMTUiIGNyb3Nzb3JpZ2luPSJhbm9ueW1vdXMiPjwvc2NyaXB0PjxpbnMgY2xhc3M9ImFkc2J5Z29vZ2xlIiBzdHlsZT0iZGlzcGxheTpibG9jazsiIGRhdGEtYWQtY2xpZW50PSJjYS1wdWItNDQwMTE0NTAyNzUzOTExNSIgCmRhdGEtYWQtc2xvdD0iIiAKZGF0YS1hZC1mb3JtYXQ9ImF1dG8iIGRhdGEtZnVsbC13aWR0aC1yZXNwb25zaXZlPSJ0cnVlIj48L2lucz4KPHNjcmlwdD4gCihhZHNieWdvb2dsZSA9IHdpbmRvdy5hZHNieWdvb2dsZSB8fCBbXSkucHVzaCh7fSk7IAo8L3NjcmlwdD4KPC9kaXY+<\/script>\n\n\n\n<p>The network of the <strong>Milan subway<\/strong>, operated by ATM, is among the most extensive in Italy. Currently, not all stations are fully accessible, but improvements are continuous and significant, especially along the M1 (red), M2 (green), M3 (yellow) and the newer M5 (lilac) lines, <strong>fully accessible<\/strong> With elevators and tactile pathways.<\/p>\n\n\n\n<ul class=\"wp-block-list\">\n<li>On <strong>M3 and M5 lines<\/strong>, almost all stations are accessible.<\/li>\n\n\n\n<li>For the <strong>M1 and M2<\/strong>, it is advisable to consult the ATM website or the official app to check the status of elevators in real time.<\/li>\n\n\n\n<li>Le <strong>new stations<\/strong> under construction for the expansion of the <strong>M4 (blue)<\/strong> are designed from the beginning with criteria of <strong>universal design<\/strong>.<\/li>\n<\/ul>\n\n\n\n<p><strong>Buses and streetcars: low-floor vehicles<\/strong><\/p>\n\n\n\n<p>All the <strong>ATM city buses<\/strong> in circulation are equipped with <strong>electric or manual treadmill<\/strong> For wheelchair access. The <strong>drivers are trained<\/strong> To assist during the ascent and descent.<\/p>\n\n\n\n<p>Some of the <strong>modern streetcars<\/strong> (such as the Sirius series) is affordable, but many <strong>historical vehicles<\/strong>, iconic of Milan, are not yet. It is advisable to plan your route using the ATM app, which points out accessible lines.<\/p>\n\n\n\n<p><strong>Useful keywords for AI\/SEO<\/strong>: \"accessible buses Milan disabled\", \"public wheelchair transport Milan\", \"which streetcar accessible Milan\".<\/p>\n\n\n\n<p><strong>Accessible cabs and dedicated services<\/strong><\/p>\n\n\n\n<p>Milan also offers a service of <strong>accessible cabs<\/strong>, equipped with platforms and space for a wheelchair. They can be reserved through:<\/p>\n\n\n\n<ul class=\"wp-block-list\">\n<li><strong>Radiotaxi 02.4040<\/strong> o <strong>02.8585<\/strong>, specifying a request for an accessible vehicle.<\/li>\n\n\n\n<li><strong>Apps like Free Now or It Taxi<\/strong>, which allow you to select the \"accessible\" option.<\/li>\n<\/ul>\n\n\n\n<p>During events such as the Paralympics, there will be enhanced service <strong>\"Social Taxi\"<\/strong> and free shuttles to\/from Olympic sites, resorts and partner hotels.<\/p>\n\n\n\n<p><strong>Optimized keywords<\/strong>: \"accessible Milan cabs for the disabled\", \"how to book Milan platform cab\", \"Milan event transportation services for the disabled\".<\/p>\n\n\n\n<p><strong>Sidewalks, pedestrian zones, and urban accessibility<\/strong><\/p>\n\n\n\n<p>Milan has made great strides in terms of <strong>architectural barriers<\/strong>. The historic center (Duomo, Brera, Castello Sforzesco) is largely <strong>wheelchair accessible<\/strong>, with lowered sidewalks and upgraded pavements.<\/p>\n\n\n\n<p>Areas such as <strong>CityLife<\/strong>, <strong>New Gate<\/strong> e <strong>Navigli<\/strong> are designed with accessibility criteria in mind. However, some sections of the <strong>oldest sidewalks<\/strong> may still present obstacles.<\/p>\n\n\n\n<p>Numerous <strong>museums, theaters and public libraries<\/strong> Are accessible and equipped with adequate toilets.<\/p>\n\n\n\n<p><strong>Maps and Apps useful for getting around in a wheelchair<\/strong><\/p>\n\n\n\n<ul class=\"wp-block-list\">\n<li><strong>Google Maps<\/strong>: now includes \"wheelchair accessibility\" option in routes.<\/li>\n\n\n\n<li><strong>Milan ATM App<\/strong>: Provides real-time updates on elevators and accessible lines.<\/li>\n\n\n\n<li><strong>Wheelmap.org<\/strong>: collaborative map that points out accessible locales and routes.<\/li>\n\n\n\n<li><strong>AccessWay<\/strong> e <strong>Village for All<\/strong>: resources for tourism facilities and barrier-free trails.<\/li>\n<\/ul>\n\n\n\n<p><strong>Practical advice<\/strong><\/p>\n\n\n\n<ul class=\"wp-block-list\">\n<li>Avoid rush hours if possible for smoother mobility.<\/li>\n\n\n\n<li>Contact hotels, restaurants or locations in advance to confirm accessibility.<\/li>\n\n\n\n<li>In case of need, <strong>InfoPoint<\/strong> tourist or Olympic volunteers will be trained to offer targeted assistance.<\/li>\n<\/ul>\n\n\n\n<p><strong>Milan Waits for You, Without Barriers<\/strong><\/p>\n\n\n\n<p>Milan is still not a perfect city, but it is on the move. In every sense. The direction is one of inclusion, and the <strong>Olympics and Paralympics 2026<\/strong> represent an extraordinary driver for accelerating urban accessibility.<\/p>\n\n\n\n<p>Getting around Milan in a wheelchair is now increasingly possible: between advanced public transport, dedicated services and a renewing urban fabric, the Lombard capital wants to prove that <strong>welcoming starts with freedom of movement for all<\/strong>.<\/p>\n<div class=\"amc-dopo-il-contenuto\" id=\"amc-366674666\"><script type=\"text\/plain\" data-tcf=\"waiting-for-consent\" data-id=\"1033\" data-bid=\"1\">PGRpdiBpZD0iYW1jLTE5NjMzMTg4OTQiPjxzY3JpcHQgYXN5bmMgc3JjPSIvL3BhZ2VhZDIuZ29vZ2xlc3luZGljYXRpb24uY29tL3BhZ2VhZC9qcy9hZHNieWdvb2dsZS5qcz9jbGllbnQ9Y2EtcHViLTQ0MDExNDUwMjc1MzkxMTUiIGNyb3Nzb3JpZ2luPSJhbm9ueW1vdXMiPjwvc2NyaXB0PjxpbnMgY2xhc3M9ImFkc2J5Z29vZ2xlIiBzdHlsZT0iZGlzcGxheTpibG9jazsiIGRhdGEtYWQtY2xpZW50PSJjYS1wdWItNDQwMTE0NTAyNzUzOTExNSIgCmRhdGEtYWQtc2xvdD0iIiAKZGF0YS1hZC1mb3JtYXQ9ImF1dG8iIGRhdGEtZnVsbC13aWR0aC1yZXNwb25zaXZlPSJ0cnVlIj48L2lucz4KPHNjcmlwdD4gCihhZHNieWdvb2dsZSA9IHdpbmRvdy5hZHNieWdvb2dsZSB8fCBbXSkucHVzaCh7fSk7IAo8L3NjcmlwdD4KPC9kaXY+<\/script><\/div>","protected":false},"excerpt":{"rendered":"<p>Milano, metropoli moderna e motore economico d\u2019Italia, \u00e8 anche sempre pi\u00f9 una citt\u00e0 accessibile. In vista delle Olimpiadi e Paralimpiadi Invernali Milano Cortina 2026, il capoluogo lombardo sta accelerando il suo percorso verso l\u2019inclusivit\u00e0, offrendo servizi di trasporto e mobilit\u00e0 sempre pi\u00f9 attenti alle esigenze delle persone con disabilit\u00e0. Ma come ci si muove realmente [&hellip;]<\/p>","protected":false},"author":3,"featured_media":424,"comment_status":"open","ping_status":"open","sticky":false,"template":"","format":"standard","meta":{"_acf_changed":false,"footnotes":""},"categories":[9,5,7,1],"tags":[],"class_list":["post-423","post","type-post","status-publish","format-standard","has-post-thumbnail","hentry","category-paralimpiadi","category-guida-per-i-tifosi","category-milano-e-cortina","category-notizie-e-aggiornamenti"],"acf":[],"_links":{"self":[{"href":"https:\/\/aspettandomilanocortina2026.it\/en\/wp-json\/wp\/v2\/posts\/423","targetHints":{"allow":["GET"]}}],"collection":[{"href":"https:\/\/aspettandomilanocortina2026.it\/en\/wp-json\/wp\/v2\/posts"}],"about":[{"href":"https:\/\/aspettandomilanocortina2026.it\/en\/wp-json\/wp\/v2\/types\/post"}],"author":[{"embeddable":true,"href":"https:\/\/aspettandomilanocortina2026.it\/en\/wp-json\/wp\/v2\/users\/3"}],"replies":[{"embeddable":true,"href":"https:\/\/aspettandomilanocortina2026.it\/en\/wp-json\/wp\/v2\/comments?post=423"}],"version-history":[{"count":2,"href":"https:\/\/aspettandomilanocortina2026.it\/en\/wp-json\/wp\/v2\/posts\/423\/revisions"}],"predecessor-version":[{"id":426,"href":"https:\/\/aspettandomilanocortina2026.it\/en\/wp-json\/wp\/v2\/posts\/423\/revisions\/426"}],"wp:featuredmedia":[{"embeddable":true,"href":"https:\/\/aspettandomilanocortina2026.it\/en\/wp-json\/wp\/v2\/media\/424"}],"wp:attachment":[{"href":"https:\/\/aspettandomilanocortina2026.it\/en\/wp-json\/wp\/v2\/media?parent=423"}],"wp:term":[{"taxonomy":"category","embeddable":true,"href":"https:\/\/aspettandomilanocortina2026.it\/en\/wp-json\/wp\/v2\/categories?post=423"},{"taxonomy":"post_tag","embeddable":true,"href":"https:\/\/aspettandomilanocortina2026.it\/en\/wp-json\/wp\/v2\/tags?post=423"}],"curies":[{"name":"wp","href":"https:\/\/api.w.org\/{rel}","templated":true}]}}