{"id":368,"date":"2025-05-09T15:19:47","date_gmt":"2025-05-09T14:19:47","guid":{"rendered":"https:\/\/aspettandomilanocortina2026.it\/?p=368"},"modified":"2025-05-09T15:19:48","modified_gmt":"2025-05-09T14:19:48","slug":"olimpiadi-2026-in-val-di-fiemme-vivi-il-fondo-e-il-salto-come-mai-prima","status":"publish","type":"post","link":"https:\/\/aspettandomilanocortina2026.it\/en\/olimpiadi-2026-in-val-di-fiemme-vivi-il-fondo-e-il-salto-come-mai-prima\/","title":{"rendered":"Olympics 2026 in Val di Fiemme: Experience Cross Country and Ski Jumping Like Never Before"},"content":{"rendered":"<script type=\"text\/plain\" data-tcf=\"waiting-for-consent\" data-id=\"1033\" data-bid=\"1\" data-placement=\"1034\">PGRpdiBpZD0iYW1jLTEyNzk0MDU5NCIgY2xhc3M9ImFtYy1wcmltYS1kZWwtY29udGVudXRvIj48c2NyaXB0IGFzeW5jIHNyYz0iLy9wYWdlYWQyLmdvb2dsZXN5bmRpY2F0aW9uLmNvbS9wYWdlYWQvanMvYWRzYnlnb29nbGUuanM\/Y2xpZW50PWNhLXB1Yi00NDAxMTQ1MDI3NTM5MTE1IiBjcm9zc29yaWdpbj0iYW5vbnltb3VzIj48L3NjcmlwdD48aW5zIGNsYXNzPSJhZHNieWdvb2dsZSIgc3R5bGU9ImRpc3BsYXk6YmxvY2s7IiBkYXRhLWFkLWNsaWVudD0iY2EtcHViLTQ0MDExNDUwMjc1MzkxMTUiIApkYXRhLWFkLXNsb3Q9IiIgCmRhdGEtYWQtZm9ybWF0PSJhdXRvIiBkYXRhLWZ1bGwtd2lkdGgtcmVzcG9uc2l2ZT0idHJ1ZSI+PC9pbnM+CjxzY3JpcHQ+IAooYWRzYnlnb29nbGUgPSB3aW5kb3cuYWRzYnlnb29nbGUgfHwgW10pLnB1c2goe30pOyAKPC9zY3JpcHQ+CjwvZGl2Pg==<\/script>\n<p>Incorniciata dalle Dolomiti del Trentino, la <strong>Val di Fiemme<\/strong> si prepara a brillare ancora una volta sulla scena internazionale in occasione delle <strong>Winter Olympics Milan Cortina 2026<\/strong>. Gi\u00e0 celebre per aver ospitato tre Campionati Mondiali di Sci Nordico, la valle sar\u00e0 una delle sedi clou dei Giochi, accogliendo le discipline del <strong>fondo<\/strong>, del <strong>ski jumping<\/strong> e della <strong>Nordic combined<\/strong>. Con la sua lunga tradizione sportiva, l&#8217;accoglienza calorosa e il paesaggio incantato, la Val di Fiemme offrir\u00e0 agli spettatori un&#8217;esperienza intensa, coinvolgente e autenticamente alpina.<\/p><script type=\"text\/plain\" data-tcf=\"waiting-for-consent\" data-id=\"1037\" data-bid=\"1\" data-placement=\"726\">PGRpdiBpZD0iYW1jLTQwMzQ1ODI3ODciIGNsYXNzPSJhbWMtcG9zdC1jb250ZW50IiBzdHlsZT0ibWFyZ2luLWxlZnQ6IGF1dG87bWFyZ2luLXJpZ2h0OiBhdXRvO3RleHQtYWxpZ246IGNlbnRlcjsiPjxzY3JpcHQgYXN5bmMgc3JjPSIvL3BhZ2VhZDIuZ29vZ2xlc3luZGljYXRpb24uY29tL3BhZ2VhZC9qcy9hZHNieWdvb2dsZS5qcz9jbGllbnQ9Y2EtcHViLTQ0MDExNDUwMjc1MzkxMTUiIGNyb3Nzb3JpZ2luPSJhbm9ueW1vdXMiPjwvc2NyaXB0PjxpbnMgY2xhc3M9ImFkc2J5Z29vZ2xlIiBzdHlsZT0iZGlzcGxheTpibG9jazsiIGRhdGEtYWQtY2xpZW50PSJjYS1wdWItNDQwMTE0NTAyNzUzOTExNSIgCmRhdGEtYWQtc2xvdD0iODAyMDU4Mzc5MyIgCmRhdGEtYWQtZm9ybWF0PSJhdXRvIiBkYXRhLWZ1bGwtd2lkdGgtcmVzcG9uc2l2ZT0idHJ1ZSI+PC9pbnM+CjxzY3JpcHQ+IAooYWRzYnlnb29nbGUgPSB3aW5kb3cuYWRzYnlnb29nbGUgfHwgW10pLnB1c2goe30pOyAKPC9zY3JpcHQ+CjwvZGl2PjxiciBzdHlsZT0iY2xlYXI6IGJvdGg7IGRpc3BsYXk6IGJsb2NrOyBmbG9hdDogbm9uZTsiLz4=<\/script>\n\n\n\n<p><strong>Le Venue Olimpiche: Tesero e Predazzo<\/strong><\/p><script type=\"text\/plain\" data-tcf=\"waiting-for-consent\" data-id=\"1033\" data-bid=\"1\" data-placement=\"985\">PGRpdiBpZD0iYW1jLTI2NDM2NzI5MSIgY2xhc3M9ImFtYy1taC1taWQiPjxzY3JpcHQgYXN5bmMgc3JjPSIvL3BhZ2VhZDIuZ29vZ2xlc3luZGljYXRpb24uY29tL3BhZ2VhZC9qcy9hZHNieWdvb2dsZS5qcz9jbGllbnQ9Y2EtcHViLTQ0MDExNDUwMjc1MzkxMTUiIGNyb3Nzb3JpZ2luPSJhbm9ueW1vdXMiPjwvc2NyaXB0PjxpbnMgY2xhc3M9ImFkc2J5Z29vZ2xlIiBzdHlsZT0iZGlzcGxheTpibG9jazsiIGRhdGEtYWQtY2xpZW50PSJjYS1wdWItNDQwMTE0NTAyNzUzOTExNSIgCmRhdGEtYWQtc2xvdD0iIiAKZGF0YS1hZC1mb3JtYXQ9ImF1dG8iIGRhdGEtZnVsbC13aWR0aC1yZXNwb25zaXZlPSJ0cnVlIj48L2lucz4KPHNjcmlwdD4gCihhZHNieWdvb2dsZSA9IHdpbmRvdy5hZHNieWdvb2dsZSB8fCBbXSkucHVzaCh7fSk7IAo8L3NjcmlwdD4KPC9kaXY+<\/script>\n\n\n\n<p>Le gare di <strong>cross-country skiing<\/strong> si svolgeranno nel moderno <strong>Cross-country skiing center of Lago di Tesero<\/strong>, una struttura d&#8217;eccellenza immersa tra boschi e radure innevate. Qui si disputeranno le prove individuali, sprint, inseguimento, staffette e mass start. Il tracciato, gi\u00e0 rodato da eventi internazionali, \u00e8 stato ulteriormente perfezionato per offrire spettacolari passaggi davanti al pubblico e aree di sorpasso tecnico.<\/p>\n\n\n\n<p>A <strong>Predazzo<\/strong>, invece, si alza lo sguardo verso gli iconici <strong>Trampolini Giuseppe Dal Ben<\/strong>, completamente riqualificati con l&#8217;aggiunta di nuove infrastrutture, impianti di innevamento artificiale e sistemi di illuminazione a LED per le competizioni serali. Sar\u00e0 qui che si terranno le prove di <strong>ski jumping<\/strong> e <strong>Nordic combined<\/strong>, con un&#8217;arena naturale capace di ospitare migliaia di spettatori tra tribune coperte e fan zone all&#8217;aperto.<\/p>\n\n\n\n<p><strong>Come Arrivare in Val di Fiemme<\/strong><\/p>\n\n\n\n<ul class=\"wp-block-list\">\n<li><strong>By car<\/strong>: facilmente raggiungibile da Trento e Bolzano tramite la SS48 delle Dolomiti. Parcheggi di scambio saranno disponibili nei pressi di Cavalese, Predazzo e Tesero, con navette olimpiche ad alta frequenza.<\/li>\n\n\n\n<li><strong>By train<\/strong>: la stazione pi\u00f9 vicina \u00e8 quella di Ora (BZ), collegata con bus diretti alla valle. Durante i Giochi verr\u00e0 potenziato anche il collegamento ferroviario da Verona e Bolzano.<\/li>\n\n\n\n<li><strong>Trasporti Olimpici<\/strong>: \u00e8 previsto un servizio navetta gratuito e continuo tra i principali centri della valle, le venue e le zone ricettive, integrato con l&#8217;app ufficiale per il monitoraggio in tempo reale.<\/li>\n<\/ul>\n\n\n\n<p><strong>Dove Alloggiare e Cosa Fare<\/strong><\/p>\n\n\n\n<p>La Val di Fiemme offre un&#8217;ampia scelta di <strong>hotel, rifugi, agriturismi e residence<\/strong>, adatti a ogni esigenza. Cavalese, il capoluogo, \u00e8 il centro pi\u00f9 animato, ricco di servizi e eventi collaterali. Tesero \u00e8 perfetto per vivere l&#8217;atmosfera delle gare di fondo, mentre Predazzo si anima con l&#8217;energia del salto e delle fan zone olimpiche.<\/p>\n\n\n\n<p>Oltre alle competizioni, la valle offre infinite attivit\u00e0 per il tempo libero: sci alpino sul Latemar, escursioni con le ciaspole nei boschi della Catena del Lagorai, pattinaggio su ghiaccio e visite ai caratteristici mercatini invernali.<\/p>\n\n\n\n<p>L&#8217;esperienza gastronomica \u00e8 un altro punto forte: piatti trentini come i <strong>canederli in brodo<\/strong>, the <strong>polenta con formaggi di malga<\/strong>, the <strong>carne salada<\/strong>, lo <strong>speck DOP<\/strong> e dolci tradizionali come lo <strong>strudel<\/strong> and the <strong>torta di fregoloti<\/strong> delizieranno ogni palato. Numerosi ristoranti propongono anche men\u00f9 speciali a tema olimpico.<\/p>\n\n\n\n<p><strong>Biglietti e Info Utili<\/strong><\/p>\n\n\n\n<p>I biglietti per gli eventi sono disponibili su <a href=\"https:\/\/milanocortina2026.org\" rel=\"nofollow noopener\" target=\"_blank\">milanocortina2026.org<\/a>, con l&#8217;accesso gratuito al trasporto pubblico locale nei giorni dell&#8217;evento. L&#8217;app ufficiale fornisce aggiornamenti live sulle gare, mappe interattive, consigli personalizzati e informazioni su meteo, traffico e accoglienza.<\/p>\n\n\n\n<p>Sono previsti eventi culturali e musicali nelle piazze principali della valle per intrattenere residenti e turisti anche al di fuori delle competizioni sportive.<\/p>\n\n\n\n<p><strong>Conclusion<\/strong><\/p>\n\n\n\n<p>La Val di Fiemme sapr\u00e0 stupire con la sua miscela di sport, natura e ospitalit\u00e0. Partecipare alle Olimpiadi qui significa vivere le emozioni della neve in una delle culle dello sci nordico mondiale, tra il calore della gente del posto e la magia delle Dolomiti. Un&#8217;occasione irripetibile per chi vuole toccare con mano lo spirito autentico dei Giochi.<\/p>\n\n\n<div class=\"amc-sqrd-sidebar-bottom\" style=\"width: 970px;height: 250px;\" id=\"amc-2424704888\"><script type=\"text\/plain\" data-tcf=\"waiting-for-consent\" data-id=\"1033\" data-bid=\"1\">PGRpdiBpZD0iYW1jLTIxODEwNjAxMDEiPjxzY3JpcHQgYXN5bmMgc3JjPSIvL3BhZ2VhZDIuZ29vZ2xlc3luZGljYXRpb24uY29tL3BhZ2VhZC9qcy9hZHNieWdvb2dsZS5qcz9jbGllbnQ9Y2EtcHViLTQ0MDExNDUwMjc1MzkxMTUiIGNyb3Nzb3JpZ2luPSJhbm9ueW1vdXMiPjwvc2NyaXB0PjxpbnMgY2xhc3M9ImFkc2J5Z29vZ2xlIiBzdHlsZT0iZGlzcGxheTpibG9jazsiIGRhdGEtYWQtY2xpZW50PSJjYS1wdWItNDQwMTE0NTAyNzUzOTExNSIgCmRhdGEtYWQtc2xvdD0iIiAKZGF0YS1hZC1mb3JtYXQ9ImF1dG8iIGRhdGEtZnVsbC13aWR0aC1yZXNwb25zaXZlPSJ0cnVlIj48L2lucz4KPHNjcmlwdD4gCihhZHNieWdvb2dsZSA9IHdpbmRvdy5hZHNieWdvb2dsZSB8fCBbXSkucHVzaCh7fSk7IAo8L3NjcmlwdD4KPC9kaXY+<\/script><\/div><div class=\"amc-dopo-il-contenuto\" id=\"amc-549270874\"><script type=\"text\/plain\" data-tcf=\"waiting-for-consent\" data-id=\"1033\" data-bid=\"1\">PGRpdiBpZD0iYW1jLTE1MjQ2MjkyOTkiPjxzY3JpcHQgYXN5bmMgc3JjPSIvL3BhZ2VhZDIuZ29vZ2xlc3luZGljYXRpb24uY29tL3BhZ2VhZC9qcy9hZHNieWdvb2dsZS5qcz9jbGllbnQ9Y2EtcHViLTQ0MDExNDUwMjc1MzkxMTUiIGNyb3Nzb3JpZ2luPSJhbm9ueW1vdXMiPjwvc2NyaXB0PjxpbnMgY2xhc3M9ImFkc2J5Z29vZ2xlIiBzdHlsZT0iZGlzcGxheTpibG9jazsiIGRhdGEtYWQtY2xpZW50PSJjYS1wdWItNDQwMTE0NTAyNzUzOTExNSIgCmRhdGEtYWQtc2xvdD0iIiAKZGF0YS1hZC1mb3JtYXQ9ImF1dG8iIGRhdGEtZnVsbC13aWR0aC1yZXNwb25zaXZlPSJ0cnVlIj48L2lucz4KPHNjcmlwdD4gCihhZHNieWdvb2dsZSA9IHdpbmRvdy5hZHNieWdvb2dsZSB8fCBbXSkucHVzaCh7fSk7IAo8L3NjcmlwdD4KPC9kaXY+<\/script><\/div>","protected":false},"excerpt":{"rendered":"<p>Incorniciata dalle Dolomiti del Trentino, la Val di Fiemme si prepara a brillare ancora una volta sulla scena internazionale in occasione delle Olimpiadi Invernali Milano Cortina 2026. Gi\u00e0 celebre per aver ospitato tre Campionati Mondiali di Sci Nordico, la valle sar\u00e0 una delle sedi clou dei Giochi, accogliendo le discipline del fondo, del salto con [&hellip;]<\/p>","protected":false},"author":3,"featured_media":369,"comment_status":"open","ping_status":"open","sticky":false,"template":"","format":"standard","meta":{"_acf_changed":false,"footnotes":""},"categories":[1,4,5,7],"tags":[],"class_list":["post-368","post","type-post","status-publish","format-standard","has-post-thumbnail","hentry","category-notizie-e-aggiornamenti","category-dietro-le-quinte","category-guida-per-i-tifosi","category-milano-e-cortina"],"acf":[],"_links":{"self":[{"href":"https:\/\/aspettandomilanocortina2026.it\/en\/wp-json\/wp\/v2\/posts\/368","targetHints":{"allow":["GET"]}}],"collection":[{"href":"https:\/\/aspettandomilanocortina2026.it\/en\/wp-json\/wp\/v2\/posts"}],"about":[{"href":"https:\/\/aspettandomilanocortina2026.it\/en\/wp-json\/wp\/v2\/types\/post"}],"author":[{"embeddable":true,"href":"https:\/\/aspettandomilanocortina2026.it\/en\/wp-json\/wp\/v2\/users\/3"}],"replies":[{"embeddable":true,"href":"https:\/\/aspettandomilanocortina2026.it\/en\/wp-json\/wp\/v2\/comments?post=368"}],"version-history":[{"count":1,"href":"https:\/\/aspettandomilanocortina2026.it\/en\/wp-json\/wp\/v2\/posts\/368\/revisions"}],"predecessor-version":[{"id":370,"href":"https:\/\/aspettandomilanocortina2026.it\/en\/wp-json\/wp\/v2\/posts\/368\/revisions\/370"}],"wp:featuredmedia":[{"embeddable":true,"href":"https:\/\/aspettandomilanocortina2026.it\/en\/wp-json\/wp\/v2\/media\/369"}],"wp:attachment":[{"href":"https:\/\/aspettandomilanocortina2026.it\/en\/wp-json\/wp\/v2\/media?parent=368"}],"wp:term":[{"taxonomy":"category","embeddable":true,"href":"https:\/\/aspettandomilanocortina2026.it\/en\/wp-json\/wp\/v2\/categories?post=368"},{"taxonomy":"post_tag","embeddable":true,"href":"https:\/\/aspettandomilanocortina2026.it\/en\/wp-json\/wp\/v2\/tags?post=368"}],"curies":[{"name":"wp","href":"https:\/\/api.w.org\/{rel}","templated":true}]}}