{"id":279,"date":"2025-04-28T17:05:23","date_gmt":"2025-04-28T16:05:23","guid":{"rendered":"https:\/\/aspettandomilanocortina2026.it\/?p=279"},"modified":"2025-04-29T15:00:47","modified_gmt":"2025-04-29T14:00:47","slug":"the-journey-of-the-milan-cortina-2026-olympic-flame-an-extraordinary-journey","status":"publish","type":"post","link":"https:\/\/aspettandomilanocortina2026.it\/en\/the-journey-of-the-milan-cortina-2026-olympic-flame-an-extraordinary-journey\/","title":{"rendered":"Milan Cortina 2026 Olympic Flame's Journey: An Extraordinary Route"},"content":{"rendered":"<script type=\"text\/plain\" data-tcf=\"waiting-for-consent\" data-id=\"1033\" data-bid=\"1\" data-placement=\"1034\">PGRpdiBpZD0iYW1jLTIyOTQ4NTQyODYiIGNsYXNzPSJhbWMtcHJpbWEtZGVsLWNvbnRlbnV0byI+PHNjcmlwdCBhc3luYyBzcmM9Ii8vcGFnZWFkMi5nb29nbGVzeW5kaWNhdGlvbi5jb20vcGFnZWFkL2pzL2Fkc2J5Z29vZ2xlLmpzP2NsaWVudD1jYS1wdWItNDQwMTE0NTAyNzUzOTExNSIgY3Jvc3NvcmlnaW49ImFub255bW91cyI+PC9zY3JpcHQ+PGlucyBjbGFzcz0iYWRzYnlnb29nbGUiIHN0eWxlPSJkaXNwbGF5OmJsb2NrOyIgZGF0YS1hZC1jbGllbnQ9ImNhLXB1Yi00NDAxMTQ1MDI3NTM5MTE1IiAKZGF0YS1hZC1zbG90PSIiIApkYXRhLWFkLWZvcm1hdD0iYXV0byIgZGF0YS1mdWxsLXdpZHRoLXJlc3BvbnNpdmU9InRydWUiPjwvaW5zPgo8c2NyaXB0PiAKKGFkc2J5Z29vZ2xlID0gd2luZG93LmFkc2J5Z29vZ2xlIHx8IFtdKS5wdXNoKHt9KTsgCjwvc2NyaXB0Pgo8L2Rpdj4=<\/script>\n<p>The journey of the Olympic flame for the Milan Cortina 2026 Winter Olympics, dubbed \"The Greatest Journey,\" is a symbolic event that will cross all of Italy, involving local communities and celebrating the Olympic spirit. Starting on Nov. 26, 2025 from Olympia, Greece, the route will touch all 110 Italian provinces, covering about 12,000 km in 63 days, concluding on Feb. 6, 2026 at Milan's San Siro Stadium during the opening ceremony of the Games .<\/p><script type=\"text\/plain\" data-tcf=\"waiting-for-consent\" data-id=\"1037\" data-bid=\"1\" data-placement=\"726\">PGRpdiBpZD0iYW1jLTE4MDIzOTA4MjAiIGNsYXNzPSJhbWMtcG9zdC1jb250ZW50IiBzdHlsZT0ibWFyZ2luLWxlZnQ6IGF1dG87bWFyZ2luLXJpZ2h0OiBhdXRvO3RleHQtYWxpZ246IGNlbnRlcjsiPjxzY3JpcHQgYXN5bmMgc3JjPSIvL3BhZ2VhZDIuZ29vZ2xlc3luZGljYXRpb24uY29tL3BhZ2VhZC9qcy9hZHNieWdvb2dsZS5qcz9jbGllbnQ9Y2EtcHViLTQ0MDExNDUwMjc1MzkxMTUiIGNyb3Nzb3JpZ2luPSJhbm9ueW1vdXMiPjwvc2NyaXB0PjxpbnMgY2xhc3M9ImFkc2J5Z29vZ2xlIiBzdHlsZT0iZGlzcGxheTpibG9jazsiIGRhdGEtYWQtY2xpZW50PSJjYS1wdWItNDQwMTE0NTAyNzUzOTExNSIgCmRhdGEtYWQtc2xvdD0iODAyMDU4Mzc5MyIgCmRhdGEtYWQtZm9ybWF0PSJhdXRvIiBkYXRhLWZ1bGwtd2lkdGgtcmVzcG9uc2l2ZT0idHJ1ZSI+PC9pbnM+CjxzY3JpcHQ+IAooYWRzYnlnb29nbGUgPSB3aW5kb3cuYWRzYnlnb29nbGUgfHwgW10pLnB1c2goe30pOyAKPC9zY3JpcHQ+CjwvZGl2PjxiciBzdHlsZT0iY2xlYXI6IGJvdGg7IGRpc3BsYXk6IGJsb2NrOyBmbG9hdDogbm9uZTsiLz4=<\/script>\n\n\n\n<p><strong>Greece: The Lighting and Passing of the Torch<\/strong><\/p><script type=\"text\/plain\" data-tcf=\"waiting-for-consent\" data-id=\"1033\" data-bid=\"1\" data-placement=\"985\">PGRpdiBpZD0iYW1jLTE1ODAwMzE1NDAiIGNsYXNzPSJhbWMtbWgtbWlkIj48c2NyaXB0IGFzeW5jIHNyYz0iLy9wYWdlYWQyLmdvb2dsZXN5bmRpY2F0aW9uLmNvbS9wYWdlYWQvanMvYWRzYnlnb29nbGUuanM\/Y2xpZW50PWNhLXB1Yi00NDAxMTQ1MDI3NTM5MTE1IiBjcm9zc29yaWdpbj0iYW5vbnltb3VzIj48L3NjcmlwdD48aW5zIGNsYXNzPSJhZHNieWdvb2dsZSIgc3R5bGU9ImRpc3BsYXk6YmxvY2s7IiBkYXRhLWFkLWNsaWVudD0iY2EtcHViLTQ0MDExNDUwMjc1MzkxMTUiIApkYXRhLWFkLXNsb3Q9IiIgCmRhdGEtYWQtZm9ybWF0PSJhdXRvIiBkYXRhLWZ1bGwtd2lkdGgtcmVzcG9uc2l2ZT0idHJ1ZSI+PC9pbnM+CjxzY3JpcHQ+IAooYWRzYnlnb29nbGUgPSB3aW5kb3cuYWRzYnlnb29nbGUgfHwgW10pLnB1c2goe30pOyAKPC9zY3JpcHQ+CjwvZGl2Pg==<\/script>\n\n\n\n<ul class=\"wp-block-list\">\n<li><strong>November 26, 2025<\/strong>: Lighting the flame in Olympia, Greece, using the traditional parabolic mirror.<\/li>\n\n\n\n<li><strong>December 4, 2025<\/strong>: Torch passing ceremony in Athens.<\/li>\n<\/ul>\n\n\n\n<p><strong>Italy: The Great Journey<\/strong><\/p>\n\n\n\n<p>The trip to Italy begins on December 6, 2025 and travels through all regions and provinces, with significant stops in several cities.<\/p>\n\n\n\n<ul class=\"wp-block-list\">\n<li><strong>Rome (Dec. 6)<\/strong>: Welcoming the torch to the Quirinal Palace.<\/li>\n\n\n\n<li><strong>Naples (Dec. 23)<\/strong>: Christmas Stage.<\/li>\n\n\n\n<li><strong>Bari (Dec. 31)<\/strong>: New Year's Eve Celebration.<\/li>\n\n\n\n<li><strong>Cortina d'Ampezzo (Jan. 26, 2026)<\/strong>: Commemoration of the 70th anniversary of the 1956 Winter Olympic Games.<\/li>\n\n\n\n<li><strong>Milan (February 6, 2026)<\/strong>: Final arrival at San Siro Stadium for the opening ceremony.<\/li>\n<\/ul>\n\n\n\n<p><strong> Regional and Local Stages<\/strong><\/p>\n\n\n\n<ul class=\"wp-block-list\">\n<li><strong>Emilia-Romagna<\/strong>: From January 5 to 16, 2026, the torchlight will touch Rimini, Bologna, Ferrara, Parma and Piacenza .<\/li>\n\n\n\n<li><strong>Italian Alps<\/strong>: In January 2026, the route will run through Liguria, Piedmont and Aosta Valley, with stops in Genoa, Cuneo, Turin and Aosta<\/li>\n<\/ul>\n\n\n\n<p><strong> The Torchbearers<\/strong><\/p>\n\n\n\n<p>They will be <strong>10.001<\/strong> torchbearers who will carry the torch along the route, selected through a public call for entries. Each torchbearer will represent a unique story, helping to unite Italy under the banner of Olympic values.<\/p>\n\n\n\n<p><strong>How to apply<\/strong><\/p>\n\n\n\n<p>For more details and to submit your application, visit the official Milan Cortina 2026 website: <a href=\"https:\/\/www.milanocortina2026.org\" rel=\"nofollow noopener\" target=\"_blank\">www.milanocortina2026.org<\/a><\/p>\n<div class=\"amc-dopo-il-contenuto\" id=\"amc-3301275303\"><script type=\"text\/plain\" data-tcf=\"waiting-for-consent\" data-id=\"1033\" data-bid=\"1\">PGRpdiBpZD0iYW1jLTE3OTk1Njk3OSI+PHNjcmlwdCBhc3luYyBzcmM9Ii8vcGFnZWFkMi5nb29nbGVzeW5kaWNhdGlvbi5jb20vcGFnZWFkL2pzL2Fkc2J5Z29vZ2xlLmpzP2NsaWVudD1jYS1wdWItNDQwMTE0NTAyNzUzOTExNSIgY3Jvc3NvcmlnaW49ImFub255bW91cyI+PC9zY3JpcHQ+PGlucyBjbGFzcz0iYWRzYnlnb29nbGUiIHN0eWxlPSJkaXNwbGF5OmJsb2NrOyIgZGF0YS1hZC1jbGllbnQ9ImNhLXB1Yi00NDAxMTQ1MDI3NTM5MTE1IiAKZGF0YS1hZC1zbG90PSIiIApkYXRhLWFkLWZvcm1hdD0iYXV0byIgZGF0YS1mdWxsLXdpZHRoLXJlc3BvbnNpdmU9InRydWUiPjwvaW5zPgo8c2NyaXB0PiAKKGFkc2J5Z29vZ2xlID0gd2luZG93LmFkc2J5Z29vZ2xlIHx8IFtdKS5wdXNoKHt9KTsgCjwvc2NyaXB0Pgo8L2Rpdj4=<\/script><\/div>","protected":false},"excerpt":{"rendered":"<p>Il viaggio della fiamma olimpica per le Olimpiadi Invernali di Milano Cortina 2026, denominato &#8220;The Greatest Journey&#8221;, \u00e8 un evento simbolico che attraverser\u00e0 tutta l&#8217;Italia, coinvolgendo le comunit\u00e0 locali e celebrando lo spirito olimpico. Partito il 26 novembre 2025 da Olimpia, in Grecia, il percorso toccher\u00e0 tutte le 110 province italiane, coprendo circa 12.000 km [&hellip;]<\/p>","protected":false},"author":3,"featured_media":280,"comment_status":"open","ping_status":"open","sticky":false,"template":"","format":"standard","meta":{"_acf_changed":false,"footnotes":""},"categories":[4,3,1],"tags":[],"class_list":["post-279","post","type-post","status-publish","format-standard","has-post-thumbnail","hentry","category-dietro-le-quinte","category-calendario-gare","category-notizie-e-aggiornamenti"],"acf":[],"_links":{"self":[{"href":"https:\/\/aspettandomilanocortina2026.it\/en\/wp-json\/wp\/v2\/posts\/279","targetHints":{"allow":["GET"]}}],"collection":[{"href":"https:\/\/aspettandomilanocortina2026.it\/en\/wp-json\/wp\/v2\/posts"}],"about":[{"href":"https:\/\/aspettandomilanocortina2026.it\/en\/wp-json\/wp\/v2\/types\/post"}],"author":[{"embeddable":true,"href":"https:\/\/aspettandomilanocortina2026.it\/en\/wp-json\/wp\/v2\/users\/3"}],"replies":[{"embeddable":true,"href":"https:\/\/aspettandomilanocortina2026.it\/en\/wp-json\/wp\/v2\/comments?post=279"}],"version-history":[{"count":2,"href":"https:\/\/aspettandomilanocortina2026.it\/en\/wp-json\/wp\/v2\/posts\/279\/revisions"}],"predecessor-version":[{"id":288,"href":"https:\/\/aspettandomilanocortina2026.it\/en\/wp-json\/wp\/v2\/posts\/279\/revisions\/288"}],"wp:featuredmedia":[{"embeddable":true,"href":"https:\/\/aspettandomilanocortina2026.it\/en\/wp-json\/wp\/v2\/media\/280"}],"wp:attachment":[{"href":"https:\/\/aspettandomilanocortina2026.it\/en\/wp-json\/wp\/v2\/media?parent=279"}],"wp:term":[{"taxonomy":"category","embeddable":true,"href":"https:\/\/aspettandomilanocortina2026.it\/en\/wp-json\/wp\/v2\/categories?post=279"},{"taxonomy":"post_tag","embeddable":true,"href":"https:\/\/aspettandomilanocortina2026.it\/en\/wp-json\/wp\/v2\/tags?post=279"}],"curies":[{"name":"wp","href":"https:\/\/api.w.org\/{rel}","templated":true}]}}