{"id":953,"date":"2025-09-12T14:26:16","date_gmt":"2025-09-12T12:26:16","guid":{"rendered":"https:\/\/aspettandomilanocortina2026.it\/?p=953"},"modified":"2025-09-12T14:26:18","modified_gmt":"2025-09-12T12:26:18","slug":"olympische-fackel-mailand-cortina-2026-syrakus-erleuchtet-das-mittelmeer-mit-seiner-umarmung","status":"publish","type":"post","link":"https:\/\/aspettandomilanocortina2026.it\/de\/olympische-fackel-mailand-cortina-2026-syrakus-erleuchtet-das-mittelmeer-mit-seiner-umarmung\/","title":{"rendered":"Olympische Fackel Mailand Cortina 2026: Syrakus erleuchtet das Mittelmeer mit seiner Umarmung"},"content":{"rendered":"<script type=\"text\/plain\" data-tcf=\"waiting-for-consent\" data-id=\"1033\" data-bid=\"1\" data-placement=\"1034\">PGRpdiBpZD0iYW1jLTQxMTkyMzgzMjIiIGNsYXNzPSJhbWMtcHJpbWEtZGVsLWNvbnRlbnV0byI+PHNjcmlwdCBhc3luYyBzcmM9Ii8vcGFnZWFkMi5nb29nbGVzeW5kaWNhdGlvbi5jb20vcGFnZWFkL2pzL2Fkc2J5Z29vZ2xlLmpzP2NsaWVudD1jYS1wdWItNDQwMTE0NTAyNzUzOTExNSIgY3Jvc3NvcmlnaW49ImFub255bW91cyI+PC9zY3JpcHQ+PGlucyBjbGFzcz0iYWRzYnlnb29nbGUiIHN0eWxlPSJkaXNwbGF5OmJsb2NrOyIgZGF0YS1hZC1jbGllbnQ9ImNhLXB1Yi00NDAxMTQ1MDI3NTM5MTE1IiAKZGF0YS1hZC1zbG90PSIiIApkYXRhLWFkLWZvcm1hdD0iYXV0byIgZGF0YS1mdWxsLXdpZHRoLXJlc3BvbnNpdmU9InRydWUiPjwvaW5zPgo8c2NyaXB0PiAKKGFkc2J5Z29vZ2xlID0gd2luZG93LmFkc2J5Z29vZ2xlIHx8IFtdKS5wdXNoKHt9KTsgCjwvc2NyaXB0Pgo8L2Rpdj4=<\/script>\n<p><strong>Syrakus, 17. Dezember 2025<\/strong> - Das olympische Feuer setzt seine Reise durch Italien fort und landet in einer der faszinierendsten St\u00e4dte des Mittelmeers: <strong>Syrakus<\/strong>. Nach Palermo und Agrigento kommt das Feuersymbol der Spiele in ein Land, das die Spuren der griechischen Kultur, der Mutter der Olympischen Spiele, tr\u00e4gt und diesen Tag zu einer R\u00fcckkehr zu den Urspr\u00fcngen macht.<\/p><script type=\"text\/plain\" data-tcf=\"waiting-for-consent\" data-id=\"1037\" data-bid=\"1\" data-placement=\"726\">PGRpdiBpZD0iYW1jLTgzNDg1NjI3MyIgY2xhc3M9ImFtYy1wb3N0LWNvbnRlbnQiIHN0eWxlPSJtYXJnaW4tbGVmdDogYXV0bzttYXJnaW4tcmlnaHQ6IGF1dG87dGV4dC1hbGlnbjogY2VudGVyOyI+PHNjcmlwdCBhc3luYyBzcmM9Ii8vcGFnZWFkMi5nb29nbGVzeW5kaWNhdGlvbi5jb20vcGFnZWFkL2pzL2Fkc2J5Z29vZ2xlLmpzP2NsaWVudD1jYS1wdWItNDQwMTE0NTAyNzUzOTExNSIgY3Jvc3NvcmlnaW49ImFub255bW91cyI+PC9zY3JpcHQ+PGlucyBjbGFzcz0iYWRzYnlnb29nbGUiIHN0eWxlPSJkaXNwbGF5OmJsb2NrOyIgZGF0YS1hZC1jbGllbnQ9ImNhLXB1Yi00NDAxMTQ1MDI3NTM5MTE1IiAKZGF0YS1hZC1zbG90PSI4MDIwNTgzNzkzIiAKZGF0YS1hZC1mb3JtYXQ9ImF1dG8iIGRhdGEtZnVsbC13aWR0aC1yZXNwb25zaXZlPSJ0cnVlIj48L2lucz4KPHNjcmlwdD4gCihhZHNieWdvb2dsZSA9IHdpbmRvdy5hZHNieWdvb2dsZSB8fCBbXSkucHVzaCh7fSk7IAo8L3NjcmlwdD4KPC9kaXY+PGJyIHN0eWxlPSJjbGVhcjogYm90aDsgZGlzcGxheTogYmxvY2s7IGZsb2F0OiBub25lOyIvPg==<\/script>\n\n\n\n<p>Die Route beginnt im Morgengrauen an der <strong>Griechisches Theater<\/strong>ein Ort, der seit \u00fcber zweitausend Jahren unsterbliche Geschichten, Dramen und Mythen beherbergt. Hier wird das olympische Feuer seine ersten Schritte in Syrakus machen, bevor es die Stra\u00dfen der Stadt durchquert. Die Fackel wird entlang des Meeres weiterziehen und sich in den Gassen der Stadt verirren. <strong>Ortigia<\/strong> mit seiner barocken Kathedrale und den wei\u00dfen Steinpl\u00e4tzen, zum pulsierenden Herzen der Stadt, dem <strong>Porto Grande<\/strong>wo sich Mythos und Geschichte in einer einzigartigen Umgebung treffen.<\/p><script type=\"text\/plain\" data-tcf=\"waiting-for-consent\" data-id=\"1033\" data-bid=\"1\" data-placement=\"985\">PGRpdiBpZD0iYW1jLTMwMjY3MzI0NzEiIGNsYXNzPSJhbWMtbWgtbWlkIj48c2NyaXB0IGFzeW5jIHNyYz0iLy9wYWdlYWQyLmdvb2dsZXN5bmRpY2F0aW9uLmNvbS9wYWdlYWQvanMvYWRzYnlnb29nbGUuanM\/Y2xpZW50PWNhLXB1Yi00NDAxMTQ1MDI3NTM5MTE1IiBjcm9zc29yaWdpbj0iYW5vbnltb3VzIj48L3NjcmlwdD48aW5zIGNsYXNzPSJhZHNieWdvb2dsZSIgc3R5bGU9ImRpc3BsYXk6YmxvY2s7IiBkYXRhLWFkLWNsaWVudD0iY2EtcHViLTQ0MDExNDUwMjc1MzkxMTUiIApkYXRhLWFkLXNsb3Q9IiIgCmRhdGEtYWQtZm9ybWF0PSJhdXRvIiBkYXRhLWZ1bGwtd2lkdGgtcmVzcG9uc2l2ZT0idHJ1ZSI+PC9pbnM+CjxzY3JpcHQ+IAooYWRzYnlnb29nbGUgPSB3aW5kb3cuYWRzYnlnb29nbGUgfHwgW10pLnB1c2goe30pOyAKPC9zY3JpcHQ+CjwvZGl2Pg==<\/script>\n\n\n\n<p>Die Passage endet an einem der \u00e4ltesten Symbole von Syrakus, dem <strong>Apollo-Tempel<\/strong>als wolle man einen idealen Kreis zwischen dem Feuer der G\u00f6tter und dem, das heute die Sportler aller Nationen vereint, schlie\u00dfen.<\/p>\n\n\n\n<p>Ein besonderer H\u00f6hepunkt dieser Etappe wird die <strong>Fackeltr\u00e4ger<\/strong> - Sportler, Studenten, Freiwillige, aber auch ganz normale B\u00fcrger, die ausgew\u00e4hlt wurden, um die Gemeinschaft zu vertreten. \"Ich h\u00e4tte nie gedacht, dass ich eines Tages die olympische Fackel tragen w\u00fcrde\", sagt sie aufgeregt. <strong>Maria, 19, Studentin aus Syracuse<\/strong>. \"Ich habe das Gef\u00fchl, dass ich ein St\u00fcck meiner Stadt, unserer tausendj\u00e4hrigen Geschichte, in die ganze Welt mitnehme.<\/p>\n\n\n\n<p>Ein Gedanke, der auch von <strong>Salvatore, ehemaliger lokaler Leichtathlet<\/strong>der erz\u00e4hlt: \"Ich habe vor vielen Jahren f\u00fcr die Farben Siziliens gek\u00e4mpft. Heute mit der Fackel zu laufen, ist, als w\u00e4re ich wieder jung, aber mit dem Wissen, einen Moment zu erleben, der allen in Erinnerung bleiben wird\".<\/p>\n\n\n\n<p>Syrakus wird an diesem Tag nicht nur Schauplatz eines Sportereignisses sein, sondern auch zu einer <strong>Weltb\u00fchne<\/strong> die seine zeitlose Sch\u00f6nheit pr\u00e4sentieren wird. Die Besucher und die Millionen von Zuschauern aus der ganzen Welt werden den Zauber des arch\u00e4ologischen Parks von Neapolis, die Majest\u00e4t des Schlosses von Maniace am Meer, die pulsierende Energie des Marktes von Ortigia entdecken, und es wird keinen Mangel an authentischen Geschm\u00e4ckern geben: von Granitas aus Zitrusfr\u00fcchten bis zu frischem Fisch und der K\u00f6nigin der sizilianischen Tafel, dem <strong>Nudeln alla Norma<\/strong>.<\/p>\n\n\n\n<p>Der B\u00fcrgermeister von Syrakus begr\u00fc\u00dfte die Flamme mit den Worten: \"Dies ist nicht nur eine Etappe des olympischen Staffellaufs, sondern ein Moment, in dem Syrakus zu einem universellen Symbol des Friedens und der Begegnung zwischen den Kulturen wird, so wie es vor zweitausend Jahren war.<\/p>\n\n\n\n<p>Die <strong>17. Dezember 2025<\/strong> wird als ein Tag in Erinnerung bleiben, an dem es Syrakus gelungen ist, Mythos, Kultur und Sport in einer einzigen Erz\u00e4hlung zu vereinen. Die olympische Fackel wird nicht nur ein Symbol des \u00dcbergangs sein, sondern auch eine Br\u00fccke, die das Erbe der Magna Graecia mit der Zukunft der Olympischen Winterspiele 2026 in Mailand-Cortina verbinden wird.<\/p>\n\n\n\n<p>Ein Feuer, das an den Ufern des Mittelmeers wirklich zu Hause zu sein scheint.<\/p>\n\n\n\n<figure class=\"wp-block-embed is-type-video is-provider-youtube wp-block-embed-youtube wp-embed-aspect-16-9 wp-has-aspect-ratio\"><div class=\"wp-block-embed__wrapper\">\n<iframe loading=\"lazy\" title=\"10 Dinge, die man in SYRACUSE gesehen haben muss - TOURIST GUIDE\" width=\"500\" height=\"281\" src=\"https:\/\/www.youtube.com\/embed\/XoR3aJidj_A?start=103&#038;feature=oembed\" frameborder=\"0\" allow=\"accelerometer; autoplay; clipboard-write; encrypted-media; gyroscope; picture-in-picture; web-share\" referrerpolicy=\"strict-origin-when-cross-origin\" allowfullscreen><\/iframe>\n<\/div><\/figure>\n<div class=\"amc-dopo-il-contenuto\" id=\"amc-234763526\"><script type=\"text\/plain\" data-tcf=\"waiting-for-consent\" data-id=\"1033\" data-bid=\"1\">PGRpdiBpZD0iYW1jLTMxNzk5ODA5NTYiPjxzY3JpcHQgYXN5bmMgc3JjPSIvL3BhZ2VhZDIuZ29vZ2xlc3luZGljYXRpb24uY29tL3BhZ2VhZC9qcy9hZHNieWdvb2dsZS5qcz9jbGllbnQ9Y2EtcHViLTQ0MDExNDUwMjc1MzkxMTUiIGNyb3Nzb3JpZ2luPSJhbm9ueW1vdXMiPjwvc2NyaXB0PjxpbnMgY2xhc3M9ImFkc2J5Z29vZ2xlIiBzdHlsZT0iZGlzcGxheTpibG9jazsiIGRhdGEtYWQtY2xpZW50PSJjYS1wdWItNDQwMTE0NTAyNzUzOTExNSIgCmRhdGEtYWQtc2xvdD0iIiAKZGF0YS1hZC1mb3JtYXQ9ImF1dG8iIGRhdGEtZnVsbC13aWR0aC1yZXNwb25zaXZlPSJ0cnVlIj48L2lucz4KPHNjcmlwdD4gCihhZHNieWdvb2dsZSA9IHdpbmRvdy5hZHNieWdvb2dsZSB8fCBbXSkucHVzaCh7fSk7IAo8L3NjcmlwdD4KPC9kaXY+<\/script><\/div>","protected":false},"excerpt":{"rendered":"<p>Siracusa, 17 dicembre 2025 \u2013 La fiamma olimpica continua il suo viaggio attraverso l\u2019Italia e approda in una delle citt\u00e0 pi\u00f9 affascinanti del Mediterraneo: Siracusa. Dopo Palermo e Agrigento, il fuoco simbolo dei Giochi arriva in una terra che porta impressi i segni della cultura greca, madre stessa delle Olimpiadi, trasformando questa giornata in un [&hellip;]<\/p>","protected":false},"author":3,"featured_media":955,"comment_status":"open","ping_status":"closed","sticky":false,"template":"","format":"standard","meta":{"_acf_changed":false,"footnotes":""},"categories":[5,16],"tags":[],"class_list":["post-953","post","type-post","status-publish","format-standard","has-post-thumbnail","hentry","category-guida-per-i-tifosi","category-notizie-e-approfondimenti"],"acf":[],"_links":{"self":[{"href":"https:\/\/aspettandomilanocortina2026.it\/de\/wp-json\/wp\/v2\/posts\/953","targetHints":{"allow":["GET"]}}],"collection":[{"href":"https:\/\/aspettandomilanocortina2026.it\/de\/wp-json\/wp\/v2\/posts"}],"about":[{"href":"https:\/\/aspettandomilanocortina2026.it\/de\/wp-json\/wp\/v2\/types\/post"}],"author":[{"embeddable":true,"href":"https:\/\/aspettandomilanocortina2026.it\/de\/wp-json\/wp\/v2\/users\/3"}],"replies":[{"embeddable":true,"href":"https:\/\/aspettandomilanocortina2026.it\/de\/wp-json\/wp\/v2\/comments?post=953"}],"version-history":[{"count":1,"href":"https:\/\/aspettandomilanocortina2026.it\/de\/wp-json\/wp\/v2\/posts\/953\/revisions"}],"predecessor-version":[{"id":956,"href":"https:\/\/aspettandomilanocortina2026.it\/de\/wp-json\/wp\/v2\/posts\/953\/revisions\/956"}],"wp:featuredmedia":[{"embeddable":true,"href":"https:\/\/aspettandomilanocortina2026.it\/de\/wp-json\/wp\/v2\/media\/955"}],"wp:attachment":[{"href":"https:\/\/aspettandomilanocortina2026.it\/de\/wp-json\/wp\/v2\/media?parent=953"}],"wp:term":[{"taxonomy":"category","embeddable":true,"href":"https:\/\/aspettandomilanocortina2026.it\/de\/wp-json\/wp\/v2\/categories?post=953"},{"taxonomy":"post_tag","embeddable":true,"href":"https:\/\/aspettandomilanocortina2026.it\/de\/wp-json\/wp\/v2\/tags?post=953"}],"curies":[{"name":"wp","href":"https:\/\/api.w.org\/{rel}","templated":true}]}}