{"id":949,"date":"2025-09-05T15:28:16","date_gmt":"2025-09-05T13:28:16","guid":{"rendered":"https:\/\/aspettandomilanocortina2026.it\/?p=949"},"modified":"2025-09-05T15:28:18","modified_gmt":"2025-09-05T13:28:18","slug":"olympiade-milan-cortina-2026-wie-der-italienische-fahnentrager-ausgewahlt-wird","status":"publish","type":"post","link":"https:\/\/aspettandomilanocortina2026.it\/de\/olympiade-milan-cortina-2026-wie-der-italienische-fahnentrager-ausgewahlt-wird\/","title":{"rendered":"Olympische Spiele 2026 in Mailand-Cortina: Wie der Fahnentr\u00e4ger Italiens ausgew\u00e4hlt wird"},"content":{"rendered":"<script type=\"text\/plain\" data-tcf=\"waiting-for-consent\" data-id=\"1033\" data-bid=\"1\" data-placement=\"1034\">PGRpdiBpZD0iYW1jLTI3ODMzOTEwNjYiIGNsYXNzPSJhbWMtcHJpbWEtZGVsLWNvbnRlbnV0byI+PHNjcmlwdCBhc3luYyBzcmM9Ii8vcGFnZWFkMi5nb29nbGVzeW5kaWNhdGlvbi5jb20vcGFnZWFkL2pzL2Fkc2J5Z29vZ2xlLmpzP2NsaWVudD1jYS1wdWItNDQwMTE0NTAyNzUzOTExNSIgY3Jvc3NvcmlnaW49ImFub255bW91cyI+PC9zY3JpcHQ+PGlucyBjbGFzcz0iYWRzYnlnb29nbGUiIHN0eWxlPSJkaXNwbGF5OmJsb2NrOyIgZGF0YS1hZC1jbGllbnQ9ImNhLXB1Yi00NDAxMTQ1MDI3NTM5MTE1IiAKZGF0YS1hZC1zbG90PSIiIApkYXRhLWFkLWZvcm1hdD0iYXV0byIgZGF0YS1mdWxsLXdpZHRoLXJlc3BvbnNpdmU9InRydWUiPjwvaW5zPgo8c2NyaXB0PiAKKGFkc2J5Z29vZ2xlID0gd2luZG93LmFkc2J5Z29vZ2xlIHx8IFtdKS5wdXNoKHt9KTsgCjwvc2NyaXB0Pgo8L2Rpdj4=<\/script>\n<p>Jede Olympiade bringt Symbole und Rituale mit sich, die ihr tiefstes Wesen zum Ausdruck bringen. Einer der feierlichsten und am sehnlichsten erwarteten Momente ist die <strong>Parade der nationalen Delegation w\u00e4hrend der Er\u00f6ffnungszeremonie<\/strong>mit dem Fahnentr\u00e4ger, der die italienische Mannschaft vor den Augen der Welt anf\u00fchrt. Aber wie wird der Fahnentr\u00e4ger Italiens f\u00fcr die Olympischen und Paralympischen Spiele 2026 in Mailand-Cortina ausgew\u00e4hlt?<\/p><script type=\"text\/plain\" data-tcf=\"waiting-for-consent\" data-id=\"1037\" data-bid=\"1\" data-placement=\"726\">PGRpdiBpZD0iYW1jLTMwODcxNDc4OTAiIGNsYXNzPSJhbWMtcG9zdC1jb250ZW50IiBzdHlsZT0ibWFyZ2luLWxlZnQ6IGF1dG87bWFyZ2luLXJpZ2h0OiBhdXRvO3RleHQtYWxpZ246IGNlbnRlcjsiPjxzY3JpcHQgYXN5bmMgc3JjPSIvL3BhZ2VhZDIuZ29vZ2xlc3luZGljYXRpb24uY29tL3BhZ2VhZC9qcy9hZHNieWdvb2dsZS5qcz9jbGllbnQ9Y2EtcHViLTQ0MDExNDUwMjc1MzkxMTUiIGNyb3Nzb3JpZ2luPSJhbm9ueW1vdXMiPjwvc2NyaXB0PjxpbnMgY2xhc3M9ImFkc2J5Z29vZ2xlIiBzdHlsZT0iZGlzcGxheTpibG9jazsiIGRhdGEtYWQtY2xpZW50PSJjYS1wdWItNDQwMTE0NTAyNzUzOTExNSIgCmRhdGEtYWQtc2xvdD0iODAyMDU4Mzc5MyIgCmRhdGEtYWQtZm9ybWF0PSJhdXRvIiBkYXRhLWZ1bGwtd2lkdGgtcmVzcG9uc2l2ZT0idHJ1ZSI+PC9pbnM+CjxzY3JpcHQ+IAooYWRzYnlnb29nbGUgPSB3aW5kb3cuYWRzYnlnb29nbGUgfHwgW10pLnB1c2goe30pOyAKPC9zY3JpcHQ+CjwvZGl2PjxiciBzdHlsZT0iY2xlYXI6IGJvdGg7IGRpc3BsYXk6IGJsb2NrOyBmbG9hdDogbm9uZTsiLz4=<\/script>\n\n\n\n<h2 class=\"wp-block-heading\"><strong>Eine Ehre, die eine Karriere wert ist<\/strong><\/h2>\n\n\n\n<p>Das Amt des Fahnentr\u00e4gers ist nicht nur eine zeremonielle Aufgabe: Es ist die <strong>Anerkennung einer beispielhaften Karriere<\/strong> und Werte, die den olympischen Geist verk\u00f6rpern. Traditionell wird diese Rolle Athleten anvertraut, die wichtige Seiten des italienischen Sports geschrieben haben und in der Lage sind, Talent, Ethik und Hingabe zu repr\u00e4sentieren.<\/p><script type=\"text\/plain\" data-tcf=\"waiting-for-consent\" data-id=\"1033\" data-bid=\"1\" data-placement=\"985\">PGRpdiBpZD0iYW1jLTQxMTQ3MTczNzciIGNsYXNzPSJhbWMtbWgtbWlkIj48c2NyaXB0IGFzeW5jIHNyYz0iLy9wYWdlYWQyLmdvb2dsZXN5bmRpY2F0aW9uLmNvbS9wYWdlYWQvanMvYWRzYnlnb29nbGUuanM\/Y2xpZW50PWNhLXB1Yi00NDAxMTQ1MDI3NTM5MTE1IiBjcm9zc29yaWdpbj0iYW5vbnltb3VzIj48L3NjcmlwdD48aW5zIGNsYXNzPSJhZHNieWdvb2dsZSIgc3R5bGU9ImRpc3BsYXk6YmxvY2s7IiBkYXRhLWFkLWNsaWVudD0iY2EtcHViLTQ0MDExNDUwMjc1MzkxMTUiIApkYXRhLWFkLXNsb3Q9IiIgCmRhdGEtYWQtZm9ybWF0PSJhdXRvIiBkYXRhLWZ1bGwtd2lkdGgtcmVzcG9uc2l2ZT0idHJ1ZSI+PC9pbnM+CjxzY3JpcHQ+IAooYWRzYnlnb29nbGUgPSB3aW5kb3cuYWRzYnlnb29nbGUgfHwgW10pLnB1c2goe30pOyAKPC9zY3JpcHQ+CjwvZGl2Pg==<\/script>\n\n\n\n<p>Der Fahnentr\u00e4ger wird so zum Gesicht der Delegation: Sein Bild, wenn er im Olympiastadion die Trikolore hisst, bleibt f\u00fcr immer im kollektiven Ged\u00e4chtnis.<\/p>\n\n\n\n<h2 class=\"wp-block-heading\"><strong>Das Auswahlverfahren<\/strong><\/h2>\n\n\n\n<p>Die Wahl des Fahnentr\u00e4gers wird von der <strong>CONI (Nationales Olympisches Komitee Italiens)<\/strong> f\u00fcr die Olympischen Spiele und die <strong>CIP (Italienisches Paralympisches Komitee)<\/strong> f\u00fcr die Paralympics.<\/p>\n\n\n\n<p>Das Verfahren umfasst mehrere Schritte:<\/p>\n\n\n\n<ul class=\"wp-block-list\">\n<li><strong>Bewertung der Laufbahn<\/strong>Die repr\u00e4sentativsten Athleten, oft mehrfache Medaillengewinner oder solche mit einer starken symbolischen Verbindung zu den Spielen, werden ber\u00fccksichtigt.<\/li>\n\n\n\n<li><strong>Gleichgewicht zwischen den Disziplinen<\/strong>Das CONI neigt dazu, verschiedene Sportarten abzuwechseln, um mehr Bereichen der olympischen Bewegung Sichtbarkeit zu verleihen.<\/li>\n\n\n\n<li><strong>Anerkennung der menschlichen und sportlichen Werte<\/strong>nicht nur Ergebnisse, sondern auch Fairness, Hingabe und die F\u00e4higkeit, Botschafter des italienischen Sports in der Welt zu sein.<\/li>\n\n\n\n<li><strong>Offizielle Ank\u00fcndigung<\/strong>Die endg\u00fcltige Entscheidung wird Monate vor der Zeremonie bekannt gegeben, damit sich der Sportler auf den symbolischen Moment vorbereiten kann.<\/li>\n<\/ul>\n\n\n\n<h2 class=\"wp-block-heading\"><strong>Eine Tradition, die das Herz anspricht<\/strong><\/h2>\n\n\n\n<p>Im Laufe der Jahre haben viele gro\u00dfe Champions dieses Privileg genossen: von <strong>Giovanni Pellielo<\/strong> beim Schie\u00dfen, um <strong>Federica Pellegrini<\/strong>schwimmendes Symbol, bis zu <strong>Jessica Rossi<\/strong> beim Schie\u00dfen und <strong>Elia Viviani<\/strong> im Radsport, Fahnentr\u00e4gerin in Tokio 2020.<\/p>\n\n\n\n<p>Die Tradition wird mit Mailand Cortina 2026 fortgesetzt, wo der Fahnentr\u00e4ger eine noch speziellere Rolle haben wird: Er repr\u00e4sentiert nicht nur die italienische Mannschaft, sondern auch die R\u00fcckkehr der Olympischen Winterspiele nach Italien nach zwanzig Jahren, mit der Kraft eines Landes, das die Alpen, St\u00e4dte und Gebiete in einem gro\u00dfen Fest vereint.<\/p>\n\n\n\n<h2 class=\"wp-block-heading\"><strong>Olympische Spiele Mailand-Cortina 2026: der Wert eines Symbols<\/strong><\/h2>\n\n\n\n<p>Die Wahl des Fahnentr\u00e4gers ist nicht nur eine individuelle Auszeichnung, sondern eine <strong>kollektiver Akt der Dankbarkeit<\/strong> zu einem Athleten, der zum H\u00fcter der nationalen Identit\u00e4t wird. Es ist ein Moment, der Millionen von Italienern vor dem Fernseher vereint und Stolz und Zugeh\u00f6rigkeit erzeugt.<\/p>\n\n\n\n<p>Wenn der italienische Fahnentr\u00e4ger am 6. Februar 2026 das San-Siro-Stadion in Mailand betritt, wird er nicht nur eine Fahne tragen: Er wird Geschichten, Opfer, Siege und Hoffnungen mit sich bringen.<\/p>\n\n\n\n<h2 class=\"wp-block-heading\"><strong>Die m\u00f6glichen blauen Kandidaten f\u00fcr Mailand Cortina 2026<\/strong><\/h2>\n\n\n\n<p>Obwohl der offizielle Name noch nicht bekannt gegeben wurde, sind hier einige Sportler, die zu den Favoriten f\u00fcr diese prestigetr\u00e4chtige Rolle geh\u00f6ren k\u00f6nnten:<\/p>\n\n\n\n<ul class=\"wp-block-list\">\n<li><strong>Gianmarco Tamberi (Hochsprung)<\/strong>Olympiasieger in Tokio 2020 und ein Symbol f\u00fcr Widerstandsf\u00e4higkeit und sportliches Spektakel, das beim Publikum sehr beliebt ist.<\/li>\n\n\n\n<li><strong>Sofia Goggia (Ski Alpin)<\/strong>Ikone des italienischen Skisports, ehemaliger Olympiasieger und f\u00e4hig zu au\u00dfergew\u00f6hnlichen Leistungen auf den Abfahrtspisten.<\/li>\n\n\n\n<li><strong>Federica Brignone (Ski Alpin)<\/strong>der erste Italiener, der den Gesamtweltcup gewann, ein Skiveteran und ein Symbol f\u00fcr Kontinuit\u00e4t.<\/li>\n\n\n\n<li><strong>Arianna Fontana (Kurzstrecke)<\/strong>eine Legende der Olympischen Winterspiele mit einem Rekordpalmar\u00e8s, ein wahrer Botschafter des italienischen Sports auf Schnee und Eis.<\/li>\n\n\n\n<li><strong>Dorothea Wierer (Biathlon)<\/strong>einer der erfolgreichsten Biathleten aller Zeiten, das Gesicht einer Disziplin, die Technik und Ausdauer vereint.<\/li>\n<\/ul>\n\n\n\n<p>Jeder von ihnen w\u00fcrde einen anderen Teil des italienischen Sportmosaiks repr\u00e4sentieren: die Spektakularit\u00e4t der Leichtathletik, die Tradition des alpinen Skisports, den Mut der Eisdisziplinen.<\/p>\n<div class=\"amc-dopo-il-contenuto\" id=\"amc-1707513732\"><script type=\"text\/plain\" data-tcf=\"waiting-for-consent\" data-id=\"1033\" data-bid=\"1\">PGRpdiBpZD0iYW1jLTg1MjA0NDUzNCI+PHNjcmlwdCBhc3luYyBzcmM9Ii8vcGFnZWFkMi5nb29nbGVzeW5kaWNhdGlvbi5jb20vcGFnZWFkL2pzL2Fkc2J5Z29vZ2xlLmpzP2NsaWVudD1jYS1wdWItNDQwMTE0NTAyNzUzOTExNSIgY3Jvc3NvcmlnaW49ImFub255bW91cyI+PC9zY3JpcHQ+PGlucyBjbGFzcz0iYWRzYnlnb29nbGUiIHN0eWxlPSJkaXNwbGF5OmJsb2NrOyIgZGF0YS1hZC1jbGllbnQ9ImNhLXB1Yi00NDAxMTQ1MDI3NTM5MTE1IiAKZGF0YS1hZC1zbG90PSIiIApkYXRhLWFkLWZvcm1hdD0iYXV0byIgZGF0YS1mdWxsLXdpZHRoLXJlc3BvbnNpdmU9InRydWUiPjwvaW5zPgo8c2NyaXB0PiAKKGFkc2J5Z29vZ2xlID0gd2luZG93LmFkc2J5Z29vZ2xlIHx8IFtdKS5wdXNoKHt9KTsgCjwvc2NyaXB0Pgo8L2Rpdj4=<\/script><\/div>","protected":false},"excerpt":{"rendered":"<p>Ogni Olimpiade porta con s\u00e9 simboli e riti che ne esprimono l\u2019essenza pi\u00f9 profonda. Tra questi, uno dei momenti pi\u00f9 solenni e attesi \u00e8 la sfilata della delegazione nazionale durante la cerimonia di apertura, con il portabandiera che guida la squadra azzurra davanti agli occhi del mondo. Ma come viene scelto il portabandiera dell\u2019Italia per [&hellip;]<\/p>","protected":false},"author":3,"featured_media":950,"comment_status":"open","ping_status":"closed","sticky":false,"template":"","format":"standard","meta":{"_acf_changed":false,"footnotes":""},"categories":[16,4,1],"tags":[],"class_list":["post-949","post","type-post","status-publish","format-standard","has-post-thumbnail","hentry","category-notizie-e-approfondimenti","category-dietro-le-quinte","category-notizie-e-aggiornamenti"],"acf":[],"_links":{"self":[{"href":"https:\/\/aspettandomilanocortina2026.it\/de\/wp-json\/wp\/v2\/posts\/949","targetHints":{"allow":["GET"]}}],"collection":[{"href":"https:\/\/aspettandomilanocortina2026.it\/de\/wp-json\/wp\/v2\/posts"}],"about":[{"href":"https:\/\/aspettandomilanocortina2026.it\/de\/wp-json\/wp\/v2\/types\/post"}],"author":[{"embeddable":true,"href":"https:\/\/aspettandomilanocortina2026.it\/de\/wp-json\/wp\/v2\/users\/3"}],"replies":[{"embeddable":true,"href":"https:\/\/aspettandomilanocortina2026.it\/de\/wp-json\/wp\/v2\/comments?post=949"}],"version-history":[{"count":1,"href":"https:\/\/aspettandomilanocortina2026.it\/de\/wp-json\/wp\/v2\/posts\/949\/revisions"}],"predecessor-version":[{"id":951,"href":"https:\/\/aspettandomilanocortina2026.it\/de\/wp-json\/wp\/v2\/posts\/949\/revisions\/951"}],"wp:featuredmedia":[{"embeddable":true,"href":"https:\/\/aspettandomilanocortina2026.it\/de\/wp-json\/wp\/v2\/media\/950"}],"wp:attachment":[{"href":"https:\/\/aspettandomilanocortina2026.it\/de\/wp-json\/wp\/v2\/media?parent=949"}],"wp:term":[{"taxonomy":"category","embeddable":true,"href":"https:\/\/aspettandomilanocortina2026.it\/de\/wp-json\/wp\/v2\/categories?post=949"},{"taxonomy":"post_tag","embeddable":true,"href":"https:\/\/aspettandomilanocortina2026.it\/de\/wp-json\/wp\/v2\/tags?post=949"}],"curies":[{"name":"wp","href":"https:\/\/api.w.org\/{rel}","templated":true}]}}