{"id":937,"date":"2025-09-04T16:49:59","date_gmt":"2025-09-04T14:49:59","guid":{"rendered":"https:\/\/aspettandomilanocortina2026.it\/?p=937"},"modified":"2025-09-04T16:57:41","modified_gmt":"2025-09-04T14:57:41","slug":"italien-ehrt-den-verstorbenen-konig-giorgio-armani-meister-des-stils-und-der-sportlichkeit","status":"publish","type":"post","link":"https:\/\/aspettandomilanocortina2026.it\/de\/italien-ehrt-den-verstorbenen-konig-giorgio-armani-meister-des-stils-und-der-sportlichkeit\/","title":{"rendered":"Italien ehrt \"K\u00f6nig Giorgio\": Giorgio Armani, Meister des Stils und der Sportlichkeit, ist verstorben"},"content":{"rendered":"<script type=\"text\/plain\" data-tcf=\"waiting-for-consent\" data-id=\"1033\" data-bid=\"1\" data-placement=\"1034\">PGRpdiBpZD0iYW1jLTI1NzY0MTk2MTIiIGNsYXNzPSJhbWMtcHJpbWEtZGVsLWNvbnRlbnV0byI+PHNjcmlwdCBhc3luYyBzcmM9Ii8vcGFnZWFkMi5nb29nbGVzeW5kaWNhdGlvbi5jb20vcGFnZWFkL2pzL2Fkc2J5Z29vZ2xlLmpzP2NsaWVudD1jYS1wdWItNDQwMTE0NTAyNzUzOTExNSIgY3Jvc3NvcmlnaW49ImFub255bW91cyI+PC9zY3JpcHQ+PGlucyBjbGFzcz0iYWRzYnlnb29nbGUiIHN0eWxlPSJkaXNwbGF5OmJsb2NrOyIgZGF0YS1hZC1jbGllbnQ9ImNhLXB1Yi00NDAxMTQ1MDI3NTM5MTE1IiAKZGF0YS1hZC1zbG90PSIiIApkYXRhLWFkLWZvcm1hdD0iYXV0byIgZGF0YS1mdWxsLXdpZHRoLXJlc3BvbnNpdmU9InRydWUiPjwvaW5zPgo8c2NyaXB0PiAKKGFkc2J5Z29vZ2xlID0gd2luZG93LmFkc2J5Z29vZ2xlIHx8IFtdKS5wdXNoKHt9KTsgCjwvc2NyaXB0Pgo8L2Rpdj4=<\/script>\n<p><strong>Mailand, 4. September 2025<\/strong> - Eine \u00fcberw\u00e4ltigende Stille umh\u00fcllt die Stadt der Mode und Eleganz. Giorgio Armani, der Erfinder der zeitgen\u00f6ssischen Garderobe, ist in <strong>91 Jahre<\/strong>wie heute von seiner Gruppe bekannt gegeben wurde. Armani entschlief friedlich, umgeben von seinen Lieben, mit dem gleichen Engagement und der gleichen Zur\u00fcckhaltung, die ihn w\u00e4hrend seiner gesamten au\u00dfergew\u00f6hnlichen Karriere begleitet hatten, und arbeitete bis zu seinem letzten Tag.<\/p><script type=\"text\/plain\" data-tcf=\"waiting-for-consent\" data-id=\"1037\" data-bid=\"1\" data-placement=\"726\">PGRpdiBpZD0iYW1jLTM2ODY1Mjk1ODgiIGNsYXNzPSJhbWMtcG9zdC1jb250ZW50IiBzdHlsZT0ibWFyZ2luLWxlZnQ6IGF1dG87bWFyZ2luLXJpZ2h0OiBhdXRvO3RleHQtYWxpZ246IGNlbnRlcjsiPjxzY3JpcHQgYXN5bmMgc3JjPSIvL3BhZ2VhZDIuZ29vZ2xlc3luZGljYXRpb24uY29tL3BhZ2VhZC9qcy9hZHNieWdvb2dsZS5qcz9jbGllbnQ9Y2EtcHViLTQ0MDExNDUwMjc1MzkxMTUiIGNyb3Nzb3JpZ2luPSJhbm9ueW1vdXMiPjwvc2NyaXB0PjxpbnMgY2xhc3M9ImFkc2J5Z29vZ2xlIiBzdHlsZT0iZGlzcGxheTpibG9jazsiIGRhdGEtYWQtY2xpZW50PSJjYS1wdWItNDQwMTE0NTAyNzUzOTExNSIgCmRhdGEtYWQtc2xvdD0iODAyMDU4Mzc5MyIgCmRhdGEtYWQtZm9ybWF0PSJhdXRvIiBkYXRhLWZ1bGwtd2lkdGgtcmVzcG9uc2l2ZT0idHJ1ZSI+PC9pbnM+CjxzY3JpcHQ+IAooYWRzYnlnb29nbGUgPSB3aW5kb3cuYWRzYnlnb29nbGUgfHwgW10pLnB1c2goe30pOyAKPC9zY3JpcHQ+CjwvZGl2PjxiciBzdHlsZT0iY2xlYXI6IGJvdGg7IGRpc3BsYXk6IGJsb2NrOyBmbG9hdDogbm9uZTsiLz4=<\/script>\n\n\n\n<h2 class=\"wp-block-heading\"><strong>Ein Leben im Zeichen der modernen Eleganz<\/strong><\/h2>\n\n\n\n<p>Der 1934 in Piacenza geborene Armani brach sein Medizinstudium ab, um seiner wahren Berufung zu folgen: dem Design. Nach einer Anstellung als Verk\u00e4ufer bei La Rinascente und der Entdeckung durch den K\u00f6nig der italienischen Mode, Nino Cerruti, gr\u00fcndete er 1975 das Modehaus, das bis heute seinen Namen tr\u00e4gt.<\/p><script type=\"text\/plain\" data-tcf=\"waiting-for-consent\" data-id=\"1033\" data-bid=\"1\" data-placement=\"985\">PGRpdiBpZD0iYW1jLTE0OTg0MTkxNzMiIGNsYXNzPSJhbWMtbWgtbWlkIj48c2NyaXB0IGFzeW5jIHNyYz0iLy9wYWdlYWQyLmdvb2dsZXN5bmRpY2F0aW9uLmNvbS9wYWdlYWQvanMvYWRzYnlnb29nbGUuanM\/Y2xpZW50PWNhLXB1Yi00NDAxMTQ1MDI3NTM5MTE1IiBjcm9zc29yaWdpbj0iYW5vbnltb3VzIj48L3NjcmlwdD48aW5zIGNsYXNzPSJhZHNieWdvb2dsZSIgc3R5bGU9ImRpc3BsYXk6YmxvY2s7IiBkYXRhLWFkLWNsaWVudD0iY2EtcHViLTQ0MDExNDUwMjc1MzkxMTUiIApkYXRhLWFkLXNsb3Q9IiIgCmRhdGEtYWQtZm9ybWF0PSJhdXRvIiBkYXRhLWZ1bGwtd2lkdGgtcmVzcG9uc2l2ZT0idHJ1ZSI+PC9pbnM+CjxzY3JpcHQ+IAooYWRzYnlnb29nbGUgPSB3aW5kb3cuYWRzYnlnb29nbGUgfHwgW10pLnB1c2goe30pOyAKPC9zY3JpcHQ+CjwvZGl2Pg==<\/script>\n\n\n\n<p>Mit seinem Deb\u00fct wurden die unstrukturierte Jacke, die neutralen T\u00f6ne und die \u00fcberzeugende Mischung aus Komfort und Raffinesse ber\u00fchmt. In den 1980er Jahren war der Aufstieg unaufhaltsam, und die Hollywood-Prominenz bewunderte die Eleganz des \"Power Dressing\".<\/p>\n\n\n\n<figure class=\"wp-block-image size-large\"><img loading=\"lazy\" decoding=\"async\" width=\"791\" height=\"1024\" src=\"https:\/\/aspettandomilanocortina2026.it\/wp-content\/uploads\/2025\/09\/pexels-spolyakov-16761913-791x1024.jpg\" alt=\"\" class=\"wp-image-940\" title=\"\" srcset=\"https:\/\/aspettandomilanocortina2026.it\/wp-content\/uploads\/2025\/09\/pexels-spolyakov-16761913-791x1024.jpg 791w, https:\/\/aspettandomilanocortina2026.it\/wp-content\/uploads\/2025\/09\/pexels-spolyakov-16761913-232x300.jpg 232w, https:\/\/aspettandomilanocortina2026.it\/wp-content\/uploads\/2025\/09\/pexels-spolyakov-16761913-768x994.jpg 768w, https:\/\/aspettandomilanocortina2026.it\/wp-content\/uploads\/2025\/09\/pexels-spolyakov-16761913-1187x1536.jpg 1187w, https:\/\/aspettandomilanocortina2026.it\/wp-content\/uploads\/2025\/09\/pexels-spolyakov-16761913-1583x2048.jpg 1583w, https:\/\/aspettandomilanocortina2026.it\/wp-content\/uploads\/2025\/09\/pexels-spolyakov-16761913-9x12.jpg 9w, https:\/\/aspettandomilanocortina2026.it\/wp-content\/uploads\/2025\/09\/pexels-spolyakov-16761913-1200x1553.jpg 1200w, https:\/\/aspettandomilanocortina2026.it\/wp-content\/uploads\/2025\/09\/pexels-spolyakov-16761913-600x776.jpg 600w, https:\/\/aspettandomilanocortina2026.it\/wp-content\/uploads\/2025\/09\/pexels-spolyakov-16761913-scaled.jpg 1978w\" sizes=\"auto, (max-width: 791px) 100vw, 791px\" \/><\/figure>\n\n\n\n<h2 class=\"wp-block-heading\"><strong>K\u00f6nig Giorgio: eine Ikone des Stils und der Diskretion<\/strong><\/h2>\n\n\n\n<p>Armani hielt sich im Hintergrund, war aber immer am Ruder, vor allem in der letzten Zeit, als er trotz seiner angeschlagenen Gesundheit jedes Detail seiner Kollektionen verfolgte und sogar Modeschauen auslie\u00df, um wieder zu Kr\u00e4ften zu kommen.<\/p>\n\n\n\n<p>Sein letzter \u00f6ffentlicher Abschied fand anl\u00e4sslich seines 91. Geburtstags statt, als er seinem Publikum einen Termin im September gab: eine Geste von diskreter Eleganz, aber voller Zuneigung.<\/p>\n\n\n\n<h2 class=\"wp-block-heading\"><strong>Der Designer, der den italienischen Sport kleidet<\/strong><\/h2>\n\n\n\n<p>Aber Armani ist nicht nur in der Mode pr\u00e4sent, sondern auch im Herzen des nationalen Sports. Im Jahr 2008 wurde er Schirmherr der<strong>Olimpia Mailand<\/strong>Er trug zur Wiedergeburt des Vereins mit dem Sponsor EA7 bei, der die Mannschaft zum Scudetto f\u00fchrte.<\/p>\n\n\n\n<p>Armani hat die Azzurri-Mannschaften bei den Olympischen und Paralympischen Winterspielen (Sotschi, PyeongChang, Peking und wird auch bei Cortina 2026 in Mailand vertreten sein) eingekleidet und verleiht dem Weltsport einen Hauch von Made in Italy.<\/p>\n\n\n\n<figure class=\"wp-block-image size-full\"><img loading=\"lazy\" decoding=\"async\" width=\"994\" height=\"486\" src=\"https:\/\/aspettandomilanocortina2026.it\/wp-content\/uploads\/2025\/09\/ea72.jpg\" alt=\"\" class=\"wp-image-942\" title=\"\" srcset=\"https:\/\/aspettandomilanocortina2026.it\/wp-content\/uploads\/2025\/09\/ea72.jpg 994w, https:\/\/aspettandomilanocortina2026.it\/wp-content\/uploads\/2025\/09\/ea72-300x147.jpg 300w, https:\/\/aspettandomilanocortina2026.it\/wp-content\/uploads\/2025\/09\/ea72-768x376.jpg 768w, https:\/\/aspettandomilanocortina2026.it\/wp-content\/uploads\/2025\/09\/ea72-18x9.jpg 18w, https:\/\/aspettandomilanocortina2026.it\/wp-content\/uploads\/2025\/09\/ea72-600x293.jpg 600w\" sizes=\"auto, (max-width: 994px) 100vw, 994px\" \/><\/figure>\n\n\n\n<h2 class=\"wp-block-heading\"><strong>Ein stiller Abschied, ein gewaltiges Verm\u00e4chtnis<\/strong><\/h2>\n\n\n\n<p>Armani wird am Wochenende in Mailand nach einer privaten Zeremonie beigesetzt, ganz im Sinne seines Stils: elegant, n\u00fcchtern, ohne viel Aufhebens.<\/p>\n\n\n\n<p>Das Verm\u00e4chtnis, das er hinterl\u00e4sst, ist das eines Designers, der die Mode ver\u00e4ndert hat, der Imperien ins Leben rief, der bis zum Ende arbeitete und der den Medienrummel mied. Sein Name wird f\u00fcr immer mit italienischer Eleganz, modernem Design und einem Sport verbunden sein, der es geschafft hat, Gr\u00f6\u00dfe zu tragen.<\/p>\n\n\n\n<p>Wenn die Mode ihren Herrscher verloren hat, verliert die Welt einen stillen und vision\u00e4ren Meister. Giorgio Armani kleidete Generationen ein und wurde zum Synonym f\u00fcr diskrete und raffinierte Eleganz. Heute, bei seinem Abschied, hinterl\u00e4sst er nicht nur eine Marke, sondern auch einen Stil, eine Lebensart. M\u00f6ge Italien ihn immer als einen Giganten in Erinnerung behalten, der es verstand, Sch\u00f6nheit, Sport und Innerlichkeit zu verbinden.<\/p>\n\n\n\n<figure class=\"wp-block-embed is-type-video is-provider-youtube wp-block-embed-youtube wp-embed-aspect-16-9 wp-has-aspect-ratio\"><div class=\"wp-block-embed__wrapper\">\n<iframe loading=\"lazy\" title=\"RE Giorgio: die ECHTE Geschichte von ARMANI\" width=\"500\" height=\"281\" src=\"https:\/\/www.youtube.com\/embed\/sTEoOc6qihY?feature=oembed\" frameborder=\"0\" allow=\"accelerometer; autoplay; clipboard-write; encrypted-media; gyroscope; picture-in-picture; web-share\" referrerpolicy=\"strict-origin-when-cross-origin\" allowfullscreen><\/iframe>\n<\/div><\/figure>\n<div class=\"amc-dopo-il-contenuto\" id=\"amc-2372753671\"><script type=\"text\/plain\" data-tcf=\"waiting-for-consent\" data-id=\"1033\" data-bid=\"1\">PGRpdiBpZD0iYW1jLTM1OTc4MTM2OSI+PHNjcmlwdCBhc3luYyBzcmM9Ii8vcGFnZWFkMi5nb29nbGVzeW5kaWNhdGlvbi5jb20vcGFnZWFkL2pzL2Fkc2J5Z29vZ2xlLmpzP2NsaWVudD1jYS1wdWItNDQwMTE0NTAyNzUzOTExNSIgY3Jvc3NvcmlnaW49ImFub255bW91cyI+PC9zY3JpcHQ+PGlucyBjbGFzcz0iYWRzYnlnb29nbGUiIHN0eWxlPSJkaXNwbGF5OmJsb2NrOyIgZGF0YS1hZC1jbGllbnQ9ImNhLXB1Yi00NDAxMTQ1MDI3NTM5MTE1IiAKZGF0YS1hZC1zbG90PSIiIApkYXRhLWFkLWZvcm1hdD0iYXV0byIgZGF0YS1mdWxsLXdpZHRoLXJlc3BvbnNpdmU9InRydWUiPjwvaW5zPgo8c2NyaXB0PiAKKGFkc2J5Z29vZ2xlID0gd2luZG93LmFkc2J5Z29vZ2xlIHx8IFtdKS5wdXNoKHt9KTsgCjwvc2NyaXB0Pgo8L2Rpdj4=<\/script><\/div>","protected":false},"excerpt":{"rendered":"<p>Milano, 4 settembre 2025 \u2013 Un silenzio sopraffino avvolge la citt\u00e0 della moda e dell\u2019eleganza. \u00c8 venuto a mancare Giorgio Armani, l\u2019innovatore del guardaroba contemporaneo, a 91 anni, come annunciato oggi dal suo gruppo. Armani si \u00e8 spento serenamente, circondato dai suoi affetti, nello stesso impegno e riserbo che lo avevano accompagnato nella sua straordinaria [&hellip;]<\/p>","protected":false},"author":3,"featured_media":947,"comment_status":"open","ping_status":"closed","sticky":false,"template":"","format":"standard","meta":{"_acf_changed":false,"footnotes":""},"categories":[16],"tags":[],"class_list":["post-937","post","type-post","status-publish","format-standard","has-post-thumbnail","hentry","category-notizie-e-approfondimenti"],"acf":[],"_links":{"self":[{"href":"https:\/\/aspettandomilanocortina2026.it\/de\/wp-json\/wp\/v2\/posts\/937","targetHints":{"allow":["GET"]}}],"collection":[{"href":"https:\/\/aspettandomilanocortina2026.it\/de\/wp-json\/wp\/v2\/posts"}],"about":[{"href":"https:\/\/aspettandomilanocortina2026.it\/de\/wp-json\/wp\/v2\/types\/post"}],"author":[{"embeddable":true,"href":"https:\/\/aspettandomilanocortina2026.it\/de\/wp-json\/wp\/v2\/users\/3"}],"replies":[{"embeddable":true,"href":"https:\/\/aspettandomilanocortina2026.it\/de\/wp-json\/wp\/v2\/comments?post=937"}],"version-history":[{"count":3,"href":"https:\/\/aspettandomilanocortina2026.it\/de\/wp-json\/wp\/v2\/posts\/937\/revisions"}],"predecessor-version":[{"id":948,"href":"https:\/\/aspettandomilanocortina2026.it\/de\/wp-json\/wp\/v2\/posts\/937\/revisions\/948"}],"wp:featuredmedia":[{"embeddable":true,"href":"https:\/\/aspettandomilanocortina2026.it\/de\/wp-json\/wp\/v2\/media\/947"}],"wp:attachment":[{"href":"https:\/\/aspettandomilanocortina2026.it\/de\/wp-json\/wp\/v2\/media?parent=937"}],"wp:term":[{"taxonomy":"category","embeddable":true,"href":"https:\/\/aspettandomilanocortina2026.it\/de\/wp-json\/wp\/v2\/categories?post=937"},{"taxonomy":"post_tag","embeddable":true,"href":"https:\/\/aspettandomilanocortina2026.it\/de\/wp-json\/wp\/v2\/tags?post=937"}],"curies":[{"name":"wp","href":"https:\/\/api.w.org\/{rel}","templated":true}]}}