{"id":922,"date":"2025-09-04T15:27:44","date_gmt":"2025-09-04T13:27:44","guid":{"rendered":"https:\/\/aspettandomilanocortina2026.it\/?p=922"},"modified":"2025-09-04T15:46:53","modified_gmt":"2025-09-04T13:46:53","slug":"gen26-der-olympische-traum-wachst-im-klassenzimmer","status":"publish","type":"post","link":"https:\/\/aspettandomilanocortina2026.it\/de\/gen26-der-olympische-traum-wachst-im-klassenzimmer\/","title":{"rendered":"Gen26: Der olympische Traum w\u00e4chst im Klassenzimmer heran"},"content":{"rendered":"<script type=\"text\/plain\" data-tcf=\"waiting-for-consent\" data-id=\"1033\" data-bid=\"1\" data-placement=\"1034\">PGRpdiBpZD0iYW1jLTg5ODI0MTQiIGNsYXNzPSJhbWMtcHJpbWEtZGVsLWNvbnRlbnV0byI+PHNjcmlwdCBhc3luYyBzcmM9Ii8vcGFnZWFkMi5nb29nbGVzeW5kaWNhdGlvbi5jb20vcGFnZWFkL2pzL2Fkc2J5Z29vZ2xlLmpzP2NsaWVudD1jYS1wdWItNDQwMTE0NTAyNzUzOTExNSIgY3Jvc3NvcmlnaW49ImFub255bW91cyI+PC9zY3JpcHQ+PGlucyBjbGFzcz0iYWRzYnlnb29nbGUiIHN0eWxlPSJkaXNwbGF5OmJsb2NrOyIgZGF0YS1hZC1jbGllbnQ9ImNhLXB1Yi00NDAxMTQ1MDI3NTM5MTE1IiAKZGF0YS1hZC1zbG90PSIiIApkYXRhLWFkLWZvcm1hdD0iYXV0byIgZGF0YS1mdWxsLXdpZHRoLXJlc3BvbnNpdmU9InRydWUiPjwvaW5zPgo8c2NyaXB0PiAKKGFkc2J5Z29vZ2xlID0gd2luZG93LmFkc2J5Z29vZ2xlIHx8IFtdKS5wdXNoKHt9KTsgCjwvc2NyaXB0Pgo8L2Rpdj4=<\/script>\n<p>Eine Olympiade wird nicht nur mit schneebedeckten Pisten, Arenen und D\u00f6rfern f\u00fcr die Athleten vorbereitet, sondern auch in Klassenzimmern, zwischen bunten Rucks\u00e4cken, Tafeln und den Stimmen neugieriger Sch\u00fcler. Das ist der Ort <strong>Gen26<\/strong>, das Bildungsprogramm, das die neuen Generationen zu den Olympischen und Paralympischen Winterspielen in <strong>Mailand-Cortina 2026<\/strong>.<\/p><script type=\"text\/plain\" data-tcf=\"waiting-for-consent\" data-id=\"1037\" data-bid=\"1\" data-placement=\"726\">PGRpdiBpZD0iYW1jLTI1ODQwODQ0ODEiIGNsYXNzPSJhbWMtcG9zdC1jb250ZW50IiBzdHlsZT0ibWFyZ2luLWxlZnQ6IGF1dG87bWFyZ2luLXJpZ2h0OiBhdXRvO3RleHQtYWxpZ246IGNlbnRlcjsiPjxzY3JpcHQgYXN5bmMgc3JjPSIvL3BhZ2VhZDIuZ29vZ2xlc3luZGljYXRpb24uY29tL3BhZ2VhZC9qcy9hZHNieWdvb2dsZS5qcz9jbGllbnQ9Y2EtcHViLTQ0MDExNDUwMjc1MzkxMTUiIGNyb3Nzb3JpZ2luPSJhbm9ueW1vdXMiPjwvc2NyaXB0PjxpbnMgY2xhc3M9ImFkc2J5Z29vZ2xlIiBzdHlsZT0iZGlzcGxheTpibG9jazsiIGRhdGEtYWQtY2xpZW50PSJjYS1wdWItNDQwMTE0NTAyNzUzOTExNSIgCmRhdGEtYWQtc2xvdD0iODAyMDU4Mzc5MyIgCmRhdGEtYWQtZm9ybWF0PSJhdXRvIiBkYXRhLWZ1bGwtd2lkdGgtcmVzcG9uc2l2ZT0idHJ1ZSI+PC9pbnM+CjxzY3JpcHQ+IAooYWRzYnlnb29nbGUgPSB3aW5kb3cuYWRzYnlnb29nbGUgfHwgW10pLnB1c2goe30pOyAKPC9zY3JpcHQ+CjwvZGl2PjxiciBzdHlsZT0iY2xlYXI6IGJvdGg7IGRpc3BsYXk6IGJsb2NrOyBmbG9hdDogbm9uZTsiLz4=<\/script>\n\n\n\n<p>Ein Projekt, das nicht nur die Sportler der Zukunft ausbilden soll, sondern vor allem bewusste B\u00fcrger, die bereit sind, den Staffelstab der olympischen Werte zu \u00fcbernehmen: <strong>Freundschaft, Respekt, Integration und Nachhaltigkeit<\/strong>.<\/p><script type=\"text\/plain\" data-tcf=\"waiting-for-consent\" data-id=\"1033\" data-bid=\"1\" data-placement=\"985\">PGRpdiBpZD0iYW1jLTQwMDcyMzA4NjIiIGNsYXNzPSJhbWMtbWgtbWlkIj48c2NyaXB0IGFzeW5jIHNyYz0iLy9wYWdlYWQyLmdvb2dsZXN5bmRpY2F0aW9uLmNvbS9wYWdlYWQvanMvYWRzYnlnb29nbGUuanM\/Y2xpZW50PWNhLXB1Yi00NDAxMTQ1MDI3NTM5MTE1IiBjcm9zc29yaWdpbj0iYW5vbnltb3VzIj48L3NjcmlwdD48aW5zIGNsYXNzPSJhZHNieWdvb2dsZSIgc3R5bGU9ImRpc3BsYXk6YmxvY2s7IiBkYXRhLWFkLWNsaWVudD0iY2EtcHViLTQ0MDExNDUwMjc1MzkxMTUiIApkYXRhLWFkLXNsb3Q9IiIgCmRhdGEtYWQtZm9ybWF0PSJhdXRvIiBkYXRhLWZ1bGwtd2lkdGgtcmVzcG9uc2l2ZT0idHJ1ZSI+PC9pbnM+CjxzY3JpcHQ+IAooYWRzYnlnb29nbGUgPSB3aW5kb3cuYWRzYnlnb29nbGUgfHwgW10pLnB1c2goe30pOyAKPC9zY3JpcHQ+CjwvZGl2Pg==<\/script>\n\n\n\n<figure class=\"wp-block-image size-full\"><img loading=\"lazy\" decoding=\"async\" width=\"1024\" height=\"1024\" src=\"https:\/\/aspettandomilanocortina2026.it\/wp-content\/uploads\/2025\/09\/gen26.jpg\" alt=\"olympische zirkel geschrieben mailand cortina und gen 26\" class=\"wp-image-924\" title=\"\" srcset=\"https:\/\/aspettandomilanocortina2026.it\/wp-content\/uploads\/2025\/09\/gen26.jpg 1024w, https:\/\/aspettandomilanocortina2026.it\/wp-content\/uploads\/2025\/09\/gen26-300x300.jpg 300w, https:\/\/aspettandomilanocortina2026.it\/wp-content\/uploads\/2025\/09\/gen26-150x150.jpg 150w, https:\/\/aspettandomilanocortina2026.it\/wp-content\/uploads\/2025\/09\/gen26-768x768.jpg 768w, https:\/\/aspettandomilanocortina2026.it\/wp-content\/uploads\/2025\/09\/gen26-12x12.jpg 12w, https:\/\/aspettandomilanocortina2026.it\/wp-content\/uploads\/2025\/09\/gen26-600x600.jpg 600w\" sizes=\"auto, (max-width: 1024px) 100vw, 1024px\" \/><\/figure>\n\n\n\n<h2 class=\"wp-block-heading\"><strong>Der Funke zwischen den Jungs<\/strong><\/h2>\n\n\n\n<p>Gen26 ist in den Schulen angekommen wie eine Flamme, die entz\u00fcndet und von einer Hand zur n\u00e4chsten weitergegeben wird. Mehr als 100.000 Sch\u00fcler in ganz Italien haben bereits an Treffen, Workshops und Thementagen teilgenommen, die den Schulalltag in eine Entdeckungsreise verwandelt haben.<\/p>\n\n\n\n<p>Dabei geht es nicht nur um Sport: In den Kursen werden Themen wie Umweltschutz, die Kraft der Vielfalt, der Wert der Freiwilligenarbeit und die Sch\u00f6nheit der Teamarbeit behandelt.<\/p>\n\n\n\n<p>Die Sch\u00fcler h\u00f6ren Geschichten von olympischen und paralympischen Athleten, treffen Zeugen, denen es gelungen ist, Opfer und Leidenschaft in unvergessliche Erfolge umzuwandeln, und werden dann selbst aktiv, mit Aktivit\u00e4ten, die Bewegung und Reflexion verbinden.<\/p>\n\n\n\n<h2 class=\"wp-block-heading\"><strong>Wenn der Sport in die Schule kommt<\/strong><\/h2>\n\n\n\n<p>Jede Etappe des Programms von Gen26 ist ein kleines Ereignis. In Bari, zum Beispiel, ist die Ankunft der Eiskunstl\u00e4ufer <strong>Valentina Marchei<\/strong> und der Olympiasieger im Taekwondo <strong>Carlo Molfetta<\/strong> verwandelte einen einfachen Vormittag in einen Moment des kollektiven Feierns. Die Sch\u00fcler haben nicht nur zugeh\u00f6rt, sondern auch Fragen gestellt, gelacht und sich aufgeregt: In diesem Dialog haben sie gesehen, dass Sport keine ferne Welt ist, sondern ein Weg, der ihnen geh\u00f6ren kann.<\/p>\n\n\n\n<p>Unter <strong>Valtellina<\/strong>Stattdessen nahm das Projekt die Konturen einer echten Gemeinschaft an: <strong>6.000 Jungen<\/strong> und Treffen mit Experten f\u00fcr Nachhaltigkeit, Sportmarketing und Freiwilligenarbeit. Hier ist Gen26 zu einem Laboratorium der Ideen geworden, in dem Sport auf Territorium, hochwertige Lebensmittel und lokale Kultur trifft.<\/p>\n\n\n\n<h2 class=\"wp-block-heading\"><strong>Gen26 au\u00dferhalb des Klassenzimmers: Pl\u00e4tze, Veranstaltungen und Gemeinschaft<\/strong><\/h2>\n\n\n\n<p>Aber Gen26 lebt nicht nur zwischen Schreibtischen und Fluren. Es leuchtet auch bei gro\u00dfen Volksveranstaltungen wie der Expo f\u00fcr Sport in Mailand oder dem Run for Inclusion und verwandelt Parks und Pl\u00e4tze in Freiluft-Fitnessstudios.<\/p>\n\n\n\n<p>Und wieder: die <strong>Woche der Winterspiele<\/strong>an der Hunderte von Schulen beteiligt waren, brachte Workshops, Spiele und kulturelle Begegnungen in ganz Italien. Ein echter gemeinsamer Countdown f\u00fcr die Spiele 2026.<\/p>\n\n\n\n<p>In der Lombardei und in Venetien kamen bei den Mail\u00e4nder Cortina 2026 Troph\u00e4en mehr als 40 000 Sch\u00fcler zusammen und verwandelten die Brera-Arena in Mailand in ein Festival des Sports und der Jugend.<\/p>\n\n\n\n<h2 class=\"wp-block-heading\"><strong>Eine Generation, die den Namen der Spiele tr\u00e4gt<\/strong><\/h2>\n\n\n\n<p>Der Name <strong>Gen26<\/strong> ist nicht zuf\u00e4llig: Es erinnert an eine Generation, die im Jahr 2026 erwachsen sein wird, wenn die Spiele Mailand, Cortina und die gesamten italienischen Alpen erleuchten werden. Jungen und M\u00e4dchen, die heute noch an den Schreibtischen sitzen, die aber bald Freiwillige, Zuschauer, Fachleute und B\u00fcrger der olympischen Welt sein werden.<\/p>\n\n\n\n<p>Es gibt diejenigen, die davon tr\u00e4umen, an Wettk\u00e4mpfen teilzunehmen, diejenigen, die davon tr\u00e4umen, als Journalist \u00fcber die Olympischen Spiele zu berichten, diejenigen, die davon tr\u00e4umen, sie als Freiwilliger f\u00fcr die Olympischen Spiele zu erleben. <strong>Mannschaft26<\/strong>. Sie alle haben jedoch einen gemeinsamen Weg: Sie wachsen mit einer F\u00fclle von Werten auf, die weit \u00fcber den Sport hinausgehen.<\/p>\n\n\n\n<h2 class=\"wp-block-heading\"><strong>Ein Verm\u00e4chtnis, das bleibt<\/strong><\/h2>\n\n\n\n<p>Der au\u00dfergew\u00f6hnlichste Aspekt der Gen26 ist, dass ihre Auswirkungen nicht mit der <strong>6. Februar 2026<\/strong>wenn das olympische Feuer im San-Siro-Stadion entz\u00fcndet wird. Es wird in den Kindern, in den Lehrern, in den Gemeinden, die an der Reise teilgenommen haben, bleiben.<\/p>\n\n\n\n<p>Jeder Workshop, jedes Zeugnis, jeder engagierte Tag ist ein Samen, der gepflanzt wird: ein Samen des Respekts, der Integration, der Liebe zum Sport und zur Umwelt. Ein Verm\u00e4chtnis, das Mailand-Cortina dem Land hinterlassen wird, das weitaus dauerhafter ist als ein sportlicher Rekord.<\/p>\n\n\n\n<p><strong>Gen26 <\/strong>ist eine Geschichte \u00fcber die Zukunft<strong>.<\/strong> Es ist die Geschichte eines Italiens, das die Spiele nicht nur ausrichtet, sondern sie auch lebt und an die neuen Generationen weitergibt. Es ist der Beweis, dass Sport nicht nur Wettbewerb ist, sondern auch Bildung, Wachstum und Gemeinschaft.<\/p>\n\n\n\n<p>Wenn 2026 die olympische Fackel in den Bergen leuchtet, wird nicht nur das Licht der Spiele das Land erhellen, sondern auch das Licht von Tausenden von Jungen und M\u00e4dchen, die gelernt haben, an die olympischen Werte zu glauben und sie in ihr t\u00e4gliches Leben mitzunehmen.<\/p>\n\n\n\n<figure class=\"wp-block-embed is-type-video is-provider-youtube wp-block-embed-youtube wp-embed-aspect-16-9 wp-has-aspect-ratio\"><div class=\"wp-block-embed__wrapper\">\n<iframe loading=\"lazy\" title=\"Bildungsprogramm #Gen26: Mailand Cortina 2026 in Schulen in ganz Italien\" width=\"500\" height=\"281\" src=\"https:\/\/www.youtube.com\/embed\/vrRSbF_hL4w?feature=oembed\" frameborder=\"0\" allow=\"accelerometer; autoplay; clipboard-write; encrypted-media; gyroscope; picture-in-picture; web-share\" referrerpolicy=\"strict-origin-when-cross-origin\" allowfullscreen><\/iframe>\n<\/div><\/figure>\n<div class=\"amc-dopo-il-contenuto\" id=\"amc-2579181723\"><script type=\"text\/plain\" data-tcf=\"waiting-for-consent\" data-id=\"1033\" data-bid=\"1\">PGRpdiBpZD0iYW1jLTQ4ODYxMTQiPjxzY3JpcHQgYXN5bmMgc3JjPSIvL3BhZ2VhZDIuZ29vZ2xlc3luZGljYXRpb24uY29tL3BhZ2VhZC9qcy9hZHNieWdvb2dsZS5qcz9jbGllbnQ9Y2EtcHViLTQ0MDExNDUwMjc1MzkxMTUiIGNyb3Nzb3JpZ2luPSJhbm9ueW1vdXMiPjwvc2NyaXB0PjxpbnMgY2xhc3M9ImFkc2J5Z29vZ2xlIiBzdHlsZT0iZGlzcGxheTpibG9jazsiIGRhdGEtYWQtY2xpZW50PSJjYS1wdWItNDQwMTE0NTAyNzUzOTExNSIgCmRhdGEtYWQtc2xvdD0iIiAKZGF0YS1hZC1mb3JtYXQ9ImF1dG8iIGRhdGEtZnVsbC13aWR0aC1yZXNwb25zaXZlPSJ0cnVlIj48L2lucz4KPHNjcmlwdD4gCihhZHNieWdvb2dsZSA9IHdpbmRvdy5hZHNieWdvb2dsZSB8fCBbXSkucHVzaCh7fSk7IAo8L3NjcmlwdD4KPC9kaXY+<\/script><\/div>","protected":false},"excerpt":{"rendered":"<p>C\u2019\u00e8 un\u2019Olimpiade che si prepara non soltanto con piste innevate, palazzetti e villaggi per gli atleti, ma anche dentro le aule scolastiche, tra zaini colorati, lavagne e voci di studenti curiosi. \u00c8 qui che prende vita Gen26, il programma educativo che accompagna le nuove generazioni verso i Giochi Olimpici e Paralimpici Invernali di Milano-Cortina 2026. [&hellip;]<\/p>","protected":false},"author":3,"featured_media":926,"comment_status":"open","ping_status":"closed","sticky":false,"template":"","format":"standard","meta":{"_acf_changed":false,"footnotes":""},"categories":[16,7,1],"tags":[],"class_list":["post-922","post","type-post","status-publish","format-standard","has-post-thumbnail","hentry","category-notizie-e-approfondimenti","category-milano-e-cortina","category-notizie-e-aggiornamenti"],"acf":[],"_links":{"self":[{"href":"https:\/\/aspettandomilanocortina2026.it\/de\/wp-json\/wp\/v2\/posts\/922","targetHints":{"allow":["GET"]}}],"collection":[{"href":"https:\/\/aspettandomilanocortina2026.it\/de\/wp-json\/wp\/v2\/posts"}],"about":[{"href":"https:\/\/aspettandomilanocortina2026.it\/de\/wp-json\/wp\/v2\/types\/post"}],"author":[{"embeddable":true,"href":"https:\/\/aspettandomilanocortina2026.it\/de\/wp-json\/wp\/v2\/users\/3"}],"replies":[{"embeddable":true,"href":"https:\/\/aspettandomilanocortina2026.it\/de\/wp-json\/wp\/v2\/comments?post=922"}],"version-history":[{"count":4,"href":"https:\/\/aspettandomilanocortina2026.it\/de\/wp-json\/wp\/v2\/posts\/922\/revisions"}],"predecessor-version":[{"id":931,"href":"https:\/\/aspettandomilanocortina2026.it\/de\/wp-json\/wp\/v2\/posts\/922\/revisions\/931"}],"wp:featuredmedia":[{"embeddable":true,"href":"https:\/\/aspettandomilanocortina2026.it\/de\/wp-json\/wp\/v2\/media\/926"}],"wp:attachment":[{"href":"https:\/\/aspettandomilanocortina2026.it\/de\/wp-json\/wp\/v2\/media?parent=922"}],"wp:term":[{"taxonomy":"category","embeddable":true,"href":"https:\/\/aspettandomilanocortina2026.it\/de\/wp-json\/wp\/v2\/categories?post=922"},{"taxonomy":"post_tag","embeddable":true,"href":"https:\/\/aspettandomilanocortina2026.it\/de\/wp-json\/wp\/v2\/tags?post=922"}],"curies":[{"name":"wp","href":"https:\/\/api.w.org\/{rel}","templated":true}]}}