{"id":915,"date":"2025-08-14T15:03:41","date_gmt":"2025-08-14T13:03:41","guid":{"rendered":"https:\/\/aspettandomilanocortina2026.it\/?p=915"},"modified":"2025-08-14T15:03:43","modified_gmt":"2025-08-14T13:03:43","slug":"ein-spannendes-finale-paris-saint-germain-gewinnt-den-uefa-supercup-in-udine","status":"publish","type":"post","link":"https:\/\/aspettandomilanocortina2026.it\/de\/ein-spannendes-finale-paris-saint-germain-gewinnt-den-uefa-supercup-in-udine\/","title":{"rendered":"Ein spannendes Finale: Paris Saint-Germain gewinnt den UEFA-Superpokal in Udine"},"content":{"rendered":"<script type=\"text\/plain\" data-tcf=\"waiting-for-consent\" data-id=\"1033\" data-bid=\"1\" data-placement=\"1034\">PGRpdiBpZD0iYW1jLTQwNDE0NTk4NDgiIGNsYXNzPSJhbWMtcHJpbWEtZGVsLWNvbnRlbnV0byI+PHNjcmlwdCBhc3luYyBzcmM9Ii8vcGFnZWFkMi5nb29nbGVzeW5kaWNhdGlvbi5jb20vcGFnZWFkL2pzL2Fkc2J5Z29vZ2xlLmpzP2NsaWVudD1jYS1wdWItNDQwMTE0NTAyNzUzOTExNSIgY3Jvc3NvcmlnaW49ImFub255bW91cyI+PC9zY3JpcHQ+PGlucyBjbGFzcz0iYWRzYnlnb29nbGUiIHN0eWxlPSJkaXNwbGF5OmJsb2NrOyIgZGF0YS1hZC1jbGllbnQ9ImNhLXB1Yi00NDAxMTQ1MDI3NTM5MTE1IiAKZGF0YS1hZC1zbG90PSIiIApkYXRhLWFkLWZvcm1hdD0iYXV0byIgZGF0YS1mdWxsLXdpZHRoLXJlc3BvbnNpdmU9InRydWUiPjwvaW5zPgo8c2NyaXB0PiAKKGFkc2J5Z29vZ2xlID0gd2luZG93LmFkc2J5Z29vZ2xlIHx8IFtdKS5wdXNoKHt9KTsgCjwvc2NyaXB0Pgo8L2Rpdj4=<\/script>\n<p>Udine, 13. August 2025 Das Friaul-Stadion war Schauplatz eines historischen Fu\u00dfballabends: Paris Saint-Germain hat den UEFA-Superpokal in den Himmel gehoben, indem es Tottenham nach einem 2:2-Unentschieden in der regul\u00e4ren Spielzeit im Elfmeterschie\u00dfen besiegte.<\/p><script type=\"text\/plain\" data-tcf=\"waiting-for-consent\" data-id=\"1037\" data-bid=\"1\" data-placement=\"726\">PGRpdiBpZD0iYW1jLTEzODQ0Mjk5OSIgY2xhc3M9ImFtYy1wb3N0LWNvbnRlbnQiIHN0eWxlPSJtYXJnaW4tbGVmdDogYXV0bzttYXJnaW4tcmlnaHQ6IGF1dG87dGV4dC1hbGlnbjogY2VudGVyOyI+PHNjcmlwdCBhc3luYyBzcmM9Ii8vcGFnZWFkMi5nb29nbGVzeW5kaWNhdGlvbi5jb20vcGFnZWFkL2pzL2Fkc2J5Z29vZ2xlLmpzP2NsaWVudD1jYS1wdWItNDQwMTE0NTAyNzUzOTExNSIgY3Jvc3NvcmlnaW49ImFub255bW91cyI+PC9zY3JpcHQ+PGlucyBjbGFzcz0iYWRzYnlnb29nbGUiIHN0eWxlPSJkaXNwbGF5OmJsb2NrOyIgZGF0YS1hZC1jbGllbnQ9ImNhLXB1Yi00NDAxMTQ1MDI3NTM5MTE1IiAKZGF0YS1hZC1zbG90PSI4MDIwNTgzNzkzIiAKZGF0YS1hZC1mb3JtYXQ9ImF1dG8iIGRhdGEtZnVsbC13aWR0aC1yZXNwb25zaXZlPSJ0cnVlIj48L2lucz4KPHNjcmlwdD4gCihhZHNieWdvb2dsZSA9IHdpbmRvdy5hZHNieWdvb2dsZSB8fCBbXSkucHVzaCh7fSk7IAo8L3NjcmlwdD4KPC9kaXY+PGJyIHN0eWxlPSJjbGVhcjogYm90aDsgZGlzcGxheTogYmxvY2s7IGZsb2F0OiBub25lOyIvPg==<\/script>\n\n\n\n<h2 class=\"wp-block-heading\"><strong>Ein episches Comeback<\/strong><\/h2>\n\n\n\n<p>Tottenham dominierte 85 Minuten lang: Van de Ven erl\u00f6ste das Spiel in der 39. Minute mit einem Abpraller vom gegnerischen Torh\u00fcter und Romero verdoppelte den Vorsprung in der 48.<\/p><script type=\"text\/plain\" data-tcf=\"waiting-for-consent\" data-id=\"1033\" data-bid=\"1\" data-placement=\"985\">PGRpdiBpZD0iYW1jLTI0MTAyNzQ0MTYiIGNsYXNzPSJhbWMtbWgtbWlkIj48c2NyaXB0IGFzeW5jIHNyYz0iLy9wYWdlYWQyLmdvb2dsZXN5bmRpY2F0aW9uLmNvbS9wYWdlYWQvanMvYWRzYnlnb29nbGUuanM\/Y2xpZW50PWNhLXB1Yi00NDAxMTQ1MDI3NTM5MTE1IiBjcm9zc29yaWdpbj0iYW5vbnltb3VzIj48L3NjcmlwdD48aW5zIGNsYXNzPSJhZHNieWdvb2dsZSIgc3R5bGU9ImRpc3BsYXk6YmxvY2s7IiBkYXRhLWFkLWNsaWVudD0iY2EtcHViLTQ0MDExNDUwMjc1MzkxMTUiIApkYXRhLWFkLXNsb3Q9IiIgCmRhdGEtYWQtZm9ybWF0PSJhdXRvIiBkYXRhLWZ1bGwtd2lkdGgtcmVzcG9uc2l2ZT0idHJ1ZSI+PC9pbnM+CjxzY3JpcHQ+IAooYWRzYnlnb29nbGUgPSB3aW5kb3cuYWRzYnlnb29nbGUgfHwgW10pLnB1c2goe30pOyAKPC9zY3JpcHQ+CjwvZGl2Pg==<\/script>\n\n\n\n<p>Aber das Finale war der Stoff, aus dem Legenden gemacht sind: In der 85\u2032 verk\u00fcrzte Lee Kang-In mit einem Linksschuss von au\u00dferhalb des Strafraums. In der 94. Minute nutzte Gon\u00e7alo Ramos eine perfekte Flanke von Demb\u00e9l\u00e9 und erzielte mit einem Kopfball den Ausgleich, was das Ergebnis umkehrte und das Spiel ins Elfmeterschie\u00dfen brachte.<\/p>\n\n\n\n<h2 class=\"wp-block-heading\"><strong>Die Straflotterie<\/strong><\/h2>\n\n\n\n<p>Vom Elfmeterpunkt aus war es PSG, das jubelte: Die Franzosen gewannen 4:3 im Elfmeterschie\u00dfen, dank entscheidender Fehler von Van de Ven und Tel f\u00fcr Tottenham und einer Parade von Torh\u00fcter Chevalier, der sich von fr\u00fcheren Fehlern erholte.<\/p>\n\n\n\n<p>Es ist die erste UEFA-Troph\u00e4e in der Vereinsgeschichte: ein Triumph, der einen wichtigen Moment im europ\u00e4ischen Aufstieg des Vereins markiert.<\/p>\n\n\n\n<h2 class=\"wp-block-heading\"><strong>Atmosph\u00e4re und Inhalt der Veranstaltung<\/strong><\/h2>\n\n\n\n<p>Die Veranstaltung war viel mehr als ein Spiel: Udine war der Protagonist auf der Welle des friaulischen olympischen Geistes. Mehr als 21.000 Zuschauer nahmen an der Party teil, zu der auch Fan-Treffpunkte, Konzerte, DJ-Sets und die in der ganzen Region verteilte \"Trophy Experience\" geh\u00f6rten.<\/p>\n\n\n\n<p>Das Friuli-Stadion wurde als europ\u00e4isches Modell der Nachhaltigkeit gefeiert, eines der fortschrittlichsten seiner Art in der Welt. Der UEFA-Superpokal in Udine war ein Fest des Fu\u00dfballs und des Spektakels: ein beeindruckendes Comeback, ein historischer Triumph f\u00fcr PSG und ein internationaler Erfolg f\u00fcr Friaul. Das Spiel best\u00e4tigte, dass mit Charakter und Herz jedes Spiel gedreht werden kann - und dass der Sport uns unvergessliche Emotionen bescheren kann.<\/p>\n\n\n\n<figure class=\"wp-block-embed is-type-video is-provider-youtube wp-block-embed-youtube wp-embed-aspect-16-9 wp-has-aspect-ratio\"><div class=\"wp-block-embed__wrapper\">\n<iframe loading=\"lazy\" title=\"PSG-Tottenham 6-5 (AD): Tore und H\u00f6hepunkte | European Super Cup\" width=\"500\" height=\"281\" src=\"https:\/\/www.youtube.com\/embed\/Cves56jFq0U?feature=oembed\" frameborder=\"0\" allow=\"accelerometer; autoplay; clipboard-write; encrypted-media; gyroscope; picture-in-picture; web-share\" referrerpolicy=\"strict-origin-when-cross-origin\" allowfullscreen><\/iframe>\n<\/div><\/figure>\n<div class=\"amc-dopo-il-contenuto\" id=\"amc-4057893287\"><script type=\"text\/plain\" data-tcf=\"waiting-for-consent\" data-id=\"1033\" data-bid=\"1\">PGRpdiBpZD0iYW1jLTc0NTEzNTUzIj48c2NyaXB0IGFzeW5jIHNyYz0iLy9wYWdlYWQyLmdvb2dsZXN5bmRpY2F0aW9uLmNvbS9wYWdlYWQvanMvYWRzYnlnb29nbGUuanM\/Y2xpZW50PWNhLXB1Yi00NDAxMTQ1MDI3NTM5MTE1IiBjcm9zc29yaWdpbj0iYW5vbnltb3VzIj48L3NjcmlwdD48aW5zIGNsYXNzPSJhZHNieWdvb2dsZSIgc3R5bGU9ImRpc3BsYXk6YmxvY2s7IiBkYXRhLWFkLWNsaWVudD0iY2EtcHViLTQ0MDExNDUwMjc1MzkxMTUiIApkYXRhLWFkLXNsb3Q9IiIgCmRhdGEtYWQtZm9ybWF0PSJhdXRvIiBkYXRhLWZ1bGwtd2lkdGgtcmVzcG9uc2l2ZT0idHJ1ZSI+PC9pbnM+CjxzY3JpcHQ+IAooYWRzYnlnb29nbGUgPSB3aW5kb3cuYWRzYnlnb29nbGUgfHwgW10pLnB1c2goe30pOyAKPC9zY3JpcHQ+CjwvZGl2Pg==<\/script><\/div>","protected":false},"excerpt":{"rendered":"<p>Udine, 13 agosto 2025 lo stadio Friuli ha ospitato una serata storica di calcio: il Paris Saint-Germain ha alzato al cielo la Supercoppa UEFA, superando ai rigori il Tottenham dopo il clamoroso 2-2 nei tempi regolamentari. Una rimonta epica Il Tottenham ha dominato per 85 minuti: Van de Ven sblocca la partita al 39\u2032 con [&hellip;]<\/p>","protected":false},"author":3,"featured_media":917,"comment_status":"open","ping_status":"closed","sticky":false,"template":"","format":"standard","meta":{"_acf_changed":false,"footnotes":""},"categories":[16,1],"tags":[],"class_list":["post-915","post","type-post","status-publish","format-standard","has-post-thumbnail","hentry","category-notizie-e-approfondimenti","category-notizie-e-aggiornamenti"],"acf":[],"_links":{"self":[{"href":"https:\/\/aspettandomilanocortina2026.it\/de\/wp-json\/wp\/v2\/posts\/915","targetHints":{"allow":["GET"]}}],"collection":[{"href":"https:\/\/aspettandomilanocortina2026.it\/de\/wp-json\/wp\/v2\/posts"}],"about":[{"href":"https:\/\/aspettandomilanocortina2026.it\/de\/wp-json\/wp\/v2\/types\/post"}],"author":[{"embeddable":true,"href":"https:\/\/aspettandomilanocortina2026.it\/de\/wp-json\/wp\/v2\/users\/3"}],"replies":[{"embeddable":true,"href":"https:\/\/aspettandomilanocortina2026.it\/de\/wp-json\/wp\/v2\/comments?post=915"}],"version-history":[{"count":1,"href":"https:\/\/aspettandomilanocortina2026.it\/de\/wp-json\/wp\/v2\/posts\/915\/revisions"}],"predecessor-version":[{"id":918,"href":"https:\/\/aspettandomilanocortina2026.it\/de\/wp-json\/wp\/v2\/posts\/915\/revisions\/918"}],"wp:featuredmedia":[{"embeddable":true,"href":"https:\/\/aspettandomilanocortina2026.it\/de\/wp-json\/wp\/v2\/media\/917"}],"wp:attachment":[{"href":"https:\/\/aspettandomilanocortina2026.it\/de\/wp-json\/wp\/v2\/media?parent=915"}],"wp:term":[{"taxonomy":"category","embeddable":true,"href":"https:\/\/aspettandomilanocortina2026.it\/de\/wp-json\/wp\/v2\/categories?post=915"},{"taxonomy":"post_tag","embeddable":true,"href":"https:\/\/aspettandomilanocortina2026.it\/de\/wp-json\/wp\/v2\/tags?post=915"}],"curies":[{"name":"wp","href":"https:\/\/api.w.org\/{rel}","templated":true}]}}