{"id":904,"date":"2025-08-14T14:40:31","date_gmt":"2025-08-14T12:40:31","guid":{"rendered":"https:\/\/aspettandomilanocortina2026.it\/?p=904"},"modified":"2025-08-14T15:05:08","modified_gmt":"2025-08-14T13:05:08","slug":"syracuse-begrust-die-olympische-fackel-geschichte-meer-und-sportliche-leidenschaft","status":"publish","type":"post","link":"https:\/\/aspettandomilanocortina2026.it\/de\/syracuse-begrust-die-olympische-fackel-geschichte-meer-und-sportliche-leidenschaft\/","title":{"rendered":"Syrakus begr\u00fc\u00dft die olympische Fackel: Geschichte, Meer und sportliche Leidenschaft"},"content":{"rendered":"<script type=\"text\/plain\" data-tcf=\"waiting-for-consent\" data-id=\"1033\" data-bid=\"1\" data-placement=\"1034\">PGRpdiBpZD0iYW1jLTMwNzQ3NDcwMjkiIGNsYXNzPSJhbWMtcHJpbWEtZGVsLWNvbnRlbnV0byI+PHNjcmlwdCBhc3luYyBzcmM9Ii8vcGFnZWFkMi5nb29nbGVzeW5kaWNhdGlvbi5jb20vcGFnZWFkL2pzL2Fkc2J5Z29vZ2xlLmpzP2NsaWVudD1jYS1wdWItNDQwMTE0NTAyNzUzOTExNSIgY3Jvc3NvcmlnaW49ImFub255bW91cyI+PC9zY3JpcHQ+PGlucyBjbGFzcz0iYWRzYnlnb29nbGUiIHN0eWxlPSJkaXNwbGF5OmJsb2NrOyIgZGF0YS1hZC1jbGllbnQ9ImNhLXB1Yi00NDAxMTQ1MDI3NTM5MTE1IiAKZGF0YS1hZC1zbG90PSIiIApkYXRhLWFkLWZvcm1hdD0iYXV0byIgZGF0YS1mdWxsLXdpZHRoLXJlc3BvbnNpdmU9InRydWUiPjwvaW5zPgo8c2NyaXB0PiAKKGFkc2J5Z29vZ2xlID0gd2luZG93LmFkc2J5Z29vZ2xlIHx8IFtdKS5wdXNoKHt9KTsgCjwvc2NyaXB0Pgo8L2Rpdj4=<\/script>\n<p>Syrakus, 17. Dezember 2025 Die Reise der olympischen Fackel von Mailand-Cortina 2026, die weiterhin Sport und Kultur miteinander verbindet, wird am 17. Dezember in Syrakus, einer der faszinierendsten und geschichtstr\u00e4chtigsten St\u00e4dte des Mittelmeers, Halt machen. Hier, inmitten des intensiven Blaus des Meeres und der \u00dcberreste einer jahrtausendealten Zivilisation, wird der Durchgang des olympischen Feuers zu einem wahren kollektiven Fest werden.<\/p><script type=\"text\/plain\" data-tcf=\"waiting-for-consent\" data-id=\"1037\" data-bid=\"1\" data-placement=\"726\">PGRpdiBpZD0iYW1jLTIyNDU2NDY4MTQiIGNsYXNzPSJhbWMtcG9zdC1jb250ZW50IiBzdHlsZT0ibWFyZ2luLWxlZnQ6IGF1dG87bWFyZ2luLXJpZ2h0OiBhdXRvO3RleHQtYWxpZ246IGNlbnRlcjsiPjxzY3JpcHQgYXN5bmMgc3JjPSIvL3BhZ2VhZDIuZ29vZ2xlc3luZGljYXRpb24uY29tL3BhZ2VhZC9qcy9hZHNieWdvb2dsZS5qcz9jbGllbnQ9Y2EtcHViLTQ0MDExNDUwMjc1MzkxMTUiIGNyb3Nzb3JpZ2luPSJhbm9ueW1vdXMiPjwvc2NyaXB0PjxpbnMgY2xhc3M9ImFkc2J5Z29vZ2xlIiBzdHlsZT0iZGlzcGxheTpibG9jazsiIGRhdGEtYWQtY2xpZW50PSJjYS1wdWItNDQwMTE0NTAyNzUzOTExNSIgCmRhdGEtYWQtc2xvdD0iODAyMDU4Mzc5MyIgCmRhdGEtYWQtZm9ybWF0PSJhdXRvIiBkYXRhLWZ1bGwtd2lkdGgtcmVzcG9uc2l2ZT0idHJ1ZSI+PC9pbnM+CjxzY3JpcHQ+IAooYWRzYnlnb29nbGUgPSB3aW5kb3cuYWRzYnlnb29nbGUgfHwgW10pLnB1c2goe30pOyAKPC9zY3JpcHQ+CjwvZGl2PjxiciBzdHlsZT0iY2xlYXI6IGJvdGg7IGRpc3BsYXk6IGJsb2NrOyBmbG9hdDogbm9uZTsiLz4=<\/script>\n\n\n\n<h2 class=\"wp-block-heading\"><strong>Eine Reise durch die Geschichte und das Meer<\/strong><\/h2>\n\n\n\n<p>Die Reise der Fackel von Syrakus wird eine Reise in die Sch\u00f6nheit sein: vom<strong>Insel Ortigia<\/strong>Herzen der Stadt und UNESCO-Kulturerbe, bis die <strong>Arch\u00e4ologischer Park von Neapolis<\/strong>dem Sitz des ber\u00fchmten griechischen Theaters. Die Fackel wird durch antike Gassen und \u00fcber das Meer f\u00fchren, begleitet von der Herzlichkeit der Bev\u00f6lkerung und den leuchtenden Farben der lokalen Traditionen.<\/p><script type=\"text\/plain\" data-tcf=\"waiting-for-consent\" data-id=\"1033\" data-bid=\"1\" data-placement=\"985\">PGRpdiBpZD0iYW1jLTkxMjIyMTY3MSIgY2xhc3M9ImFtYy1taC1taWQiPjxzY3JpcHQgYXN5bmMgc3JjPSIvL3BhZ2VhZDIuZ29vZ2xlc3luZGljYXRpb24uY29tL3BhZ2VhZC9qcy9hZHNieWdvb2dsZS5qcz9jbGllbnQ9Y2EtcHViLTQ0MDExNDUwMjc1MzkxMTUiIGNyb3Nzb3JpZ2luPSJhbm9ueW1vdXMiPjwvc2NyaXB0PjxpbnMgY2xhc3M9ImFkc2J5Z29vZ2xlIiBzdHlsZT0iZGlzcGxheTpibG9jazsiIGRhdGEtYWQtY2xpZW50PSJjYS1wdWItNDQwMTE0NTAyNzUzOTExNSIgCmRhdGEtYWQtc2xvdD0iIiAKZGF0YS1hZC1mb3JtYXQ9ImF1dG8iIGRhdGEtZnVsbC13aWR0aC1yZXNwb25zaXZlPSJ0cnVlIj48L2lucz4KPHNjcmlwdD4gCihhZHNieWdvb2dsZSA9IHdpbmRvdy5hZHNieWdvb2dsZSB8fCBbXSkucHVzaCh7fSk7IAo8L3NjcmlwdD4KPC9kaXY+<\/script>\n\n\n\n<p>Entlang der Strecke werden Dutzende von Fackeltr\u00e4gern an dem heiligen Feuer, einem Symbol f\u00fcr Einheit und Frieden, vorbeiziehen und an symboltr\u00e4chtigen Punkten wie der Arethusa-Quelle und der Levante-Promenade Halt machen, wo das Licht der Flamme mit dem des Sonnenuntergangs verschmilzt.<\/p>\n\n\n\n<h2 class=\"wp-block-heading\"><strong>Syrakus, eine Br\u00fccke zwischen Vergangenheit und Zukunft<\/strong><\/h2>\n\n\n\n<p>F\u00fcr Syrakus bedeutet die Austragung der olympischen Fackel mehr als nur einen sportlichen Zwischenstopp: Es ist eine Gelegenheit, der Welt seine Geschichte zu erz\u00e4hlen, von seinen griechischen Wurzeln bis hin zu seiner heutigen Identit\u00e4t, die aus Kultur, Tourismus und Innovation besteht. Der Fackellauf wird auch ein Moment der Werbung f\u00fcr die Region sein und nationale und internationale Besucher und Medien anziehen.<\/p>\n\n\n\n<h2 class=\"wp-block-heading\"><strong>Geschm\u00e4cker, Kl\u00e4nge und Traditionen<\/strong><\/h2>\n\n\n\n<p>Diejenigen, die der Passage folgen, k\u00f6nnen auch in die typischen Aromen der K\u00fcche von Syrakus eintauchen: Granitas mit Zitrusfr\u00fcchten, Arancini, frischer Fisch und die ber\u00fchmten Nudeln mit Seeigel. Die Stra\u00dfen werden von Musik, Ch\u00f6ren und Volkst\u00e4nzen erf\u00fcllt sein, die den Tag in ein gro\u00dfes Fest verwandeln.<\/p>\n\n\n\n<h2 class=\"wp-block-heading\"><strong>Auf dem Weg nach Mailand Cortina 2026<\/strong><\/h2>\n\n\n\n<p>Nach Syrakus wird die Fackel ihre Reise zu den weiteren sizilianischen Etappen fortsetzen und dabei die Energie des S\u00fcdens und die Herzlichkeit der sizilianischen Bev\u00f6lkerung mit sich bringen. Die Ankunft in Mailand am 6. Februar 2026 zur Er\u00f6ffnungszeremonie im San-Siro-Stadion wird der H\u00f6hepunkt dieser langen Reise sein, die Monate zuvor begann und Italien von Nord bis S\u00fcd im Zeichen des Sports vereint.<\/p>\n\n\n\n<figure class=\"wp-block-embed is-type-video is-provider-youtube wp-block-embed-youtube wp-embed-aspect-16-9 wp-has-aspect-ratio\"><div class=\"wp-block-embed__wrapper\">\n<iframe loading=\"lazy\" title=\"10 Dinge, die man in SYRACUSE gesehen haben muss - TOURIST GUIDE\" width=\"500\" height=\"281\" src=\"https:\/\/www.youtube.com\/embed\/XoR3aJidj_A?feature=oembed\" frameborder=\"0\" allow=\"accelerometer; autoplay; clipboard-write; encrypted-media; gyroscope; picture-in-picture; web-share\" referrerpolicy=\"strict-origin-when-cross-origin\" allowfullscreen><\/iframe>\n<\/div><\/figure>\n<div class=\"amc-dopo-il-contenuto\" id=\"amc-2262042730\"><script type=\"text\/plain\" data-tcf=\"waiting-for-consent\" data-id=\"1033\" data-bid=\"1\">PGRpdiBpZD0iYW1jLTEwMzQ1NzQwNzQiPjxzY3JpcHQgYXN5bmMgc3JjPSIvL3BhZ2VhZDIuZ29vZ2xlc3luZGljYXRpb24uY29tL3BhZ2VhZC9qcy9hZHNieWdvb2dsZS5qcz9jbGllbnQ9Y2EtcHViLTQ0MDExNDUwMjc1MzkxMTUiIGNyb3Nzb3JpZ2luPSJhbm9ueW1vdXMiPjwvc2NyaXB0PjxpbnMgY2xhc3M9ImFkc2J5Z29vZ2xlIiBzdHlsZT0iZGlzcGxheTpibG9jazsiIGRhdGEtYWQtY2xpZW50PSJjYS1wdWItNDQwMTE0NTAyNzUzOTExNSIgCmRhdGEtYWQtc2xvdD0iIiAKZGF0YS1hZC1mb3JtYXQ9ImF1dG8iIGRhdGEtZnVsbC13aWR0aC1yZXNwb25zaXZlPSJ0cnVlIj48L2lucz4KPHNjcmlwdD4gCihhZHNieWdvb2dsZSA9IHdpbmRvdy5hZHNieWdvb2dsZSB8fCBbXSkucHVzaCh7fSk7IAo8L3NjcmlwdD4KPC9kaXY+<\/script><\/div>","protected":false},"excerpt":{"rendered":"<p>Siracusa, 17 dicembre 2025 il viaggio della Fiaccola Olimpica di Milano Cortina 2026 continua a intrecciare sport e cultura, e il 17 dicembre far\u00e0 tappa a Siracusa, una delle citt\u00e0 pi\u00f9 affascinanti e ricche di storia del Mediterraneo. Qui, tra il blu intenso del mare e i resti di una civilt\u00e0 millenaria, il passaggio del [&hellip;]<\/p>","protected":false},"author":3,"featured_media":911,"comment_status":"open","ping_status":"closed","sticky":false,"template":"","format":"standard","meta":{"_acf_changed":false,"footnotes":""},"categories":[5,1,16],"tags":[],"class_list":["post-904","post","type-post","status-publish","format-standard","has-post-thumbnail","hentry","category-guida-per-i-tifosi","category-notizie-e-aggiornamenti","category-notizie-e-approfondimenti"],"acf":[],"_links":{"self":[{"href":"https:\/\/aspettandomilanocortina2026.it\/de\/wp-json\/wp\/v2\/posts\/904","targetHints":{"allow":["GET"]}}],"collection":[{"href":"https:\/\/aspettandomilanocortina2026.it\/de\/wp-json\/wp\/v2\/posts"}],"about":[{"href":"https:\/\/aspettandomilanocortina2026.it\/de\/wp-json\/wp\/v2\/types\/post"}],"author":[{"embeddable":true,"href":"https:\/\/aspettandomilanocortina2026.it\/de\/wp-json\/wp\/v2\/users\/3"}],"replies":[{"embeddable":true,"href":"https:\/\/aspettandomilanocortina2026.it\/de\/wp-json\/wp\/v2\/comments?post=904"}],"version-history":[{"count":4,"href":"https:\/\/aspettandomilanocortina2026.it\/de\/wp-json\/wp\/v2\/posts\/904\/revisions"}],"predecessor-version":[{"id":920,"href":"https:\/\/aspettandomilanocortina2026.it\/de\/wp-json\/wp\/v2\/posts\/904\/revisions\/920"}],"wp:featuredmedia":[{"embeddable":true,"href":"https:\/\/aspettandomilanocortina2026.it\/de\/wp-json\/wp\/v2\/media\/911"}],"wp:attachment":[{"href":"https:\/\/aspettandomilanocortina2026.it\/de\/wp-json\/wp\/v2\/media?parent=904"}],"wp:term":[{"taxonomy":"category","embeddable":true,"href":"https:\/\/aspettandomilanocortina2026.it\/de\/wp-json\/wp\/v2\/categories?post=904"},{"taxonomy":"post_tag","embeddable":true,"href":"https:\/\/aspettandomilanocortina2026.it\/de\/wp-json\/wp\/v2\/tags?post=904"}],"curies":[{"name":"wp","href":"https:\/\/api.w.org\/{rel}","templated":true}]}}