{"id":874,"date":"2025-08-06T12:03:50","date_gmt":"2025-08-06T11:03:50","guid":{"rendered":"https:\/\/aspettandomilanocortina2026.it\/?p=874"},"modified":"2025-08-06T12:17:54","modified_gmt":"2025-08-06T11:17:54","slug":"palermo-15-dezember-2025-die-olympische-fackel-erleuchtet-sizilien","status":"publish","type":"post","link":"https:\/\/aspettandomilanocortina2026.it\/de\/palermo-15-dezember-2025-die-olympische-fackel-erleuchtet-sizilien\/","title":{"rendered":"Palermo, 15. Dezember 2025: Olympischer Fackelschein erleuchtet Sizilien"},"content":{"rendered":"<script type=\"text\/plain\" data-tcf=\"waiting-for-consent\" data-id=\"1033\" data-bid=\"1\" data-placement=\"1034\">PGRpdiBpZD0iYW1jLTEwMDk0MjgxNTAiIGNsYXNzPSJhbWMtcHJpbWEtZGVsLWNvbnRlbnV0byI+PHNjcmlwdCBhc3luYyBzcmM9Ii8vcGFnZWFkMi5nb29nbGVzeW5kaWNhdGlvbi5jb20vcGFnZWFkL2pzL2Fkc2J5Z29vZ2xlLmpzP2NsaWVudD1jYS1wdWItNDQwMTE0NTAyNzUzOTExNSIgY3Jvc3NvcmlnaW49ImFub255bW91cyI+PC9zY3JpcHQ+PGlucyBjbGFzcz0iYWRzYnlnb29nbGUiIHN0eWxlPSJkaXNwbGF5OmJsb2NrOyIgZGF0YS1hZC1jbGllbnQ9ImNhLXB1Yi00NDAxMTQ1MDI3NTM5MTE1IiAKZGF0YS1hZC1zbG90PSIiIApkYXRhLWFkLWZvcm1hdD0iYXV0byIgZGF0YS1mdWxsLXdpZHRoLXJlc3BvbnNpdmU9InRydWUiPjwvaW5zPgo8c2NyaXB0PiAKKGFkc2J5Z29vZ2xlID0gd2luZG93LmFkc2J5Z29vZ2xlIHx8IFtdKS5wdXNoKHt9KTsgCjwvc2NyaXB0Pgo8L2Rpdj4=<\/script>\n<p><strong>Palermo<\/strong> ist bereit, das olympische Feuer von Mailand-Cortina 2026 am 15. Dezember 2025 zu empfangen, dem f\u00fcnften Tag der Passage nach Sizilien nach Nuoro (13. Dezember) und Cagliari (14. Dezember). Ein Tag voller Symbolik, Emotionen und Gemeinschaftswert, der die territoriale Identit\u00e4t und die nationale Einheit hervorhebt.<\/p><script type=\"text\/plain\" data-tcf=\"waiting-for-consent\" data-id=\"1037\" data-bid=\"1\" data-placement=\"726\">PGRpdiBpZD0iYW1jLTg2Mzk2MzY5MyIgY2xhc3M9ImFtYy1wb3N0LWNvbnRlbnQiIHN0eWxlPSJtYXJnaW4tbGVmdDogYXV0bzttYXJnaW4tcmlnaHQ6IGF1dG87dGV4dC1hbGlnbjogY2VudGVyOyI+PHNjcmlwdCBhc3luYyBzcmM9Ii8vcGFnZWFkMi5nb29nbGVzeW5kaWNhdGlvbi5jb20vcGFnZWFkL2pzL2Fkc2J5Z29vZ2xlLmpzP2NsaWVudD1jYS1wdWItNDQwMTE0NTAyNzUzOTExNSIgY3Jvc3NvcmlnaW49ImFub255bW91cyI+PC9zY3JpcHQ+PGlucyBjbGFzcz0iYWRzYnlnb29nbGUiIHN0eWxlPSJkaXNwbGF5OmJsb2NrOyIgZGF0YS1hZC1jbGllbnQ9ImNhLXB1Yi00NDAxMTQ1MDI3NTM5MTE1IiAKZGF0YS1hZC1zbG90PSI4MDIwNTgzNzkzIiAKZGF0YS1hZC1mb3JtYXQ9ImF1dG8iIGRhdGEtZnVsbC13aWR0aC1yZXNwb25zaXZlPSJ0cnVlIj48L2lucz4KPHNjcmlwdD4gCihhZHNieWdvb2dsZSA9IHdpbmRvdy5hZHNieWdvb2dsZSB8fCBbXSkucHVzaCh7fSk7IAo8L3NjcmlwdD4KPC9kaXY+PGJyIHN0eWxlPSJjbGVhcjogYm90aDsgZGlzcGxheTogYmxvY2s7IGZsb2F0OiBub25lOyIvPg==<\/script>\n\n\n\n<p><strong>Eine nie dagewesene nationale Reise<\/strong><\/p><script type=\"text\/plain\" data-tcf=\"waiting-for-consent\" data-id=\"1033\" data-bid=\"1\" data-placement=\"985\">PGRpdiBpZD0iYW1jLTM1ODgzNjAxOTQiIGNsYXNzPSJhbWMtbWgtbWlkIj48c2NyaXB0IGFzeW5jIHNyYz0iLy9wYWdlYWQyLmdvb2dsZXN5bmRpY2F0aW9uLmNvbS9wYWdlYWQvanMvYWRzYnlnb29nbGUuanM\/Y2xpZW50PWNhLXB1Yi00NDAxMTQ1MDI3NTM5MTE1IiBjcm9zc29yaWdpbj0iYW5vbnltb3VzIj48L3NjcmlwdD48aW5zIGNsYXNzPSJhZHNieWdvb2dsZSIgc3R5bGU9ImRpc3BsYXk6YmxvY2s7IiBkYXRhLWFkLWNsaWVudD0iY2EtcHViLTQ0MDExNDUwMjc1MzkxMTUiIApkYXRhLWFkLXNsb3Q9IiIgCmRhdGEtYWQtZm9ybWF0PSJhdXRvIiBkYXRhLWZ1bGwtd2lkdGgtcmVzcG9uc2l2ZT0idHJ1ZSI+PC9pbnM+CjxzY3JpcHQ+IAooYWRzYnlnb29nbGUgPSB3aW5kb3cuYWRzYnlnb29nbGUgfHwgW10pLnB1c2goe30pOyAKPC9zY3JpcHQ+CjwvZGl2Pg==<\/script>\n\n\n\n<p>Die Fackelroute, getauft auf den Namen <strong>Die gr\u00f6\u00dfte Reise<\/strong>wird in 63 Tagen den gesamten italienischen Stiefel durchqueren und dabei 60 offizielle Etappen und \u00fcber 12.000 km zur\u00fccklegen. Die Etappe von Palermo ist Teil des sizilianischen Abschnitts, der zwischen dem 15. und 18. Dezember auch Agrigento, Syrakus und Catania ber\u00fchrt.<\/p>\n\n\n\n<p><strong>Geplante Route in Palermo<\/strong><\/p>\n\n\n\n<p>Die Fackel wird durch stimmungsvolle Landschaften wandern und die Stadt in eine B\u00fchne des Sports und der Erinnerung verwandeln:<\/p>\n\n\n\n<ul class=\"wp-block-list\">\n<li>Abfahrt am Morgen von der Piazza Politeama oder dem Massimo-Theater<\/li>\n\n\n\n<li>Transit zwischen Via Ruggero Settimo, Quattro Canti, Via Vittorio Emanuele<\/li>\n\n\n\n<li>Ankunft auf der historischen Piazza Pretoria oder im Bereich des Englischen Gartens, dem Schauplatz der offiziellen Zeremonie<\/li>\n<\/ul>\n\n\n\n<p>Entlang der Strecke kann man die Flamme zwischen symboltr\u00e4chtigen Orten wie dem <strong>Kathedrale<\/strong>die <strong>Ballar\u00f2-Markt<\/strong> und das privilegierte Panorama der <strong>Monte Pellegrino<\/strong>.<\/p>\n\n\n\n<p><strong>Die Protagonisten des Staffellaufs<\/strong><\/p>\n\n\n\n<p>Mehr als 10.000 Fackeltr\u00e4ger werden die Flamme durch ganz Italien tragen: F\u00fcr Palermo werden etwa 10-12 Fackeltr\u00e4ger erwartet, die aus dem Kreis der Teilnehmer ausgew\u00e4hlt werden:<\/p>\n\n\n\n<ul class=\"wp-block-list\">\n<li>Junge lokale Sportler<\/li>\n\n\n\n<li>Freiwillige Helfer und Studenten<\/li>\n\n\n\n<li>Vertreter der sizilianischen Kulturgemeinschaften<\/li>\n\n\n\n<li>Ein letzter, \u00fcberraschender Fackeltr\u00e4ger wird die Fackel zum Licht des letzten Feuers tragen<\/li>\n<\/ul>\n\n\n\n<p><strong>Eine Stadt im Aufbruch: zwischen Fest und Gemeinschaft<\/strong><\/p>\n\n\n\n<p>Palermo wird einen Tag des kollektiven Feierns erleben, mit zahlreichen kulturellen und sportlichen Veranstaltungen:<\/p>\n\n\n\n<ul class=\"wp-block-list\">\n<li>Folkloristische Darbietungen, Live-Musik und Multimedia-Installationen<\/li>\n\n\n\n<li>Workshops zum Thema Olympia f\u00fcr Kinder<\/li>\n\n\n\n<li>Sportecken auf Pl\u00e4tzen zur F\u00f6rderung neuer Wintersportarten<\/li>\n\n\n\n<li>Informationsst\u00e4nde zu Mailand Cortina 2026 mit den Schwerpunkten Nachhaltigkeit, Integration und verantwortungsvoller Tourismus<\/li>\n\n\n\n<li><strong>Nicht zu verpassen:<\/strong><\/li>\n<\/ul>\n\n\n\n<ul class=\"wp-block-list\">\n<li>La <strong>Kathedrale von Palermo<\/strong>UNESCO-Kulturerbe, mit seiner Verschmelzung von arabisch-normannischem, gotischem und barockem Stil.<\/li>\n\n\n\n<li>Die <strong>Palast der Normannen<\/strong> und die <strong>Pf\u00e4lzische Kapelle<\/strong>authentische Juwelen der byzantinischen Mosaiken.<\/li>\n\n\n\n<li>Die stimmungsvolle <strong>Vier Lieder<\/strong>Herzen des historischen Zentrums, und die lebendige <strong>Ballar\u00f2-Markt<\/strong>wo Tradition und Alltag zusammenkommen.<\/li>\n\n\n\n<li>Ein Spaziergang nach <strong>Monte Pellegrino<\/strong>f\u00fcr einen atemberaubenden Blick auf den Golf, oder ein Besuch im <strong>Englischer Garten<\/strong>einer der m\u00f6glichen Punkte der Fackelroute.<\/li>\n<\/ul>\n\n\n\n<figure class=\"wp-block-gallery has-nested-images columns-default is-cropped wp-block-gallery-1 is-layout-flex wp-block-gallery-is-layout-flex\">\n<figure class=\"wp-block-image size-large\"><img loading=\"lazy\" decoding=\"async\" width=\"1024\" height=\"706\" data-id=\"880\" src=\"https:\/\/aspettandomilanocortina2026.it\/wp-content\/uploads\/2025\/08\/pexels-adria-masi-461420600-20526956-1024x706.jpg\" alt=\"\" class=\"wp-image-880\" title=\"\" srcset=\"https:\/\/aspettandomilanocortina2026.it\/wp-content\/uploads\/2025\/08\/pexels-adria-masi-461420600-20526956-1024x706.jpg 1024w, https:\/\/aspettandomilanocortina2026.it\/wp-content\/uploads\/2025\/08\/pexels-adria-masi-461420600-20526956-300x207.jpg 300w, https:\/\/aspettandomilanocortina2026.it\/wp-content\/uploads\/2025\/08\/pexels-adria-masi-461420600-20526956-768x529.jpg 768w, https:\/\/aspettandomilanocortina2026.it\/wp-content\/uploads\/2025\/08\/pexels-adria-masi-461420600-20526956-1536x1058.jpg 1536w, https:\/\/aspettandomilanocortina2026.it\/wp-content\/uploads\/2025\/08\/pexels-adria-masi-461420600-20526956-2048x1411.jpg 2048w, https:\/\/aspettandomilanocortina2026.it\/wp-content\/uploads\/2025\/08\/pexels-adria-masi-461420600-20526956-18x12.jpg 18w, https:\/\/aspettandomilanocortina2026.it\/wp-content\/uploads\/2025\/08\/pexels-adria-masi-461420600-20526956-1200x827.jpg 1200w, https:\/\/aspettandomilanocortina2026.it\/wp-content\/uploads\/2025\/08\/pexels-adria-masi-461420600-20526956-600x413.jpg 600w\" sizes=\"auto, (max-width: 1024px) 100vw, 1024px\" \/><\/figure>\n\n\n\n<figure class=\"wp-block-image size-large\"><img loading=\"lazy\" decoding=\"async\" width=\"1024\" height=\"674\" data-id=\"883\" src=\"https:\/\/aspettandomilanocortina2026.it\/wp-content\/uploads\/2025\/08\/pexels-redrum-visuals-5819288-1024x674.jpg\" alt=\"\" class=\"wp-image-883\" title=\"\" srcset=\"https:\/\/aspettandomilanocortina2026.it\/wp-content\/uploads\/2025\/08\/pexels-redrum-visuals-5819288-1024x674.jpg 1024w, https:\/\/aspettandomilanocortina2026.it\/wp-content\/uploads\/2025\/08\/pexels-redrum-visuals-5819288-300x197.jpg 300w, https:\/\/aspettandomilanocortina2026.it\/wp-content\/uploads\/2025\/08\/pexels-redrum-visuals-5819288-768x505.jpg 768w, https:\/\/aspettandomilanocortina2026.it\/wp-content\/uploads\/2025\/08\/pexels-redrum-visuals-5819288-1536x1011.jpg 1536w, https:\/\/aspettandomilanocortina2026.it\/wp-content\/uploads\/2025\/08\/pexels-redrum-visuals-5819288-2048x1348.jpg 2048w, https:\/\/aspettandomilanocortina2026.it\/wp-content\/uploads\/2025\/08\/pexels-redrum-visuals-5819288-18x12.jpg 18w, https:\/\/aspettandomilanocortina2026.it\/wp-content\/uploads\/2025\/08\/pexels-redrum-visuals-5819288-1200x790.jpg 1200w, https:\/\/aspettandomilanocortina2026.it\/wp-content\/uploads\/2025\/08\/pexels-redrum-visuals-5819288-600x395.jpg 600w\" sizes=\"auto, (max-width: 1024px) 100vw, 1024px\" \/><\/figure>\n\n\n\n<figure class=\"wp-block-image size-large\"><img loading=\"lazy\" decoding=\"async\" width=\"683\" height=\"1024\" data-id=\"882\" src=\"https:\/\/aspettandomilanocortina2026.it\/wp-content\/uploads\/2025\/08\/pexels-bingqian-li-230971044-30036960-683x1024.jpg\" alt=\"\" class=\"wp-image-882\" title=\"\" srcset=\"https:\/\/aspettandomilanocortina2026.it\/wp-content\/uploads\/2025\/08\/pexels-bingqian-li-230971044-30036960-683x1024.jpg 683w, https:\/\/aspettandomilanocortina2026.it\/wp-content\/uploads\/2025\/08\/pexels-bingqian-li-230971044-30036960-200x300.jpg 200w, https:\/\/aspettandomilanocortina2026.it\/wp-content\/uploads\/2025\/08\/pexels-bingqian-li-230971044-30036960-768x1152.jpg 768w, https:\/\/aspettandomilanocortina2026.it\/wp-content\/uploads\/2025\/08\/pexels-bingqian-li-230971044-30036960-1024x1536.jpg 1024w, https:\/\/aspettandomilanocortina2026.it\/wp-content\/uploads\/2025\/08\/pexels-bingqian-li-230971044-30036960-1365x2048.jpg 1365w, https:\/\/aspettandomilanocortina2026.it\/wp-content\/uploads\/2025\/08\/pexels-bingqian-li-230971044-30036960-8x12.jpg 8w, https:\/\/aspettandomilanocortina2026.it\/wp-content\/uploads\/2025\/08\/pexels-bingqian-li-230971044-30036960-1200x1800.jpg 1200w, https:\/\/aspettandomilanocortina2026.it\/wp-content\/uploads\/2025\/08\/pexels-bingqian-li-230971044-30036960-600x900.jpg 600w, https:\/\/aspettandomilanocortina2026.it\/wp-content\/uploads\/2025\/08\/pexels-bingqian-li-230971044-30036960-scaled.jpg 1707w\" sizes=\"auto, (max-width: 683px) 100vw, 683px\" \/><\/figure>\n\n\n\n<figure class=\"wp-block-image size-large\"><img loading=\"lazy\" decoding=\"async\" width=\"1024\" height=\"768\" data-id=\"886\" src=\"https:\/\/aspettandomilanocortina2026.it\/wp-content\/uploads\/2025\/08\/palermo-766_1280-1024x768.jpg\" alt=\"Kathedrale von Palermo\" class=\"wp-image-886\" title=\"\" srcset=\"https:\/\/aspettandomilanocortina2026.it\/wp-content\/uploads\/2025\/08\/palermo-766_1280-1024x768.jpg 1024w, https:\/\/aspettandomilanocortina2026.it\/wp-content\/uploads\/2025\/08\/palermo-766_1280-300x225.jpg 300w, https:\/\/aspettandomilanocortina2026.it\/wp-content\/uploads\/2025\/08\/palermo-766_1280-768x576.jpg 768w, https:\/\/aspettandomilanocortina2026.it\/wp-content\/uploads\/2025\/08\/palermo-766_1280-16x12.jpg 16w, https:\/\/aspettandomilanocortina2026.it\/wp-content\/uploads\/2025\/08\/palermo-766_1280-1200x900.jpg 1200w, https:\/\/aspettandomilanocortina2026.it\/wp-content\/uploads\/2025\/08\/palermo-766_1280-600x450.jpg 600w, https:\/\/aspettandomilanocortina2026.it\/wp-content\/uploads\/2025\/08\/palermo-766_1280.jpg 1280w\" sizes=\"auto, (max-width: 1024px) 100vw, 1024px\" \/><\/figure>\n<\/figure>\n\n\n\n<p><strong>Was man unbedingt essen sollte:<\/strong><\/p>\n\n\n\n<ul class=\"wp-block-list\">\n<li>Der Klassiker <strong>Brot mit Milz <\/strong>(pani c\u00e2 meusa) f\u00fcr ein authentisches Streetfood-Erlebnis.<\/li>\n\n\n\n<li>Le <strong>arancine<\/strong> (nicht Arancini!), insbesondere solche mit Butter oder Fleisch.<\/li>\n\n\n\n<li>Ein Teil der <strong>sfincione<\/strong> (die typische Focaccia) oder eine <strong>stigghiola<\/strong> (gebratene Innereien) f\u00fcr die ganz Mutigen.<\/li>\n\n\n\n<li>Und zum Abschluss: eine Granita oder ein <strong>Cannoli<\/strong> frisch gef\u00fcllt in einer historischen Konditorei.<\/li>\n<\/ul>\n\n\n\n<figure class=\"wp-block-gallery has-nested-images columns-default is-cropped wp-block-gallery-2 is-layout-flex wp-block-gallery-is-layout-flex\">\n<figure class=\"wp-block-image size-large\"><img loading=\"lazy\" decoding=\"async\" width=\"1024\" height=\"682\" data-id=\"884\" src=\"https:\/\/aspettandomilanocortina2026.it\/wp-content\/uploads\/2025\/08\/fried-1608305_1280-1024x682.jpg\" alt=\"\" class=\"wp-image-884\" title=\"\" srcset=\"https:\/\/aspettandomilanocortina2026.it\/wp-content\/uploads\/2025\/08\/fried-1608305_1280-1024x682.jpg 1024w, https:\/\/aspettandomilanocortina2026.it\/wp-content\/uploads\/2025\/08\/fried-1608305_1280-300x200.jpg 300w, https:\/\/aspettandomilanocortina2026.it\/wp-content\/uploads\/2025\/08\/fried-1608305_1280-768x512.jpg 768w, https:\/\/aspettandomilanocortina2026.it\/wp-content\/uploads\/2025\/08\/fried-1608305_1280-18x12.jpg 18w, https:\/\/aspettandomilanocortina2026.it\/wp-content\/uploads\/2025\/08\/fried-1608305_1280-1200x800.jpg 1200w, https:\/\/aspettandomilanocortina2026.it\/wp-content\/uploads\/2025\/08\/fried-1608305_1280-600x400.jpg 600w, https:\/\/aspettandomilanocortina2026.it\/wp-content\/uploads\/2025\/08\/fried-1608305_1280.jpg 1280w\" sizes=\"auto, (max-width: 1024px) 100vw, 1024px\" \/><\/figure>\n\n\n\n<figure class=\"wp-block-image size-large\"><img loading=\"lazy\" decoding=\"async\" width=\"1024\" height=\"682\" data-id=\"885\" src=\"https:\/\/aspettandomilanocortina2026.it\/wp-content\/uploads\/2025\/08\/dessert-812050_1280-1024x682.jpg\" alt=\"\" class=\"wp-image-885\" title=\"\" srcset=\"https:\/\/aspettandomilanocortina2026.it\/wp-content\/uploads\/2025\/08\/dessert-812050_1280-1024x682.jpg 1024w, https:\/\/aspettandomilanocortina2026.it\/wp-content\/uploads\/2025\/08\/dessert-812050_1280-300x200.jpg 300w, https:\/\/aspettandomilanocortina2026.it\/wp-content\/uploads\/2025\/08\/dessert-812050_1280-768x512.jpg 768w, https:\/\/aspettandomilanocortina2026.it\/wp-content\/uploads\/2025\/08\/dessert-812050_1280-18x12.jpg 18w, https:\/\/aspettandomilanocortina2026.it\/wp-content\/uploads\/2025\/08\/dessert-812050_1280-1200x800.jpg 1200w, https:\/\/aspettandomilanocortina2026.it\/wp-content\/uploads\/2025\/08\/dessert-812050_1280-600x400.jpg 600w, https:\/\/aspettandomilanocortina2026.it\/wp-content\/uploads\/2025\/08\/dessert-812050_1280.jpg 1280w\" sizes=\"auto, (max-width: 1024px) 100vw, 1024px\" \/><\/figure>\n<\/figure>\n\n\n\n<p><strong>Die n\u00e4chsten sizilianischen Etappen<\/strong><\/p>\n\n\n\n<p>Nach Palermo wird die Fackel in Richtung S\u00fcden weitergef\u00fchrt:<\/p>\n\n\n\n<ul class=\"wp-block-list\">\n<li>16. Dezember: Agrigent<\/li>\n\n\n\n<li>17. Dezember: Syrakus<\/li>\n\n\n\n<li>18. Dezember: Catania<\/li>\n<\/ul>\n\n\n\n<p>Diese Etappen werden die Verbindung zwischen Sport und Territorium st\u00e4rken und die gesamte Insel in einen Weg der nationalen Teilhabe und Teilnahme einbeziehen<\/p>\n\n\n\n<p>Am 15. Dezember 2025 wird die Stadt <em>Palermo<\/em> wird eine neue Seite in der Geschichte der Olympischen Winterspiele schreiben: ein Moment der Einheit, der Kultur und der Teilnahme. Die Fackel wird nicht nur ein symbolischer \u00dcbergang sein, sondern auch eine Gelegenheit, der Welt die W\u00e4rme, Sch\u00f6nheit und Vitalit\u00e4t S\u00fcditaliens zu zeigen. Die Olympischen Spiele vereinen: Palermo wird uns mit dem authentischen Licht der olympischen Flamme daran erinnern.<\/p>\n\n\n\n<p>Der Durchgang des olympischen Feuers durch Palermo am 15. Dezember ist auch eine einzigartige Gelegenheit, die historischen, kulturellen und gastronomischen Wunder der Stadt zu entdecken.<\/p>\n\n\n\n<figure class=\"wp-block-embed is-type-video is-provider-youtube wp-block-embed-youtube wp-embed-aspect-16-9 wp-has-aspect-ratio\"><div class=\"wp-block-embed__wrapper\">\n<iframe loading=\"lazy\" title=\"Palermo, Sizilien - Italien Rundgang 4K \ud83c\uddee\ud83c\uddf9\" width=\"500\" height=\"281\" src=\"https:\/\/www.youtube.com\/embed\/4gaLW8X3lko?feature=oembed\" frameborder=\"0\" allow=\"accelerometer; autoplay; clipboard-write; encrypted-media; gyroscope; picture-in-picture; web-share\" referrerpolicy=\"strict-origin-when-cross-origin\" allowfullscreen><\/iframe>\n<\/div><\/figure>\n<div class=\"amc-dopo-il-contenuto\" id=\"amc-578513290\"><script type=\"text\/plain\" data-tcf=\"waiting-for-consent\" data-id=\"1033\" data-bid=\"1\">PGRpdiBpZD0iYW1jLTMzMjk4NjM4NyI+PHNjcmlwdCBhc3luYyBzcmM9Ii8vcGFnZWFkMi5nb29nbGVzeW5kaWNhdGlvbi5jb20vcGFnZWFkL2pzL2Fkc2J5Z29vZ2xlLmpzP2NsaWVudD1jYS1wdWItNDQwMTE0NTAyNzUzOTExNSIgY3Jvc3NvcmlnaW49ImFub255bW91cyI+PC9zY3JpcHQ+PGlucyBjbGFzcz0iYWRzYnlnb29nbGUiIHN0eWxlPSJkaXNwbGF5OmJsb2NrOyIgZGF0YS1hZC1jbGllbnQ9ImNhLXB1Yi00NDAxMTQ1MDI3NTM5MTE1IiAKZGF0YS1hZC1zbG90PSIiIApkYXRhLWFkLWZvcm1hdD0iYXV0byIgZGF0YS1mdWxsLXdpZHRoLXJlc3BvbnNpdmU9InRydWUiPjwvaW5zPgo8c2NyaXB0PiAKKGFkc2J5Z29vZ2xlID0gd2luZG93LmFkc2J5Z29vZ2xlIHx8IFtdKS5wdXNoKHt9KTsgCjwvc2NyaXB0Pgo8L2Rpdj4=<\/script><\/div>","protected":false},"excerpt":{"rendered":"<p>Palermo \u00e8 pronta ad abbracciare la Fiamma Olimpica Milano\u202fCortina 2026 il 15 dicembre 2025, quinto giorno del passaggio in Sicilia dopo Nuoro (13 dicembre) e Cagliari (14 dicembre). Una giornata carica di simbolismo, emozione e valore comunitario, che esalta l\u2019identit\u00e0 territoriale e l\u2019unit\u00e0 nazionale. Un viaggio nazionale senza precedenti Il percorso della Fiaccola, battezzato \u201cThe [&hellip;]<\/p>","protected":false},"author":3,"featured_media":889,"comment_status":"open","ping_status":"open","sticky":false,"template":"","format":"standard","meta":{"_acf_changed":false,"footnotes":""},"categories":[16,5,1],"tags":[],"class_list":["post-874","post","type-post","status-publish","format-standard","has-post-thumbnail","hentry","category-notizie-e-approfondimenti","category-guida-per-i-tifosi","category-notizie-e-aggiornamenti"],"acf":[],"_links":{"self":[{"href":"https:\/\/aspettandomilanocortina2026.it\/de\/wp-json\/wp\/v2\/posts\/874","targetHints":{"allow":["GET"]}}],"collection":[{"href":"https:\/\/aspettandomilanocortina2026.it\/de\/wp-json\/wp\/v2\/posts"}],"about":[{"href":"https:\/\/aspettandomilanocortina2026.it\/de\/wp-json\/wp\/v2\/types\/post"}],"author":[{"embeddable":true,"href":"https:\/\/aspettandomilanocortina2026.it\/de\/wp-json\/wp\/v2\/users\/3"}],"replies":[{"embeddable":true,"href":"https:\/\/aspettandomilanocortina2026.it\/de\/wp-json\/wp\/v2\/comments?post=874"}],"version-history":[{"count":4,"href":"https:\/\/aspettandomilanocortina2026.it\/de\/wp-json\/wp\/v2\/posts\/874\/revisions"}],"predecessor-version":[{"id":893,"href":"https:\/\/aspettandomilanocortina2026.it\/de\/wp-json\/wp\/v2\/posts\/874\/revisions\/893"}],"wp:featuredmedia":[{"embeddable":true,"href":"https:\/\/aspettandomilanocortina2026.it\/de\/wp-json\/wp\/v2\/media\/889"}],"wp:attachment":[{"href":"https:\/\/aspettandomilanocortina2026.it\/de\/wp-json\/wp\/v2\/media?parent=874"}],"wp:term":[{"taxonomy":"category","embeddable":true,"href":"https:\/\/aspettandomilanocortina2026.it\/de\/wp-json\/wp\/v2\/categories?post=874"},{"taxonomy":"post_tag","embeddable":true,"href":"https:\/\/aspettandomilanocortina2026.it\/de\/wp-json\/wp\/v2\/tags?post=874"}],"curies":[{"name":"wp","href":"https:\/\/api.w.org\/{rel}","templated":true}]}}