{"id":862,"date":"2025-08-01T12:09:03","date_gmt":"2025-08-01T11:09:03","guid":{"rendered":"https:\/\/aspettandomilanocortina2026.it\/?p=862"},"modified":"2025-08-01T12:09:05","modified_gmt":"2025-08-01T11:09:05","slug":"cagliari-feiert-die-olympische-fackel-am-14-dezember-sardinien-nimmt-die-spiele-in-empfang","status":"publish","type":"post","link":"https:\/\/aspettandomilanocortina2026.it\/de\/cagliari-feiert-die-olympische-fackel-am-14-dezember-sardinien-nimmt-die-spiele-in-empfang\/","title":{"rendered":"Cagliari feiert die olympische Fackel: Sardinien empf\u00e4ngt die Spiele am 14. Dezember"},"content":{"rendered":"<script type=\"text\/plain\" data-tcf=\"waiting-for-consent\" data-id=\"1033\" data-bid=\"1\" data-placement=\"1034\">PGRpdiBpZD0iYW1jLTQ4Njc4ODg5IiBjbGFzcz0iYW1jLXByaW1hLWRlbC1jb250ZW51dG8iPjxzY3JpcHQgYXN5bmMgc3JjPSIvL3BhZ2VhZDIuZ29vZ2xlc3luZGljYXRpb24uY29tL3BhZ2VhZC9qcy9hZHNieWdvb2dsZS5qcz9jbGllbnQ9Y2EtcHViLTQ0MDExNDUwMjc1MzkxMTUiIGNyb3Nzb3JpZ2luPSJhbm9ueW1vdXMiPjwvc2NyaXB0PjxpbnMgY2xhc3M9ImFkc2J5Z29vZ2xlIiBzdHlsZT0iZGlzcGxheTpibG9jazsiIGRhdGEtYWQtY2xpZW50PSJjYS1wdWItNDQwMTE0NTAyNzUzOTExNSIgCmRhdGEtYWQtc2xvdD0iIiAKZGF0YS1hZC1mb3JtYXQ9ImF1dG8iIGRhdGEtZnVsbC13aWR0aC1yZXNwb25zaXZlPSJ0cnVlIj48L2lucz4KPHNjcmlwdD4gCihhZHNieWdvb2dsZSA9IHdpbmRvdy5hZHNieWdvb2dsZSB8fCBbXSkucHVzaCh7fSk7IAo8L3NjcmlwdD4KPC9kaXY+<\/script>\n<p>Cagliari, 14. Dezember 2025 Nach Nuoro landet die olympische Flamme in der sardischen Hauptstadt und bringt die Energie und die universellen Werte des Sports mit sich. Die Station in Cagliari ist einer der am sehnlichsten erwarteten Momente der symbolischen Reise der olympischen Fackel nach Mailand Cortina 2026, auf einer Insel, auf der Tradition, Gastfreundschaft und Sportkultur an einem Tag zusammenkommen, der Spannung und Teilnahme verspricht.<\/p><script type=\"text\/plain\" data-tcf=\"waiting-for-consent\" data-id=\"1037\" data-bid=\"1\" data-placement=\"726\">PGRpdiBpZD0iYW1jLTE3MzM3MDY2NjUiIGNsYXNzPSJhbWMtcG9zdC1jb250ZW50IiBzdHlsZT0ibWFyZ2luLWxlZnQ6IGF1dG87bWFyZ2luLXJpZ2h0OiBhdXRvO3RleHQtYWxpZ246IGNlbnRlcjsiPjxzY3JpcHQgYXN5bmMgc3JjPSIvL3BhZ2VhZDIuZ29vZ2xlc3luZGljYXRpb24uY29tL3BhZ2VhZC9qcy9hZHNieWdvb2dsZS5qcz9jbGllbnQ9Y2EtcHViLTQ0MDExNDUwMjc1MzkxMTUiIGNyb3Nzb3JpZ2luPSJhbm9ueW1vdXMiPjwvc2NyaXB0PjxpbnMgY2xhc3M9ImFkc2J5Z29vZ2xlIiBzdHlsZT0iZGlzcGxheTpibG9jazsiIGRhdGEtYWQtY2xpZW50PSJjYS1wdWItNDQwMTE0NTAyNzUzOTExNSIgCmRhdGEtYWQtc2xvdD0iODAyMDU4Mzc5MyIgCmRhdGEtYWQtZm9ybWF0PSJhdXRvIiBkYXRhLWZ1bGwtd2lkdGgtcmVzcG9uc2l2ZT0idHJ1ZSI+PC9pbnM+CjxzY3JpcHQ+IAooYWRzYnlnb29nbGUgPSB3aW5kb3cuYWRzYnlnb29nbGUgfHwgW10pLnB1c2goe30pOyAKPC9zY3JpcHQ+CjwvZGl2PjxiciBzdHlsZT0iY2xlYXI6IGJvdGg7IGRpc3BsYXk6IGJsb2NrOyBmbG9hdDogbm9uZTsiLz4=<\/script>\n\n\n\n<p><strong>Das Herz des Mittelmeers begr\u00fc\u00dft die Flamme<\/strong><\/p><script type=\"text\/plain\" data-tcf=\"waiting-for-consent\" data-id=\"1033\" data-bid=\"1\" data-placement=\"985\">PGRpdiBpZD0iYW1jLTI2MTU1NDE1NzAiIGNsYXNzPSJhbWMtbWgtbWlkIj48c2NyaXB0IGFzeW5jIHNyYz0iLy9wYWdlYWQyLmdvb2dsZXN5bmRpY2F0aW9uLmNvbS9wYWdlYWQvanMvYWRzYnlnb29nbGUuanM\/Y2xpZW50PWNhLXB1Yi00NDAxMTQ1MDI3NTM5MTE1IiBjcm9zc29yaWdpbj0iYW5vbnltb3VzIj48L3NjcmlwdD48aW5zIGNsYXNzPSJhZHNieWdvb2dsZSIgc3R5bGU9ImRpc3BsYXk6YmxvY2s7IiBkYXRhLWFkLWNsaWVudD0iY2EtcHViLTQ0MDExNDUwMjc1MzkxMTUiIApkYXRhLWFkLXNsb3Q9IiIgCmRhdGEtYWQtZm9ybWF0PSJhdXRvIiBkYXRhLWZ1bGwtd2lkdGgtcmVzcG9uc2l2ZT0idHJ1ZSI+PC9pbnM+CjxzY3JpcHQ+IAooYWRzYnlnb29nbGUgPSB3aW5kb3cuYWRzYnlnb29nbGUgfHwgW10pLnB1c2goe30pOyAKPC9zY3JpcHQ+CjwvZGl2Pg==<\/script>\n\n\n\n<p>Die Fackel wurde am 26. November 2025 in Olympia entz\u00fcndet und durchquerte Mittelitalien, bevor sie Sardinien erreichte. Nach Nuoro wird Cagliari am 14. Dezember Gastgeber des Fackellaufs sein, an einem Tag, der Sport, B\u00fcrgersinn und olympischen Geist miteinander verbinden wird.<\/p>\n\n\n\n<p>Die Route schl\u00e4ngelt sich entlang der ikonischen Orte der Stadt:<\/p>\n\n\n\n<ul class=\"wp-block-list\">\n<li>die Promenade von Poetto, eine der beliebtesten in Italien<\/li>\n\n\n\n<li>die historischen Stra\u00dfen von Castello und das Zentrum<\/li>\n\n\n\n<li>der szenische Zieleinlauf auf der zentralen Piazza Yenne oder alternativ in der N\u00e4he der Bastion Saint Remy, wo das olympische Feuer entz\u00fcndet wird.<\/li>\n<\/ul>\n\n\n\n<p><strong>Die Protagonisten des Staffellaufs<\/strong><\/p>\n\n\n\n<p>Wie bei jeder Etappe werden die B\u00fcrgerinnen und B\u00fcrger f\u00fcr einen Tag zu Helden. Unter den ausgew\u00e4hlten Fackeltr\u00e4gern<\/p>\n\n\n\n<ul class=\"wp-block-list\">\n<li>junge sardische Sportler, Botschafter sportlicher Werte<\/li>\n\n\n\n<li>Vertreter der \u00f6rtlichen Vereine und Schulen<\/li>\n\n\n\n<li>Freiwillige, die durch den nationalen Aufruf von CONI ausgew\u00e4hlt wurden<\/li>\n\n\n\n<li>ehemalige olympische und paralympische Athleten, die die Fackel der Erinnerung und des italienischen Stolzes hochhalten werden<\/li>\n<\/ul>\n\n\n\n<p>Jeder Teilnehmer geht etwa 200 Meter und bildet damit eine symbolische Kette des \u00dcbergangs zwischen Generationen und Gemeinschaften.<\/p>\n\n\n\n<p><strong>Eine Stadt im Aufbruch: Kultur und Sport im Mittelpunkt<\/strong><\/p>\n\n\n\n<p>Die Ankunft der Fackel wird Anlass f\u00fcr ein gro\u00dfes Fest in der ganzen Stadt sein, mit einem Rahmenprogramm, das von der Stadtverwaltung von Cagliari und dem Organisationskomitee organisiert wird:<\/p>\n\n\n\n<ul class=\"wp-block-list\">\n<li>Olympische Workshops f\u00fcr Kinder<\/li>\n\n\n\n<li>Fotoausstellungen \u00fcber den sardischen Sport<\/li>\n\n\n\n<li>Konzerte und traditionelle T\u00e4nze<\/li>\n\n\n\n<li>Lichtinstallationen zum Thema Olympia<\/li>\n\n\n\n<li>Sportd\u00f6rfer mit Disziplinen zum Ausprobieren<\/li>\n<\/ul>\n\n\n\n<p>Die Stadt wird mit Fahnen, Bannern und thematischen Kulissen geschm\u00fcckt und verwandelt sich in eine olympische Freiluftb\u00fchne.<\/p>\n\n\n\n<p><strong>Nachhaltigkeit und Innovation: die \"gr\u00fcne\" Fackel<\/strong><\/p>\n\n\n\n<p>Die Fackel, die durch die Stra\u00dfen von Cagliari getragen wird, besteht aus recycelten und wiederverwertbaren Materialien und wird mit Bio-LPG betrieben, das bis zu 10 Mal wiederaufladbar ist und die Umwelt schont. Die in der Stadt geplanten Veranstaltungen werden ebenfalls den Kriterien der Nachhaltigkeit folgen, mit plastikfreien Bereichen, getrennten Abfallsammelstellen und der Nutzung erneuerbarer Energien.<\/p>\n\n\n\n<p><strong>Ein historischer Schritt f\u00fcr Sardinien<\/strong><\/p>\n\n\n\n<p>Cagliari ist kein Fremder bei gro\u00dfen Sportereignissen, aber die Fackel-Etappe hat eine besondere Bedeutung: Sie ist eine Gelegenheit, die Rolle der Insel auf der nationalen B\u00fchne zu bekr\u00e4ftigen, den Sporttourismus zu f\u00f6rdern und die sardischen Talente sichtbar zu machen, die jeden Tag mit Leidenschaft in den \u00f6rtlichen Sporthallen und auf den Sportpl\u00e4tzen trainieren.<\/p>\n\n\n\n<p>Sardinien ist stolz darauf, an dieser nationalen Erz\u00e4hlung teilzunehmen und sich der 63-t\u00e4gigen Reise anzuschlie\u00dfen, die am 6. Februar 2026 in Mailand anl\u00e4sslich der Er\u00f6ffnungsfeier der Olympischen Winterspiele in Mailand-Cortina ihren H\u00f6hepunkt finden wird.<\/p>\n\n\n\n<p>Am 14. Dezember 2025 wird in Cagliari eine Seite der olympischen Geschichte geschrieben. Es wird nicht nur ein Staffellauf sein: Es wird eine Gelegenheit sein, den Sport als ein Instrument der Gemeinschaft, der Hoffnung und der Zukunft zu feiern. Die Fackel wird nicht nur die Stra\u00dfen der Stadt erhellen, sondern den Stolz einer ganzen Region entfachen.<\/p>\n\n\n\n<figure class=\"wp-block-embed is-type-video is-provider-youtube wp-block-embed-youtube wp-embed-aspect-16-9 wp-has-aspect-ratio\"><div class=\"wp-block-embed__wrapper\">\n<iframe loading=\"lazy\" title=\"Top 10 der Sehensw\u00fcrdigkeiten in Cagliari\" width=\"500\" height=\"281\" src=\"https:\/\/www.youtube.com\/embed\/UWlf-r4kViQ?feature=oembed\" frameborder=\"0\" allow=\"accelerometer; autoplay; clipboard-write; encrypted-media; gyroscope; picture-in-picture; web-share\" referrerpolicy=\"strict-origin-when-cross-origin\" allowfullscreen><\/iframe>\n<\/div><\/figure>\n<div class=\"amc-dopo-il-contenuto\" id=\"amc-1479717350\"><script type=\"text\/plain\" data-tcf=\"waiting-for-consent\" data-id=\"1033\" data-bid=\"1\">PGRpdiBpZD0iYW1jLTI2MjI2NDY4MzAiPjxzY3JpcHQgYXN5bmMgc3JjPSIvL3BhZ2VhZDIuZ29vZ2xlc3luZGljYXRpb24uY29tL3BhZ2VhZC9qcy9hZHNieWdvb2dsZS5qcz9jbGllbnQ9Y2EtcHViLTQ0MDExNDUwMjc1MzkxMTUiIGNyb3Nzb3JpZ2luPSJhbm9ueW1vdXMiPjwvc2NyaXB0PjxpbnMgY2xhc3M9ImFkc2J5Z29vZ2xlIiBzdHlsZT0iZGlzcGxheTpibG9jazsiIGRhdGEtYWQtY2xpZW50PSJjYS1wdWItNDQwMTE0NTAyNzUzOTExNSIgCmRhdGEtYWQtc2xvdD0iIiAKZGF0YS1hZC1mb3JtYXQ9ImF1dG8iIGRhdGEtZnVsbC13aWR0aC1yZXNwb25zaXZlPSJ0cnVlIj48L2lucz4KPHNjcmlwdD4gCihhZHNieWdvb2dsZSA9IHdpbmRvdy5hZHNieWdvb2dsZSB8fCBbXSkucHVzaCh7fSk7IAo8L3NjcmlwdD4KPC9kaXY+<\/script><\/div>","protected":false},"excerpt":{"rendered":"<p>Cagliari, 14 dicembre 2025 &nbsp;dopo Nuoro, la Fiamma Olimpica approda nel capoluogo sardo, portando con s\u00e9 l\u2019energia e i valori universali dello sport. La tappa di Cagliari rappresenta uno dei momenti pi\u00f9 attesi del viaggio simbolico della Fiaccola Olimpica di Milano Cortina 2026, in un\u2019isola dove tradizione, accoglienza e cultura sportiva si fondono in una [&hellip;]<\/p>","protected":false},"author":3,"featured_media":865,"comment_status":"open","ping_status":"open","sticky":false,"template":"","format":"standard","meta":{"_acf_changed":false,"footnotes":""},"categories":[5,16],"tags":[],"class_list":["post-862","post","type-post","status-publish","format-standard","has-post-thumbnail","hentry","category-guida-per-i-tifosi","category-notizie-e-approfondimenti"],"acf":[],"_links":{"self":[{"href":"https:\/\/aspettandomilanocortina2026.it\/de\/wp-json\/wp\/v2\/posts\/862","targetHints":{"allow":["GET"]}}],"collection":[{"href":"https:\/\/aspettandomilanocortina2026.it\/de\/wp-json\/wp\/v2\/posts"}],"about":[{"href":"https:\/\/aspettandomilanocortina2026.it\/de\/wp-json\/wp\/v2\/types\/post"}],"author":[{"embeddable":true,"href":"https:\/\/aspettandomilanocortina2026.it\/de\/wp-json\/wp\/v2\/users\/3"}],"replies":[{"embeddable":true,"href":"https:\/\/aspettandomilanocortina2026.it\/de\/wp-json\/wp\/v2\/comments?post=862"}],"version-history":[{"count":1,"href":"https:\/\/aspettandomilanocortina2026.it\/de\/wp-json\/wp\/v2\/posts\/862\/revisions"}],"predecessor-version":[{"id":866,"href":"https:\/\/aspettandomilanocortina2026.it\/de\/wp-json\/wp\/v2\/posts\/862\/revisions\/866"}],"wp:featuredmedia":[{"embeddable":true,"href":"https:\/\/aspettandomilanocortina2026.it\/de\/wp-json\/wp\/v2\/media\/865"}],"wp:attachment":[{"href":"https:\/\/aspettandomilanocortina2026.it\/de\/wp-json\/wp\/v2\/media?parent=862"}],"wp:term":[{"taxonomy":"category","embeddable":true,"href":"https:\/\/aspettandomilanocortina2026.it\/de\/wp-json\/wp\/v2\/categories?post=862"},{"taxonomy":"post_tag","embeddable":true,"href":"https:\/\/aspettandomilanocortina2026.it\/de\/wp-json\/wp\/v2\/tags?post=862"}],"curies":[{"name":"wp","href":"https:\/\/api.w.org\/{rel}","templated":true}]}}