{"id":849,"date":"2025-07-29T13:37:21","date_gmt":"2025-07-29T12:37:21","guid":{"rendered":"https:\/\/aspettandomilanocortina2026.it\/?p=849"},"modified":"2025-07-29T13:37:22","modified_gmt":"2025-07-29T12:37:22","slug":"tour-de-france-2025-tadej-pogacar-dominiert-zwischen-mythos-und-legende","status":"publish","type":"post","link":"https:\/\/aspettandomilanocortina2026.it\/de\/tour-de-france-2025-tadej-pogacar-dominiert-zwischen-mythos-und-legende\/","title":{"rendered":"Tour de France 2025: Tadej Poga\u010dar dominiert zwischen Mythos und Legende"},"content":{"rendered":"<script type=\"text\/plain\" data-tcf=\"waiting-for-consent\" data-id=\"1033\" data-bid=\"1\" data-placement=\"1034\">PGRpdiBpZD0iYW1jLTM5NDM3NzYyMzkiIGNsYXNzPSJhbWMtcHJpbWEtZGVsLWNvbnRlbnV0byI+PHNjcmlwdCBhc3luYyBzcmM9Ii8vcGFnZWFkMi5nb29nbGVzeW5kaWNhdGlvbi5jb20vcGFnZWFkL2pzL2Fkc2J5Z29vZ2xlLmpzP2NsaWVudD1jYS1wdWItNDQwMTE0NTAyNzUzOTExNSIgY3Jvc3NvcmlnaW49ImFub255bW91cyI+PC9zY3JpcHQ+PGlucyBjbGFzcz0iYWRzYnlnb29nbGUiIHN0eWxlPSJkaXNwbGF5OmJsb2NrOyIgZGF0YS1hZC1jbGllbnQ9ImNhLXB1Yi00NDAxMTQ1MDI3NTM5MTE1IiAKZGF0YS1hZC1zbG90PSIiIApkYXRhLWFkLWZvcm1hdD0iYXV0byIgZGF0YS1mdWxsLXdpZHRoLXJlc3BvbnNpdmU9InRydWUiPjwvaW5zPgo8c2NyaXB0PiAKKGFkc2J5Z29vZ2xlID0gd2luZG93LmFkc2J5Z29vZ2xlIHx8IFtdKS5wdXNoKHt9KTsgCjwvc2NyaXB0Pgo8L2Rpdj4=<\/script>\n<p>Paris, 27. Juli 2025, die Sonne geht auf den Champs Elysees unter und die slowenische Trikolore weht auf der obersten Stufe des Podiums, <strong>Tadej Poga\u010dar<\/strong> hat ein neues Kapitel in der Geschichte des Radsports geschrieben und seine vierte Tour de France gewonnen, nach Triumphen in den Jahren 2020, 2021 und 2024. Eine Leistung, die ihn in die Reihe der Giganten der Grande Boucle stellt, neben Namen wie Anquetil, Merckx und Froome.<\/p><script type=\"text\/plain\" data-tcf=\"waiting-for-consent\" data-id=\"1037\" data-bid=\"1\" data-placement=\"726\">PGRpdiBpZD0iYW1jLTI1NTMwMjgwNjIiIGNsYXNzPSJhbWMtcG9zdC1jb250ZW50IiBzdHlsZT0ibWFyZ2luLWxlZnQ6IGF1dG87bWFyZ2luLXJpZ2h0OiBhdXRvO3RleHQtYWxpZ246IGNlbnRlcjsiPjxzY3JpcHQgYXN5bmMgc3JjPSIvL3BhZ2VhZDIuZ29vZ2xlc3luZGljYXRpb24uY29tL3BhZ2VhZC9qcy9hZHNieWdvb2dsZS5qcz9jbGllbnQ9Y2EtcHViLTQ0MDExNDUwMjc1MzkxMTUiIGNyb3Nzb3JpZ2luPSJhbm9ueW1vdXMiPjwvc2NyaXB0PjxpbnMgY2xhc3M9ImFkc2J5Z29vZ2xlIiBzdHlsZT0iZGlzcGxheTpibG9jazsiIGRhdGEtYWQtY2xpZW50PSJjYS1wdWItNDQwMTE0NTAyNzUzOTExNSIgCmRhdGEtYWQtc2xvdD0iODAyMDU4Mzc5MyIgCmRhdGEtYWQtZm9ybWF0PSJhdXRvIiBkYXRhLWZ1bGwtd2lkdGgtcmVzcG9uc2l2ZT0idHJ1ZSI+PC9pbnM+CjxzY3JpcHQ+IAooYWRzYnlnb29nbGUgPSB3aW5kb3cuYWRzYnlnb29nbGUgfHwgW10pLnB1c2goe30pOyAKPC9zY3JpcHQ+CjwvZGl2PjxiciBzdHlsZT0iY2xlYXI6IGJvdGg7IGRpc3BsYXk6IGJsb2NrOyBmbG9hdDogbm9uZTsiLz4=<\/script>\n\n\n\n<h2 class=\"wp-block-heading\"><strong>Ein Rennen mit Klasse dominiert<\/strong><\/h2>\n\n\n\n<p>Der Fahrer des UAE Team Emirates-XRG ging die Tour mit strategischer Intelligenz und au\u00dfergew\u00f6hnlicher St\u00e4rke an. Nach einer taktisch gepr\u00e4gten ersten Woche drehte er das Rennen bereits in der vierten Etappe mit einer souver\u00e4nen Aktion zwischen Amiens und Rouen, als er sich von direkten Konkurrenten wie Jonas Vingegaard absetzte und das Gelbe Trikot \u00fcbernahm. Von diesem Moment an war niemand mehr in der Lage, ihm das Trikot wegzunehmen.<\/p><script type=\"text\/plain\" data-tcf=\"waiting-for-consent\" data-id=\"1033\" data-bid=\"1\" data-placement=\"985\">PGRpdiBpZD0iYW1jLTEzNDU2Nzc0MSIgY2xhc3M9ImFtYy1taC1taWQiPjxzY3JpcHQgYXN5bmMgc3JjPSIvL3BhZ2VhZDIuZ29vZ2xlc3luZGljYXRpb24uY29tL3BhZ2VhZC9qcy9hZHNieWdvb2dsZS5qcz9jbGllbnQ9Y2EtcHViLTQ0MDExNDUwMjc1MzkxMTUiIGNyb3Nzb3JpZ2luPSJhbm9ueW1vdXMiPjwvc2NyaXB0PjxpbnMgY2xhc3M9ImFkc2J5Z29vZ2xlIiBzdHlsZT0iZGlzcGxheTpibG9jazsiIGRhdGEtYWQtY2xpZW50PSJjYS1wdWItNDQwMTE0NTAyNzUzOTExNSIgCmRhdGEtYWQtc2xvdD0iIiAKZGF0YS1hZC1mb3JtYXQ9ImF1dG8iIGRhdGEtZnVsbC13aWR0aC1yZXNwb25zaXZlPSJ0cnVlIj48L2lucz4KPHNjcmlwdD4gCihhZHNieWdvb2dsZSA9IHdpbmRvdy5hZHNieWdvb2dsZSB8fCBbXSkucHVzaCh7fSk7IAo8L3NjcmlwdD4KPC9kaXY+<\/script>\n\n\n\n<p>Sein Vorsprung in der Gesamtwertung war am Ende deutlich:<\/p>\n\n\n\n<ul class=\"wp-block-list\">\n<li>1. - Tadej Poga\u010dar (VAE)<\/li>\n\n\n\n<li>2. Jonas Vingegaard (Visma | Lease a Bike) +4'24\".<\/li>\n\n\n\n<li>3. Florian Lipowitz (Red Bull-Bora-Hansgrohe) +11'12\".<\/li>\n<\/ul>\n\n\n\n<h2 class=\"wp-block-heading\"><strong>Die Berge als B\u00fchne f\u00fcr den Ruhm<\/strong><\/h2>\n\n\n\n<p>Poga\u010dar bot in den Alpen und Pyren\u00e4en ein wahres Spektakel. Er gewann vier Etappen, darunter die K\u00f6nigsetappe mit der Zielankunft in Hautacam, bei der er allen einen gro\u00dfen R\u00fcckstand zuf\u00fcgte. Er gewann das gepunktete Trikot des besten Bergfahrers und k\u00e4mpfte bei jeder Gelegenheit und verk\u00f6rperte den Angriffsradsport, von dem das Publikum tr\u00e4umt.<\/p>\n\n\n\n<p>\"Ich wollte diese Tour unvergesslich machen. Nicht nur um zu gewinnen, sondern um das Rennen zu ehren\", sagte er im Ziel in Paris.<\/p>\n\n\n\n<h2 class=\"wp-block-heading\"><strong>Nicht nur Poga\u010dar: die anderen Stars der Tour<\/strong><\/h2>\n\n\n\n<ul class=\"wp-block-list\">\n<li>Jonathan Milan dominierte die Sprints und \u00fcbernahm mit vier Erfolgen auf Flachetappen das Gr\u00fcne Trikot.<\/li>\n\n\n\n<li>Florian Lipowitz, die Offenbarung der Tour, trug verdienterma\u00dfen das wei\u00dfe Trikot und bewies Talent und Durchhalteverm\u00f6gen.<\/li>\n\n\n\n<li>Vingegaard, obwohl nicht in Topform, k\u00e4mpfte mit W\u00fcrde und festigte seinen Ruf als ewiger Rivale des Slowenen.<\/li>\n<\/ul>\n\n\n\n<h2 class=\"wp-block-heading\"><strong>Die Strecke 2025: eine der schwierigsten der letzten Jahre<\/strong><\/h2>\n\n\n\n<p>Die Tour de France 2025 startete am 5. Juli in Lille, bevor sie sich auf eine technische, nerv\u00f6se Strecke mit kurzen Anstiegen und f\u00fcr Flandern typischen Steigungen begab. Nach einer verheerenden zweiten Alpenwoche wurde die Tour auf den Pyren\u00e4en-Etappen entschieden, bevor es am 27. Juli nach Paris ging.<\/p>\n\n\n\n<ul class=\"wp-block-list\">\n<li>21 Stufen<\/li>\n\n\n\n<li>\u00dcber 3.500 km<\/li>\n\n\n\n<li>7 bergauf gerichtete Zieleinl\u00e4ufe<\/li>\n\n\n\n<li>2 Einzelzeitfahren<\/li>\n\n\n\n<li>1 Schotteretappe zwischen Auvergne und Rhone<\/li>\n<\/ul>\n\n\n\n<h2 class=\"wp-block-heading\"><strong>Eine moderne Legende<\/strong><\/h2>\n\n\n\n<p>Im Alter von nur 26 Jahren hat Tadej Poga\u010dar bereits viermal die Tour de France, zweimal den Giro di Lombardia, einmal L\u00fcttich-Bastogne-L\u00fcttich und einmal die Flandern-Rundfahrt gewonnen. Sein aggressiver, nie passiver Stil hat ihn zu einem der beliebtesten und meistbeachteten Sportler der Welt gemacht. Sein L\u00e4cheln, sein Respekt vor seinen Gegnern und sein Einf\u00fchlungsverm\u00f6gen in die \u00d6ffentlichkeit machen ihn nicht nur zu einem Champion, sondern auch zu einem weltweiten Botschafter des Sports.<\/p>\n\n\n\n<p>Die Tour de France 2025 endet im Zeichen von Klasse, Spektakel und Epos. Tadej Poga\u010dar best\u00e4tigt sich als der Mann, den es zu schlagen gilt, aber auch als das Idol, das die Leidenschaft f\u00fcr den Radsport neu entfacht hat. W\u00e4hrend die Welt auf das n\u00e4chste Duell wartet, applaudiert sie dem K\u00f6nig der Grande Boucle.<\/p>\n<div class=\"amc-dopo-il-contenuto\" id=\"amc-2112193083\"><script type=\"text\/plain\" data-tcf=\"waiting-for-consent\" data-id=\"1033\" data-bid=\"1\">PGRpdiBpZD0iYW1jLTE5NDEzNTIzOTAiPjxzY3JpcHQgYXN5bmMgc3JjPSIvL3BhZ2VhZDIuZ29vZ2xlc3luZGljYXRpb24uY29tL3BhZ2VhZC9qcy9hZHNieWdvb2dsZS5qcz9jbGllbnQ9Y2EtcHViLTQ0MDExNDUwMjc1MzkxMTUiIGNyb3Nzb3JpZ2luPSJhbm9ueW1vdXMiPjwvc2NyaXB0PjxpbnMgY2xhc3M9ImFkc2J5Z29vZ2xlIiBzdHlsZT0iZGlzcGxheTpibG9jazsiIGRhdGEtYWQtY2xpZW50PSJjYS1wdWItNDQwMTE0NTAyNzUzOTExNSIgCmRhdGEtYWQtc2xvdD0iIiAKZGF0YS1hZC1mb3JtYXQ9ImF1dG8iIGRhdGEtZnVsbC13aWR0aC1yZXNwb25zaXZlPSJ0cnVlIj48L2lucz4KPHNjcmlwdD4gCihhZHNieWdvb2dsZSA9IHdpbmRvdy5hZHNieWdvb2dsZSB8fCBbXSkucHVzaCh7fSk7IAo8L3NjcmlwdD4KPC9kaXY+<\/script><\/div>","protected":false},"excerpt":{"rendered":"<p>Parigi, 27 luglio 2025, con il sole al tramonto sui Campi Elisi e il tricolore sloveno sventolante sul gradino pi\u00f9 alto del podio, Tadej Poga\u010dar ha scritto un nuovo capitolo nella storia del ciclismo, conquistando il suo quarto Tour de France, dopo i trionfi del 2020, 2021 e 2024. Un\u2019impresa che lo colloca tra i [&hellip;]<\/p>","protected":false},"author":3,"featured_media":850,"comment_status":"open","ping_status":"open","sticky":false,"template":"","format":"standard","meta":{"_acf_changed":false,"footnotes":""},"categories":[1],"tags":[],"class_list":["post-849","post","type-post","status-publish","format-standard","has-post-thumbnail","hentry","category-notizie-e-aggiornamenti"],"acf":[],"_links":{"self":[{"href":"https:\/\/aspettandomilanocortina2026.it\/de\/wp-json\/wp\/v2\/posts\/849","targetHints":{"allow":["GET"]}}],"collection":[{"href":"https:\/\/aspettandomilanocortina2026.it\/de\/wp-json\/wp\/v2\/posts"}],"about":[{"href":"https:\/\/aspettandomilanocortina2026.it\/de\/wp-json\/wp\/v2\/types\/post"}],"author":[{"embeddable":true,"href":"https:\/\/aspettandomilanocortina2026.it\/de\/wp-json\/wp\/v2\/users\/3"}],"replies":[{"embeddable":true,"href":"https:\/\/aspettandomilanocortina2026.it\/de\/wp-json\/wp\/v2\/comments?post=849"}],"version-history":[{"count":1,"href":"https:\/\/aspettandomilanocortina2026.it\/de\/wp-json\/wp\/v2\/posts\/849\/revisions"}],"predecessor-version":[{"id":851,"href":"https:\/\/aspettandomilanocortina2026.it\/de\/wp-json\/wp\/v2\/posts\/849\/revisions\/851"}],"wp:featuredmedia":[{"embeddable":true,"href":"https:\/\/aspettandomilanocortina2026.it\/de\/wp-json\/wp\/v2\/media\/850"}],"wp:attachment":[{"href":"https:\/\/aspettandomilanocortina2026.it\/de\/wp-json\/wp\/v2\/media?parent=849"}],"wp:term":[{"taxonomy":"category","embeddable":true,"href":"https:\/\/aspettandomilanocortina2026.it\/de\/wp-json\/wp\/v2\/categories?post=849"},{"taxonomy":"post_tag","embeddable":true,"href":"https:\/\/aspettandomilanocortina2026.it\/de\/wp-json\/wp\/v2\/tags?post=849"}],"curies":[{"name":"wp","href":"https:\/\/api.w.org\/{rel}","templated":true}]}}