{"id":843,"date":"2025-07-25T14:23:30","date_gmt":"2025-07-25T13:23:30","guid":{"rendered":"https:\/\/aspettandomilanocortina2026.it\/?p=843"},"modified":"2025-07-25T14:25:39","modified_gmt":"2025-07-25T13:25:39","slug":"13-dezember-2025-nuoro-begrust-die-olympische-fackel-im-kulturellen-herzen-sardiniens","status":"publish","type":"post","link":"https:\/\/aspettandomilanocortina2026.it\/de\/13-dezember-2025-nuoro-begrust-die-olympische-fackel-im-kulturellen-herzen-sardiniens\/","title":{"rendered":"13. Dezember 2025: Nuoro empf\u00e4ngt die olympische Fackel, das kulturelle Herz Sardiniens"},"content":{"rendered":"<script type=\"text\/plain\" data-tcf=\"waiting-for-consent\" data-id=\"1033\" data-bid=\"1\" data-placement=\"1034\">PGRpdiBpZD0iYW1jLTI5MzI0NDQ5MjciIGNsYXNzPSJhbWMtcHJpbWEtZGVsLWNvbnRlbnV0byI+PHNjcmlwdCBhc3luYyBzcmM9Ii8vcGFnZWFkMi5nb29nbGVzeW5kaWNhdGlvbi5jb20vcGFnZWFkL2pzL2Fkc2J5Z29vZ2xlLmpzP2NsaWVudD1jYS1wdWItNDQwMTE0NTAyNzUzOTExNSIgY3Jvc3NvcmlnaW49ImFub255bW91cyI+PC9zY3JpcHQ+PGlucyBjbGFzcz0iYWRzYnlnb29nbGUiIHN0eWxlPSJkaXNwbGF5OmJsb2NrOyIgZGF0YS1hZC1jbGllbnQ9ImNhLXB1Yi00NDAxMTQ1MDI3NTM5MTE1IiAKZGF0YS1hZC1zbG90PSIiIApkYXRhLWFkLWZvcm1hdD0iYXV0byIgZGF0YS1mdWxsLXdpZHRoLXJlc3BvbnNpdmU9InRydWUiPjwvaW5zPgo8c2NyaXB0PiAKKGFkc2J5Z29vZ2xlID0gd2luZG93LmFkc2J5Z29vZ2xlIHx8IFtdKS5wdXNoKHt9KTsgCjwvc2NyaXB0Pgo8L2Rpdj4=<\/script>\n<p>Am 13. Dezember 2025 wird die Stadt Nuoro zum Protagonisten der Reise der olympischen Fackel Mailand-Cortina 2026, nach der toskanischen Station in Livorno und vor der Weiterreise nach Cagliari. Die symbolische Flamme wird in einem Land voller Kunst, Traditionen und sardischem Identit\u00e4tsstolz Halt machen.<\/p><script type=\"text\/plain\" data-tcf=\"waiting-for-consent\" data-id=\"1037\" data-bid=\"1\" data-placement=\"726\">PGRpdiBpZD0iYW1jLTc3NzEwNjk1MiIgY2xhc3M9ImFtYy1wb3N0LWNvbnRlbnQiIHN0eWxlPSJtYXJnaW4tbGVmdDogYXV0bzttYXJnaW4tcmlnaHQ6IGF1dG87dGV4dC1hbGlnbjogY2VudGVyOyI+PHNjcmlwdCBhc3luYyBzcmM9Ii8vcGFnZWFkMi5nb29nbGVzeW5kaWNhdGlvbi5jb20vcGFnZWFkL2pzL2Fkc2J5Z29vZ2xlLmpzP2NsaWVudD1jYS1wdWItNDQwMTE0NTAyNzUzOTExNSIgY3Jvc3NvcmlnaW49ImFub255bW91cyI+PC9zY3JpcHQ+PGlucyBjbGFzcz0iYWRzYnlnb29nbGUiIHN0eWxlPSJkaXNwbGF5OmJsb2NrOyIgZGF0YS1hZC1jbGllbnQ9ImNhLXB1Yi00NDAxMTQ1MDI3NTM5MTE1IiAKZGF0YS1hZC1zbG90PSI4MDIwNTgzNzkzIiAKZGF0YS1hZC1mb3JtYXQ9ImF1dG8iIGRhdGEtZnVsbC13aWR0aC1yZXNwb25zaXZlPSJ0cnVlIj48L2lucz4KPHNjcmlwdD4gCihhZHNieWdvb2dsZSA9IHdpbmRvdy5hZHNieWdvb2dsZSB8fCBbXSkucHVzaCh7fSk7IAo8L3NjcmlwdD4KPC9kaXY+PGJyIHN0eWxlPSJjbGVhcjogYm90aDsgZGlzcGxheTogYmxvY2s7IGZsb2F0OiBub25lOyIvPg==<\/script>\n\n\n\n<h2 class=\"wp-block-heading\"><strong>Nuoro zwischen Barbagia und sardischer Identit\u00e4t<\/strong><\/h2>\n\n\n\n<p>Nuoro, im Herzen der Barbagia gelegen, ist eine Fundgrube der Kultur: seine Pr\u00e4senz auf der Fackelroute stellt eine Br\u00fccke zwischen Sardinien und dem Rest Italiens dar. Nuoro, Geburtsort von Schriftstellern, Dichtern und K\u00fcnstlern, versteht es, den Fackellauf in einen Moment kollektiver Identit\u00e4t zu verwandeln.<\/p><script type=\"text\/plain\" data-tcf=\"waiting-for-consent\" data-id=\"1033\" data-bid=\"1\" data-placement=\"985\">PGRpdiBpZD0iYW1jLTIzNDQ4Njk0MyIgY2xhc3M9ImFtYy1taC1taWQiPjxzY3JpcHQgYXN5bmMgc3JjPSIvL3BhZ2VhZDIuZ29vZ2xlc3luZGljYXRpb24uY29tL3BhZ2VhZC9qcy9hZHNieWdvb2dsZS5qcz9jbGllbnQ9Y2EtcHViLTQ0MDExNDUwMjc1MzkxMTUiIGNyb3Nzb3JpZ2luPSJhbm9ueW1vdXMiPjwvc2NyaXB0PjxpbnMgY2xhc3M9ImFkc2J5Z29vZ2xlIiBzdHlsZT0iZGlzcGxheTpibG9jazsiIGRhdGEtYWQtY2xpZW50PSJjYS1wdWItNDQwMTE0NTAyNzUzOTExNSIgCmRhdGEtYWQtc2xvdD0iIiAKZGF0YS1hZC1mb3JtYXQ9ImF1dG8iIGRhdGEtZnVsbC13aWR0aC1yZXNwb25zaXZlPSJ0cnVlIj48L2lucz4KPHNjcmlwdD4gCihhZHNieWdvb2dsZSA9IHdpbmRvdy5hZHNieWdvb2dsZSB8fCBbXSkucHVzaCh7fSk7IAo8L3NjcmlwdD4KPC9kaXY+<\/script>\n\n\n\n<h2 class=\"wp-block-heading\"><strong>Die st\u00e4dtische Relaisstrecke<\/strong><\/h2>\n\n\n\n<p>Hier sind die geplanten Meilensteine:<\/p>\n\n\n\n<ul class=\"wp-block-list\">\n<li>Ankunft der Fackel am Morgen des 13. Dezember<\/li>\n\n\n\n<li>Gehen Sie die Via Tirso entlang, dann \u00fcber die Piazza Roma, den Corso Umberto, die Piazza Eleonora d'Arborea bis zur Ziellinie auf der Piazza Sisinnio (oder einem anderen zentralen Platz)<\/li>\n\n\n\n<li>Abschlussveranstaltung mit dem Anz\u00fcnden von Kohlenbecken, Folkloredarbietungen, traditioneller Musik und Gemeinschaft<\/li>\n<\/ul>\n\n\n\n<p>Die Fackeltr\u00e4ger werden etwa ein Dutzend einheimische Sportler, Freiwillige, Studenten und Vertreter sardischer Kulturvereine sein. Jeder Schritt wird ein Fest der Zugeh\u00f6rigkeit und der sozialen Teilhabe sein.<\/p>\n\n\n\n<h2 class=\"wp-block-heading\"><strong>Atmosph\u00e4re von Kunst, Sport und Tradition<\/strong><\/h2>\n\n\n\n<p>Nuoro wird einen Tag mit Volksfesten erleben: Auff\u00fchrungen traditioneller Musik und T\u00e4nze wie Tenorgesang, Ecken zu lokalen Sportarten wie Rugby und Leichtathletik und Erz\u00e4hlpfade \u00fcber die Verbindung zwischen der Stadt und den Winterspielen. Aber nicht nur Unterhaltung: Es werden auch Informationsst\u00e4nde zu Mailand Cortina 2026, Freiwilligenarbeit und Nachhaltigkeit eingerichtet.<\/p>\n\n\n\n<h2 class=\"wp-block-heading\"><strong>Der gr\u00fcne Aspekt der olympischen Fackel<\/strong><\/h2>\n\n\n\n<p>Die \"Essential\"-Fackel, das Symbol der Veranstaltung 2026, vereint Design und Nachhaltigkeit: Sie ist aus recycelten Materialien hergestellt, wird mit Bio-LPG betrieben und kann bis zu zehnmal wiederaufgeladen werden. Die gesamte Strecke f\u00f6rdert die sanfte Mobilit\u00e4t, mit Fu\u00dfg\u00e4ngerzonen und garantierter Zug\u00e4nglichkeit f\u00fcr alle Zuschauer.<\/p>\n\n\n\n<h2 class=\"wp-block-heading\"><strong>N\u00e4chste Schritte nach Nuoro<\/strong><\/h2>\n\n\n\n<p>Am darauffolgenden Tag, dem 14. Dezember, wird die Fackel ihre Reise in Richtung Cagliari fortsetzen und dabei Oristano passieren, bevor sie schlie\u00dflich auf Sardinien landet. Dies best\u00e4tigt die Pr\u00e4senz der gesamten Reise auf den gro\u00dfen italienischen Inseln, in einer Kontinuit\u00e4t, die Territorium, Identit\u00e4t und Sport vereint.<\/p>\n\n\n\n<h2 class=\"wp-block-heading\"><strong>Zahlen &amp; Trivia<\/strong><\/h2>\n\n\n\n<ul class=\"wp-block-list\">\n<li>Die Fackelroute wird 63 Tage dauern, alle 20 italienischen Regionen durchqueren und rund 12.000 km zur\u00fccklegen, an denen mehr als 10.000 Fackeltr\u00e4ger teilnehmen.<\/li>\n\n\n\n<li>Nuoro ist die achte offizielle Etappe, nach Livorno und vor Cagliari.<\/li>\n\n\n\n<li>Der Staffellauf unterstreicht die Bedeutung der Verbindung von lokaler Identit\u00e4t und olympischen Werten, indem er die weniger offensichtlichen Regionen in den Vordergrund r\u00fcckt.<\/li>\n<\/ul>\n\n\n\n<p>Die <strong>13. Dezember 2025<\/strong>Nuoro wird nicht nur eine Station auf der Karte der Flamme sein, sondern auch die Stimme Sardiniens, die zum ganzen Land spricht. Auf jeder Strecke, die die Fackeltr\u00e4ger zur\u00fccklegen, treffen Geschichte, Kultur und der Wunsch nach der Zukunft aufeinander. Eine Fackel, die erleuchtet, vereint und von einem Italien erz\u00e4hlt, das es versteht, in die Zukunft zu blicken und gleichzeitig seine tiefsten Wurzeln im Auge zu behalten.<\/p>\n\n\n\n<figure class=\"wp-block-embed is-type-video is-provider-youtube wp-block-embed-youtube wp-embed-aspect-16-9 wp-has-aspect-ratio\"><div class=\"wp-block-embed__wrapper\">\n<iframe loading=\"lazy\" title=\"Nuoro das Herz von Sardinien\" width=\"500\" height=\"281\" src=\"https:\/\/www.youtube.com\/embed\/8Jx4F0tpuLk?feature=oembed\" frameborder=\"0\" allow=\"accelerometer; autoplay; clipboard-write; encrypted-media; gyroscope; picture-in-picture; web-share\" referrerpolicy=\"strict-origin-when-cross-origin\" allowfullscreen><\/iframe>\n<\/div><\/figure>\n<div class=\"amc-dopo-il-contenuto\" id=\"amc-1213844097\"><script type=\"text\/plain\" data-tcf=\"waiting-for-consent\" data-id=\"1033\" data-bid=\"1\">PGRpdiBpZD0iYW1jLTM1MTgxODk1NTkiPjxzY3JpcHQgYXN5bmMgc3JjPSIvL3BhZ2VhZDIuZ29vZ2xlc3luZGljYXRpb24uY29tL3BhZ2VhZC9qcy9hZHNieWdvb2dsZS5qcz9jbGllbnQ9Y2EtcHViLTQ0MDExNDUwMjc1MzkxMTUiIGNyb3Nzb3JpZ2luPSJhbm9ueW1vdXMiPjwvc2NyaXB0PjxpbnMgY2xhc3M9ImFkc2J5Z29vZ2xlIiBzdHlsZT0iZGlzcGxheTpibG9jazsiIGRhdGEtYWQtY2xpZW50PSJjYS1wdWItNDQwMTE0NTAyNzUzOTExNSIgCmRhdGEtYWQtc2xvdD0iIiAKZGF0YS1hZC1mb3JtYXQ9ImF1dG8iIGRhdGEtZnVsbC13aWR0aC1yZXNwb25zaXZlPSJ0cnVlIj48L2lucz4KPHNjcmlwdD4gCihhZHNieWdvb2dsZSA9IHdpbmRvdy5hZHNieWdvb2dsZSB8fCBbXSkucHVzaCh7fSk7IAo8L3NjcmlwdD4KPC9kaXY+<\/script><\/div>","protected":false},"excerpt":{"rendered":"<p>Il 13 dicembre 2025 la citt\u00e0 di Nuoro diventer\u00e0 protagonista del viaggio della Fiaccola Olimpica Milano Cortina 2026, dopo la tappa toscana di Livorno e prima di proseguire verso Cagliari. La fiamma simbolica far\u00e0 tappa in una terra intrisa di arte, tradizioni e orgoglio identitario sardo. Nuoro tra barbagia e identit\u00e0 sarda Situata nel cuore [&hellip;]<\/p>","protected":false},"author":3,"featured_media":846,"comment_status":"open","ping_status":"open","sticky":false,"template":"","format":"standard","meta":{"_acf_changed":false,"footnotes":""},"categories":[5,1,16],"tags":[],"class_list":["post-843","post","type-post","status-publish","format-standard","has-post-thumbnail","hentry","category-guida-per-i-tifosi","category-notizie-e-aggiornamenti","category-notizie-e-approfondimenti"],"acf":[],"_links":{"self":[{"href":"https:\/\/aspettandomilanocortina2026.it\/de\/wp-json\/wp\/v2\/posts\/843","targetHints":{"allow":["GET"]}}],"collection":[{"href":"https:\/\/aspettandomilanocortina2026.it\/de\/wp-json\/wp\/v2\/posts"}],"about":[{"href":"https:\/\/aspettandomilanocortina2026.it\/de\/wp-json\/wp\/v2\/types\/post"}],"author":[{"embeddable":true,"href":"https:\/\/aspettandomilanocortina2026.it\/de\/wp-json\/wp\/v2\/users\/3"}],"replies":[{"embeddable":true,"href":"https:\/\/aspettandomilanocortina2026.it\/de\/wp-json\/wp\/v2\/comments?post=843"}],"version-history":[{"count":1,"href":"https:\/\/aspettandomilanocortina2026.it\/de\/wp-json\/wp\/v2\/posts\/843\/revisions"}],"predecessor-version":[{"id":847,"href":"https:\/\/aspettandomilanocortina2026.it\/de\/wp-json\/wp\/v2\/posts\/843\/revisions\/847"}],"wp:featuredmedia":[{"embeddable":true,"href":"https:\/\/aspettandomilanocortina2026.it\/de\/wp-json\/wp\/v2\/media\/846"}],"wp:attachment":[{"href":"https:\/\/aspettandomilanocortina2026.it\/de\/wp-json\/wp\/v2\/media?parent=843"}],"wp:term":[{"taxonomy":"category","embeddable":true,"href":"https:\/\/aspettandomilanocortina2026.it\/de\/wp-json\/wp\/v2\/categories?post=843"},{"taxonomy":"post_tag","embeddable":true,"href":"https:\/\/aspettandomilanocortina2026.it\/de\/wp-json\/wp\/v2\/tags?post=843"}],"curies":[{"name":"wp","href":"https:\/\/api.w.org\/{rel}","templated":true}]}}