{"id":825,"date":"2025-07-22T12:11:06","date_gmt":"2025-07-22T11:11:06","guid":{"rendered":"https:\/\/aspettandomilanocortina2026.it\/?p=825"},"modified":"2025-07-22T12:11:14","modified_gmt":"2025-07-22T11:11:14","slug":"olympische-fackel-mailand-cortina-2026-am-12-dezember-2025-livorno-feiert-die-werte-des-sports-und-blickt-nach-sardinien","status":"publish","type":"post","link":"https:\/\/aspettandomilanocortina2026.it\/de\/olympische-fackel-mailand-cortina-2026-am-12-dezember-2025-livorno-feiert-die-werte-des-sports-und-blickt-nach-sardinien\/","title":{"rendered":"Olympische Fackel Mailand Cortina 2026: 12. Dezember 2025 Livorno feiert die Werte des Sports und blickt nach Sardinien"},"content":{"rendered":"<script type=\"text\/plain\" data-tcf=\"waiting-for-consent\" data-id=\"1033\" data-bid=\"1\" data-placement=\"1034\">PGRpdiBpZD0iYW1jLTMxMzQzNjQ5NDYiIGNsYXNzPSJhbWMtcHJpbWEtZGVsLWNvbnRlbnV0byI+PHNjcmlwdCBhc3luYyBzcmM9Ii8vcGFnZWFkMi5nb29nbGVzeW5kaWNhdGlvbi5jb20vcGFnZWFkL2pzL2Fkc2J5Z29vZ2xlLmpzP2NsaWVudD1jYS1wdWItNDQwMTE0NTAyNzUzOTExNSIgY3Jvc3NvcmlnaW49ImFub255bW91cyI+PC9zY3JpcHQ+PGlucyBjbGFzcz0iYWRzYnlnb29nbGUiIHN0eWxlPSJkaXNwbGF5OmJsb2NrOyIgZGF0YS1hZC1jbGllbnQ9ImNhLXB1Yi00NDAxMTQ1MDI3NTM5MTE1IiAKZGF0YS1hZC1zbG90PSIiIApkYXRhLWFkLWZvcm1hdD0iYXV0byIgZGF0YS1mdWxsLXdpZHRoLXJlc3BvbnNpdmU9InRydWUiPjwvaW5zPgo8c2NyaXB0PiAKKGFkc2J5Z29vZ2xlID0gd2luZG93LmFkc2J5Z29vZ2xlIHx8IFtdKS5wdXNoKHt9KTsgCjwvc2NyaXB0Pgo8L2Rpdj4=<\/script>\n<p>Die Reise der olympischen Fackel Mailand-Cortina 2026 geht mit gro\u00dfem Enthusiasmus weiter, und am 12. Dezember 2025 wird sie in einem der faszinierendsten H\u00e4fen des Mittelmeers landen: Livorno, das pulsierende Herz der toskanischen K\u00fcste, das sich darauf vorbereitet, die Fackel mit einem Tag der Feierlichkeiten, der Kultur und des Sports zu empfangen.<\/p><script type=\"text\/plain\" data-tcf=\"waiting-for-consent\" data-id=\"1037\" data-bid=\"1\" data-placement=\"726\">PGRpdiBpZD0iYW1jLTMzNTYzMzA2MjUiIGNsYXNzPSJhbWMtcG9zdC1jb250ZW50IiBzdHlsZT0ibWFyZ2luLWxlZnQ6IGF1dG87bWFyZ2luLXJpZ2h0OiBhdXRvO3RleHQtYWxpZ246IGNlbnRlcjsiPjxzY3JpcHQgYXN5bmMgc3JjPSIvL3BhZ2VhZDIuZ29vZ2xlc3luZGljYXRpb24uY29tL3BhZ2VhZC9qcy9hZHNieWdvb2dsZS5qcz9jbGllbnQ9Y2EtcHViLTQ0MDExNDUwMjc1MzkxMTUiIGNyb3Nzb3JpZ2luPSJhbm9ueW1vdXMiPjwvc2NyaXB0PjxpbnMgY2xhc3M9ImFkc2J5Z29vZ2xlIiBzdHlsZT0iZGlzcGxheTpibG9jazsiIGRhdGEtYWQtY2xpZW50PSJjYS1wdWItNDQwMTE0NTAyNzUzOTExNSIgCmRhdGEtYWQtc2xvdD0iODAyMDU4Mzc5MyIgCmRhdGEtYWQtZm9ybWF0PSJhdXRvIiBkYXRhLWZ1bGwtd2lkdGgtcmVzcG9uc2l2ZT0idHJ1ZSI+PC9pbnM+CjxzY3JpcHQ+IAooYWRzYnlnb29nbGUgPSB3aW5kb3cuYWRzYnlnb29nbGUgfHwgW10pLnB1c2goe30pOyAKPC9zY3JpcHQ+CjwvZGl2PjxiciBzdHlsZT0iY2xlYXI6IGJvdGg7IGRpc3BsYXk6IGJsb2NrOyBmbG9hdDogbm9uZTsiLz4=<\/script>\n\n\n\n<p>Nachdem die Flamme in Rom entz\u00fcndet wurde, Umbrien durchquert und symboltr\u00e4chtige St\u00e4dte in Mittelitalien ber\u00fchrt hat, landet der Weg der Flamme in Livorno und f\u00fchrt dann in einem eindrucksvollen Inselsprung nach Sardinien, wo Nuoro am 13. Dezember Gastgeber der B\u00fchne sein wird.<\/p><script type=\"text\/plain\" data-tcf=\"waiting-for-consent\" data-id=\"1033\" data-bid=\"1\" data-placement=\"985\">PGRpdiBpZD0iYW1jLTI4OTAwMTY0MDkiIGNsYXNzPSJhbWMtbWgtbWlkIj48c2NyaXB0IGFzeW5jIHNyYz0iLy9wYWdlYWQyLmdvb2dsZXN5bmRpY2F0aW9uLmNvbS9wYWdlYWQvanMvYWRzYnlnb29nbGUuanM\/Y2xpZW50PWNhLXB1Yi00NDAxMTQ1MDI3NTM5MTE1IiBjcm9zc29yaWdpbj0iYW5vbnltb3VzIj48L3NjcmlwdD48aW5zIGNsYXNzPSJhZHNieWdvb2dsZSIgc3R5bGU9ImRpc3BsYXk6YmxvY2s7IiBkYXRhLWFkLWNsaWVudD0iY2EtcHViLTQ0MDExNDUwMjc1MzkxMTUiIApkYXRhLWFkLXNsb3Q9IiIgCmRhdGEtYWQtZm9ybWF0PSJhdXRvIiBkYXRhLWZ1bGwtd2lkdGgtcmVzcG9uc2l2ZT0idHJ1ZSI+PC9pbnM+CjxzY3JpcHQ+IAooYWRzYnlnb29nbGUgPSB3aW5kb3cuYWRzYnlnb29nbGUgfHwgW10pLnB1c2goe30pOyAKPC9zY3JpcHQ+CjwvZGl2Pg==<\/script>\n\n\n\n<h2 class=\"wp-block-heading\"><strong>Ein denkw\u00fcrdiger Tag f\u00fcr Livorno<\/strong><\/h2>\n\n\n\n<p>Der 12. Dezember wird ein historischer Moment f\u00fcr die Stadt sein: Die olympische Fackel, die in Olympia entz\u00fcndet wurde und Werte wie Frieden, Inklusion und Nachhaltigkeit verk\u00f6rpert, wird in einem spannenden Staffellauf die ber\u00fchmtesten Orte Livornos passieren.<\/p>\n\n\n\n<h2 class=\"wp-block-heading\"><strong>Fackelroute in Livorno ( Prognose ):<\/strong><\/h2>\n\n\n\n<ul class=\"wp-block-list\">\n<li>Abfahrt: Terrazza Mascagni, das Jugendstilsymbol der Stadt mit Blick auf das Meer<\/li>\n\n\n\n<li>Zwischenstationen: Promenade Viale Italia, Stadtteil Venezia, Fortezza Vecchia und Fortezza Nuova<\/li>\n\n\n\n<li>Ankunft: Piazza Grande, mit \u00f6ffentlicher Veranstaltung und offizieller Feier<\/li>\n<\/ul>\n\n\n\n<p>Die Fackel wird von Fackeltr\u00e4gern getragen, die aus ehemaligen Olympioniken, jungen toskanischen Sportlern, Freiwilligen und Vertretern der Region ausgew\u00e4hlt werden und jeweils etwa 200-250 Meter zur\u00fccklegen m\u00fcssen. Jede Strecke stellt eine kleine Weitergabe des Staffelstabs zwischen Generationen, Geschichten und Gemeinschaften dar.<\/p>\n\n\n\n<h2 class=\"wp-block-heading\"><strong>Livorno: Sport, Meer und Erinnerung<\/strong><\/h2>\n\n\n\n<p>Livorno ist eine Stadt, die den Sport atmet. Von Fechten und Rugby bis hin zu Schwimmen und Segeln hat die Stadt Weltklasse-Athleten hervorgebracht. Ihr offener und einladender Charakter macht sie zum idealen Ort, um den olympischen Geist zu feiern.<\/p>\n\n\n\n<p>Tags\u00fcber sind geplant:<\/p>\n\n\n\n<ul class=\"wp-block-list\">\n<li>Sportworkshops f\u00fcr Kinder und Jugendliche<\/li>\n\n\n\n<li>Auftritte lokaler Vereine<\/li>\n\n\n\n<li>Musikalische und k\u00fcnstlerische Darbietungen an Transitpunkten<\/li>\n\n\n\n<li>Informationsst\u00e4nde zu Nachhaltigkeit, Sport und Freiwilligenarbeit bei Olympia<\/li>\n<\/ul>\n\n\n\n<h2 class=\"wp-block-heading\"><strong>Eine Fackel als Symbol f\u00fcr die Zukunft<\/strong><\/h2>\n\n\n\n<p>Auch in Livorno wird die \u00d6ffentlichkeit die olympische Fackel aus n\u00e4chster N\u00e4he sehen k\u00f6nnen, die aus recyceltem Material hergestellt und mit Bio-LPG betrieben wird - ein konkretes Beispiel daf\u00fcr, wie die Spiele von Mailand-Cortina ein gr\u00fcnes und nachhaltiges Erbe hinterlassen wollen.<\/p>\n\n\n\n<figure class=\"wp-block-embed is-type-video is-provider-youtube wp-block-embed-youtube wp-embed-aspect-16-9 wp-has-aspect-ratio\"><div class=\"wp-block-embed__wrapper\">\n<iframe loading=\"lazy\" title=\"Livorno, Italien: Die zehn besten Aktivit\u00e4ten\" width=\"500\" height=\"281\" src=\"https:\/\/www.youtube.com\/embed\/MMLMNBc6K1g?feature=oembed\" frameborder=\"0\" allow=\"accelerometer; autoplay; clipboard-write; encrypted-media; gyroscope; picture-in-picture; web-share\" referrerpolicy=\"strict-origin-when-cross-origin\" allowfullscreen><\/iframe>\n<\/div><\/figure>\n\n\n\n<p><\/p>\n<div class=\"amc-dopo-il-contenuto\" id=\"amc-677610638\"><script type=\"text\/plain\" data-tcf=\"waiting-for-consent\" data-id=\"1033\" data-bid=\"1\">PGRpdiBpZD0iYW1jLTQyMTgzNTQ2NTIiPjxzY3JpcHQgYXN5bmMgc3JjPSIvL3BhZ2VhZDIuZ29vZ2xlc3luZGljYXRpb24uY29tL3BhZ2VhZC9qcy9hZHNieWdvb2dsZS5qcz9jbGllbnQ9Y2EtcHViLTQ0MDExNDUwMjc1MzkxMTUiIGNyb3Nzb3JpZ2luPSJhbm9ueW1vdXMiPjwvc2NyaXB0PjxpbnMgY2xhc3M9ImFkc2J5Z29vZ2xlIiBzdHlsZT0iZGlzcGxheTpibG9jazsiIGRhdGEtYWQtY2xpZW50PSJjYS1wdWItNDQwMTE0NTAyNzUzOTExNSIgCmRhdGEtYWQtc2xvdD0iIiAKZGF0YS1hZC1mb3JtYXQ9ImF1dG8iIGRhdGEtZnVsbC13aWR0aC1yZXNwb25zaXZlPSJ0cnVlIj48L2lucz4KPHNjcmlwdD4gCihhZHNieWdvb2dsZSA9IHdpbmRvdy5hZHNieWdvb2dsZSB8fCBbXSkucHVzaCh7fSk7IAo8L3NjcmlwdD4KPC9kaXY+<\/script><\/div>","protected":false},"excerpt":{"rendered":"<p>Il viaggio della fiaccola olimpica di Milano Cortina 2026 prosegue con grande entusiasmo, e il 12 dicembre 2025 tocca uno dei porti pi\u00f9 affascinanti del Mediterraneo: Livorno, cuore pulsante della Toscana costiera, che si prepara ad accogliere la torcia con una giornata di festa, cultura e sport. Dopo aver acceso Roma, attraversato l\u2019Umbria e toccato [&hellip;]<\/p>","protected":false},"author":3,"featured_media":827,"comment_status":"open","ping_status":"open","sticky":false,"template":"","format":"standard","meta":{"_acf_changed":false,"footnotes":""},"categories":[5,1,16],"tags":[],"class_list":["post-825","post","type-post","status-publish","format-standard","has-post-thumbnail","hentry","category-guida-per-i-tifosi","category-notizie-e-aggiornamenti","category-notizie-e-approfondimenti"],"acf":[],"_links":{"self":[{"href":"https:\/\/aspettandomilanocortina2026.it\/de\/wp-json\/wp\/v2\/posts\/825","targetHints":{"allow":["GET"]}}],"collection":[{"href":"https:\/\/aspettandomilanocortina2026.it\/de\/wp-json\/wp\/v2\/posts"}],"about":[{"href":"https:\/\/aspettandomilanocortina2026.it\/de\/wp-json\/wp\/v2\/types\/post"}],"author":[{"embeddable":true,"href":"https:\/\/aspettandomilanocortina2026.it\/de\/wp-json\/wp\/v2\/users\/3"}],"replies":[{"embeddable":true,"href":"https:\/\/aspettandomilanocortina2026.it\/de\/wp-json\/wp\/v2\/comments?post=825"}],"version-history":[{"count":1,"href":"https:\/\/aspettandomilanocortina2026.it\/de\/wp-json\/wp\/v2\/posts\/825\/revisions"}],"predecessor-version":[{"id":828,"href":"https:\/\/aspettandomilanocortina2026.it\/de\/wp-json\/wp\/v2\/posts\/825\/revisions\/828"}],"wp:featuredmedia":[{"embeddable":true,"href":"https:\/\/aspettandomilanocortina2026.it\/de\/wp-json\/wp\/v2\/media\/827"}],"wp:attachment":[{"href":"https:\/\/aspettandomilanocortina2026.it\/de\/wp-json\/wp\/v2\/media?parent=825"}],"wp:term":[{"taxonomy":"category","embeddable":true,"href":"https:\/\/aspettandomilanocortina2026.it\/de\/wp-json\/wp\/v2\/categories?post=825"},{"taxonomy":"post_tag","embeddable":true,"href":"https:\/\/aspettandomilanocortina2026.it\/de\/wp-json\/wp\/v2\/tags?post=825"}],"curies":[{"name":"wp","href":"https:\/\/api.w.org\/{rel}","templated":true}]}}