{"id":798,"date":"2025-07-17T18:33:25","date_gmt":"2025-07-17T17:33:25","guid":{"rendered":"https:\/\/aspettandomilanocortina2026.it\/?p=798"},"modified":"2025-07-17T18:37:34","modified_gmt":"2025-07-17T17:37:34","slug":"florenz-protagonist-des-olympischen-weges-die-fackel-geht-durch-das-herz-italienischer-renaissance","status":"publish","type":"post","link":"https:\/\/aspettandomilanocortina2026.it\/de\/florenz-protagonist-des-olympischen-weges-die-fackel-geht-durch-das-herz-italienischer-renaissance\/","title":{"rendered":"Florenz als Protagonist des olympischen Weges: Die Fackel geht durch das Renaissance-Herz Italiens"},"content":{"rendered":"<script type=\"text\/plain\" data-tcf=\"waiting-for-consent\" data-id=\"1033\" data-bid=\"1\" data-placement=\"1034\">PGRpdiBpZD0iYW1jLTM5MDcyODI3NzgiIGNsYXNzPSJhbWMtcHJpbWEtZGVsLWNvbnRlbnV0byI+PHNjcmlwdCBhc3luYyBzcmM9Ii8vcGFnZWFkMi5nb29nbGVzeW5kaWNhdGlvbi5jb20vcGFnZWFkL2pzL2Fkc2J5Z29vZ2xlLmpzP2NsaWVudD1jYS1wdWItNDQwMTE0NTAyNzUzOTExNSIgY3Jvc3NvcmlnaW49ImFub255bW91cyI+PC9zY3JpcHQ+PGlucyBjbGFzcz0iYWRzYnlnb29nbGUiIHN0eWxlPSJkaXNwbGF5OmJsb2NrOyIgZGF0YS1hZC1jbGllbnQ9ImNhLXB1Yi00NDAxMTQ1MDI3NTM5MTE1IiAKZGF0YS1hZC1zbG90PSIiIApkYXRhLWFkLWZvcm1hdD0iYXV0byIgZGF0YS1mdWxsLXdpZHRoLXJlc3BvbnNpdmU9InRydWUiPjwvaW5zPgo8c2NyaXB0PiAKKGFkc2J5Z29vZ2xlID0gd2luZG93LmFkc2J5Z29vZ2xlIHx8IFtdKS5wdXNoKHt9KTsgCjwvc2NyaXB0Pgo8L2Rpdj4=<\/script>\n<h2 class=\"wp-block-heading\"><strong>11. Dezember 2025 - Florenz (Toskana)<\/strong><\/h2>\n\n\n\n<p>Nachdem die olympische Fackel von Mailand-Cortina 2026 in Siena Begeisterung ausgel\u00f6st hat, setzt sie ihre stimmungsvolle Reise fort und landet in <strong>Florenz<\/strong>f\u00fcr einen Tag, der Sport, Geschichte, Kunst und Gemeinsinn miteinander verbindet. Am 11. Dezember wird die Stadt, die die Wiege der Renaissance war, das olympische Feuer auf ihren historischen Pl\u00e4tzen und Lungarnos willkommen hei\u00dfen und die Emotionen von B\u00fcrgern, Touristen und Sportlern entfachen.<\/p><script type=\"text\/plain\" data-tcf=\"waiting-for-consent\" data-id=\"1037\" data-bid=\"1\" data-placement=\"726\">PGRpdiBpZD0iYW1jLTEwOTgyMTE2MTciIGNsYXNzPSJhbWMtcG9zdC1jb250ZW50IiBzdHlsZT0ibWFyZ2luLWxlZnQ6IGF1dG87bWFyZ2luLXJpZ2h0OiBhdXRvO3RleHQtYWxpZ246IGNlbnRlcjsiPjxzY3JpcHQgYXN5bmMgc3JjPSIvL3BhZ2VhZDIuZ29vZ2xlc3luZGljYXRpb24uY29tL3BhZ2VhZC9qcy9hZHNieWdvb2dsZS5qcz9jbGllbnQ9Y2EtcHViLTQ0MDExNDUwMjc1MzkxMTUiIGNyb3Nzb3JpZ2luPSJhbm9ueW1vdXMiPjwvc2NyaXB0PjxpbnMgY2xhc3M9ImFkc2J5Z29vZ2xlIiBzdHlsZT0iZGlzcGxheTpibG9jazsiIGRhdGEtYWQtY2xpZW50PSJjYS1wdWItNDQwMTE0NTAyNzUzOTExNSIgCmRhdGEtYWQtc2xvdD0iODAyMDU4Mzc5MyIgCmRhdGEtYWQtZm9ybWF0PSJhdXRvIiBkYXRhLWZ1bGwtd2lkdGgtcmVzcG9uc2l2ZT0idHJ1ZSI+PC9pbnM+CjxzY3JpcHQ+IAooYWRzYnlnb29nbGUgPSB3aW5kb3cuYWRzYnlnb29nbGUgfHwgW10pLnB1c2goe30pOyAKPC9zY3JpcHQ+CjwvZGl2PjxiciBzdHlsZT0iY2xlYXI6IGJvdGg7IGRpc3BsYXk6IGJsb2NrOyBmbG9hdDogbm9uZTsiLz4=<\/script>\n\n\n\n<h2 class=\"wp-block-heading\"><strong>Eine Reise durch Kunst und olympische Werte<\/strong><\/h2>\n\n\n\n<p>Florenz, das bereits ein weltweites Symbol f\u00fcr Sch\u00f6nheit und Kultur ist, wird sich f\u00fcr einen Tag in eine Sporthalle unter freiem Himmel verwandeln und Dutzende von Fackeltr\u00e4gern empfangen, die aus Sportlern, B\u00fcrgern, institutionellen und kulturellen Vertretern ausgew\u00e4hlt werden. Der Fackellauf beginnt im Morgengrauen mit einer symbolischen Zeremonie und setzt sich dann auf einer Route fort, die die ber\u00fchmtesten Orte der Stadt umfasst:<\/p><script type=\"text\/plain\" data-tcf=\"waiting-for-consent\" data-id=\"1033\" data-bid=\"1\" data-placement=\"985\">PGRpdiBpZD0iYW1jLTM3NzAzNTgxNjIiIGNsYXNzPSJhbWMtbWgtbWlkIj48c2NyaXB0IGFzeW5jIHNyYz0iLy9wYWdlYWQyLmdvb2dsZXN5bmRpY2F0aW9uLmNvbS9wYWdlYWQvanMvYWRzYnlnb29nbGUuanM\/Y2xpZW50PWNhLXB1Yi00NDAxMTQ1MDI3NTM5MTE1IiBjcm9zc29yaWdpbj0iYW5vbnltb3VzIj48L3NjcmlwdD48aW5zIGNsYXNzPSJhZHNieWdvb2dsZSIgc3R5bGU9ImRpc3BsYXk6YmxvY2s7IiBkYXRhLWFkLWNsaWVudD0iY2EtcHViLTQ0MDExNDUwMjc1MzkxMTUiIApkYXRhLWFkLXNsb3Q9IiIgCmRhdGEtYWQtZm9ybWF0PSJhdXRvIiBkYXRhLWZ1bGwtd2lkdGgtcmVzcG9uc2l2ZT0idHJ1ZSI+PC9pbnM+CjxzY3JpcHQ+IAooYWRzYnlnb29nbGUgPSB3aW5kb3cuYWRzYnlnb29nbGUgfHwgW10pLnB1c2goe30pOyAKPC9zY3JpcHQ+CjwvZGl2Pg==<\/script>\n\n\n\n<ul class=\"wp-block-list\">\n<li><strong>Alte Br\u00fccke<\/strong><\/li>\n\n\n\n<li><strong>Piazza della Signoria<\/strong><\/li>\n\n\n\n<li><strong>Dom und Kuppel von Brunelleschi<\/strong><\/li>\n\n\n\n<li><strong>Boboli-G\u00e4rten und Pitti-Palast<\/strong><\/li>\n\n\n\n<li><strong>Piazzale Michelangelo<\/strong><\/li>\n<\/ul>\n\n\n\n<figure class=\"wp-block-gallery has-nested-images columns-default is-cropped wp-block-gallery-1 is-layout-flex wp-block-gallery-is-layout-flex\">\n<figure class=\"wp-block-image size-large\"><img loading=\"lazy\" decoding=\"async\" width=\"1024\" height=\"682\" data-id=\"801\" src=\"https:\/\/aspettandomilanocortina2026.it\/wp-content\/uploads\/2025\/07\/florence-5154028_1280-1024x682.jpg\" alt=\"\" class=\"wp-image-801\" title=\"\" srcset=\"https:\/\/aspettandomilanocortina2026.it\/wp-content\/uploads\/2025\/07\/florence-5154028_1280-1024x682.jpg 1024w, https:\/\/aspettandomilanocortina2026.it\/wp-content\/uploads\/2025\/07\/florence-5154028_1280-300x200.jpg 300w, https:\/\/aspettandomilanocortina2026.it\/wp-content\/uploads\/2025\/07\/florence-5154028_1280-768x512.jpg 768w, https:\/\/aspettandomilanocortina2026.it\/wp-content\/uploads\/2025\/07\/florence-5154028_1280-18x12.jpg 18w, https:\/\/aspettandomilanocortina2026.it\/wp-content\/uploads\/2025\/07\/florence-5154028_1280-1200x800.jpg 1200w, https:\/\/aspettandomilanocortina2026.it\/wp-content\/uploads\/2025\/07\/florence-5154028_1280-600x400.jpg 600w, https:\/\/aspettandomilanocortina2026.it\/wp-content\/uploads\/2025\/07\/florence-5154028_1280.jpg 1280w\" sizes=\"auto, (max-width: 1024px) 100vw, 1024px\" \/><\/figure>\n<\/figure>\n\n\n\n<figure class=\"wp-block-gallery has-nested-images columns-default is-cropped wp-block-gallery-2 is-layout-flex wp-block-gallery-is-layout-flex\">\n<figure class=\"wp-block-image size-large\"><img loading=\"lazy\" decoding=\"async\" width=\"1024\" height=\"686\" data-id=\"802\" src=\"https:\/\/aspettandomilanocortina2026.it\/wp-content\/uploads\/2025\/07\/building-17588_1280-1024x686.jpg\" alt=\"\" class=\"wp-image-802\" title=\"\" srcset=\"https:\/\/aspettandomilanocortina2026.it\/wp-content\/uploads\/2025\/07\/building-17588_1280-1024x686.jpg 1024w, https:\/\/aspettandomilanocortina2026.it\/wp-content\/uploads\/2025\/07\/building-17588_1280-300x201.jpg 300w, https:\/\/aspettandomilanocortina2026.it\/wp-content\/uploads\/2025\/07\/building-17588_1280-768x514.jpg 768w, https:\/\/aspettandomilanocortina2026.it\/wp-content\/uploads\/2025\/07\/building-17588_1280-18x12.jpg 18w, https:\/\/aspettandomilanocortina2026.it\/wp-content\/uploads\/2025\/07\/building-17588_1280-1200x803.jpg 1200w, https:\/\/aspettandomilanocortina2026.it\/wp-content\/uploads\/2025\/07\/building-17588_1280-600x402.jpg 600w, https:\/\/aspettandomilanocortina2026.it\/wp-content\/uploads\/2025\/07\/building-17588_1280.jpg 1280w\" sizes=\"auto, (max-width: 1024px) 100vw, 1024px\" \/><\/figure>\n<\/figure>\n\n\n\n<figure class=\"wp-block-gallery has-nested-images columns-default is-cropped wp-block-gallery-3 is-layout-flex wp-block-gallery-is-layout-flex\">\n<figure class=\"wp-block-image size-large\"><img loading=\"lazy\" decoding=\"async\" width=\"1024\" height=\"682\" data-id=\"805\" src=\"https:\/\/aspettandomilanocortina2026.it\/wp-content\/uploads\/2025\/07\/florence-4184439_1280-1024x682.jpg\" alt=\"\" class=\"wp-image-805\" title=\"\" srcset=\"https:\/\/aspettandomilanocortina2026.it\/wp-content\/uploads\/2025\/07\/florence-4184439_1280-1024x682.jpg 1024w, https:\/\/aspettandomilanocortina2026.it\/wp-content\/uploads\/2025\/07\/florence-4184439_1280-300x200.jpg 300w, https:\/\/aspettandomilanocortina2026.it\/wp-content\/uploads\/2025\/07\/florence-4184439_1280-768x512.jpg 768w, https:\/\/aspettandomilanocortina2026.it\/wp-content\/uploads\/2025\/07\/florence-4184439_1280-18x12.jpg 18w, https:\/\/aspettandomilanocortina2026.it\/wp-content\/uploads\/2025\/07\/florence-4184439_1280-1200x800.jpg 1200w, https:\/\/aspettandomilanocortina2026.it\/wp-content\/uploads\/2025\/07\/florence-4184439_1280-600x400.jpg 600w, https:\/\/aspettandomilanocortina2026.it\/wp-content\/uploads\/2025\/07\/florence-4184439_1280.jpg 1280w\" sizes=\"auto, (max-width: 1024px) 100vw, 1024px\" \/><\/figure>\n<\/figure>\n\n\n\n<figure class=\"wp-block-gallery has-nested-images columns-default is-cropped wp-block-gallery-4 is-layout-flex wp-block-gallery-is-layout-flex\">\n<figure class=\"wp-block-image size-large\"><img loading=\"lazy\" decoding=\"async\" width=\"682\" height=\"1024\" data-id=\"804\" src=\"https:\/\/aspettandomilanocortina2026.it\/wp-content\/uploads\/2025\/07\/florence-2111063_1280-682x1024.jpg\" alt=\"\" class=\"wp-image-804\" title=\"\" srcset=\"https:\/\/aspettandomilanocortina2026.it\/wp-content\/uploads\/2025\/07\/florence-2111063_1280-682x1024.jpg 682w, https:\/\/aspettandomilanocortina2026.it\/wp-content\/uploads\/2025\/07\/florence-2111063_1280-200x300.jpg 200w, https:\/\/aspettandomilanocortina2026.it\/wp-content\/uploads\/2025\/07\/florence-2111063_1280-768x1152.jpg 768w, https:\/\/aspettandomilanocortina2026.it\/wp-content\/uploads\/2025\/07\/florence-2111063_1280-8x12.jpg 8w, https:\/\/aspettandomilanocortina2026.it\/wp-content\/uploads\/2025\/07\/florence-2111063_1280-600x900.jpg 600w, https:\/\/aspettandomilanocortina2026.it\/wp-content\/uploads\/2025\/07\/florence-2111063_1280.jpg 853w\" sizes=\"auto, (max-width: 682px) 100vw, 682px\" \/><\/figure>\n<\/figure>\n\n\n\n<p>Auf jeder Etappe wird die Fackel mit lokalen Geschichten best\u00fcckt, die das Gef\u00fchl der Zugeh\u00f6rigkeit vermitteln, das nur Florenz hervorrufen kann.<\/p>\n\n\n\n<h2 class=\"wp-block-heading\"><strong>Die Protagonisten des Tages<\/strong><\/h2>\n\n\n\n<p>Mehr als 120 Fackeltr\u00e4ger werden daran teilnehmen, unter anderem:<\/p>\n\n\n\n<ul class=\"wp-block-list\">\n<li>Olympiasieger aus der Toskana<\/li>\n\n\n\n<li>Freiwillige werden \u00fcber einen \u00f6ffentlichen Aufruf ausgew\u00e4hlt<\/li>\n\n\n\n<li>Florentiner K\u00fcnstler, Studenten und Pers\u00f6nlichkeiten<\/li>\n\n\n\n<li>Ein letzter besonderer Fackeltr\u00e4ger, dessen Name erst am Abend selbst, w\u00e4hrend der Feierlichkeiten, bekannt gegeben wird.<\/li>\n<\/ul>\n\n\n\n<h2 class=\"wp-block-heading\"><strong>Von der Geschichte in die Zukunft: die Nachhaltigkeit der Route<\/strong><\/h2>\n\n\n\n<p>Wie die anderen Etappen wird auch die Taschenlampe in Florenz auf umweltfreundliche Weise transportiert: Sie besteht aus recycelten Materialien und wird mit Bio-LPG betrieben, ist wiederaufladbar und hinterl\u00e4sst nur einen kleinen, aber bedeutenden Fu\u00dfabdruck.<\/p>\n\n\n\n<h2 class=\"wp-block-heading\"><strong>Und nach Florenz? Halt in Livorno<\/strong><\/h2>\n\n\n\n<p>Im Gegensatz zu fr\u00fcheren Ger\u00fcchten best\u00e4tigt die offizielle Route, dass die olympische Fackel am 12. Dezember in Livorno Halt machen wird, bevor sie das Tyrrhenische Meer \u00fcberquert und in Sardinien (Nuoro) landet. Livorno wird einen strategischen und symbolischen \u00dcbergang darstellen: als Hafenstadt wird es eine Br\u00fccke zwischen der Toskana und der Insel sein und die geografische und kulturelle Einheit Italiens bezeugen.<\/p>\n\n\n\n<h2 class=\"wp-block-heading\"><strong>Ein denkw\u00fcrdiger Tag<\/strong><\/h2>\n\n\n\n<p>Der 11. Dezember in Florenz wird nicht nur eine sportliche B\u00fchne sein, sondern auch ein identit\u00e4tsstiftendes Ereignis. Jede brennende Fackel erz\u00e4hlt eine Geschichte, jeder Schritt der Fackeltr\u00e4ger wird eine gemeinsame Erinnerung sein, ein Funke dessen, was Mailand Cortina 2026 darstellen m\u00f6chte: eine Nation, die gemeinsam in die Zukunft geht, erleuchtet von ihren Werten und ihrer Sch\u00f6nheit.<\/p>\n\n\n\n<figure class=\"wp-block-embed is-type-video is-provider-youtube wp-block-embed-youtube wp-embed-aspect-16-9 wp-has-aspect-ratio\"><div class=\"wp-block-embed__wrapper\">\n<iframe loading=\"lazy\" title=\"Florenz: Top 10 Sehensw\u00fcrdigkeiten | 4K Reisef\u00fchrer\" width=\"500\" height=\"281\" src=\"https:\/\/www.youtube.com\/embed\/0IFi01sAhAA?feature=oembed\" frameborder=\"0\" allow=\"accelerometer; autoplay; clipboard-write; encrypted-media; gyroscope; picture-in-picture; web-share\" referrerpolicy=\"strict-origin-when-cross-origin\" allowfullscreen><\/iframe>\n<\/div><\/figure>\n<div class=\"amc-dopo-il-contenuto\" id=\"amc-508826170\"><script type=\"text\/plain\" data-tcf=\"waiting-for-consent\" data-id=\"1033\" data-bid=\"1\">PGRpdiBpZD0iYW1jLTM1NTA5NTk1MzMiPjxzY3JpcHQgYXN5bmMgc3JjPSIvL3BhZ2VhZDIuZ29vZ2xlc3luZGljYXRpb24uY29tL3BhZ2VhZC9qcy9hZHNieWdvb2dsZS5qcz9jbGllbnQ9Y2EtcHViLTQ0MDExNDUwMjc1MzkxMTUiIGNyb3Nzb3JpZ2luPSJhbm9ueW1vdXMiPjwvc2NyaXB0PjxpbnMgY2xhc3M9ImFkc2J5Z29vZ2xlIiBzdHlsZT0iZGlzcGxheTpibG9jazsiIGRhdGEtYWQtY2xpZW50PSJjYS1wdWItNDQwMTE0NTAyNzUzOTExNSIgCmRhdGEtYWQtc2xvdD0iIiAKZGF0YS1hZC1mb3JtYXQ9ImF1dG8iIGRhdGEtZnVsbC13aWR0aC1yZXNwb25zaXZlPSJ0cnVlIj48L2lucz4KPHNjcmlwdD4gCihhZHNieWdvb2dsZSA9IHdpbmRvdy5hZHNieWdvb2dsZSB8fCBbXSkucHVzaCh7fSk7IAo8L3NjcmlwdD4KPC9kaXY+<\/script><\/div>","protected":false},"excerpt":{"rendered":"<p>11 dicembre 2025 \u2013 Firenze (Toscana) Dopo aver acceso l\u2019entusiasmo a Siena, la fiaccola olimpica di Milano Cortina 2026 prosegue il suo suggestivo cammino approdando a Firenze, per una giornata che unir\u00e0 sport, storia, arte e spirito di comunit\u00e0. L\u201911 dicembre, la citt\u00e0 culla del Rinascimento accoglier\u00e0 il fuoco olimpico tra le sue piazze storiche [&hellip;]<\/p>","protected":false},"author":3,"featured_media":799,"comment_status":"open","ping_status":"open","sticky":false,"template":"","format":"standard","meta":{"_acf_changed":false,"footnotes":""},"categories":[5,3,1,16],"tags":[],"class_list":["post-798","post","type-post","status-publish","format-standard","has-post-thumbnail","hentry","category-guida-per-i-tifosi","category-calendario-gare","category-notizie-e-aggiornamenti","category-notizie-e-approfondimenti"],"acf":[],"_links":{"self":[{"href":"https:\/\/aspettandomilanocortina2026.it\/de\/wp-json\/wp\/v2\/posts\/798","targetHints":{"allow":["GET"]}}],"collection":[{"href":"https:\/\/aspettandomilanocortina2026.it\/de\/wp-json\/wp\/v2\/posts"}],"about":[{"href":"https:\/\/aspettandomilanocortina2026.it\/de\/wp-json\/wp\/v2\/types\/post"}],"author":[{"embeddable":true,"href":"https:\/\/aspettandomilanocortina2026.it\/de\/wp-json\/wp\/v2\/users\/3"}],"replies":[{"embeddable":true,"href":"https:\/\/aspettandomilanocortina2026.it\/de\/wp-json\/wp\/v2\/comments?post=798"}],"version-history":[{"count":4,"href":"https:\/\/aspettandomilanocortina2026.it\/de\/wp-json\/wp\/v2\/posts\/798\/revisions"}],"predecessor-version":[{"id":812,"href":"https:\/\/aspettandomilanocortina2026.it\/de\/wp-json\/wp\/v2\/posts\/798\/revisions\/812"}],"wp:featuredmedia":[{"embeddable":true,"href":"https:\/\/aspettandomilanocortina2026.it\/de\/wp-json\/wp\/v2\/media\/799"}],"wp:attachment":[{"href":"https:\/\/aspettandomilanocortina2026.it\/de\/wp-json\/wp\/v2\/media?parent=798"}],"wp:term":[{"taxonomy":"category","embeddable":true,"href":"https:\/\/aspettandomilanocortina2026.it\/de\/wp-json\/wp\/v2\/categories?post=798"},{"taxonomy":"post_tag","embeddable":true,"href":"https:\/\/aspettandomilanocortina2026.it\/de\/wp-json\/wp\/v2\/tags?post=798"}],"curies":[{"name":"wp","href":"https:\/\/api.w.org\/{rel}","templated":true}]}}