{"id":786,"date":"2025-07-14T13:08:41","date_gmt":"2025-07-14T12:08:41","guid":{"rendered":"https:\/\/aspettandomilanocortina2026.it\/?p=786"},"modified":"2025-07-14T13:08:49","modified_gmt":"2025-07-14T12:08:49","slug":"jannik-sinner-schreibt-geschichte-erster-italienischer-wimbledon-sieg","status":"publish","type":"post","link":"https:\/\/aspettandomilanocortina2026.it\/de\/jannik-sinner-schreibt-geschichte-erster-italienischer-wimbledon-sieg\/","title":{"rendered":"Jannik Sinner schreibt Geschichte: erster Italiener, der Wimbledon gewinnt"},"content":{"rendered":"<script type=\"text\/plain\" data-tcf=\"waiting-for-consent\" data-id=\"1033\" data-bid=\"1\" data-placement=\"1034\">PGRpdiBpZD0iYW1jLTI5OTg2MzM5MDkiIGNsYXNzPSJhbWMtcHJpbWEtZGVsLWNvbnRlbnV0byI+PHNjcmlwdCBhc3luYyBzcmM9Ii8vcGFnZWFkMi5nb29nbGVzeW5kaWNhdGlvbi5jb20vcGFnZWFkL2pzL2Fkc2J5Z29vZ2xlLmpzP2NsaWVudD1jYS1wdWItNDQwMTE0NTAyNzUzOTExNSIgY3Jvc3NvcmlnaW49ImFub255bW91cyI+PC9zY3JpcHQ+PGlucyBjbGFzcz0iYWRzYnlnb29nbGUiIHN0eWxlPSJkaXNwbGF5OmJsb2NrOyIgZGF0YS1hZC1jbGllbnQ9ImNhLXB1Yi00NDAxMTQ1MDI3NTM5MTE1IiAKZGF0YS1hZC1zbG90PSIiIApkYXRhLWFkLWZvcm1hdD0iYXV0byIgZGF0YS1mdWxsLXdpZHRoLXJlc3BvbnNpdmU9InRydWUiPjwvaW5zPgo8c2NyaXB0PiAKKGFkc2J5Z29vZ2xlID0gd2luZG93LmFkc2J5Z29vZ2xlIHx8IFtdKS5wdXNoKHt9KTsgCjwvc2NyaXB0Pgo8L2Rpdj4=<\/script>\n<p>London, 13. Juli 2025 - Ein magischer Abend auf dem Centre Court, wo <strong>Jannik Sinner<\/strong>Jahrgang 2001, hat seinen Namen in die Tennislegende geschrieben. In seinem dritten Finale in Folge unter den ersten beiden der ATP-Rangliste besiegte Sinner Titelverteidiger Carlos Alcaraz mit 4:6, 6:4, 6:4 und gewann damit seinen ersten Wimbledon-Titel auf Rasen und den vierten Slam seiner Karriere.<\/p><script type=\"text\/plain\" data-tcf=\"waiting-for-consent\" data-id=\"1037\" data-bid=\"1\" data-placement=\"726\">PGRpdiBpZD0iYW1jLTI1ODAxMzc1NzIiIGNsYXNzPSJhbWMtcG9zdC1jb250ZW50IiBzdHlsZT0ibWFyZ2luLWxlZnQ6IGF1dG87bWFyZ2luLXJpZ2h0OiBhdXRvO3RleHQtYWxpZ246IGNlbnRlcjsiPjxzY3JpcHQgYXN5bmMgc3JjPSIvL3BhZ2VhZDIuZ29vZ2xlc3luZGljYXRpb24uY29tL3BhZ2VhZC9qcy9hZHNieWdvb2dsZS5qcz9jbGllbnQ9Y2EtcHViLTQ0MDExNDUwMjc1MzkxMTUiIGNyb3Nzb3JpZ2luPSJhbm9ueW1vdXMiPjwvc2NyaXB0PjxpbnMgY2xhc3M9ImFkc2J5Z29vZ2xlIiBzdHlsZT0iZGlzcGxheTpibG9jazsiIGRhdGEtYWQtY2xpZW50PSJjYS1wdWItNDQwMTE0NTAyNzUzOTExNSIgCmRhdGEtYWQtc2xvdD0iODAyMDU4Mzc5MyIgCmRhdGEtYWQtZm9ybWF0PSJhdXRvIiBkYXRhLWZ1bGwtd2lkdGgtcmVzcG9uc2l2ZT0idHJ1ZSI+PC9pbnM+CjxzY3JpcHQ+IAooYWRzYnlnb29nbGUgPSB3aW5kb3cuYWRzYnlnb29nbGUgfHwgW10pLnB1c2goe30pOyAKPC9zY3JpcHQ+CjwvZGl2PjxiciBzdHlsZT0iY2xlYXI6IGJvdGg7IGRpc3BsYXk6IGJsb2NrOyBmbG9hdDogbm9uZTsiLz4=<\/script>\n\n\n\n<h2 class=\"wp-block-heading\"><strong>Ein historischer Kraftakt<\/strong><\/h2>\n\n\n\n<ul class=\"wp-block-list\">\n<li>Es ist der erste italienische Sieg im Herreneinzel in Wimbledon nach 148 Ausgaben des Turniers.<\/li>\n\n\n\n<li>Mit dem Sieg \u00fcber Alcaraz, den Herrscher von Roland Garros und Gewinner der beiden letzten Wimbledon-Ausgaben, durchbrach Sinner seine ungeschlagene Serie bei den Majors.<\/li>\n\n\n\n<li>Mit 23 Jahren und 318 Tagen geh\u00f6rt er zu den j\u00fcngsten Siegern, die es je gab: der erste Grand-Slam-Sieg auf Rasen seit Einf\u00fchrung der \"Big Four\".<\/li>\n<\/ul>\n\n\n\n<h2 class=\"wp-block-heading\"><strong>Das Spiel: Gleichgewicht, Kampfgeist und Rache<\/strong><\/h2>\n\n\n\n<ol start=\"1\" class=\"wp-block-list\">\n<li><strong>Erster Satz 4-6<\/strong>Alcaraz zog davon und kontrollierte das Geschehen dank starker Aufschl\u00e4ge und eines fl\u00fcssigen Spiels.<\/li>\n\n\n\n<li><strong>Zweiter Satz 6-4<\/strong>Sinner reagiert darauf und unterbricht den spanischen Rhythmus mit Intensit\u00e4t und Pr\u00e4zision.<\/li>\n\n\n\n<li><strong>Dritter Satz 6-4<\/strong>Gleichstand bis zur entscheidenden Pause, das L\u00e4cheln des Italieners w\u00e4chst.<\/li>\n\n\n\n<li><strong>Vierter Satz 6-4<\/strong>Sinner schlie\u00dft mit Hartn\u00e4ckigkeit, mentaler Dominanz und Schr\u00e4gsch\u00fcssen ab.<br>Ein Match, das drei Stunden und vier Minuten dauert, ohne kurze S\u00e4tze oder Unterbrechungen: ein eleganter Kampf mit Charakter.<\/li>\n<\/ol>\n\n\n\n<h2 class=\"wp-block-heading\"><strong>Reaktionen, Zahlen und Kontext<\/strong><\/h2>\n\n\n\n<ul class=\"wp-block-list\">\n<li>Der Triumph ist es wert <strong>2,35 Millionen Pfund<\/strong> (ca. 2,7 Mio. \u20ac) an Pr\u00e4mien, w\u00e4hrend Alcaraz <strong>\u00a31,4<\/strong><strong>mln<\/strong>.<\/li>\n\n\n\n<li>Das Finale zog illustre G\u00e4ste an: die britische K\u00f6nigsfamilie, darunter <strong>Kate Middleton und William<\/strong>mehrere internationale Stars.<\/li>\n\n\n\n<li>Im Fernsehen und in den sozialen Medien brach sofort eine italienische Freugebene aus: \"Freude f\u00fcr die Familie Sinner\", \"Rache an Paris\", \"Herrschaftsakt auf dem Rasen\" .<\/li>\n<\/ul>\n\n\n\n<p>Einziger Nachteil: <strong>Nick Kyrgios<\/strong>Der ehemalige Rebellenstar hatte auf X ein kryptisches Sternchen gepostet und damit Kritik am Anti-Doping-System angedeutet, doch Sinners Auftritt lie\u00df alle Zweifel verschwinden.<\/p><script type=\"text\/plain\" data-tcf=\"waiting-for-consent\" data-id=\"1033\" data-bid=\"1\" data-placement=\"985\">PGRpdiBpZD0iYW1jLTIyMTkyNDgyOSIgY2xhc3M9ImFtYy1taC1taWQiPjxzY3JpcHQgYXN5bmMgc3JjPSIvL3BhZ2VhZDIuZ29vZ2xlc3luZGljYXRpb24uY29tL3BhZ2VhZC9qcy9hZHNieWdvb2dsZS5qcz9jbGllbnQ9Y2EtcHViLTQ0MDExNDUwMjc1MzkxMTUiIGNyb3Nzb3JpZ2luPSJhbm9ueW1vdXMiPjwvc2NyaXB0PjxpbnMgY2xhc3M9ImFkc2J5Z29vZ2xlIiBzdHlsZT0iZGlzcGxheTpibG9jazsiIGRhdGEtYWQtY2xpZW50PSJjYS1wdWItNDQwMTE0NTAyNzUzOTExNSIgCmRhdGEtYWQtc2xvdD0iIiAKZGF0YS1hZC1mb3JtYXQ9ImF1dG8iIGRhdGEtZnVsbC13aWR0aC1yZXNwb25zaXZlPSJ0cnVlIj48L2lucz4KPHNjcmlwdD4gCihhZHNieWdvb2dsZSA9IHdpbmRvdy5hZHNieWdvb2dsZSB8fCBbXSkucHVzaCh7fSk7IAo8L3NjcmlwdD4KPC9kaXY+<\/script>\n\n\n\n<h2 class=\"wp-block-heading\"><strong>Auswirkungen und Zukunft<\/strong><\/h2>\n\n\n\n<ul class=\"wp-block-list\">\n<li>Sinner erreicht eine Quote von vier Slams (Australian Open 2024, 2025; US Open 2024; Wimbledon 2025) und geh\u00f6rt damit zur Elite des Welttennis.<\/li>\n\n\n\n<li>Sein Sieg markiert das Ende des internationalen Zyklus, der von den ehemaligen Big Four dominiert wurde, ein neues Kapitel im globalen Tennis.<\/li>\n\n\n\n<li>Mit der Eroberung von Wimbledon vervollst\u00e4ndigt er das \"Triple Major in einem Jahr\": oben, auf Hartpl\u00e4tzen und jetzt auf Rasen, nur die French Open fehlen (wo er im Finale verlor).<\/li>\n<\/ul>\n\n\n\n<h2 class=\"wp-block-heading\"><strong>Zitate von den Protagonisten<\/strong><\/h2>\n\n\n\n<p>\"Ich habe immer von Wimbledon getr\u00e4umt. Heute ist dieser Traum Wirklichkeit geworden. Es ist ein Einzelkampf, aber ein Gef\u00fchl, das ich mit meinem Team und Italien teile\" - Jannik Sinner .<\/p>\n\n\n\n<p>\"Gl\u00fcckwunsch an Sinner, er hat es verdient. Aber ich werde 2026 noch st\u00e4rker zur\u00fcckkommen\" - Carlos Alcaraz.<\/p>\n\n\n\n<figure class=\"wp-block-embed is-type-video is-provider-youtube wp-block-embed-youtube wp-embed-aspect-16-9 wp-has-aspect-ratio\"><div class=\"wp-block-embed__wrapper\">\n<iframe loading=\"lazy\" title=\"Sinner-Alcaraz: H\u00f6hepunkte des Wimbledon-Finales\" width=\"500\" height=\"281\" src=\"https:\/\/www.youtube.com\/embed\/qxd81DuQ4gU?feature=oembed\" frameborder=\"0\" allow=\"accelerometer; autoplay; clipboard-write; encrypted-media; gyroscope; picture-in-picture; web-share\" referrerpolicy=\"strict-origin-when-cross-origin\" allowfullscreen><\/iframe>\n<\/div><\/figure>\n<div class=\"amc-dopo-il-contenuto\" id=\"amc-608991880\"><script type=\"text\/plain\" data-tcf=\"waiting-for-consent\" data-id=\"1033\" data-bid=\"1\">PGRpdiBpZD0iYW1jLTE3MDU5MDQ0NDkiPjxzY3JpcHQgYXN5bmMgc3JjPSIvL3BhZ2VhZDIuZ29vZ2xlc3luZGljYXRpb24uY29tL3BhZ2VhZC9qcy9hZHNieWdvb2dsZS5qcz9jbGllbnQ9Y2EtcHViLTQ0MDExNDUwMjc1MzkxMTUiIGNyb3Nzb3JpZ2luPSJhbm9ueW1vdXMiPjwvc2NyaXB0PjxpbnMgY2xhc3M9ImFkc2J5Z29vZ2xlIiBzdHlsZT0iZGlzcGxheTpibG9jazsiIGRhdGEtYWQtY2xpZW50PSJjYS1wdWItNDQwMTE0NTAyNzUzOTExNSIgCmRhdGEtYWQtc2xvdD0iIiAKZGF0YS1hZC1mb3JtYXQ9ImF1dG8iIGRhdGEtZnVsbC13aWR0aC1yZXNwb25zaXZlPSJ0cnVlIj48L2lucz4KPHNjcmlwdD4gCihhZHNieWdvb2dsZSA9IHdpbmRvdy5hZHNieWdvb2dsZSB8fCBbXSkucHVzaCh7fSk7IAo8L3NjcmlwdD4KPC9kaXY+<\/script><\/div>","protected":false},"excerpt":{"rendered":"<p>Londra, 13 luglio 2025 \u2013 Una serata magica sul Centre Court, dove Jannik Sinner, classe 2001, ha scritto il suo nome nella leggenda del tennis. Alla terza finale consecutiva tra i primi due del ranking ATP, Sinner ha sconfitto il campione in carica Carlos Alcaraz con il punteggio di 4\u20116, 6\u20114, 6\u20114, 6\u20114, conquistando il [&hellip;]<\/p>","protected":false},"author":3,"featured_media":787,"comment_status":"open","ping_status":"open","sticky":false,"template":"","format":"standard","meta":{"_acf_changed":false,"footnotes":""},"categories":[16,1],"tags":[],"class_list":["post-786","post","type-post","status-publish","format-standard","has-post-thumbnail","hentry","category-notizie-e-approfondimenti","category-notizie-e-aggiornamenti"],"acf":[],"_links":{"self":[{"href":"https:\/\/aspettandomilanocortina2026.it\/de\/wp-json\/wp\/v2\/posts\/786","targetHints":{"allow":["GET"]}}],"collection":[{"href":"https:\/\/aspettandomilanocortina2026.it\/de\/wp-json\/wp\/v2\/posts"}],"about":[{"href":"https:\/\/aspettandomilanocortina2026.it\/de\/wp-json\/wp\/v2\/types\/post"}],"author":[{"embeddable":true,"href":"https:\/\/aspettandomilanocortina2026.it\/de\/wp-json\/wp\/v2\/users\/3"}],"replies":[{"embeddable":true,"href":"https:\/\/aspettandomilanocortina2026.it\/de\/wp-json\/wp\/v2\/comments?post=786"}],"version-history":[{"count":1,"href":"https:\/\/aspettandomilanocortina2026.it\/de\/wp-json\/wp\/v2\/posts\/786\/revisions"}],"predecessor-version":[{"id":789,"href":"https:\/\/aspettandomilanocortina2026.it\/de\/wp-json\/wp\/v2\/posts\/786\/revisions\/789"}],"wp:featuredmedia":[{"embeddable":true,"href":"https:\/\/aspettandomilanocortina2026.it\/de\/wp-json\/wp\/v2\/media\/787"}],"wp:attachment":[{"href":"https:\/\/aspettandomilanocortina2026.it\/de\/wp-json\/wp\/v2\/media?parent=786"}],"wp:term":[{"taxonomy":"category","embeddable":true,"href":"https:\/\/aspettandomilanocortina2026.it\/de\/wp-json\/wp\/v2\/categories?post=786"},{"taxonomy":"post_tag","embeddable":true,"href":"https:\/\/aspettandomilanocortina2026.it\/de\/wp-json\/wp\/v2\/tags?post=786"}],"curies":[{"name":"wp","href":"https:\/\/api.w.org\/{rel}","templated":true}]}}