{"id":777,"date":"2025-07-04T10:58:19","date_gmt":"2025-07-04T09:58:19","guid":{"rendered":"https:\/\/aspettandomilanocortina2026.it\/?p=777"},"modified":"2025-07-04T10:58:26","modified_gmt":"2025-07-04T09:58:26","slug":"tour-de-france-2025-bereit-fur-den-start-in-lille-am-5-juli","status":"publish","type":"post","link":"https:\/\/aspettandomilanocortina2026.it\/de\/tour-de-france-2025-bereit-fur-den-start-in-lille-am-5-juli\/","title":{"rendered":"Tour de France 2025: alles bereit f\u00fcr den Start in Lille am 5. Juli"},"content":{"rendered":"<script type=\"text\/plain\" data-tcf=\"waiting-for-consent\" data-id=\"1033\" data-bid=\"1\" data-placement=\"1034\">PGRpdiBpZD0iYW1jLTQyODQyMDgyNTkiIGNsYXNzPSJhbWMtcHJpbWEtZGVsLWNvbnRlbnV0byI+PHNjcmlwdCBhc3luYyBzcmM9Ii8vcGFnZWFkMi5nb29nbGVzeW5kaWNhdGlvbi5jb20vcGFnZWFkL2pzL2Fkc2J5Z29vZ2xlLmpzP2NsaWVudD1jYS1wdWItNDQwMTE0NTAyNzUzOTExNSIgY3Jvc3NvcmlnaW49ImFub255bW91cyI+PC9zY3JpcHQ+PGlucyBjbGFzcz0iYWRzYnlnb29nbGUiIHN0eWxlPSJkaXNwbGF5OmJsb2NrOyIgZGF0YS1hZC1jbGllbnQ9ImNhLXB1Yi00NDAxMTQ1MDI3NTM5MTE1IiAKZGF0YS1hZC1zbG90PSIiIApkYXRhLWFkLWZvcm1hdD0iYXV0byIgZGF0YS1mdWxsLXdpZHRoLXJlc3BvbnNpdmU9InRydWUiPjwvaW5zPgo8c2NyaXB0PiAKKGFkc2J5Z29vZ2xlID0gd2luZG93LmFkc2J5Z29vZ2xlIHx8IFtdKS5wdXNoKHt9KTsgCjwvc2NyaXB0Pgo8L2Rpdj4=<\/script>\n<p>Am morgigen Samstag, dem 5. Juli 2025, startet die 112. Auflage der Tour de France in Lille (Hauts-de-France) mit der mit Spannung erwarteten ersten Etappe - Lille M\u00e9tropole &gt; Lille M\u00e9tropole - \u00fcber rund 185 km. Das sportliche Herz der Stadt wird ab dem sp\u00e4ten Nachmittag von Fans, Athleten und Schaulustigen bev\u00f6lkert sein, wenn die Teams um 18:30 Uhr auf dem Place Grande vorgestellt werden.<\/p><script type=\"text\/plain\" data-tcf=\"waiting-for-consent\" data-id=\"1037\" data-bid=\"1\" data-placement=\"726\">PGRpdiBpZD0iYW1jLTI5MTQyNDU0MTQiIGNsYXNzPSJhbWMtcG9zdC1jb250ZW50IiBzdHlsZT0ibWFyZ2luLWxlZnQ6IGF1dG87bWFyZ2luLXJpZ2h0OiBhdXRvO3RleHQtYWxpZ246IGNlbnRlcjsiPjxzY3JpcHQgYXN5bmMgc3JjPSIvL3BhZ2VhZDIuZ29vZ2xlc3luZGljYXRpb24uY29tL3BhZ2VhZC9qcy9hZHNieWdvb2dsZS5qcz9jbGllbnQ9Y2EtcHViLTQ0MDExNDUwMjc1MzkxMTUiIGNyb3Nzb3JpZ2luPSJhbm9ueW1vdXMiPjwvc2NyaXB0PjxpbnMgY2xhc3M9ImFkc2J5Z29vZ2xlIiBzdHlsZT0iZGlzcGxheTpibG9jazsiIGRhdGEtYWQtY2xpZW50PSJjYS1wdWItNDQwMTE0NTAyNzUzOTExNSIgCmRhdGEtYWQtc2xvdD0iODAyMDU4Mzc5MyIgCmRhdGEtYWQtZm9ybWF0PSJhdXRvIiBkYXRhLWZ1bGwtd2lkdGgtcmVzcG9uc2l2ZT0idHJ1ZSI+PC9pbnM+CjxzY3JpcHQ+IAooYWRzYnlnb29nbGUgPSB3aW5kb3cuYWRzYnlnb29nbGUgfHwgW10pLnB1c2goe30pOyAKPC9zY3JpcHQ+CjwvZGl2PjxiciBzdHlsZT0iY2xlYXI6IGJvdGg7IGRpc3BsYXk6IGJsb2NrOyBmbG9hdDogbm9uZTsiLz4=<\/script>\n\n\n\n<h2 class=\"wp-block-heading\"><strong>Zielsetzung des Tages<\/strong><\/h2>\n\n\n\n<ul class=\"wp-block-list\">\n<li><strong>Endspurt und gelbes Trikot<\/strong>Die erwartete Sprintankunft heizt den Kampf zwischen reinen Sprintern wie Jasper Philipsen, Tim Merlier und Jonathan Milan an.<\/li>\n\n\n\n<li><strong>Erste Risse zwischen GCs<\/strong>Pogacar und Vingegaard (die absoluten Favoriten) m\u00fcssen St\u00fcrze und Staffelungen vermeiden, die durch die h\u00e4ufigen Seitenwinde in der Region verursacht werden.<\/li>\n\n\n\n<li><strong>Kategorie Bergsteiger<\/strong>Drei kurze Anstiege der 4. Kategorie und schlechte Kopfsteinpflasterabschnitte (z.B. Mont Cassel) werden das erste gepunktete Trikot bieten - und vielleicht einige \u00dcberraschungsangriffe.<\/li>\n<\/ul>\n\n\n\n<h2 class=\"wp-block-heading\"><strong>Neugierde und Geschichtenerz\u00e4hlen<\/strong><\/h2>\n\n\n\n<ol start=\"1\" class=\"wp-block-list\">\n<li>Konkurrenten in den Startl\u00f6chern<br>Das Duell zwischen Pogacar und Vingegaard, das als eines der kultigsten im modernen Radsport gilt, findet nun schon das vierte Jahr in Folge statt. Pogacar strebt sein viertes Gelbes Trikot an, aber Vingegaard, der nach einer Doppelrunde (2022-23) zur\u00fcck ist, ist bereit, den Spie\u00df umzudrehen.<\/li>\n\n\n\n<li>Frankreich im Fledermausr\u00fcckzug<br>Vierzig Jahre nach dem letzten Sieg eines Franzosen (Hinault, 1985) werden morgen 38 Alpen\u00fcberquerer in Lille an den Start gehen, um \"Wind in die Segel\" zu bekommen. Mathieu Alaphilippe, Lenny Martinez, Benjamin Thomas und Anthony Turgis werden nach dem Etappensieg streben.<\/li>\n\n\n\n<li>Winde und St\u00fcrze: eine explosive Mischung<br>Der Norden ist ber\u00fchmt f\u00fcr seine Seitenwinde: Schon morgen k\u00f6nnten die Seitenwinde zu Br\u00fcchen im Peloton (Staffeln) f\u00fchren und einen \"einfachen\" Tag in einen Tag voller Chaos und Wendungen verwandeln.<\/li>\n\n\n\n<li>Kultur und Feste in Lille<br>Die Durchfahrt durch den Grand Place und die festlich hergerichteten Stra\u00dfen sind das Ergebnis jahrelanger Planung. Jeder Grand D\u00e9part steigert das internationale Profil der Stadt und f\u00f6rdert den Tourismus, die Wirtschaft und die Liebe zum Radfahren.<\/li>\n\n\n\n<li>Besondere gestrickte Cham\u00e4leons<br>Morgen werden wir 23 Sondertrikots im Rennen sehen, von denen einige entworfen wurden, um Farbverwechslungen zu vermeiden, und andere als Hommage an Strecken oder Partner: Groupama-FDJ, Visma-Lease a Bike und Red Bull-Bora-Hansgrohe werden am Start einzigartige Farben tragen.<\/li>\n<\/ol>\n\n\n\n<h2 class=\"wp-block-heading\"><strong>Palimpsest der ersten Fraktion<\/strong><\/h2>\n\n\n\n<ul class=\"wp-block-list\">\n<li><strong>Start<\/strong>Lille M\u00e9tropole: Lille M\u00e9tropole, sp\u00e4ter Vormittag<\/li>\n\n\n\n<li><strong>Fraktion<\/strong>~185 km, Steigungen und Gef\u00e4lle + Kopfsteinpflasterabschnitte + drei Anstiege der 4.<\/li>\n\n\n\n<li><strong>Voraussichtliche Ankunft<\/strong>Sprint in der letzten Stunde<\/li>\n\n\n\n<li><strong>Augen auf<\/strong>:\n<ul class=\"wp-block-list\">\n<li>UAE Emirates, Visma Bike und Soudal-Quick-Step Teams f\u00fcr die Gesamtwertung und die Punktewertung<\/li>\n\n\n\n<li>Top-Sprinter, bereit, die Vorteile der letzten Fans zu nutzen<\/li>\n<\/ul>\n<\/li>\n<\/ul>\n\n\n\n<h2 class=\"wp-block-heading\"><strong>Warum ihm folgen?<\/strong><\/h2>\n\n\n\n<ul class=\"wp-block-list\">\n<li><strong>Reine Strategie<\/strong>Ausstiege aus den Formationen, Alarmglocken bei den Fahrern, taktische K\u00e4mpfe von Anfang an.<\/li>\n\n\n\n<li><strong>Lebendige Geschichte<\/strong>Pogacar auf der Jagd nach seinem vierten Titel, Sprinter bereit, die F\u00fchrenden herauszufordern.<\/li>\n\n\n\n<li><strong>Nordische Ausstellung<\/strong>festliche Atmosph\u00e4re, Punctum in den kurvenreichen Landstrichen Nordfrankreichs.<\/li>\n<\/ul>\n\n\n\n<p>Morgen ist der Tag, an dem die <strong>Frankreich-Rundfahrt 2025<\/strong> nimmt Gestalt an: Die Erz\u00e4hlung in Lille wird nur der Anfang von drei intensiven Wochen voller Berge, legend\u00e4rer Gegner und Geschichten sein, die es zu erz\u00e4hlen gilt.<\/p><script type=\"text\/plain\" data-tcf=\"waiting-for-consent\" data-id=\"1033\" data-bid=\"1\" data-placement=\"985\">PGRpdiBpZD0iYW1jLTk5NjcxODUiIGNsYXNzPSJhbWMtbWgtbWlkIj48c2NyaXB0IGFzeW5jIHNyYz0iLy9wYWdlYWQyLmdvb2dsZXN5bmRpY2F0aW9uLmNvbS9wYWdlYWQvanMvYWRzYnlnb29nbGUuanM\/Y2xpZW50PWNhLXB1Yi00NDAxMTQ1MDI3NTM5MTE1IiBjcm9zc29yaWdpbj0iYW5vbnltb3VzIj48L3NjcmlwdD48aW5zIGNsYXNzPSJhZHNieWdvb2dsZSIgc3R5bGU9ImRpc3BsYXk6YmxvY2s7IiBkYXRhLWFkLWNsaWVudD0iY2EtcHViLTQ0MDExNDUwMjc1MzkxMTUiIApkYXRhLWFkLXNsb3Q9IiIgCmRhdGEtYWQtZm9ybWF0PSJhdXRvIiBkYXRhLWZ1bGwtd2lkdGgtcmVzcG9uc2l2ZT0idHJ1ZSI+PC9pbnM+CjxzY3JpcHQ+IAooYWRzYnlnb29nbGUgPSB3aW5kb3cuYWRzYnlnb29nbGUgfHwgW10pLnB1c2goe30pOyAKPC9zY3JpcHQ+CjwvZGl2Pg==<\/script>\n\n\n\n<p>Viel Spa\u00df beim Ansehen und m\u00f6ge der beste Mann gewinnen!<\/p>\n\n\n\n<p><\/p>\n<div class=\"amc-dopo-il-contenuto\" id=\"amc-1034982601\"><script type=\"text\/plain\" data-tcf=\"waiting-for-consent\" data-id=\"1033\" data-bid=\"1\">PGRpdiBpZD0iYW1jLTQwMTkxODgyOTEiPjxzY3JpcHQgYXN5bmMgc3JjPSIvL3BhZ2VhZDIuZ29vZ2xlc3luZGljYXRpb24uY29tL3BhZ2VhZC9qcy9hZHNieWdvb2dsZS5qcz9jbGllbnQ9Y2EtcHViLTQ0MDExNDUwMjc1MzkxMTUiIGNyb3Nzb3JpZ2luPSJhbm9ueW1vdXMiPjwvc2NyaXB0PjxpbnMgY2xhc3M9ImFkc2J5Z29vZ2xlIiBzdHlsZT0iZGlzcGxheTpibG9jazsiIGRhdGEtYWQtY2xpZW50PSJjYS1wdWItNDQwMTE0NTAyNzUzOTExNSIgCmRhdGEtYWQtc2xvdD0iIiAKZGF0YS1hZC1mb3JtYXQ9ImF1dG8iIGRhdGEtZnVsbC13aWR0aC1yZXNwb25zaXZlPSJ0cnVlIj48L2lucz4KPHNjcmlwdD4gCihhZHNieWdvb2dsZSA9IHdpbmRvdy5hZHNieWdvb2dsZSB8fCBbXSkucHVzaCh7fSk7IAo8L3NjcmlwdD4KPC9kaXY+<\/script><\/div>","protected":false},"excerpt":{"rendered":"<p>Domani, sabato 5 luglio 2025, la 112\u00aa edizione del Tour de France scatter\u00e0 da Lille (Hauts\u2011de\u2011France) con la tanto attesa Stage\u202f1 \u2013 circuito Lille M\u00e9tropole &gt; Lille M\u00e9tropole, di circa 185\u202fkm. Il cuore sportivo della citt\u00e0 sar\u00e0 invaso da tifosi, atleti e curiosi fin dal tardo pomeriggio, quando verranno presentate le squadre in piazza Grande [&hellip;]<\/p>","protected":false},"author":3,"featured_media":778,"comment_status":"open","ping_status":"open","sticky":false,"template":"","format":"standard","meta":{"_acf_changed":false,"footnotes":""},"categories":[16,1],"tags":[],"class_list":["post-777","post","type-post","status-publish","format-standard","has-post-thumbnail","hentry","category-notizie-e-approfondimenti","category-notizie-e-aggiornamenti"],"acf":[],"_links":{"self":[{"href":"https:\/\/aspettandomilanocortina2026.it\/de\/wp-json\/wp\/v2\/posts\/777","targetHints":{"allow":["GET"]}}],"collection":[{"href":"https:\/\/aspettandomilanocortina2026.it\/de\/wp-json\/wp\/v2\/posts"}],"about":[{"href":"https:\/\/aspettandomilanocortina2026.it\/de\/wp-json\/wp\/v2\/types\/post"}],"author":[{"embeddable":true,"href":"https:\/\/aspettandomilanocortina2026.it\/de\/wp-json\/wp\/v2\/users\/3"}],"replies":[{"embeddable":true,"href":"https:\/\/aspettandomilanocortina2026.it\/de\/wp-json\/wp\/v2\/comments?post=777"}],"version-history":[{"count":1,"href":"https:\/\/aspettandomilanocortina2026.it\/de\/wp-json\/wp\/v2\/posts\/777\/revisions"}],"predecessor-version":[{"id":779,"href":"https:\/\/aspettandomilanocortina2026.it\/de\/wp-json\/wp\/v2\/posts\/777\/revisions\/779"}],"wp:featuredmedia":[{"embeddable":true,"href":"https:\/\/aspettandomilanocortina2026.it\/de\/wp-json\/wp\/v2\/media\/778"}],"wp:attachment":[{"href":"https:\/\/aspettandomilanocortina2026.it\/de\/wp-json\/wp\/v2\/media?parent=777"}],"wp:term":[{"taxonomy":"category","embeddable":true,"href":"https:\/\/aspettandomilanocortina2026.it\/de\/wp-json\/wp\/v2\/categories?post=777"},{"taxonomy":"post_tag","embeddable":true,"href":"https:\/\/aspettandomilanocortina2026.it\/de\/wp-json\/wp\/v2\/tags?post=777"}],"curies":[{"name":"wp","href":"https:\/\/api.w.org\/{rel}","templated":true}]}}