{"id":773,"date":"2025-07-04T10:41:03","date_gmt":"2025-07-04T09:41:03","guid":{"rendered":"https:\/\/aspettandomilanocortina2026.it\/?p=773"},"modified":"2025-07-04T10:41:11","modified_gmt":"2025-07-04T09:41:11","slug":"siena-10-dezember-2025-die-olympische-fackel-erleuchtet-die-seele-der-toskana","status":"publish","type":"post","link":"https:\/\/aspettandomilanocortina2026.it\/de\/siena-10-dezember-2025-die-olympische-fackel-erleuchtet-die-seele-der-toskana\/","title":{"rendered":"Siena 10. Dezember 2025: Das olympische Feuer erleuchtet die Seele der Toskana"},"content":{"rendered":"<script type=\"text\/plain\" data-tcf=\"waiting-for-consent\" data-id=\"1033\" data-bid=\"1\" data-placement=\"1034\">PGRpdiBpZD0iYW1jLTIyNzEyMzA1MTciIGNsYXNzPSJhbWMtcHJpbWEtZGVsLWNvbnRlbnV0byI+PHNjcmlwdCBhc3luYyBzcmM9Ii8vcGFnZWFkMi5nb29nbGVzeW5kaWNhdGlvbi5jb20vcGFnZWFkL2pzL2Fkc2J5Z29vZ2xlLmpzP2NsaWVudD1jYS1wdWItNDQwMTE0NTAyNzUzOTExNSIgY3Jvc3NvcmlnaW49ImFub255bW91cyI+PC9zY3JpcHQ+PGlucyBjbGFzcz0iYWRzYnlnb29nbGUiIHN0eWxlPSJkaXNwbGF5OmJsb2NrOyIgZGF0YS1hZC1jbGllbnQ9ImNhLXB1Yi00NDAxMTQ1MDI3NTM5MTE1IiAKZGF0YS1hZC1zbG90PSIiIApkYXRhLWFkLWZvcm1hdD0iYXV0byIgZGF0YS1mdWxsLXdpZHRoLXJlc3BvbnNpdmU9InRydWUiPjwvaW5zPgo8c2NyaXB0PiAKKGFkc2J5Z29vZ2xlID0gd2luZG93LmFkc2J5Z29vZ2xlIHx8IFtdKS5wdXNoKHt9KTsgCjwvc2NyaXB0Pgo8L2Rpdj4=<\/script>\n<p>Siena bereitet sich darauf vor, einen au\u00dfergew\u00f6hnlichen Tag zu erleben. Am 10. Dezember 2025 wird die Stadt des Palio eine der eindrucksvollsten und bedeutendsten Etappen des olympischen Fackellaufs im Hinblick auf die Winterspiele 2026 in Mailand-Cortina beherbergen. Ein Ereignis, das Sport, Identit\u00e4t, Nachhaltigkeit und Kultur in einer postkartenreifen Umgebung miteinander zu verbinden verspricht.<\/p><script type=\"text\/plain\" data-tcf=\"waiting-for-consent\" data-id=\"1037\" data-bid=\"1\" data-placement=\"726\">PGRpdiBpZD0iYW1jLTEwOTY4MzA4NzciIGNsYXNzPSJhbWMtcG9zdC1jb250ZW50IiBzdHlsZT0ibWFyZ2luLWxlZnQ6IGF1dG87bWFyZ2luLXJpZ2h0OiBhdXRvO3RleHQtYWxpZ246IGNlbnRlcjsiPjxzY3JpcHQgYXN5bmMgc3JjPSIvL3BhZ2VhZDIuZ29vZ2xlc3luZGljYXRpb24uY29tL3BhZ2VhZC9qcy9hZHNieWdvb2dsZS5qcz9jbGllbnQ9Y2EtcHViLTQ0MDExNDUwMjc1MzkxMTUiIGNyb3Nzb3JpZ2luPSJhbm9ueW1vdXMiPjwvc2NyaXB0PjxpbnMgY2xhc3M9ImFkc2J5Z29vZ2xlIiBzdHlsZT0iZGlzcGxheTpibG9jazsiIGRhdGEtYWQtY2xpZW50PSJjYS1wdWItNDQwMTE0NTAyNzUzOTExNSIgCmRhdGEtYWQtc2xvdD0iODAyMDU4Mzc5MyIgCmRhdGEtYWQtZm9ybWF0PSJhdXRvIiBkYXRhLWZ1bGwtd2lkdGgtcmVzcG9uc2l2ZT0idHJ1ZSI+PC9pbnM+CjxzY3JpcHQ+IAooYWRzYnlnb29nbGUgPSB3aW5kb3cuYWRzYnlnb29nbGUgfHwgW10pLnB1c2goe30pOyAKPC9zY3JpcHQ+CjwvZGl2PjxiciBzdHlsZT0iY2xlYXI6IGJvdGg7IGRpc3BsYXk6IGJsb2NrOyBmbG9hdDogbm9uZTsiLz4=<\/script>\n\n\n\n<h2 class=\"wp-block-heading\"><strong>Eine B\u00fchne voller Symbole: Die Flamme durchquert Siena<\/strong><\/h2>\n\n\n\n<p>Wenn die Fackel in den Mauern von Siena ankommt und am 26. November nach der Tradition des antiken Olympia entz\u00fcndet wird, ist die Stadt bereits in Feierlaune. In den Farben der 17 Contrade gekleidet, begleitet von Trommlern, Fahnentr\u00e4gern und Schulkindern, wird sich Siena in ein lebendiges Mosaik der Gef\u00fchle verwandeln.<\/p><script type=\"text\/plain\" data-tcf=\"waiting-for-consent\" data-id=\"1033\" data-bid=\"1\" data-placement=\"985\">PGRpdiBpZD0iYW1jLTExNDgyNzk0MDMiIGNsYXNzPSJhbWMtbWgtbWlkIj48c2NyaXB0IGFzeW5jIHNyYz0iLy9wYWdlYWQyLmdvb2dsZXN5bmRpY2F0aW9uLmNvbS9wYWdlYWQvanMvYWRzYnlnb29nbGUuanM\/Y2xpZW50PWNhLXB1Yi00NDAxMTQ1MDI3NTM5MTE1IiBjcm9zc29yaWdpbj0iYW5vbnltb3VzIj48L3NjcmlwdD48aW5zIGNsYXNzPSJhZHNieWdvb2dsZSIgc3R5bGU9ImRpc3BsYXk6YmxvY2s7IiBkYXRhLWFkLWNsaWVudD0iY2EtcHViLTQ0MDExNDUwMjc1MzkxMTUiIApkYXRhLWFkLXNsb3Q9IiIgCmRhdGEtYWQtZm9ybWF0PSJhdXRvIiBkYXRhLWZ1bGwtd2lkdGgtcmVzcG9uc2l2ZT0idHJ1ZSI+PC9pbnM+CjxzY3JpcHQ+IAooYWRzYnlnb29nbGUgPSB3aW5kb3cuYWRzYnlnb29nbGUgfHwgW10pLnB1c2goe30pOyAKPC9zY3JpcHQ+CjwvZGl2Pg==<\/script>\n\n\n\n<p>Die Route f\u00fchrt zu einigen der ber\u00fchmtesten Orte:<\/p>\n\n\n\n<ul class=\"wp-block-list\">\n<li>Geplante Abfahrt um 08:00 Uhr vom Stadio Comunale 'Artemio Franchi'.<\/li>\n\n\n\n<li>Der Spaziergang wird durch die Porta Camollia fortgesetzt, den symbolischen Eingang zur Stadt der Freien und Starken\".<\/li>\n\n\n\n<li>Auf der Via Banchi di Sopra und der Via di Citt\u00e0 wird die Fackel an historischen Pal\u00e4sten, gotischen Kathedralen und jahrhundertealten Gesch\u00e4ften vorbeiziehen.<\/li>\n\n\n\n<li>Auf der Piazza del Campo, dem pulsierenden Herzen des Palio, ist ein erster feierlicher Moment geplant, bei dem die Contrade und die Institutionen anwesend sein werden.<\/li>\n\n\n\n<li>Schlie\u00dflich wird die Flamme die Piazza del Duomo erreichen, wo das feierliche Feuer vor einer malerischen Kulisse aus Lichtern, Ch\u00f6ren und Auff\u00fchrungen entz\u00fcndet wird.<\/li>\n<\/ul>\n\n\n\n<h2 class=\"wp-block-heading\"><strong>Fackeltr\u00e4ger aus dem Herzen der Stadt ausgew\u00e4hlt<\/strong><\/h2>\n\n\n\n<p>Es wird ein besonderer Staffellauf sein: Etwa 60 Fackeltr\u00e4ger werden den Stab in 200-250 Meter langen Abschnitten weitergeben. Aber jeder Abschnitt wird eine Bedeutung haben:<\/p>\n\n\n\n<ul class=\"wp-block-list\">\n<li>Junge Sportler aus Siena, ein Symbol f\u00fcr die sportliche Zukunft der Stadt.<\/li>\n\n\n\n<li>Lokale Freiwillige, die im Rahmen einer nationalen Ausschreibung ausgew\u00e4hlt wurden, f\u00fcr die sich \u00fcber 30 000 Personen beworben haben.<\/li>\n\n\n\n<li>Repr\u00e4sentanten der Contrade, jeder mit einer tausendj\u00e4hrigen Geschichte.<\/li>\n\n\n\n<li>Ehemalige Olympioniken und Paralympioniken, die in der Toskana geboren oder aufgewachsen sind, zeugen von den Werten des Olympismus.<\/li>\n\n\n\n<li>Der letzte Fackeltr\u00e4ger, dessen Name geheim gehalten wird, wird die Ehre haben, das Feuer im geistigen Herzen der Stadt zu entz\u00fcnden.<\/li>\n\n\n\n<li>Kultur, Sport und Nachhaltigkeit treffen aufeinander<\/li>\n<\/ul>\n\n\n\n<p>Der Weg der Fackel nach Siena wird nicht nur ein sportliches Fest sein, sondern auch ein Moment der Wertsch\u00e4tzung der Region und des Nachdenkens \u00fcber Umweltfragen:<\/p>\n\n\n\n<ul class=\"wp-block-list\">\n<li>Die aus recyceltem Aluminium hergestellte Taschenlampe wird mit Bio-LPG betrieben und kann bis zu 10 Mal wieder aufgeladen werden.<\/li>\n\n\n\n<li>Alle Fahrzeuge, die die olympische Karawane unterst\u00fctzen, werden Hybrid- oder Elektrofahrzeuge sein, die das Stadtbild und das Kulturerbe respektieren.<\/li>\n\n\n\n<li>Im Museumskomplex von Santa Maria della Scala wird eine Sonderausstellung mit dem Titel <em>Olympismus und kulturelle Identit\u00e4t\".<\/em>offen f\u00fcr Studenten und Familien.<\/li>\n<\/ul>\n\n\n\n<h2 class=\"wp-block-heading\"><strong>Siena - Protagonist eines olympischen Traums<\/strong><\/h2>\n\n\n\n<p>Am 10. Dezember 2025 wird Siena nicht nur eine gekreuzte Stadt sein, sondern eine echte Hauptstadt der olympischen Werte. Die Fackel wird nicht nur Stra\u00dfen und Denkm\u00e4ler erhellen: Sie wird die Herzen erw\u00e4rmen, den Stolz einer Gemeinschaft entfachen und eine starke Botschaft an die Welt senden.<\/p>\n\n\n\n<p>Denn jede Weitergabe der Fackel ist eine Geschichte, und in Siena wird diese Geschichte im Licht der Tradition und mit dem Schwung der Zukunft geschrieben werden.<\/p>\n\n\n\n<figure class=\"wp-block-embed is-type-video is-provider-youtube wp-block-embed-youtube wp-embed-aspect-16-9 wp-has-aspect-ratio\"><div class=\"wp-block-embed__wrapper\">\n<iframe loading=\"lazy\" title=\"TOP 12 SIENA Was man an einem Wochenende sehen und tun kann\" width=\"500\" height=\"281\" src=\"https:\/\/www.youtube.com\/embed\/lSEdjlHwYrs?feature=oembed\" frameborder=\"0\" allow=\"accelerometer; autoplay; clipboard-write; encrypted-media; gyroscope; picture-in-picture; web-share\" referrerpolicy=\"strict-origin-when-cross-origin\" allowfullscreen><\/iframe>\n<\/div><\/figure>\n<div class=\"amc-dopo-il-contenuto\" id=\"amc-4271190549\"><script type=\"text\/plain\" data-tcf=\"waiting-for-consent\" data-id=\"1033\" data-bid=\"1\">PGRpdiBpZD0iYW1jLTMwNTAwNTE5NDkiPjxzY3JpcHQgYXN5bmMgc3JjPSIvL3BhZ2VhZDIuZ29vZ2xlc3luZGljYXRpb24uY29tL3BhZ2VhZC9qcy9hZHNieWdvb2dsZS5qcz9jbGllbnQ9Y2EtcHViLTQ0MDExNDUwMjc1MzkxMTUiIGNyb3Nzb3JpZ2luPSJhbm9ueW1vdXMiPjwvc2NyaXB0PjxpbnMgY2xhc3M9ImFkc2J5Z29vZ2xlIiBzdHlsZT0iZGlzcGxheTpibG9jazsiIGRhdGEtYWQtY2xpZW50PSJjYS1wdWItNDQwMTE0NTAyNzUzOTExNSIgCmRhdGEtYWQtc2xvdD0iIiAKZGF0YS1hZC1mb3JtYXQ9ImF1dG8iIGRhdGEtZnVsbC13aWR0aC1yZXNwb25zaXZlPSJ0cnVlIj48L2lucz4KPHNjcmlwdD4gCihhZHNieWdvb2dsZSA9IHdpbmRvdy5hZHNieWdvb2dsZSB8fCBbXSkucHVzaCh7fSk7IAo8L3NjcmlwdD4KPC9kaXY+<\/script><\/div>","protected":false},"excerpt":{"rendered":"<p>Siena si prepara a vivere un giorno straordinario. Il 10 dicembre 2025, la citt\u00e0 del Palio ospiter\u00e0 una delle tappe pi\u00f9 suggestive e cariche di significato della staffetta della Fiaccola Olimpica in vista dei Giochi Invernali di Milano Cortina 2026. Un evento che promette di intrecciare sport, identit\u00e0, sostenibilit\u00e0 e cultura in uno scenario da [&hellip;]<\/p>","protected":false},"author":3,"featured_media":774,"comment_status":"open","ping_status":"open","sticky":false,"template":"","format":"standard","meta":{"_acf_changed":false,"footnotes":""},"categories":[5,1,16],"tags":[],"class_list":["post-773","post","type-post","status-publish","format-standard","has-post-thumbnail","hentry","category-guida-per-i-tifosi","category-notizie-e-aggiornamenti","category-notizie-e-approfondimenti"],"acf":[],"_links":{"self":[{"href":"https:\/\/aspettandomilanocortina2026.it\/de\/wp-json\/wp\/v2\/posts\/773","targetHints":{"allow":["GET"]}}],"collection":[{"href":"https:\/\/aspettandomilanocortina2026.it\/de\/wp-json\/wp\/v2\/posts"}],"about":[{"href":"https:\/\/aspettandomilanocortina2026.it\/de\/wp-json\/wp\/v2\/types\/post"}],"author":[{"embeddable":true,"href":"https:\/\/aspettandomilanocortina2026.it\/de\/wp-json\/wp\/v2\/users\/3"}],"replies":[{"embeddable":true,"href":"https:\/\/aspettandomilanocortina2026.it\/de\/wp-json\/wp\/v2\/comments?post=773"}],"version-history":[{"count":1,"href":"https:\/\/aspettandomilanocortina2026.it\/de\/wp-json\/wp\/v2\/posts\/773\/revisions"}],"predecessor-version":[{"id":776,"href":"https:\/\/aspettandomilanocortina2026.it\/de\/wp-json\/wp\/v2\/posts\/773\/revisions\/776"}],"wp:featuredmedia":[{"embeddable":true,"href":"https:\/\/aspettandomilanocortina2026.it\/de\/wp-json\/wp\/v2\/media\/774"}],"wp:attachment":[{"href":"https:\/\/aspettandomilanocortina2026.it\/de\/wp-json\/wp\/v2\/media?parent=773"}],"wp:term":[{"taxonomy":"category","embeddable":true,"href":"https:\/\/aspettandomilanocortina2026.it\/de\/wp-json\/wp\/v2\/categories?post=773"},{"taxonomy":"post_tag","embeddable":true,"href":"https:\/\/aspettandomilanocortina2026.it\/de\/wp-json\/wp\/v2\/tags?post=773"}],"curies":[{"name":"wp","href":"https:\/\/api.w.org\/{rel}","templated":true}]}}