{"id":746,"date":"2025-06-16T13:27:47","date_gmt":"2025-06-16T12:27:47","guid":{"rendered":"https:\/\/aspettandomilanocortina2026.it\/?p=746"},"modified":"2025-06-16T13:27:54","modified_gmt":"2025-06-16T12:27:54","slug":"perugia-entzundet-lumbria-vierte-etappe-der-olympischen-fackel-nach-mailand-cortina-2026","status":"publish","type":"post","link":"https:\/\/aspettandomilanocortina2026.it\/de\/perugia-entzundet-lumbria-vierte-etappe-der-olympischen-fackel-nach-mailand-cortina-2026\/","title":{"rendered":"Perugia erleuchtet Umbrien: vierte Etappe der olympischen Fackel nach Mailand Cortina 2026"},"content":{"rendered":"<script type=\"text\/plain\" data-tcf=\"waiting-for-consent\" data-id=\"1033\" data-bid=\"1\" data-placement=\"1034\">PGRpdiBpZD0iYW1jLTIzNzIxOTM5MTciIGNsYXNzPSJhbWMtcHJpbWEtZGVsLWNvbnRlbnV0byI+PHNjcmlwdCBhc3luYyBzcmM9Ii8vcGFnZWFkMi5nb29nbGVzeW5kaWNhdGlvbi5jb20vcGFnZWFkL2pzL2Fkc2J5Z29vZ2xlLmpzP2NsaWVudD1jYS1wdWItNDQwMTE0NTAyNzUzOTExNSIgY3Jvc3NvcmlnaW49ImFub255bW91cyI+PC9zY3JpcHQ+PGlucyBjbGFzcz0iYWRzYnlnb29nbGUiIHN0eWxlPSJkaXNwbGF5OmJsb2NrOyIgZGF0YS1hZC1jbGllbnQ9ImNhLXB1Yi00NDAxMTQ1MDI3NTM5MTE1IiAKZGF0YS1hZC1zbG90PSIiIApkYXRhLWFkLWZvcm1hdD0iYXV0byIgZGF0YS1mdWxsLXdpZHRoLXJlc3BvbnNpdmU9InRydWUiPjwvaW5zPgo8c2NyaXB0PiAKKGFkc2J5Z29vZ2xlID0gd2luZG93LmFkc2J5Z29vZ2xlIHx8IFtdKS5wdXNoKHt9KTsgCjwvc2NyaXB0Pgo8L2Rpdj4=<\/script>\n<p><strong>9. Dezember 2025 - Perugia (Umbrien)<\/strong><\/p><script type=\"text\/plain\" data-tcf=\"waiting-for-consent\" data-id=\"1037\" data-bid=\"1\" data-placement=\"726\">PGRpdiBpZD0iYW1jLTk4MDIxMjA1NyIgY2xhc3M9ImFtYy1wb3N0LWNvbnRlbnQiIHN0eWxlPSJtYXJnaW4tbGVmdDogYXV0bzttYXJnaW4tcmlnaHQ6IGF1dG87dGV4dC1hbGlnbjogY2VudGVyOyI+PHNjcmlwdCBhc3luYyBzcmM9Ii8vcGFnZWFkMi5nb29nbGVzeW5kaWNhdGlvbi5jb20vcGFnZWFkL2pzL2Fkc2J5Z29vZ2xlLmpzP2NsaWVudD1jYS1wdWItNDQwMTE0NTAyNzUzOTExNSIgY3Jvc3NvcmlnaW49ImFub255bW91cyI+PC9zY3JpcHQ+PGlucyBjbGFzcz0iYWRzYnlnb29nbGUiIHN0eWxlPSJkaXNwbGF5OmJsb2NrOyIgZGF0YS1hZC1jbGllbnQ9ImNhLXB1Yi00NDAxMTQ1MDI3NTM5MTE1IiAKZGF0YS1hZC1zbG90PSI4MDIwNTgzNzkzIiAKZGF0YS1hZC1mb3JtYXQ9ImF1dG8iIGRhdGEtZnVsbC13aWR0aC1yZXNwb25zaXZlPSJ0cnVlIj48L2lucz4KPHNjcmlwdD4gCihhZHNieWdvb2dsZSA9IHdpbmRvdy5hZHNieWdvb2dsZSB8fCBbXSkucHVzaCh7fSk7IAo8L3NjcmlwdD4KPC9kaXY+PGJyIHN0eWxlPSJjbGVhcjogYm90aDsgZGlzcGxheTogYmxvY2s7IGZsb2F0OiBub25lOyIvPg==<\/script>\n\n\n\n<p>Nach dem aufregenden Tag in Terni setzt die olympische Fackel ihre symbolische Reise fort und landet in <strong>Perugia<\/strong>f\u00fcr den vierten Tag eines Staffellaufs, der Italien durch Sport, Kultur und territoriale Identit\u00e4t vereinen soll. Am 9. Dezember wird die umbrische Hauptstadt zum Schauplatz eines kollektiven Festes, das Tradition und Zukunftsvision, Geschichte und olympischen Geist miteinander verwebt.<\/p><script type=\"text\/plain\" data-tcf=\"waiting-for-consent\" data-id=\"1033\" data-bid=\"1\" data-placement=\"985\">PGRpdiBpZD0iYW1jLTMwMTg3MzU5ODUiIGNsYXNzPSJhbWMtbWgtbWlkIj48c2NyaXB0IGFzeW5jIHNyYz0iLy9wYWdlYWQyLmdvb2dsZXN5bmRpY2F0aW9uLmNvbS9wYWdlYWQvanMvYWRzYnlnb29nbGUuanM\/Y2xpZW50PWNhLXB1Yi00NDAxMTQ1MDI3NTM5MTE1IiBjcm9zc29yaWdpbj0iYW5vbnltb3VzIj48L3NjcmlwdD48aW5zIGNsYXNzPSJhZHNieWdvb2dsZSIgc3R5bGU9ImRpc3BsYXk6YmxvY2s7IiBkYXRhLWFkLWNsaWVudD0iY2EtcHViLTQ0MDExNDUwMjc1MzkxMTUiIApkYXRhLWFkLXNsb3Q9IiIgCmRhdGEtYWQtZm9ybWF0PSJhdXRvIiBkYXRhLWZ1bGwtd2lkdGgtcmVzcG9uc2l2ZT0idHJ1ZSI+PC9pbnM+CjxzY3JpcHQ+IAooYWRzYnlnb29nbGUgPSB3aW5kb3cuYWRzYnlnb29nbGUgfHwgW10pLnB1c2goe30pOyAKPC9zY3JpcHQ+CjwvZGl2Pg==<\/script>\n\n\n\n<p><strong>Ein Tag der Symbole und der Gemeinschaft<\/strong><\/p>\n\n\n\n<p>Bei Tagesanbruch ist die <strong>Stadion Santa Giuliana<\/strong> wird die Fackel empfangen, die sich auf eine stimmungsvolle Route durch die gepflasterten Stra\u00dfen der Altstadt begibt. Mit symbolischen Stopps an <strong>Piazza IV Novembre<\/strong>die <strong>Gro\u00dfe Font\u00e4ne<\/strong>die <strong>Kathedrale von San Lorenzo<\/strong>und die malerische <strong>Via Maest\u00e0 delle Volte<\/strong>Die Fackel wird von Musikkapellen, historischen Pers\u00f6nlichkeiten, Schulkindern und lokalen Sportvereinen begleitet.<\/p>\n\n\n\n<p>Der Tag wird voraussichtlich enden mit <strong>Piazza Italia<\/strong>mit der Beleuchtung des olympischen Stativs und einer abendlichen Show mit Musik, Lichtern und Zeugnissen umbrischer Athleten und Olympioniken der Vergangenheit.<\/p>\n\n\n\n<p><strong>Die Protagonisten der B\u00fchne<\/strong><\/p>\n\n\n\n<p>Ebenfalls in Perugia werden sein <strong>Dutzende von Fackeltr\u00e4gern<\/strong> - rund 80 - die das olympische Feuer tragen, und jeder hat eine Geschichte zu erz\u00e4hlen. Unter ihnen:<\/p>\n\n\n\n<ul class=\"wp-block-list\">\n<li><strong>Junge Sportler aus Umbrien<\/strong> der regionalen Verb\u00e4nde<\/li>\n\n\n\n<li><strong>Studenten und Akademiker<\/strong> der Universit\u00e4t von Perugia und der Universit\u00e4t f\u00fcr Ausl\u00e4nder, ein Symbol f\u00fcr die Verbindung zwischen Kultur und Sport<\/li>\n\n\n\n<li><strong>Ausgew\u00e4hlte Freiwillige<\/strong> aus dem nationalen Aufruf, einschlie\u00dflich Vertretern von sozialen und integrativen Verb\u00e4nden<\/li>\n\n\n\n<li><strong>Ehemalige Olympiasieger<\/strong> Umbrier, als Symbol f\u00fcr die Weitergabe des Staffelstabs zwischen den Generationen<\/li>\n\n\n\n<li><strong>Ein heimlicher Fackeltr\u00e4ger<\/strong> schlie\u00dft die Route, wie in jeder Etappe, und h\u00e4lt die Spannung aufrecht, die die Reise nach Mailand begleiten wird<\/li>\n<\/ul>\n\n\n\n<p><strong>Perugia: zwischen tausendj\u00e4hriger Geschichte und europ\u00e4ischer Berufung<\/strong><\/p>\n\n\n\n<p>Von den Etruskern gegr\u00fcndet, mittelalterliche Hauptstadt und Sitz angesehener akademischer Einrichtungen, ist Perugia eine Stadt mit einer starken kulturellen und europ\u00e4ischen Ausrichtung. Es ist kein Zufall, dass die Fackel hier vorbeikommt: Sie ist ein Symbol f\u00fcr die <strong>Vielfalt im Dialog<\/strong>des<strong>Offenheit gegen\u00fcber der Welt<\/strong>und der Wert der <strong>gemeinsamer Speicher<\/strong>. Innerhalb weniger Kilometer zeigt Perugia die Essenz eines Italiens, das sich ver\u00e4ndert, aber in seinen Werten best\u00e4ndig bleibt.<\/p>\n\n\n\n<p><strong>Die Gr\u00fcne Fackel: Nachhaltigkeit auf dem Vormarsch<\/strong><\/p>\n\n\n\n<p>Auch am 9. Dezember wird die olympische Fackel ihr innovatives italienisches Design stolz zur Schau stellen. Hergestellt aus <strong>recyceltes Aluminium und Stahl<\/strong>wird angetrieben von einem <strong>Bio-LPG-Gemisch<\/strong>ausgew\u00e4hlt, um Emissionen zu reduzieren und jede Etappe nachhaltig zu gestalten. Au\u00dferdem werden in jeder Stadt Informationsst\u00e4nde \u00fcber die <strong>\u00d6kologischer Wandel im Sport<\/strong>um junge Menschen und Familien zu erziehen und zu inspirieren.<\/p>\n\n\n\n<p><strong>Kuriosit\u00e4ten und Zahlen<\/strong><\/p>\n\n\n\n<ul class=\"wp-block-list\">\n<li><strong>200-250 Meter<\/strong>die von jedem Fackeltr\u00e4ger zur\u00fcckgelegte Strecke<\/li>\n\n\n\n<li><strong>1.500+ Gemeinden<\/strong> an der gesamten Fackelroute beteiligt<\/li>\n\n\n\n<li><strong>20 Regionen<\/strong> Italienisch gekreuzt<\/li>\n\n\n\n<li><strong>60 UNESCO-St\u00e4tten<\/strong> ber\u00fchrt<\/li>\n\n\n\n<li><strong>10 symbolische Z\u00fcndungen<\/strong> in Umbrien zwischen D\u00f6rfern und Naturgebieten geplant<\/li>\n<\/ul>\n\n\n\n<p>Die \u00dcbergabe der olympischen Fackel in Perugia ist nicht nur ein sportliches Ereignis, sondern auch eine Einladung zur Teilnahme, zur Wiederentdeckung des Gemeinschaftssinns und zum gemeinsamen Weg in Richtung 2026. In einer Stadt, die es geschafft hat, Geschichte, Bildung und europ\u00e4ischen Geist zu vereinen, hat das olympische Feuer einen neuen Ausdruck gefunden. Am 9. Dezember wird Perugia leuchten und damit ein weiteres St\u00fcck des Weges nach Mailand-Cortina.<\/p>\n\n\n\n<figure class=\"wp-block-embed is-type-video is-provider-youtube wp-block-embed-youtube wp-embed-aspect-16-9 wp-has-aspect-ratio\"><div class=\"wp-block-embed__wrapper\">\n<iframe loading=\"lazy\" title=\"10 Dinge zu sehen in PERUGIA - TOURIST GUIDE\" width=\"500\" height=\"281\" src=\"https:\/\/www.youtube.com\/embed\/dkblzn3QQgc?feature=oembed\" frameborder=\"0\" allow=\"accelerometer; autoplay; clipboard-write; encrypted-media; gyroscope; picture-in-picture; web-share\" referrerpolicy=\"strict-origin-when-cross-origin\" allowfullscreen><\/iframe>\n<\/div><\/figure>\n<div class=\"amc-dopo-il-contenuto\" id=\"amc-1645933346\"><script type=\"text\/plain\" data-tcf=\"waiting-for-consent\" data-id=\"1033\" data-bid=\"1\">PGRpdiBpZD0iYW1jLTg0ODc3ODYyMSI+PHNjcmlwdCBhc3luYyBzcmM9Ii8vcGFnZWFkMi5nb29nbGVzeW5kaWNhdGlvbi5jb20vcGFnZWFkL2pzL2Fkc2J5Z29vZ2xlLmpzP2NsaWVudD1jYS1wdWItNDQwMTE0NTAyNzUzOTExNSIgY3Jvc3NvcmlnaW49ImFub255bW91cyI+PC9zY3JpcHQ+PGlucyBjbGFzcz0iYWRzYnlnb29nbGUiIHN0eWxlPSJkaXNwbGF5OmJsb2NrOyIgZGF0YS1hZC1jbGllbnQ9ImNhLXB1Yi00NDAxMTQ1MDI3NTM5MTE1IiAKZGF0YS1hZC1zbG90PSIiIApkYXRhLWFkLWZvcm1hdD0iYXV0byIgZGF0YS1mdWxsLXdpZHRoLXJlc3BvbnNpdmU9InRydWUiPjwvaW5zPgo8c2NyaXB0PiAKKGFkc2J5Z29vZ2xlID0gd2luZG93LmFkc2J5Z29vZ2xlIHx8IFtdKS5wdXNoKHt9KTsgCjwvc2NyaXB0Pgo8L2Rpdj4=<\/script><\/div>","protected":false},"excerpt":{"rendered":"<p>9 dicembre 2025 \u2013 Perugia (Umbria) Dopo l\u2019emozionante giornata a Terni, la Fiaccola Olimpica prosegue il suo viaggio simbolico e approda a Perugia, per il quarto giorno di una staffetta destinata a unire l\u2019Italia attraverso lo sport, la cultura e l\u2019identit\u00e0 dei territori. Il 9 dicembre la capitale umbra diventa palcoscenico di una festa collettiva [&hellip;]<\/p>","protected":false},"author":3,"featured_media":748,"comment_status":"open","ping_status":"open","sticky":false,"template":"","format":"standard","meta":{"_acf_changed":false,"footnotes":""},"categories":[5,1,16],"tags":[],"class_list":["post-746","post","type-post","status-publish","format-standard","has-post-thumbnail","hentry","category-guida-per-i-tifosi","category-notizie-e-aggiornamenti","category-notizie-e-approfondimenti"],"acf":[],"_links":{"self":[{"href":"https:\/\/aspettandomilanocortina2026.it\/de\/wp-json\/wp\/v2\/posts\/746","targetHints":{"allow":["GET"]}}],"collection":[{"href":"https:\/\/aspettandomilanocortina2026.it\/de\/wp-json\/wp\/v2\/posts"}],"about":[{"href":"https:\/\/aspettandomilanocortina2026.it\/de\/wp-json\/wp\/v2\/types\/post"}],"author":[{"embeddable":true,"href":"https:\/\/aspettandomilanocortina2026.it\/de\/wp-json\/wp\/v2\/users\/3"}],"replies":[{"embeddable":true,"href":"https:\/\/aspettandomilanocortina2026.it\/de\/wp-json\/wp\/v2\/comments?post=746"}],"version-history":[{"count":1,"href":"https:\/\/aspettandomilanocortina2026.it\/de\/wp-json\/wp\/v2\/posts\/746\/revisions"}],"predecessor-version":[{"id":749,"href":"https:\/\/aspettandomilanocortina2026.it\/de\/wp-json\/wp\/v2\/posts\/746\/revisions\/749"}],"wp:featuredmedia":[{"embeddable":true,"href":"https:\/\/aspettandomilanocortina2026.it\/de\/wp-json\/wp\/v2\/media\/748"}],"wp:attachment":[{"href":"https:\/\/aspettandomilanocortina2026.it\/de\/wp-json\/wp\/v2\/media?parent=746"}],"wp:term":[{"taxonomy":"category","embeddable":true,"href":"https:\/\/aspettandomilanocortina2026.it\/de\/wp-json\/wp\/v2\/categories?post=746"},{"taxonomy":"post_tag","embeddable":true,"href":"https:\/\/aspettandomilanocortina2026.it\/de\/wp-json\/wp\/v2\/tags?post=746"}],"curies":[{"name":"wp","href":"https:\/\/api.w.org\/{rel}","templated":true}]}}