{"id":742,"date":"2025-06-16T13:09:27","date_gmt":"2025-06-16T12:09:27","guid":{"rendered":"https:\/\/aspettandomilanocortina2026.it\/?p=742"},"modified":"2025-06-16T13:09:35","modified_gmt":"2025-06-16T12:09:35","slug":"terni-entzundet-die-olympische-leidenschaft-die-flamme-erleuchtet-das-grune-herz-italiens","status":"publish","type":"post","link":"https:\/\/aspettandomilanocortina2026.it\/de\/terni-entzundet-die-olympische-leidenschaft-die-flamme-erleuchtet-das-grune-herz-italiens\/","title":{"rendered":"Terni entfacht olympische Leidenschaft: Die Flamme erleuchtet das gr\u00fcne Herz Italiens"},"content":{"rendered":"<script type=\"text\/plain\" data-tcf=\"waiting-for-consent\" data-id=\"1033\" data-bid=\"1\" data-placement=\"1034\">PGRpdiBpZD0iYW1jLTE4MDI2NTU1ODciIGNsYXNzPSJhbWMtcHJpbWEtZGVsLWNvbnRlbnV0byI+PHNjcmlwdCBhc3luYyBzcmM9Ii8vcGFnZWFkMi5nb29nbGVzeW5kaWNhdGlvbi5jb20vcGFnZWFkL2pzL2Fkc2J5Z29vZ2xlLmpzP2NsaWVudD1jYS1wdWItNDQwMTE0NTAyNzUzOTExNSIgY3Jvc3NvcmlnaW49ImFub255bW91cyI+PC9zY3JpcHQ+PGlucyBjbGFzcz0iYWRzYnlnb29nbGUiIHN0eWxlPSJkaXNwbGF5OmJsb2NrOyIgZGF0YS1hZC1jbGllbnQ9ImNhLXB1Yi00NDAxMTQ1MDI3NTM5MTE1IiAKZGF0YS1hZC1zbG90PSIiIApkYXRhLWFkLWZvcm1hdD0iYXV0byIgZGF0YS1mdWxsLXdpZHRoLXJlc3BvbnNpdmU9InRydWUiPjwvaW5zPgo8c2NyaXB0PiAKKGFkc2J5Z29vZ2xlID0gd2luZG93LmFkc2J5Z29vZ2xlIHx8IFtdKS5wdXNoKHt9KTsgCjwvc2NyaXB0Pgo8L2Rpdj4=<\/script>\n<h2 class=\"wp-block-heading\"><strong>8. Dezember 2025 - Terni, ( Umbrien )<\/strong><\/h2>\n\n\n\n<p>Am dritten Tag ihrer historischen Reise nach Mailand Cortina 2026 wird die olympische Fackel im Herzen Umbriens ankommen: <strong>Terni<\/strong>die Stadt des Eisens, des Wassers und das pulsierende Herz des Sports und der Kultur, wird zum Schauplatz eines symbolischen Moments von gro\u00dfer Wirkung. Nach dem Start in Rom und der zweiten Station in Viterbo markiert der 8. Dezember eine neue Etappe auf der Reise der <strong>Olympische Staffel<\/strong> die \u00fcber 1.500 italienische Gemeinden betreffen wird.<\/p><script type=\"text\/plain\" data-tcf=\"waiting-for-consent\" data-id=\"1037\" data-bid=\"1\" data-placement=\"726\">PGRpdiBpZD0iYW1jLTIwMzY5OTA4NjgiIGNsYXNzPSJhbWMtcG9zdC1jb250ZW50IiBzdHlsZT0ibWFyZ2luLWxlZnQ6IGF1dG87bWFyZ2luLXJpZ2h0OiBhdXRvO3RleHQtYWxpZ246IGNlbnRlcjsiPjxzY3JpcHQgYXN5bmMgc3JjPSIvL3BhZ2VhZDIuZ29vZ2xlc3luZGljYXRpb24uY29tL3BhZ2VhZC9qcy9hZHNieWdvb2dsZS5qcz9jbGllbnQ9Y2EtcHViLTQ0MDExNDUwMjc1MzkxMTUiIGNyb3Nzb3JpZ2luPSJhbm9ueW1vdXMiPjwvc2NyaXB0PjxpbnMgY2xhc3M9ImFkc2J5Z29vZ2xlIiBzdHlsZT0iZGlzcGxheTpibG9jazsiIGRhdGEtYWQtY2xpZW50PSJjYS1wdWItNDQwMTE0NTAyNzUzOTExNSIgCmRhdGEtYWQtc2xvdD0iODAyMDU4Mzc5MyIgCmRhdGEtYWQtZm9ybWF0PSJhdXRvIiBkYXRhLWZ1bGwtd2lkdGgtcmVzcG9uc2l2ZT0idHJ1ZSI+PC9pbnM+CjxzY3JpcHQ+IAooYWRzYnlnb29nbGUgPSB3aW5kb3cuYWRzYnlnb29nbGUgfHwgW10pLnB1c2goe30pOyAKPC9zY3JpcHQ+CjwvZGl2PjxiciBzdHlsZT0iY2xlYXI6IGJvdGg7IGRpc3BsYXk6IGJsb2NrOyBmbG9hdDogbm9uZTsiLz4=<\/script>\n\n\n\n<h2 class=\"wp-block-heading\"><strong>Ein Tag des Stahls, der Kultur und der Identit\u00e4t<\/strong><\/h2>\n\n\n\n<p>Unter <strong>7:30 Uhr.<\/strong>Die Fackel, die in Olympia entz\u00fcndet wurde und am 6. Dezember in Italien ankam, startet von der historischen <strong>Marmore-F\u00e4lle<\/strong>eines der st\u00e4rksten nat\u00fcrlichen Symbole der Region. Die Route f\u00fchrt weiter durch das Stadtzentrum, zwischen den Stra\u00dfen von <strong>Corso del Popolo<\/strong>, <strong>Tacitus-Platz<\/strong> und die<strong>Fausto Amphitheater<\/strong>vor der Ankunft am Nachmittag <strong>Platz der Republik<\/strong>wo eine \u00f6ffentliche Zeremonie mit musikalischen Darbietungen und von olympischen Werten inspirierten Lesungen stattfindet.<\/p><script type=\"text\/plain\" data-tcf=\"waiting-for-consent\" data-id=\"1033\" data-bid=\"1\" data-placement=\"985\">PGRpdiBpZD0iYW1jLTI0MTMxMDE2NzYiIGNsYXNzPSJhbWMtbWgtbWlkIj48c2NyaXB0IGFzeW5jIHNyYz0iLy9wYWdlYWQyLmdvb2dsZXN5bmRpY2F0aW9uLmNvbS9wYWdlYWQvanMvYWRzYnlnb29nbGUuanM\/Y2xpZW50PWNhLXB1Yi00NDAxMTQ1MDI3NTM5MTE1IiBjcm9zc29yaWdpbj0iYW5vbnltb3VzIj48L3NjcmlwdD48aW5zIGNsYXNzPSJhZHNieWdvb2dsZSIgc3R5bGU9ImRpc3BsYXk6YmxvY2s7IiBkYXRhLWFkLWNsaWVudD0iY2EtcHViLTQ0MDExNDUwMjc1MzkxMTUiIApkYXRhLWFkLXNsb3Q9IiIgCmRhdGEtYWQtZm9ybWF0PSJhdXRvIiBkYXRhLWZ1bGwtd2lkdGgtcmVzcG9uc2l2ZT0idHJ1ZSI+PC9pbnM+CjxzY3JpcHQ+IAooYWRzYnlnb29nbGUgPSB3aW5kb3cuYWRzYnlnb29nbGUgfHwgW10pLnB1c2goe30pOyAKPC9zY3JpcHQ+CjwvZGl2Pg==<\/script>\n\n\n\n<h2 class=\"wp-block-heading\"><strong>Die Protagonisten des Fackellaufs in Terni<\/strong><\/h2>\n\n\n\n<p>F\u00fcr diese Etappe in Umbrien wurden ausgew\u00e4hlt <strong>etwa 80 Fackeltr\u00e4ger<\/strong>Jeder von ihnen legte durchschnittlich 200 Meter zur\u00fcck. Unter ihnen:<\/p>\n\n\n\n<ul class=\"wp-block-list\">\n<li><strong>Ehemalige Olympioniken aus Umbrien<\/strong> wie der Fechter Mauro Numa und der Sch\u00fctze Francesco Nespeca<\/li>\n\n\n\n<li><strong>Studenten und junge Sportler<\/strong> der weiterf\u00fchrenden Schulen von Terni, Protagonisten von Bildungsprojekten zum integrativen Sport<\/li>\n\n\n\n<li><strong>Freiwillige des Katastrophenschutzes<\/strong> e <strong>Sportverb\u00e4nde<\/strong> des Gebiets<\/li>\n\n\n\n<li>A <strong>au\u00dfergew\u00f6hnlicher Fackeltr\u00e4ger<\/strong>der Pfarrer eines Vorstadtbezirks, der wegen seines Engagements f\u00fcr die F\u00f6rderung der motorischen Aktivit\u00e4t von behinderten Kindern ausgew\u00e4hlt wurde<\/li>\n<\/ul>\n\n\n\n<h2 class=\"wp-block-heading\"><strong>Die nachhaltige Fackel: Symbol f\u00fcr die Zukunft<\/strong><\/h2>\n\n\n\n<p>Wie bei allen Etappen wurde auch die Fackel in Terni von einer starken <strong>gr\u00fcn<\/strong>. Hergestellt aus recyceltem Aluminium, hat es einen Kern aus <strong>Bio-LPG<\/strong> und kann bis zu 10 Mal wieder aufgeladen werden, was eine umweltfreundliche Reise gew\u00e4hrleistet. Um die Emissionen weiter zu reduzieren, wird der gesamte logistische Transport des Staffellaufs mit Elektrofahrzeugen durchgef\u00fchrt, die von offiziellen Sponsoren zur Verf\u00fcgung gestellt werden.<\/p>\n\n\n\n<h2 class=\"wp-block-heading\"><strong>Zielsetzung: Zusammenf\u00fchrung von Gemeinschaft, Kultur und Sport<\/strong><\/h2>\n\n\n\n<p>Die Veranstaltung in Terni ist nicht nur eine olympische Feier, sondern eine echte <strong>Moment des b\u00fcrgerlichen Zusammenhalts<\/strong>. W\u00e4hrend des gesamten Wochenendes wurden tempor\u00e4re Ausstellungen, Sportworkshops f\u00fcr Kinder und Treffen mit ehemaligen Sportlern organisiert. Eine besondere Initiative bezog auch \u00f6rtliche Handwerker ein, mit der Ausstellung von <strong>Mini-Kunstfackeln<\/strong> aus recycelten Materialien und inspiriert von der Geschichte der Stadt.<\/p>\n\n\n\n<p><strong>Umbrien begr\u00fc\u00dft das Feuer der Spiele<\/strong> Nach Terni wird die Fackel ihre Reise in Richtung <strong>Perugia<\/strong>dann andere umbrische D\u00f6rfer wie Spoleto, Foligno und Gubbio ber\u00fchren. Die Botschaft, die die Fackel begleitet - <strong>Licht, Begegnung, Wiedergeburt\".<\/strong> - verschmilzt mit dem Geist dieser Orte und zeigt, dass jede Stadt durch die universelle Sprache des Sports eine Geschichte zu erz\u00e4hlen hat.<\/p>\n\n\n\n<figure class=\"wp-block-embed is-type-video is-provider-youtube wp-block-embed-youtube wp-embed-aspect-16-9 wp-has-aspect-ratio\"><div class=\"wp-block-embed__wrapper\">\n<iframe loading=\"lazy\" title=\"&quot;TERNI&quot; Top 19 Touristische Orte | Terni Tourismus | ITALIEN\" width=\"500\" height=\"281\" src=\"https:\/\/www.youtube.com\/embed\/74GnaE4oaSA?feature=oembed\" frameborder=\"0\" allow=\"accelerometer; autoplay; clipboard-write; encrypted-media; gyroscope; picture-in-picture; web-share\" referrerpolicy=\"strict-origin-when-cross-origin\" allowfullscreen><\/iframe>\n<\/div><\/figure>\n<div class=\"amc-dopo-il-contenuto\" id=\"amc-2773113420\"><script type=\"text\/plain\" data-tcf=\"waiting-for-consent\" data-id=\"1033\" data-bid=\"1\">PGRpdiBpZD0iYW1jLTMzODE2MTAwOTgiPjxzY3JpcHQgYXN5bmMgc3JjPSIvL3BhZ2VhZDIuZ29vZ2xlc3luZGljYXRpb24uY29tL3BhZ2VhZC9qcy9hZHNieWdvb2dsZS5qcz9jbGllbnQ9Y2EtcHViLTQ0MDExNDUwMjc1MzkxMTUiIGNyb3Nzb3JpZ2luPSJhbm9ueW1vdXMiPjwvc2NyaXB0PjxpbnMgY2xhc3M9ImFkc2J5Z29vZ2xlIiBzdHlsZT0iZGlzcGxheTpibG9jazsiIGRhdGEtYWQtY2xpZW50PSJjYS1wdWItNDQwMTE0NTAyNzUzOTExNSIgCmRhdGEtYWQtc2xvdD0iIiAKZGF0YS1hZC1mb3JtYXQ9ImF1dG8iIGRhdGEtZnVsbC13aWR0aC1yZXNwb25zaXZlPSJ0cnVlIj48L2lucz4KPHNjcmlwdD4gCihhZHNieWdvb2dsZSA9IHdpbmRvdy5hZHNieWdvb2dsZSB8fCBbXSkucHVzaCh7fSk7IAo8L3NjcmlwdD4KPC9kaXY+<\/script><\/div>","protected":false},"excerpt":{"rendered":"<p>8 dicembre 2025 \u2013 Terni, ( Umbria ) Nel terzo giorno del suo storico viaggio verso Milano Cortina 2026, la fiaccola olimpica arriver\u00e0 nel cuore dell\u2019Umbria: Terni, citt\u00e0 di ferro, acqua e cuore pulsante di sport e cultura, diventa teatro di un momento simbolico di grande impatto. Dopo l\u2019avvio da Roma e la seconda tappa [&hellip;]<\/p>","protected":false},"author":3,"featured_media":744,"comment_status":"open","ping_status":"open","sticky":false,"template":"","format":"standard","meta":{"_acf_changed":false,"footnotes":""},"categories":[5,1,16],"tags":[],"class_list":["post-742","post","type-post","status-publish","format-standard","has-post-thumbnail","hentry","category-guida-per-i-tifosi","category-notizie-e-aggiornamenti","category-notizie-e-approfondimenti"],"acf":[],"_links":{"self":[{"href":"https:\/\/aspettandomilanocortina2026.it\/de\/wp-json\/wp\/v2\/posts\/742","targetHints":{"allow":["GET"]}}],"collection":[{"href":"https:\/\/aspettandomilanocortina2026.it\/de\/wp-json\/wp\/v2\/posts"}],"about":[{"href":"https:\/\/aspettandomilanocortina2026.it\/de\/wp-json\/wp\/v2\/types\/post"}],"author":[{"embeddable":true,"href":"https:\/\/aspettandomilanocortina2026.it\/de\/wp-json\/wp\/v2\/users\/3"}],"replies":[{"embeddable":true,"href":"https:\/\/aspettandomilanocortina2026.it\/de\/wp-json\/wp\/v2\/comments?post=742"}],"version-history":[{"count":1,"href":"https:\/\/aspettandomilanocortina2026.it\/de\/wp-json\/wp\/v2\/posts\/742\/revisions"}],"predecessor-version":[{"id":745,"href":"https:\/\/aspettandomilanocortina2026.it\/de\/wp-json\/wp\/v2\/posts\/742\/revisions\/745"}],"wp:featuredmedia":[{"embeddable":true,"href":"https:\/\/aspettandomilanocortina2026.it\/de\/wp-json\/wp\/v2\/media\/744"}],"wp:attachment":[{"href":"https:\/\/aspettandomilanocortina2026.it\/de\/wp-json\/wp\/v2\/media?parent=742"}],"wp:term":[{"taxonomy":"category","embeddable":true,"href":"https:\/\/aspettandomilanocortina2026.it\/de\/wp-json\/wp\/v2\/categories?post=742"},{"taxonomy":"post_tag","embeddable":true,"href":"https:\/\/aspettandomilanocortina2026.it\/de\/wp-json\/wp\/v2\/tags?post=742"}],"curies":[{"name":"wp","href":"https:\/\/api.w.org\/{rel}","templated":true}]}}